{"id":26584,"date":"2016-11-25T04:23:54","date_gmt":"2016-11-25T04:23:54","guid":{"rendered":"https:\/\/abarevegan.com.br\/index.php\/2016\/11\/25\/subtenente-mata-sargento-dentro-do-quartel-geral-da-policia-militar\/"},"modified":"2016-11-25T04:23:54","modified_gmt":"2016-11-25T04:23:54","slug":"subtenente-mata-sargento-dentro-do-quartel-geral-da-policia-militar","status":"publish","type":"post","link":"https:\/\/nk7-testes.com.br\/agazeta\/subtenente-mata-sargento-dentro-do-quartel-geral-da-policia-militar\/","title":{"rendered":"Subtenente mata sargento dentro do Quartel Geral da Pol\u00edcia Militar"},"content":{"rendered":"<p style=\"text-align: justify;\">Assassinato exp\u00f5e falta de preparo psicol\u00f3gico<\/p>\n<p style=\"text-align: justify;\">Uma discuss\u00e3o banal terminou em trag\u00e9dia dentro do Quartel Geral da Pol\u00edcia Militar do Acre na tarde desta quinta-feira. O subtenente Adelmo matou, com um tiro de pistola Ponto 40, o 2\u00ba sargento Paulo Andrade. O tiro foi dado nas costas, sem chances de defesa.<\/p>\n<p style=\"text-align: justify;\">O local do crime foi o Quartel Geral da Pol\u00edcia Militar do Estado do Acre, localizado no centro de Rio Branco. A discuss\u00e3o entre os dois policiais ocorreu porque o subtenente Adelmo chegou atrasado ao servi\u00e7o. Paulo Andrade chamou aten\u00e7\u00e3o de Adelmo.<\/p>\n<p style=\"text-align: justify;\">O sargento, respons\u00e1vel pelo acautelamento de arma (cess\u00e3o de armas aos policiais), disse ao subtenente que iria ter que registrar o atraso do colega.<br \/>Quando se virou e ficou de costas para Adelmo, o sargento Paulo Andrade recebeu o tiro da pistola Ponto 40. Uma equipe do Samu foi acionada para prestar socorro.<\/p>\n<p style=\"text-align: justify;\">O subtenente foi imediatamente preso pelos outros colegas e levado para o quartel do Batalh\u00e3o de Opera\u00e7\u00f5es Especiais da Pol\u00edcia Militar (Bope). O subtenente Adelmo estava na reserva e foi chamado para refor\u00e7ar a tropa no combate \u00e0 viol\u00eancia protagonizada por fac\u00e7\u00f5es criminosas nos \u00faltimos meses no Acre.<\/p>\n<p style=\"text-align: justify;\">O epis\u00f3dio exp\u00f5e a falta de preparo psicol\u00f3gico de muitos policiais que, armados, tentam garantir seguran\u00e7a \u00e0 popula\u00e7\u00e3o. A intensa carga hor\u00e1ria, as \u201cdobras\u201d de turnos, as cr\u00edticas, as cobran\u00e7as imp\u00f5em \u00e0 caserna uma rotina dif\u00edcil em uma tropa que trabalha no limite.<\/p>\n<p style=\"text-align: justify;\">Na presen\u00e7a das equipes de AGazeta.Net e TV Gazeta foram v\u00e1rios relatos de policiais da ativa (sem identifica\u00e7\u00e3o) questionando a falta de avalia\u00e7\u00f5es psicol\u00f3gicas regulares. \u201cNo caso do Adelmo, n\u00e3o aconteceu essa avalia\u00e7\u00e3o em nenhum momento\u201d, disseram.<\/p>\n<p style=\"text-align: justify;\">O comandante da Pol\u00edcia Militar do Acre minimizou a trag\u00e9dia. \u201cInfelizmente, n\u00e3o \u00e9 a primeira vez que isso acontece na hist\u00f3ria das pol\u00edcias, da corpora\u00e7\u00e3o tanto do Acre quanto de outras\u201d, justificou. \u201cTrata-se de um crime militar e ser\u00e1 apurado pela auditoria militar\u201d. Adelmo, al\u00e9m de perder a aposentadoria, pode ser expulso da corpora\u00e7\u00e3o.<\/p>\n","protected":false},"excerpt":{"rendered":"<p style=\"text-align: justify;\">Assassinato exp\u00f5e falta de preparo psicol\u00f3gico<\/p>\n","protected":false},"author":4,"featured_media":26583,"comment_status":"open","ping_status":"open","sticky":false,"template":"","format":"standard","meta":{"jnews-multi-image_gallery":[],"jnews_single_post":[],"jnews_primary_category":[],"jnews_social_meta":[],"jnews_review":[],"enable_review":"","type":"","name":"","summary":"","brand":"","sku":"","good":[],"bad":[],"score_override":"","override_value":"","rating":[],"price":[],"footnotes":""},"categories":[44],"tags":[],"class_list":["post-26584","post","type-post","status-publish","format-standard","has-post-thumbnail","hentry","category-policia"],"yoast_head":"<!-- This site is optimized with the Yoast SEO plugin v26.5 - https:\/\/yoast.com\/wordpress\/plugins\/seo\/ -->\n<title>Subtenente mata sargento dentro do Quartel Geral da Pol\u00edcia Militar - Agazeta.net<\/title>\n<meta name=\"robots\" content=\"index, follow, max-snippet:-1, max-image-preview:large, max-video-preview:-1\" \/>\n<link rel=\"canonical\" href=\"https:\/\/nk7-testes.com.br\/agazeta\/subtenente-mata-sargento-dentro-do-quartel-geral-da-policia-militar\/\" \/>\n<meta property=\"og:locale\" content=\"pt_BR\" \/>\n<meta property=\"og:type\" content=\"article\" \/>\n<meta property=\"og:title\" content=\"Subtenente mata sargento dentro do Quartel Geral da Pol\u00edcia Militar - Agazeta.net\" \/>\n<meta property=\"og:description\" content=\"Assassinato exp\u00f5e falta de preparo psicol\u00f3gico\" \/>\n<meta property=\"og:url\" content=\"https:\/\/nk7-testes.com.br\/agazeta\/subtenente-mata-sargento-dentro-do-quartel-geral-da-policia-militar\/\" \/>\n<meta property=\"og:site_name\" content=\"Agazeta.net\" \/>\n<meta property=\"article:published_time\" content=\"2016-11-25T04:23:54+00:00\" \/>\n<meta property=\"og:image\" content=\"https:\/\/nk7-testes.com.br\/agazeta\/wp-content\/uploads\/2016\/11\/251116-policia-assassinato-cleriston.jpg\" \/>\n\t<meta property=\"og:image:width\" content=\"458\" \/>\n\t<meta property=\"og:image:height\" content=\"340\" \/>\n\t<meta property=\"og:image:type\" content=\"image\/jpeg\" \/>\n<meta name=\"author\" content=\"Agazeta.Net\" \/>\n<meta name=\"twitter:card\" content=\"summary_large_image\" \/>\n<meta name=\"twitter:label1\" content=\"Escrito por\" \/>\n\t<meta name=\"twitter:data1\" content=\"Agazeta.Net\" \/>\n\t<meta name=\"twitter:label2\" content=\"Est. tempo de leitura\" \/>\n\t<meta name=\"twitter:data2\" content=\"2 minutos\" \/>\n<script type=\"application\/ld+json\" class=\"yoast-schema-graph\">{\"@context\":\"https:\/\/schema.org\",\"@graph\":[{\"@type\":\"WebPage\",\"@id\":\"https:\/\/nk7-testes.com.br\/agazeta\/subtenente-mata-sargento-dentro-do-quartel-geral-da-policia-militar\/\",\"url\":\"https:\/\/nk7-testes.com.br\/agazeta\/subtenente-mata-sargento-dentro-do-quartel-geral-da-policia-militar\/\",\"name\":\"Subtenente mata sargento dentro do Quartel Geral da Pol\u00edcia Militar - Agazeta.net\",\"isPartOf\":{\"@id\":\"https:\/\/nk7-testes.com.br\/agazeta\/#website\"},\"primaryImageOfPage\":{\"@id\":\"https:\/\/nk7-testes.com.br\/agazeta\/subtenente-mata-sargento-dentro-do-quartel-geral-da-policia-militar\/#primaryimage\"},\"image\":{\"@id\":\"https:\/\/nk7-testes.com.br\/agazeta\/subtenente-mata-sargento-dentro-do-quartel-geral-da-policia-militar\/#primaryimage\"},\"thumbnailUrl\":\"https:\/\/nk7-testes.com.br\/agazeta\/wp-content\/uploads\/2016\/11\/251116-policia-assassinato-cleriston.jpg\",\"datePublished\":\"2016-11-25T04:23:54+00:00\",\"author\":{\"@id\":\"https:\/\/nk7-testes.com.br\/agazeta\/#\/schema\/person\/6d6e25cb0435eb4a02fd44d30b4e3020\"},\"breadcrumb\":{\"@id\":\"https:\/\/nk7-testes.com.br\/agazeta\/subtenente-mata-sargento-dentro-do-quartel-geral-da-policia-militar\/#breadcrumb\"},\"inLanguage\":\"pt-BR\",\"potentialAction\":[{\"@type\":\"ReadAction\",\"target\":[\"https:\/\/nk7-testes.com.br\/agazeta\/subtenente-mata-sargento-dentro-do-quartel-geral-da-policia-militar\/\"]}]},{\"@type\":\"ImageObject\",\"inLanguage\":\"pt-BR\",\"@id\":\"https:\/\/nk7-testes.com.br\/agazeta\/subtenente-mata-sargento-dentro-do-quartel-geral-da-policia-militar\/#primaryimage\",\"url\":\"https:\/\/nk7-testes.com.br\/agazeta\/wp-content\/uploads\/2016\/11\/251116-policia-assassinato-cleriston.jpg\",\"contentUrl\":\"https:\/\/nk7-testes.com.br\/agazeta\/wp-content\/uploads\/2016\/11\/251116-policia-assassinato-cleriston.jpg\",\"width\":458,\"height\":340,\"caption\":\"251116-policia-assassinato-cleriston\"},{\"@type\":\"BreadcrumbList\",\"@id\":\"https:\/\/nk7-testes.com.br\/agazeta\/subtenente-mata-sargento-dentro-do-quartel-geral-da-policia-militar\/#breadcrumb\",\"itemListElement\":[{\"@type\":\"ListItem\",\"position\":1,\"name\":\"In\u00edcio\",\"item\":\"https:\/\/nk7-testes.com.br\/agazeta\/\"},{\"@type\":\"ListItem\",\"position\":2,\"name\":\"Subtenente mata sargento dentro do Quartel Geral da Pol\u00edcia Militar\"}]},{\"@type\":\"WebSite\",\"@id\":\"https:\/\/nk7-testes.com.br\/agazeta\/#website\",\"url\":\"https:\/\/nk7-testes.com.br\/agazeta\/\",\"name\":\"Agazeta.net\",\"description\":\"Agazeta.net - Not\u00edcias de Rio Branco\/AC\",\"potentialAction\":[{\"@type\":\"SearchAction\",\"target\":{\"@type\":\"EntryPoint\",\"urlTemplate\":\"https:\/\/nk7-testes.com.br\/agazeta\/?s={search_term_string}\"},\"query-input\":{\"@type\":\"PropertyValueSpecification\",\"valueRequired\":true,\"valueName\":\"search_term_string\"}}],\"inLanguage\":\"pt-BR\"},{\"@type\":\"Person\",\"@id\":\"https:\/\/nk7-testes.com.br\/agazeta\/#\/schema\/person\/6d6e25cb0435eb4a02fd44d30b4e3020\",\"name\":\"Agazeta.Net\",\"url\":\"https:\/\/nk7-testes.com.br\/agazeta\/author\/agazeta\/\"}]}<\/script>\n<!-- \/ Yoast SEO plugin. -->","yoast_head_json":{"title":"Subtenente mata sargento dentro do Quartel Geral da Pol\u00edcia Militar - Agazeta.net","robots":{"index":"index","follow":"follow","max-snippet":"max-snippet:-1","max-image-preview":"max-image-preview:large","max-video-preview":"max-video-preview:-1"},"canonical":"https:\/\/nk7-testes.com.br\/agazeta\/subtenente-mata-sargento-dentro-do-quartel-geral-da-policia-militar\/","og_locale":"pt_BR","og_type":"article","og_title":"Subtenente mata sargento dentro do Quartel Geral da Pol\u00edcia Militar - Agazeta.net","og_description":"Assassinato exp\u00f5e falta de preparo psicol\u00f3gico","og_url":"https:\/\/nk7-testes.com.br\/agazeta\/subtenente-mata-sargento-dentro-do-quartel-geral-da-policia-militar\/","og_site_name":"Agazeta.net","article_published_time":"2016-11-25T04:23:54+00:00","og_image":[{"width":458,"height":340,"url":"https:\/\/nk7-testes.com.br\/agazeta\/wp-content\/uploads\/2016\/11\/251116-policia-assassinato-cleriston.jpg","type":"image\/jpeg"}],"author":"Agazeta.Net","twitter_card":"summary_large_image","twitter_misc":{"Escrito por":"Agazeta.Net","Est. tempo de leitura":"2 minutos"},"schema":{"@context":"https:\/\/schema.org","@graph":[{"@type":"WebPage","@id":"https:\/\/nk7-testes.com.br\/agazeta\/subtenente-mata-sargento-dentro-do-quartel-geral-da-policia-militar\/","url":"https:\/\/nk7-testes.com.br\/agazeta\/subtenente-mata-sargento-dentro-do-quartel-geral-da-policia-militar\/","name":"Subtenente mata sargento dentro do Quartel Geral da Pol\u00edcia Militar - Agazeta.net","isPartOf":{"@id":"https:\/\/nk7-testes.com.br\/agazeta\/#website"},"primaryImageOfPage":{"@id":"https:\/\/nk7-testes.com.br\/agazeta\/subtenente-mata-sargento-dentro-do-quartel-geral-da-policia-militar\/#primaryimage"},"image":{"@id":"https:\/\/nk7-testes.com.br\/agazeta\/subtenente-mata-sargento-dentro-do-quartel-geral-da-policia-militar\/#primaryimage"},"thumbnailUrl":"https:\/\/nk7-testes.com.br\/agazeta\/wp-content\/uploads\/2016\/11\/251116-policia-assassinato-cleriston.jpg","datePublished":"2016-11-25T04:23:54+00:00","author":{"@id":"https:\/\/nk7-testes.com.br\/agazeta\/#\/schema\/person\/6d6e25cb0435eb4a02fd44d30b4e3020"},"breadcrumb":{"@id":"https:\/\/nk7-testes.com.br\/agazeta\/subtenente-mata-sargento-dentro-do-quartel-geral-da-policia-militar\/#breadcrumb"},"inLanguage":"pt-BR","potentialAction":[{"@type":"ReadAction","target":["https:\/\/nk7-testes.com.br\/agazeta\/subtenente-mata-sargento-dentro-do-quartel-geral-da-policia-militar\/"]}]},{"@type":"ImageObject","inLanguage":"pt-BR","@id":"https:\/\/nk7-testes.com.br\/agazeta\/subtenente-mata-sargento-dentro-do-quartel-geral-da-policia-militar\/#primaryimage","url":"https:\/\/nk7-testes.com.br\/agazeta\/wp-content\/uploads\/2016\/11\/251116-policia-assassinato-cleriston.jpg","contentUrl":"https:\/\/nk7-testes.com.br\/agazeta\/wp-content\/uploads\/2016\/11\/251116-policia-assassinato-cleriston.jpg","width":458,"height":340,"caption":"251116-policia-assassinato-cleriston"},{"@type":"BreadcrumbList","@id":"https:\/\/nk7-testes.com.br\/agazeta\/subtenente-mata-sargento-dentro-do-quartel-geral-da-policia-militar\/#breadcrumb","itemListElement":[{"@type":"ListItem","position":1,"name":"In\u00edcio","item":"https:\/\/nk7-testes.com.br\/agazeta\/"},{"@type":"ListItem","position":2,"name":"Subtenente mata sargento dentro do Quartel Geral da Pol\u00edcia Militar"}]},{"@type":"WebSite","@id":"https:\/\/nk7-testes.com.br\/agazeta\/#website","url":"https:\/\/nk7-testes.com.br\/agazeta\/","name":"Agazeta.net","description":"Agazeta.net - Not\u00edcias de Rio Branco\/AC","potentialAction":[{"@type":"SearchAction","target":{"@type":"EntryPoint","urlTemplate":"https:\/\/nk7-testes.com.br\/agazeta\/?s={search_term_string}"},"query-input":{"@type":"PropertyValueSpecification","valueRequired":true,"valueName":"search_term_string"}}],"inLanguage":"pt-BR"},{"@type":"Person","@id":"https:\/\/nk7-testes.com.br\/agazeta\/#\/schema\/person\/6d6e25cb0435eb4a02fd44d30b4e3020","name":"Agazeta.Net","url":"https:\/\/nk7-testes.com.br\/agazeta\/author\/agazeta\/"}]}},"_links":{"self":[{"href":"https:\/\/nk7-testes.com.br\/agazeta\/wp-json\/wp\/v2\/posts\/26584","targetHints":{"allow":["GET"]}}],"collection":[{"href":"https:\/\/nk7-testes.com.br\/agazeta\/wp-json\/wp\/v2\/posts"}],"about":[{"href":"https:\/\/nk7-testes.com.br\/agazeta\/wp-json\/wp\/v2\/types\/post"}],"author":[{"embeddable":true,"href":"https:\/\/nk7-testes.com.br\/agazeta\/wp-json\/wp\/v2\/users\/4"}],"replies":[{"embeddable":true,"href":"https:\/\/nk7-testes.com.br\/agazeta\/wp-json\/wp\/v2\/comments?post=26584"}],"version-history":[{"count":0,"href":"https:\/\/nk7-testes.com.br\/agazeta\/wp-json\/wp\/v2\/posts\/26584\/revisions"}],"wp:featuredmedia":[{"embeddable":true,"href":"https:\/\/nk7-testes.com.br\/agazeta\/wp-json\/wp\/v2\/media\/26583"}],"wp:attachment":[{"href":"https:\/\/nk7-testes.com.br\/agazeta\/wp-json\/wp\/v2\/media?parent=26584"}],"wp:term":[{"taxonomy":"category","embeddable":true,"href":"https:\/\/nk7-testes.com.br\/agazeta\/wp-json\/wp\/v2\/categories?post=26584"},{"taxonomy":"post_tag","embeddable":true,"href":"https:\/\/nk7-testes.com.br\/agazeta\/wp-json\/wp\/v2\/tags?post=26584"}],"curies":[{"name":"wp","href":"https:\/\/api.w.org\/{rel}","templated":true}]}}