{"id":26574,"date":"2016-11-24T19:09:03","date_gmt":"2016-11-24T19:09:03","guid":{"rendered":"https:\/\/abarevegan.com.br\/index.php\/2016\/11\/24\/policia-prende-dupla-que-faria-parte-de-organizacao-criminosa\/"},"modified":"2016-11-24T19:09:03","modified_gmt":"2016-11-24T19:09:03","slug":"policia-prende-dupla-que-faria-parte-de-organizacao-criminosa","status":"publish","type":"post","link":"https:\/\/nk7-testes.com.br\/agazeta\/policia-prende-dupla-que-faria-parte-de-organizacao-criminosa\/","title":{"rendered":"Pol\u00edcia prende dupla que faria parte de organiza\u00e7\u00e3o criminosa"},"content":{"rendered":"<p style=\"text-align: justify;\">Sabrina e Francisco: acusados de crimes na capital e interior<\/p>\n<p style=\"text-align: justify;\">A Pol\u00edcia Civil, por meio do N\u00facleo de Capturas (NECAPC), apresentou na manh\u00e3 desta quinta-feira (24) Sabrina Santos da Silva, 28 anos, e Francisco Assis Lima, 42, acusados de integrarem uma organiza\u00e7\u00e3o criminosa em cometimento de delitos na Capital e no interior.<\/p>\n<p style=\"text-align: justify;\">A pris\u00e3o de Sabrina foi efetuada por agentes de Pol\u00edcia Civil na tarde de ontem (23), no loteamento Novo Horizonte, e Francisco preso por agentes do Batalh\u00e3o de Opera\u00e7\u00f5es Especiais (BOPE) nas proximidades do Distrito Industrial, fruto de investiga\u00e7\u00f5es da Delegacia Especializada em Combate ao Crime Organizado (DECCO) que subsidiaram com provas o inqu\u00e9rito policial para requerer a medida.<\/p>\n<p style=\"text-align: justify;\">Ambos os mandados foram expedidos pela justi\u00e7a e devidamente cumpridos na quarta-feira, 23. O delegado Karlesso Nespoli, ao fazer referencia as pris\u00f5es, enalteceu o trabalho da pol\u00edcia investigativa. \u201cEssas pris\u00f5es s\u00e3o consequ\u00eancia de uma investiga\u00e7\u00e3o iniciada pela Decco que possibilitou a pris\u00e3o dessas pessoas. O trabalho da pol\u00edcia tem se intensificado no sentido de identificar e prender essas pessoas que tentam ruir a paz social\u201d, observou.<\/p>\n","protected":false},"excerpt":{"rendered":"<p style=\"text-align: justify;\">Sabrina e Francisco: acusados de crimes na capital e interior<\/p>\n","protected":false},"author":4,"featured_media":26573,"comment_status":"open","ping_status":"open","sticky":false,"template":"","format":"standard","meta":{"jnews-multi-image_gallery":[],"jnews_single_post":[],"jnews_primary_category":[],"jnews_social_meta":[],"jnews_review":[],"enable_review":"","type":"","name":"","summary":"","brand":"","sku":"","good":[],"bad":[],"score_override":"","override_value":"","rating":[],"price":[],"footnotes":""},"categories":[44],"tags":[],"class_list":["post-26574","post","type-post","status-publish","format-standard","has-post-thumbnail","hentry","category-policia"],"yoast_head":"<!-- This site is optimized with the Yoast SEO plugin v26.5 - https:\/\/yoast.com\/wordpress\/plugins\/seo\/ -->\n<title>Pol\u00edcia prende dupla que faria parte de organiza\u00e7\u00e3o criminosa - Agazeta.net<\/title>\n<meta name=\"robots\" content=\"index, follow, max-snippet:-1, max-image-preview:large, max-video-preview:-1\" \/>\n<link rel=\"canonical\" href=\"https:\/\/nk7-testes.com.br\/agazeta\/policia-prende-dupla-que-faria-parte-de-organizacao-criminosa\/\" \/>\n<meta property=\"og:locale\" content=\"pt_BR\" \/>\n<meta property=\"og:type\" content=\"article\" \/>\n<meta property=\"og:title\" content=\"Pol\u00edcia prende dupla que faria parte de organiza\u00e7\u00e3o criminosa - Agazeta.net\" \/>\n<meta property=\"og:description\" content=\"Sabrina e Francisco: acusados de crimes na capital e interior\" \/>\n<meta property=\"og:url\" content=\"https:\/\/nk7-testes.com.br\/agazeta\/policia-prende-dupla-que-faria-parte-de-organizacao-criminosa\/\" \/>\n<meta property=\"og:site_name\" content=\"Agazeta.net\" \/>\n<meta property=\"article:published_time\" content=\"2016-11-24T19:09:03+00:00\" \/>\n<meta property=\"og:image\" content=\"https:\/\/nk7-testes.com.br\/agazeta\/wp-content\/uploads\/2016\/11\/241116-policia-dupla-organizacaocriminosa.jpg\" \/>\n\t<meta property=\"og:image:width\" content=\"458\" \/>\n\t<meta property=\"og:image:height\" content=\"340\" \/>\n\t<meta property=\"og:image:type\" content=\"image\/jpeg\" \/>\n<meta name=\"author\" content=\"Agazeta.Net\" \/>\n<meta name=\"twitter:card\" content=\"summary_large_image\" \/>\n<meta name=\"twitter:label1\" content=\"Escrito por\" \/>\n\t<meta name=\"twitter:data1\" content=\"Agazeta.Net\" \/>\n\t<meta name=\"twitter:label2\" content=\"Est. tempo de leitura\" \/>\n\t<meta name=\"twitter:data2\" content=\"1 minuto\" \/>\n<script type=\"application\/ld+json\" class=\"yoast-schema-graph\">{\"@context\":\"https:\/\/schema.org\",\"@graph\":[{\"@type\":\"WebPage\",\"@id\":\"https:\/\/nk7-testes.com.br\/agazeta\/policia-prende-dupla-que-faria-parte-de-organizacao-criminosa\/\",\"url\":\"https:\/\/nk7-testes.com.br\/agazeta\/policia-prende-dupla-que-faria-parte-de-organizacao-criminosa\/\",\"name\":\"Pol\u00edcia prende dupla que faria parte de organiza\u00e7\u00e3o criminosa - Agazeta.net\",\"isPartOf\":{\"@id\":\"https:\/\/nk7-testes.com.br\/agazeta\/#website\"},\"primaryImageOfPage\":{\"@id\":\"https:\/\/nk7-testes.com.br\/agazeta\/policia-prende-dupla-que-faria-parte-de-organizacao-criminosa\/#primaryimage\"},\"image\":{\"@id\":\"https:\/\/nk7-testes.com.br\/agazeta\/policia-prende-dupla-que-faria-parte-de-organizacao-criminosa\/#primaryimage\"},\"thumbnailUrl\":\"https:\/\/nk7-testes.com.br\/agazeta\/wp-content\/uploads\/2016\/11\/241116-policia-dupla-organizacaocriminosa.jpg\",\"datePublished\":\"2016-11-24T19:09:03+00:00\",\"author\":{\"@id\":\"https:\/\/nk7-testes.com.br\/agazeta\/#\/schema\/person\/6d6e25cb0435eb4a02fd44d30b4e3020\"},\"breadcrumb\":{\"@id\":\"https:\/\/nk7-testes.com.br\/agazeta\/policia-prende-dupla-que-faria-parte-de-organizacao-criminosa\/#breadcrumb\"},\"inLanguage\":\"pt-BR\",\"potentialAction\":[{\"@type\":\"ReadAction\",\"target\":[\"https:\/\/nk7-testes.com.br\/agazeta\/policia-prende-dupla-que-faria-parte-de-organizacao-criminosa\/\"]}]},{\"@type\":\"ImageObject\",\"inLanguage\":\"pt-BR\",\"@id\":\"https:\/\/nk7-testes.com.br\/agazeta\/policia-prende-dupla-que-faria-parte-de-organizacao-criminosa\/#primaryimage\",\"url\":\"https:\/\/nk7-testes.com.br\/agazeta\/wp-content\/uploads\/2016\/11\/241116-policia-dupla-organizacaocriminosa.jpg\",\"contentUrl\":\"https:\/\/nk7-testes.com.br\/agazeta\/wp-content\/uploads\/2016\/11\/241116-policia-dupla-organizacaocriminosa.jpg\",\"width\":458,\"height\":340,\"caption\":\"241116-policia-dupla-organizacaocriminosa\"},{\"@type\":\"BreadcrumbList\",\"@id\":\"https:\/\/nk7-testes.com.br\/agazeta\/policia-prende-dupla-que-faria-parte-de-organizacao-criminosa\/#breadcrumb\",\"itemListElement\":[{\"@type\":\"ListItem\",\"position\":1,\"name\":\"In\u00edcio\",\"item\":\"https:\/\/nk7-testes.com.br\/agazeta\/\"},{\"@type\":\"ListItem\",\"position\":2,\"name\":\"Pol\u00edcia prende dupla que faria parte de organiza\u00e7\u00e3o criminosa\"}]},{\"@type\":\"WebSite\",\"@id\":\"https:\/\/nk7-testes.com.br\/agazeta\/#website\",\"url\":\"https:\/\/nk7-testes.com.br\/agazeta\/\",\"name\":\"Agazeta.net\",\"description\":\"Agazeta.net - Not\u00edcias de Rio Branco\/AC\",\"potentialAction\":[{\"@type\":\"SearchAction\",\"target\":{\"@type\":\"EntryPoint\",\"urlTemplate\":\"https:\/\/nk7-testes.com.br\/agazeta\/?s={search_term_string}\"},\"query-input\":{\"@type\":\"PropertyValueSpecification\",\"valueRequired\":true,\"valueName\":\"search_term_string\"}}],\"inLanguage\":\"pt-BR\"},{\"@type\":\"Person\",\"@id\":\"https:\/\/nk7-testes.com.br\/agazeta\/#\/schema\/person\/6d6e25cb0435eb4a02fd44d30b4e3020\",\"name\":\"Agazeta.Net\",\"url\":\"https:\/\/nk7-testes.com.br\/agazeta\/author\/agazeta\/\"}]}<\/script>\n<!-- \/ Yoast SEO plugin. -->","yoast_head_json":{"title":"Pol\u00edcia prende dupla que faria parte de organiza\u00e7\u00e3o criminosa - Agazeta.net","robots":{"index":"index","follow":"follow","max-snippet":"max-snippet:-1","max-image-preview":"max-image-preview:large","max-video-preview":"max-video-preview:-1"},"canonical":"https:\/\/nk7-testes.com.br\/agazeta\/policia-prende-dupla-que-faria-parte-de-organizacao-criminosa\/","og_locale":"pt_BR","og_type":"article","og_title":"Pol\u00edcia prende dupla que faria parte de organiza\u00e7\u00e3o criminosa - Agazeta.net","og_description":"Sabrina e Francisco: acusados de crimes na capital e interior","og_url":"https:\/\/nk7-testes.com.br\/agazeta\/policia-prende-dupla-que-faria-parte-de-organizacao-criminosa\/","og_site_name":"Agazeta.net","article_published_time":"2016-11-24T19:09:03+00:00","og_image":[{"width":458,"height":340,"url":"https:\/\/nk7-testes.com.br\/agazeta\/wp-content\/uploads\/2016\/11\/241116-policia-dupla-organizacaocriminosa.jpg","type":"image\/jpeg"}],"author":"Agazeta.Net","twitter_card":"summary_large_image","twitter_misc":{"Escrito por":"Agazeta.Net","Est. tempo de leitura":"1 minuto"},"schema":{"@context":"https:\/\/schema.org","@graph":[{"@type":"WebPage","@id":"https:\/\/nk7-testes.com.br\/agazeta\/policia-prende-dupla-que-faria-parte-de-organizacao-criminosa\/","url":"https:\/\/nk7-testes.com.br\/agazeta\/policia-prende-dupla-que-faria-parte-de-organizacao-criminosa\/","name":"Pol\u00edcia prende dupla que faria parte de organiza\u00e7\u00e3o criminosa - Agazeta.net","isPartOf":{"@id":"https:\/\/nk7-testes.com.br\/agazeta\/#website"},"primaryImageOfPage":{"@id":"https:\/\/nk7-testes.com.br\/agazeta\/policia-prende-dupla-que-faria-parte-de-organizacao-criminosa\/#primaryimage"},"image":{"@id":"https:\/\/nk7-testes.com.br\/agazeta\/policia-prende-dupla-que-faria-parte-de-organizacao-criminosa\/#primaryimage"},"thumbnailUrl":"https:\/\/nk7-testes.com.br\/agazeta\/wp-content\/uploads\/2016\/11\/241116-policia-dupla-organizacaocriminosa.jpg","datePublished":"2016-11-24T19:09:03+00:00","author":{"@id":"https:\/\/nk7-testes.com.br\/agazeta\/#\/schema\/person\/6d6e25cb0435eb4a02fd44d30b4e3020"},"breadcrumb":{"@id":"https:\/\/nk7-testes.com.br\/agazeta\/policia-prende-dupla-que-faria-parte-de-organizacao-criminosa\/#breadcrumb"},"inLanguage":"pt-BR","potentialAction":[{"@type":"ReadAction","target":["https:\/\/nk7-testes.com.br\/agazeta\/policia-prende-dupla-que-faria-parte-de-organizacao-criminosa\/"]}]},{"@type":"ImageObject","inLanguage":"pt-BR","@id":"https:\/\/nk7-testes.com.br\/agazeta\/policia-prende-dupla-que-faria-parte-de-organizacao-criminosa\/#primaryimage","url":"https:\/\/nk7-testes.com.br\/agazeta\/wp-content\/uploads\/2016\/11\/241116-policia-dupla-organizacaocriminosa.jpg","contentUrl":"https:\/\/nk7-testes.com.br\/agazeta\/wp-content\/uploads\/2016\/11\/241116-policia-dupla-organizacaocriminosa.jpg","width":458,"height":340,"caption":"241116-policia-dupla-organizacaocriminosa"},{"@type":"BreadcrumbList","@id":"https:\/\/nk7-testes.com.br\/agazeta\/policia-prende-dupla-que-faria-parte-de-organizacao-criminosa\/#breadcrumb","itemListElement":[{"@type":"ListItem","position":1,"name":"In\u00edcio","item":"https:\/\/nk7-testes.com.br\/agazeta\/"},{"@type":"ListItem","position":2,"name":"Pol\u00edcia prende dupla que faria parte de organiza\u00e7\u00e3o criminosa"}]},{"@type":"WebSite","@id":"https:\/\/nk7-testes.com.br\/agazeta\/#website","url":"https:\/\/nk7-testes.com.br\/agazeta\/","name":"Agazeta.net","description":"Agazeta.net - Not\u00edcias de Rio Branco\/AC","potentialAction":[{"@type":"SearchAction","target":{"@type":"EntryPoint","urlTemplate":"https:\/\/nk7-testes.com.br\/agazeta\/?s={search_term_string}"},"query-input":{"@type":"PropertyValueSpecification","valueRequired":true,"valueName":"search_term_string"}}],"inLanguage":"pt-BR"},{"@type":"Person","@id":"https:\/\/nk7-testes.com.br\/agazeta\/#\/schema\/person\/6d6e25cb0435eb4a02fd44d30b4e3020","name":"Agazeta.Net","url":"https:\/\/nk7-testes.com.br\/agazeta\/author\/agazeta\/"}]}},"_links":{"self":[{"href":"https:\/\/nk7-testes.com.br\/agazeta\/wp-json\/wp\/v2\/posts\/26574","targetHints":{"allow":["GET"]}}],"collection":[{"href":"https:\/\/nk7-testes.com.br\/agazeta\/wp-json\/wp\/v2\/posts"}],"about":[{"href":"https:\/\/nk7-testes.com.br\/agazeta\/wp-json\/wp\/v2\/types\/post"}],"author":[{"embeddable":true,"href":"https:\/\/nk7-testes.com.br\/agazeta\/wp-json\/wp\/v2\/users\/4"}],"replies":[{"embeddable":true,"href":"https:\/\/nk7-testes.com.br\/agazeta\/wp-json\/wp\/v2\/comments?post=26574"}],"version-history":[{"count":0,"href":"https:\/\/nk7-testes.com.br\/agazeta\/wp-json\/wp\/v2\/posts\/26574\/revisions"}],"wp:featuredmedia":[{"embeddable":true,"href":"https:\/\/nk7-testes.com.br\/agazeta\/wp-json\/wp\/v2\/media\/26573"}],"wp:attachment":[{"href":"https:\/\/nk7-testes.com.br\/agazeta\/wp-json\/wp\/v2\/media?parent=26574"}],"wp:term":[{"taxonomy":"category","embeddable":true,"href":"https:\/\/nk7-testes.com.br\/agazeta\/wp-json\/wp\/v2\/categories?post=26574"},{"taxonomy":"post_tag","embeddable":true,"href":"https:\/\/nk7-testes.com.br\/agazeta\/wp-json\/wp\/v2\/tags?post=26574"}],"curies":[{"name":"wp","href":"https:\/\/api.w.org\/{rel}","templated":true}]}}