{"id":26572,"date":"2016-11-24T16:41:56","date_gmt":"2016-11-24T16:41:56","guid":{"rendered":"https:\/\/abarevegan.com.br\/index.php\/2016\/11\/24\/alunos-protestam-contra-ensino-integral-na-lourival-pinho\/"},"modified":"2016-11-24T16:41:56","modified_gmt":"2016-11-24T16:41:56","slug":"alunos-protestam-contra-ensino-integral-na-lourival-pinho","status":"publish","type":"post","link":"https:\/\/nk7-testes.com.br\/agazeta\/alunos-protestam-contra-ensino-integral-na-lourival-pinho\/","title":{"rendered":"Alunos protestam contra ensino integral na Lourival Pinho"},"content":{"rendered":"<p style=\"text-align: justify;\">Ocupa\u00e7\u00e3o de escola conta com apoio de parlamentares<\/p>\n<p style=\"text-align: justify;\">Alunos do Ensino M\u00e9dio da Escola Estadual Lourival Pinho planejam realizar um manifesto na pr\u00f3xima semana. Os alunos reivindicam que o col\u00e9gio n\u00e3o seja transformado em escola de tempo integral j\u00e1 que isso traria consequ\u00eancias a eles.<\/p>\n<p style=\"text-align: justify;\">Segundo o estudante do 2\u00ba no do Ensino M\u00e9dio, Leandro Costa Lima, eles receberam a informa\u00e7\u00e3o de que os alunos do 1\u00ba e 2\u00ba teriam que sair da escola e irem para outros col\u00e9gios por conta da mudan\u00e7a. \u201cIsso vai prejudicar a gente. Muitos alunos ter\u00e3o que ir para escolas mais distantes, em alguns casos at\u00e9 pegar \u00f4nibus\u201d.<\/p>\n<p style=\"text-align: justify;\">A partir dessas informa\u00e7\u00f5es, os alunos come\u00e7aram a se articular na tentativa de pressionar a Secretaria de Educa\u00e7\u00e3o (SEE) para que isso n\u00e3o aconte\u00e7a na Lourival Pinho.<\/p>\n<p style=\"text-align: justify;\">\u201cEstamos definindo ainda uma data para o manifesto, queremos acampar na escola, mas ainda vamos nos reunir com os pais e a dire\u00e7\u00e3o da escola que tamb\u00e9m est\u00e3o nos apoiando. Tamb\u00e9m temos o apoio de deputados\u201d, disse Leandro.<\/p>\n<p style=\"text-align: justify;\">De acordo com a assessoria de comunica\u00e7\u00e3o da SEE, a gest\u00e3o da secretaria ainda faz levantamentos para verificar quais as escolas que passar\u00e3o ao ensino integral. Portanto, a Lourival Pinho, assim como outras escolas mapeadas para compor o ensino integral, n\u00e3o est\u00e1 com situa\u00e7\u00e3o definida.<\/p>\n","protected":false},"excerpt":{"rendered":"<p style=\"text-align: justify;\">Ocupa\u00e7\u00e3o de escola conta com apoio de parlamentares<\/p>\n","protected":false},"author":4,"featured_media":26571,"comment_status":"open","ping_status":"open","sticky":false,"template":"","format":"standard","meta":{"jnews-multi-image_gallery":[],"jnews_single_post":[],"jnews_primary_category":[],"jnews_social_meta":[],"jnews_review":[],"enable_review":"","type":"","name":"","summary":"","brand":"","sku":"","good":[],"bad":[],"score_override":"","override_value":"","rating":[],"price":[],"footnotes":""},"categories":[54],"tags":[],"class_list":["post-26572","post","type-post","status-publish","format-standard","has-post-thumbnail","hentry","category-cotidiano"],"yoast_head":"<!-- This site is optimized with the Yoast SEO plugin v26.5 - https:\/\/yoast.com\/wordpress\/plugins\/seo\/ -->\n<title>Alunos protestam contra ensino integral na Lourival Pinho - Agazeta.net<\/title>\n<meta name=\"robots\" content=\"index, follow, max-snippet:-1, max-image-preview:large, max-video-preview:-1\" \/>\n<link rel=\"canonical\" href=\"https:\/\/nk7-testes.com.br\/agazeta\/alunos-protestam-contra-ensino-integral-na-lourival-pinho\/\" \/>\n<meta property=\"og:locale\" content=\"pt_BR\" \/>\n<meta property=\"og:type\" content=\"article\" \/>\n<meta property=\"og:title\" content=\"Alunos protestam contra ensino integral na Lourival Pinho - Agazeta.net\" \/>\n<meta property=\"og:description\" content=\"Ocupa\u00e7\u00e3o de escola conta com apoio de parlamentares\" \/>\n<meta property=\"og:url\" content=\"https:\/\/nk7-testes.com.br\/agazeta\/alunos-protestam-contra-ensino-integral-na-lourival-pinho\/\" \/>\n<meta property=\"og:site_name\" content=\"Agazeta.net\" \/>\n<meta property=\"article:published_time\" content=\"2016-11-24T16:41:56+00:00\" \/>\n<meta property=\"og:image\" content=\"https:\/\/nk7-testes.com.br\/agazeta\/wp-content\/uploads\/2016\/11\/241116-cotidiano-educacao-agenciadenoticias.jpg\" \/>\n\t<meta property=\"og:image:width\" content=\"458\" \/>\n\t<meta property=\"og:image:height\" content=\"340\" \/>\n\t<meta property=\"og:image:type\" content=\"image\/jpeg\" \/>\n<meta name=\"author\" content=\"Agazeta.Net\" \/>\n<meta name=\"twitter:card\" content=\"summary_large_image\" \/>\n<meta name=\"twitter:label1\" content=\"Escrito por\" \/>\n\t<meta name=\"twitter:data1\" content=\"Agazeta.Net\" \/>\n\t<meta name=\"twitter:label2\" content=\"Est. tempo de leitura\" \/>\n\t<meta name=\"twitter:data2\" content=\"1 minuto\" \/>\n<script type=\"application\/ld+json\" class=\"yoast-schema-graph\">{\"@context\":\"https:\/\/schema.org\",\"@graph\":[{\"@type\":\"WebPage\",\"@id\":\"https:\/\/nk7-testes.com.br\/agazeta\/alunos-protestam-contra-ensino-integral-na-lourival-pinho\/\",\"url\":\"https:\/\/nk7-testes.com.br\/agazeta\/alunos-protestam-contra-ensino-integral-na-lourival-pinho\/\",\"name\":\"Alunos protestam contra ensino integral na Lourival Pinho - Agazeta.net\",\"isPartOf\":{\"@id\":\"https:\/\/nk7-testes.com.br\/agazeta\/#website\"},\"primaryImageOfPage\":{\"@id\":\"https:\/\/nk7-testes.com.br\/agazeta\/alunos-protestam-contra-ensino-integral-na-lourival-pinho\/#primaryimage\"},\"image\":{\"@id\":\"https:\/\/nk7-testes.com.br\/agazeta\/alunos-protestam-contra-ensino-integral-na-lourival-pinho\/#primaryimage\"},\"thumbnailUrl\":\"https:\/\/nk7-testes.com.br\/agazeta\/wp-content\/uploads\/2016\/11\/241116-cotidiano-educacao-agenciadenoticias.jpg\",\"datePublished\":\"2016-11-24T16:41:56+00:00\",\"author\":{\"@id\":\"https:\/\/nk7-testes.com.br\/agazeta\/#\/schema\/person\/ff6b39d54d6973bfc57f4140f659b23f\"},\"breadcrumb\":{\"@id\":\"https:\/\/nk7-testes.com.br\/agazeta\/alunos-protestam-contra-ensino-integral-na-lourival-pinho\/#breadcrumb\"},\"inLanguage\":\"pt-BR\",\"potentialAction\":[{\"@type\":\"ReadAction\",\"target\":[\"https:\/\/nk7-testes.com.br\/agazeta\/alunos-protestam-contra-ensino-integral-na-lourival-pinho\/\"]}]},{\"@type\":\"ImageObject\",\"inLanguage\":\"pt-BR\",\"@id\":\"https:\/\/nk7-testes.com.br\/agazeta\/alunos-protestam-contra-ensino-integral-na-lourival-pinho\/#primaryimage\",\"url\":\"https:\/\/nk7-testes.com.br\/agazeta\/wp-content\/uploads\/2016\/11\/241116-cotidiano-educacao-agenciadenoticias.jpg\",\"contentUrl\":\"https:\/\/nk7-testes.com.br\/agazeta\/wp-content\/uploads\/2016\/11\/241116-cotidiano-educacao-agenciadenoticias.jpg\",\"width\":458,\"height\":340,\"caption\":\"241116-cotidiano-educacao-agenciadenoticias\"},{\"@type\":\"BreadcrumbList\",\"@id\":\"https:\/\/nk7-testes.com.br\/agazeta\/alunos-protestam-contra-ensino-integral-na-lourival-pinho\/#breadcrumb\",\"itemListElement\":[{\"@type\":\"ListItem\",\"position\":1,\"name\":\"In\u00edcio\",\"item\":\"https:\/\/nk7-testes.com.br\/agazeta\/\"},{\"@type\":\"ListItem\",\"position\":2,\"name\":\"Alunos protestam contra ensino integral na Lourival Pinho\"}]},{\"@type\":\"WebSite\",\"@id\":\"https:\/\/nk7-testes.com.br\/agazeta\/#website\",\"url\":\"https:\/\/nk7-testes.com.br\/agazeta\/\",\"name\":\"Agazeta.net\",\"description\":\"Agazeta.net - Not\u00edcias de Rio Branco\/AC\",\"potentialAction\":[{\"@type\":\"SearchAction\",\"target\":{\"@type\":\"EntryPoint\",\"urlTemplate\":\"https:\/\/nk7-testes.com.br\/agazeta\/?s={search_term_string}\"},\"query-input\":{\"@type\":\"PropertyValueSpecification\",\"valueRequired\":true,\"valueName\":\"search_term_string\"}}],\"inLanguage\":\"pt-BR\"},{\"@type\":\"Person\",\"@id\":\"https:\/\/nk7-testes.com.br\/agazeta\/#\/schema\/person\/ff6b39d54d6973bfc57f4140f659b23f\",\"name\":\"Agazeta.Net\",\"url\":\"https:\/\/nk7-testes.com.br\/agazeta\/author\/agazeta\/\"}]}<\/script>\n<!-- \/ Yoast SEO plugin. -->","yoast_head_json":{"title":"Alunos protestam contra ensino integral na Lourival Pinho - Agazeta.net","robots":{"index":"index","follow":"follow","max-snippet":"max-snippet:-1","max-image-preview":"max-image-preview:large","max-video-preview":"max-video-preview:-1"},"canonical":"https:\/\/nk7-testes.com.br\/agazeta\/alunos-protestam-contra-ensino-integral-na-lourival-pinho\/","og_locale":"pt_BR","og_type":"article","og_title":"Alunos protestam contra ensino integral na Lourival Pinho - Agazeta.net","og_description":"Ocupa\u00e7\u00e3o de escola conta com apoio de parlamentares","og_url":"https:\/\/nk7-testes.com.br\/agazeta\/alunos-protestam-contra-ensino-integral-na-lourival-pinho\/","og_site_name":"Agazeta.net","article_published_time":"2016-11-24T16:41:56+00:00","og_image":[{"width":458,"height":340,"url":"https:\/\/nk7-testes.com.br\/agazeta\/wp-content\/uploads\/2016\/11\/241116-cotidiano-educacao-agenciadenoticias.jpg","type":"image\/jpeg"}],"author":"Agazeta.Net","twitter_card":"summary_large_image","twitter_misc":{"Escrito por":"Agazeta.Net","Est. tempo de leitura":"1 minuto"},"schema":{"@context":"https:\/\/schema.org","@graph":[{"@type":"WebPage","@id":"https:\/\/nk7-testes.com.br\/agazeta\/alunos-protestam-contra-ensino-integral-na-lourival-pinho\/","url":"https:\/\/nk7-testes.com.br\/agazeta\/alunos-protestam-contra-ensino-integral-na-lourival-pinho\/","name":"Alunos protestam contra ensino integral na Lourival Pinho - Agazeta.net","isPartOf":{"@id":"https:\/\/nk7-testes.com.br\/agazeta\/#website"},"primaryImageOfPage":{"@id":"https:\/\/nk7-testes.com.br\/agazeta\/alunos-protestam-contra-ensino-integral-na-lourival-pinho\/#primaryimage"},"image":{"@id":"https:\/\/nk7-testes.com.br\/agazeta\/alunos-protestam-contra-ensino-integral-na-lourival-pinho\/#primaryimage"},"thumbnailUrl":"https:\/\/nk7-testes.com.br\/agazeta\/wp-content\/uploads\/2016\/11\/241116-cotidiano-educacao-agenciadenoticias.jpg","datePublished":"2016-11-24T16:41:56+00:00","author":{"@id":"https:\/\/nk7-testes.com.br\/agazeta\/#\/schema\/person\/ff6b39d54d6973bfc57f4140f659b23f"},"breadcrumb":{"@id":"https:\/\/nk7-testes.com.br\/agazeta\/alunos-protestam-contra-ensino-integral-na-lourival-pinho\/#breadcrumb"},"inLanguage":"pt-BR","potentialAction":[{"@type":"ReadAction","target":["https:\/\/nk7-testes.com.br\/agazeta\/alunos-protestam-contra-ensino-integral-na-lourival-pinho\/"]}]},{"@type":"ImageObject","inLanguage":"pt-BR","@id":"https:\/\/nk7-testes.com.br\/agazeta\/alunos-protestam-contra-ensino-integral-na-lourival-pinho\/#primaryimage","url":"https:\/\/nk7-testes.com.br\/agazeta\/wp-content\/uploads\/2016\/11\/241116-cotidiano-educacao-agenciadenoticias.jpg","contentUrl":"https:\/\/nk7-testes.com.br\/agazeta\/wp-content\/uploads\/2016\/11\/241116-cotidiano-educacao-agenciadenoticias.jpg","width":458,"height":340,"caption":"241116-cotidiano-educacao-agenciadenoticias"},{"@type":"BreadcrumbList","@id":"https:\/\/nk7-testes.com.br\/agazeta\/alunos-protestam-contra-ensino-integral-na-lourival-pinho\/#breadcrumb","itemListElement":[{"@type":"ListItem","position":1,"name":"In\u00edcio","item":"https:\/\/nk7-testes.com.br\/agazeta\/"},{"@type":"ListItem","position":2,"name":"Alunos protestam contra ensino integral na Lourival Pinho"}]},{"@type":"WebSite","@id":"https:\/\/nk7-testes.com.br\/agazeta\/#website","url":"https:\/\/nk7-testes.com.br\/agazeta\/","name":"Agazeta.net","description":"Agazeta.net - Not\u00edcias de Rio Branco\/AC","potentialAction":[{"@type":"SearchAction","target":{"@type":"EntryPoint","urlTemplate":"https:\/\/nk7-testes.com.br\/agazeta\/?s={search_term_string}"},"query-input":{"@type":"PropertyValueSpecification","valueRequired":true,"valueName":"search_term_string"}}],"inLanguage":"pt-BR"},{"@type":"Person","@id":"https:\/\/nk7-testes.com.br\/agazeta\/#\/schema\/person\/ff6b39d54d6973bfc57f4140f659b23f","name":"Agazeta.Net","url":"https:\/\/nk7-testes.com.br\/agazeta\/author\/agazeta\/"}]}},"_links":{"self":[{"href":"https:\/\/nk7-testes.com.br\/agazeta\/wp-json\/wp\/v2\/posts\/26572","targetHints":{"allow":["GET"]}}],"collection":[{"href":"https:\/\/nk7-testes.com.br\/agazeta\/wp-json\/wp\/v2\/posts"}],"about":[{"href":"https:\/\/nk7-testes.com.br\/agazeta\/wp-json\/wp\/v2\/types\/post"}],"author":[{"embeddable":true,"href":"https:\/\/nk7-testes.com.br\/agazeta\/wp-json\/wp\/v2\/users\/4"}],"replies":[{"embeddable":true,"href":"https:\/\/nk7-testes.com.br\/agazeta\/wp-json\/wp\/v2\/comments?post=26572"}],"version-history":[{"count":0,"href":"https:\/\/nk7-testes.com.br\/agazeta\/wp-json\/wp\/v2\/posts\/26572\/revisions"}],"wp:featuredmedia":[{"embeddable":true,"href":"https:\/\/nk7-testes.com.br\/agazeta\/wp-json\/wp\/v2\/media\/26571"}],"wp:attachment":[{"href":"https:\/\/nk7-testes.com.br\/agazeta\/wp-json\/wp\/v2\/media?parent=26572"}],"wp:term":[{"taxonomy":"category","embeddable":true,"href":"https:\/\/nk7-testes.com.br\/agazeta\/wp-json\/wp\/v2\/categories?post=26572"},{"taxonomy":"post_tag","embeddable":true,"href":"https:\/\/nk7-testes.com.br\/agazeta\/wp-json\/wp\/v2\/tags?post=26572"}],"curies":[{"name":"wp","href":"https:\/\/api.w.org\/{rel}","templated":true}]}}