{"id":26560,"date":"2016-11-23T22:09:39","date_gmt":"2016-11-23T22:09:39","guid":{"rendered":"https:\/\/abarevegan.com.br\/index.php\/2016\/11\/23\/caixa-economica-federal-pode-fechar-duas-agencias-no-acre\/"},"modified":"2016-11-23T22:09:39","modified_gmt":"2016-11-23T22:09:39","slug":"caixa-economica-federal-pode-fechar-duas-agencias-no-acre","status":"publish","type":"post","link":"https:\/\/nk7-testes.com.br\/agazeta\/caixa-economica-federal-pode-fechar-duas-agencias-no-acre\/","title":{"rendered":"Caixa Econ\u00f4mica Federal pode fechar duas ag\u00eancias no Acre"},"content":{"rendered":"<p style=\"text-align: justify;\">Banco vai fechar 31 superintend\u00eancias regionais<\/p>\n<p style=\"text-align: justify;\">A situa\u00e7\u00e3o preocupa. Assim como ocorre no Banco do Brasil, a Caixa Econ\u00f4mica Federal pode fechar algumas ag\u00eancias em todo o pa\u00eds. A informa\u00e7\u00e3o foi repassada pelo presidente da institui\u00e7\u00e3o financeira no in\u00edcio dessa semana, Gilberto Occhi.<\/p>\n<p style=\"text-align: justify;\">As unidades que apresentam resultados deficit\u00e1rios v\u00e3o passar por uma revista para saber se h\u00e1 condi\u00e7\u00f5es de continuar funcionando. Mais de 3,7 mil ag\u00eancias da estatal funcionam no pa\u00eds.<\/p>\n<p style=\"text-align: justify;\">Vale lembrar que o Banco do Brasil j\u00e1 anunciou que vai ampliar o atendimento digital e lan\u00e7ar um plano de aposentadoria para parte dos funcion\u00e1rios. Isso pode representar a demiss\u00e3o de um universo de 18 mil servidores.<\/p>\n<p style=\"text-align: justify;\">Oficialmente, 402 ag\u00eancias ser\u00e3o fechadas, al\u00e9m de 31 superintend\u00eancias regionais. No Acre, duas ag\u00eancias ter\u00e3o as atividades encerradas na Capital, a do Parque da Maternidade, em frente \u00e0 OCA, e a segunda na esta\u00e7\u00e3o experimental.<\/p>\n<p style=\"text-align: justify;\">Em Assis Brasil, uma unidade ser\u00e1 transformada em posto de atendimento. O presidente do Sindicato dos Banc\u00e1rios do estado mostrou preocupa\u00e7\u00e3o com o caso.<br \/>O Banco do Brasil prev\u00ea uma economia anual de 750 milh\u00f5es com essa medida. A Caixa visa seguir o mesmo caminho com essas poss\u00edveis redu\u00e7\u00f5es.<\/p>\n<p style=\"text-align: justify;\">Em entrevista \u00e0 imprensa nacional, o presidente da Caixa informou que antes de optar pelo encerramento dessas ag\u00eancias, h\u00e1 outras medidas poss\u00edveis, como transform\u00e1-las em postos de atendimento, transferi-las de local ou mesmo reduzi-las de tamanho.<\/p>\n<p style=\"text-align: justify;\">Em \u00faltimo caso haver\u00e1 o fechamento da unidade. Em todo o pa\u00eds, pelo menos 100 delas v\u00e3o passar por essa an\u00e1lise.<\/p>\n","protected":false},"excerpt":{"rendered":"<p style=\"text-align: justify;\">Banco vai fechar 31 superintend\u00eancias regionais<\/p>\n","protected":false},"author":4,"featured_media":26559,"comment_status":"open","ping_status":"open","sticky":false,"template":"","format":"standard","meta":{"jnews-multi-image_gallery":[],"jnews_single_post":[],"jnews_primary_category":[],"jnews_social_meta":[],"jnews_review":[],"enable_review":"","type":"","name":"","summary":"","brand":"","sku":"","good":[],"bad":[],"score_override":"","override_value":"","rating":[],"price":[],"footnotes":""},"categories":[54],"tags":[],"class_list":["post-26560","post","type-post","status-publish","format-standard","has-post-thumbnail","hentry","category-cotidiano"],"yoast_head":"<!-- This site is optimized with the Yoast SEO plugin v26.5 - https:\/\/yoast.com\/wordpress\/plugins\/seo\/ -->\n<title>Caixa Econ\u00f4mica Federal pode fechar duas ag\u00eancias no Acre - Agazeta.net<\/title>\n<meta name=\"robots\" content=\"index, follow, max-snippet:-1, max-image-preview:large, max-video-preview:-1\" \/>\n<link rel=\"canonical\" href=\"https:\/\/nk7-testes.com.br\/agazeta\/caixa-economica-federal-pode-fechar-duas-agencias-no-acre\/\" \/>\n<meta property=\"og:locale\" content=\"pt_BR\" \/>\n<meta property=\"og:type\" content=\"article\" \/>\n<meta property=\"og:title\" content=\"Caixa Econ\u00f4mica Federal pode fechar duas ag\u00eancias no Acre - Agazeta.net\" \/>\n<meta property=\"og:description\" content=\"Banco vai fechar 31 superintend\u00eancias regionais\" \/>\n<meta property=\"og:url\" content=\"https:\/\/nk7-testes.com.br\/agazeta\/caixa-economica-federal-pode-fechar-duas-agencias-no-acre\/\" \/>\n<meta property=\"og:site_name\" content=\"Agazeta.net\" \/>\n<meta property=\"article:published_time\" content=\"2016-11-23T22:09:39+00:00\" \/>\n<meta property=\"og:image\" content=\"https:\/\/nk7-testes.com.br\/agazeta\/wp-content\/uploads\/2016\/11\/231116-cotidiano-caixaeconomica-tvgazeta.jpg\" \/>\n\t<meta property=\"og:image:width\" content=\"458\" \/>\n\t<meta property=\"og:image:height\" content=\"340\" \/>\n\t<meta property=\"og:image:type\" content=\"image\/jpeg\" \/>\n<meta name=\"author\" content=\"Agazeta.Net\" \/>\n<meta name=\"twitter:card\" content=\"summary_large_image\" \/>\n<meta name=\"twitter:label1\" content=\"Escrito por\" \/>\n\t<meta name=\"twitter:data1\" content=\"Agazeta.Net\" \/>\n\t<meta name=\"twitter:label2\" content=\"Est. tempo de leitura\" \/>\n\t<meta name=\"twitter:data2\" content=\"1 minuto\" \/>\n<script type=\"application\/ld+json\" class=\"yoast-schema-graph\">{\"@context\":\"https:\/\/schema.org\",\"@graph\":[{\"@type\":\"WebPage\",\"@id\":\"https:\/\/nk7-testes.com.br\/agazeta\/caixa-economica-federal-pode-fechar-duas-agencias-no-acre\/\",\"url\":\"https:\/\/nk7-testes.com.br\/agazeta\/caixa-economica-federal-pode-fechar-duas-agencias-no-acre\/\",\"name\":\"Caixa Econ\u00f4mica Federal pode fechar duas ag\u00eancias no Acre - Agazeta.net\",\"isPartOf\":{\"@id\":\"https:\/\/nk7-testes.com.br\/agazeta\/#website\"},\"primaryImageOfPage\":{\"@id\":\"https:\/\/nk7-testes.com.br\/agazeta\/caixa-economica-federal-pode-fechar-duas-agencias-no-acre\/#primaryimage\"},\"image\":{\"@id\":\"https:\/\/nk7-testes.com.br\/agazeta\/caixa-economica-federal-pode-fechar-duas-agencias-no-acre\/#primaryimage\"},\"thumbnailUrl\":\"https:\/\/nk7-testes.com.br\/agazeta\/wp-content\/uploads\/2016\/11\/231116-cotidiano-caixaeconomica-tvgazeta.jpg\",\"datePublished\":\"2016-11-23T22:09:39+00:00\",\"author\":{\"@id\":\"https:\/\/nk7-testes.com.br\/agazeta\/#\/schema\/person\/ff6b39d54d6973bfc57f4140f659b23f\"},\"breadcrumb\":{\"@id\":\"https:\/\/nk7-testes.com.br\/agazeta\/caixa-economica-federal-pode-fechar-duas-agencias-no-acre\/#breadcrumb\"},\"inLanguage\":\"pt-BR\",\"potentialAction\":[{\"@type\":\"ReadAction\",\"target\":[\"https:\/\/nk7-testes.com.br\/agazeta\/caixa-economica-federal-pode-fechar-duas-agencias-no-acre\/\"]}]},{\"@type\":\"ImageObject\",\"inLanguage\":\"pt-BR\",\"@id\":\"https:\/\/nk7-testes.com.br\/agazeta\/caixa-economica-federal-pode-fechar-duas-agencias-no-acre\/#primaryimage\",\"url\":\"https:\/\/nk7-testes.com.br\/agazeta\/wp-content\/uploads\/2016\/11\/231116-cotidiano-caixaeconomica-tvgazeta.jpg\",\"contentUrl\":\"https:\/\/nk7-testes.com.br\/agazeta\/wp-content\/uploads\/2016\/11\/231116-cotidiano-caixaeconomica-tvgazeta.jpg\",\"width\":458,\"height\":340,\"caption\":\"231116-cotidiano-caixaeconomica-tvgazeta\"},{\"@type\":\"BreadcrumbList\",\"@id\":\"https:\/\/nk7-testes.com.br\/agazeta\/caixa-economica-federal-pode-fechar-duas-agencias-no-acre\/#breadcrumb\",\"itemListElement\":[{\"@type\":\"ListItem\",\"position\":1,\"name\":\"In\u00edcio\",\"item\":\"https:\/\/nk7-testes.com.br\/agazeta\/\"},{\"@type\":\"ListItem\",\"position\":2,\"name\":\"Caixa Econ\u00f4mica Federal pode fechar duas ag\u00eancias no Acre\"}]},{\"@type\":\"WebSite\",\"@id\":\"https:\/\/nk7-testes.com.br\/agazeta\/#website\",\"url\":\"https:\/\/nk7-testes.com.br\/agazeta\/\",\"name\":\"Agazeta.net\",\"description\":\"Agazeta.net - Not\u00edcias de Rio Branco\/AC\",\"potentialAction\":[{\"@type\":\"SearchAction\",\"target\":{\"@type\":\"EntryPoint\",\"urlTemplate\":\"https:\/\/nk7-testes.com.br\/agazeta\/?s={search_term_string}\"},\"query-input\":{\"@type\":\"PropertyValueSpecification\",\"valueRequired\":true,\"valueName\":\"search_term_string\"}}],\"inLanguage\":\"pt-BR\"},{\"@type\":\"Person\",\"@id\":\"https:\/\/nk7-testes.com.br\/agazeta\/#\/schema\/person\/ff6b39d54d6973bfc57f4140f659b23f\",\"name\":\"Agazeta.Net\",\"url\":\"https:\/\/nk7-testes.com.br\/agazeta\/author\/agazeta\/\"}]}<\/script>\n<!-- \/ Yoast SEO plugin. -->","yoast_head_json":{"title":"Caixa Econ\u00f4mica Federal pode fechar duas ag\u00eancias no Acre - Agazeta.net","robots":{"index":"index","follow":"follow","max-snippet":"max-snippet:-1","max-image-preview":"max-image-preview:large","max-video-preview":"max-video-preview:-1"},"canonical":"https:\/\/nk7-testes.com.br\/agazeta\/caixa-economica-federal-pode-fechar-duas-agencias-no-acre\/","og_locale":"pt_BR","og_type":"article","og_title":"Caixa Econ\u00f4mica Federal pode fechar duas ag\u00eancias no Acre - Agazeta.net","og_description":"Banco vai fechar 31 superintend\u00eancias regionais","og_url":"https:\/\/nk7-testes.com.br\/agazeta\/caixa-economica-federal-pode-fechar-duas-agencias-no-acre\/","og_site_name":"Agazeta.net","article_published_time":"2016-11-23T22:09:39+00:00","og_image":[{"width":458,"height":340,"url":"https:\/\/nk7-testes.com.br\/agazeta\/wp-content\/uploads\/2016\/11\/231116-cotidiano-caixaeconomica-tvgazeta.jpg","type":"image\/jpeg"}],"author":"Agazeta.Net","twitter_card":"summary_large_image","twitter_misc":{"Escrito por":"Agazeta.Net","Est. tempo de leitura":"1 minuto"},"schema":{"@context":"https:\/\/schema.org","@graph":[{"@type":"WebPage","@id":"https:\/\/nk7-testes.com.br\/agazeta\/caixa-economica-federal-pode-fechar-duas-agencias-no-acre\/","url":"https:\/\/nk7-testes.com.br\/agazeta\/caixa-economica-federal-pode-fechar-duas-agencias-no-acre\/","name":"Caixa Econ\u00f4mica Federal pode fechar duas ag\u00eancias no Acre - Agazeta.net","isPartOf":{"@id":"https:\/\/nk7-testes.com.br\/agazeta\/#website"},"primaryImageOfPage":{"@id":"https:\/\/nk7-testes.com.br\/agazeta\/caixa-economica-federal-pode-fechar-duas-agencias-no-acre\/#primaryimage"},"image":{"@id":"https:\/\/nk7-testes.com.br\/agazeta\/caixa-economica-federal-pode-fechar-duas-agencias-no-acre\/#primaryimage"},"thumbnailUrl":"https:\/\/nk7-testes.com.br\/agazeta\/wp-content\/uploads\/2016\/11\/231116-cotidiano-caixaeconomica-tvgazeta.jpg","datePublished":"2016-11-23T22:09:39+00:00","author":{"@id":"https:\/\/nk7-testes.com.br\/agazeta\/#\/schema\/person\/ff6b39d54d6973bfc57f4140f659b23f"},"breadcrumb":{"@id":"https:\/\/nk7-testes.com.br\/agazeta\/caixa-economica-federal-pode-fechar-duas-agencias-no-acre\/#breadcrumb"},"inLanguage":"pt-BR","potentialAction":[{"@type":"ReadAction","target":["https:\/\/nk7-testes.com.br\/agazeta\/caixa-economica-federal-pode-fechar-duas-agencias-no-acre\/"]}]},{"@type":"ImageObject","inLanguage":"pt-BR","@id":"https:\/\/nk7-testes.com.br\/agazeta\/caixa-economica-federal-pode-fechar-duas-agencias-no-acre\/#primaryimage","url":"https:\/\/nk7-testes.com.br\/agazeta\/wp-content\/uploads\/2016\/11\/231116-cotidiano-caixaeconomica-tvgazeta.jpg","contentUrl":"https:\/\/nk7-testes.com.br\/agazeta\/wp-content\/uploads\/2016\/11\/231116-cotidiano-caixaeconomica-tvgazeta.jpg","width":458,"height":340,"caption":"231116-cotidiano-caixaeconomica-tvgazeta"},{"@type":"BreadcrumbList","@id":"https:\/\/nk7-testes.com.br\/agazeta\/caixa-economica-federal-pode-fechar-duas-agencias-no-acre\/#breadcrumb","itemListElement":[{"@type":"ListItem","position":1,"name":"In\u00edcio","item":"https:\/\/nk7-testes.com.br\/agazeta\/"},{"@type":"ListItem","position":2,"name":"Caixa Econ\u00f4mica Federal pode fechar duas ag\u00eancias no Acre"}]},{"@type":"WebSite","@id":"https:\/\/nk7-testes.com.br\/agazeta\/#website","url":"https:\/\/nk7-testes.com.br\/agazeta\/","name":"Agazeta.net","description":"Agazeta.net - Not\u00edcias de Rio Branco\/AC","potentialAction":[{"@type":"SearchAction","target":{"@type":"EntryPoint","urlTemplate":"https:\/\/nk7-testes.com.br\/agazeta\/?s={search_term_string}"},"query-input":{"@type":"PropertyValueSpecification","valueRequired":true,"valueName":"search_term_string"}}],"inLanguage":"pt-BR"},{"@type":"Person","@id":"https:\/\/nk7-testes.com.br\/agazeta\/#\/schema\/person\/ff6b39d54d6973bfc57f4140f659b23f","name":"Agazeta.Net","url":"https:\/\/nk7-testes.com.br\/agazeta\/author\/agazeta\/"}]}},"_links":{"self":[{"href":"https:\/\/nk7-testes.com.br\/agazeta\/wp-json\/wp\/v2\/posts\/26560","targetHints":{"allow":["GET"]}}],"collection":[{"href":"https:\/\/nk7-testes.com.br\/agazeta\/wp-json\/wp\/v2\/posts"}],"about":[{"href":"https:\/\/nk7-testes.com.br\/agazeta\/wp-json\/wp\/v2\/types\/post"}],"author":[{"embeddable":true,"href":"https:\/\/nk7-testes.com.br\/agazeta\/wp-json\/wp\/v2\/users\/4"}],"replies":[{"embeddable":true,"href":"https:\/\/nk7-testes.com.br\/agazeta\/wp-json\/wp\/v2\/comments?post=26560"}],"version-history":[{"count":0,"href":"https:\/\/nk7-testes.com.br\/agazeta\/wp-json\/wp\/v2\/posts\/26560\/revisions"}],"wp:featuredmedia":[{"embeddable":true,"href":"https:\/\/nk7-testes.com.br\/agazeta\/wp-json\/wp\/v2\/media\/26559"}],"wp:attachment":[{"href":"https:\/\/nk7-testes.com.br\/agazeta\/wp-json\/wp\/v2\/media?parent=26560"}],"wp:term":[{"taxonomy":"category","embeddable":true,"href":"https:\/\/nk7-testes.com.br\/agazeta\/wp-json\/wp\/v2\/categories?post=26560"},{"taxonomy":"post_tag","embeddable":true,"href":"https:\/\/nk7-testes.com.br\/agazeta\/wp-json\/wp\/v2\/tags?post=26560"}],"curies":[{"name":"wp","href":"https:\/\/api.w.org\/{rel}","templated":true}]}}