{"id":26550,"date":"2016-11-23T15:48:47","date_gmt":"2016-11-23T15:48:47","guid":{"rendered":"https:\/\/abarevegan.com.br\/index.php\/2016\/11\/23\/fragmentos-marca-retorno-do-chargista-dim-as-telas\/"},"modified":"2016-11-23T15:48:47","modified_gmt":"2016-11-23T15:48:47","slug":"fragmentos-marca-retorno-do-chargista-dim-as-telas","status":"publish","type":"post","link":"https:\/\/nk7-testes.com.br\/agazeta\/fragmentos-marca-retorno-do-chargista-dim-as-telas\/","title":{"rendered":"\u201cFragmentos\u201d marca retorno do chargista Dim \u00e0s telas"},"content":{"rendered":"<p style=\"text-align: justify;\">Trabalho re\u00fane produ\u00e7\u00e3o planejada desde 2015<\/p>\n<p style=\"text-align: justify;\">O chargista e artista pl\u00e1stico \u201cDim\u201d realizou ontem, dia 22 de novembro, a vernissage da exposi\u00e7\u00e3o de pintura em telas \u201cFragmentos\u201d, no Sal\u00e3o Nobre do Tribunal de Contas do Estado. O trabalho \u00e9 uma colet\u00e2nea de 15 obras feitas pelo artista nesses \u00faltimos meses.<\/p>\n<p style=\"text-align: justify;\">\u201cEsse \u00e9 um projeto pessoal que eu planejo desde 2015 e que agora se torna realidade\u201d, relata o chargista. \u201cO conjunto de obras mostra telas abstratas, cl\u00e1ssicas, caricaturas e impressionista, da\u00ed o titulo \u2018Fragmentos\u2019\u201d.<\/p>\n<p style=\"text-align: justify;\">\u201cDim\u201d, como \u00e9 conhecido, nasceu na cidade de Tarauac\u00e1. Pinta desde crian\u00e7a e diz que foi descoberto pelo jornalista Jos\u00e9 Chalub Leite que o convidou, ainda adolescente, para trabalhar no seman\u00e1rio O Jornal, na Imprensa Oficial do Estado.<\/p>\n<p style=\"text-align: justify;\">Desde ent\u00e3o, nunca parou de pintar e se dedicou a fazer charges e caricaturas. Recebeu v\u00e1rios pr\u00eamios e publicou um livro: A Charge Nossa de Cada Dia.<br \/>Agora, Dim retoma a antiga paix\u00e3o que \u00e9 a pintura em tela. A exposi\u00e7\u00e3o vai at\u00e9 o dia 22 de dezembro. Os quadros est\u00e3o tamb\u00e9m a venda variando de R$ 60 e R$ 400.<\/p>\n<p style=\"text-align: justify;\">Pequeno Curr\u00edculo<\/p>\n<p style=\"text-align: justify;\">Raimundo Ribeiro Mendes (DIM), acriano da cidade de Tarauac\u00e1. Artista pl\u00e1stico, chargista e designer gr\u00e1fico, nasceu em 1964. \u00c9 autodidata, casado, pai de um filho, trabalha na imprensa acriana desde 1984.<\/p>\n<p style=\"text-align: justify;\">Exposi\u00e7\u00f5es (individual e coletiva)<\/p>\n<p style=\"text-align: justify;\">A arte do Artista \u2013 Espa\u00e7o Cultural da Justi\u00e7a Federal do Acre<\/p>\n<p style=\"text-align: justify;\">Amaz\u00f4nia Preservar ou Desmatar \u2013 Espa\u00e7o Cultural da Universidade Federal do Acre<\/p>\n<p style=\"text-align: justify;\">As cores da Cidade \u2013 Museu dos Autonomista<\/p>\n<p style=\"text-align: justify;\">Sal\u00e3o Helio Melo de Artes Pl\u00e1sticas \u2013 Na Galeria Juvenal Antunes<\/p>\n<p style=\"text-align: justify;\">Pr\u00eamios<\/p>\n<p style=\"text-align: justify;\">Jos\u00e9 Chalub Leite de Jornalismo \u2013 Categoria Charge<\/p>\n<p style=\"text-align: justify;\">As cores da Cidade \u2013 Um olhar sobre Rio Branco<\/p>\n<p style=\"text-align: justify;\">Sal\u00e3o H\u00e9lio Melo de Artes Pl\u00e1sticas \u2013 Na Galeria Juvenal Antunes<\/p>\n<p style=\"text-align: justify;\">Livros publicados<\/p>\n<p style=\"text-align: justify;\">A Charge Nossa de Cada Dia<\/p>\n<p style=\"text-align: justify;\">Rio Branco em Aquarela<\/p>\n<p style=\"text-align: justify;\">Sal\u00e3o acreano de humor<\/p>\n","protected":false},"excerpt":{"rendered":"<p style=\"text-align: justify;\">Trabalho re\u00fane produ\u00e7\u00e3o planejada desde 2015<\/p>\n","protected":false},"author":4,"featured_media":26549,"comment_status":"open","ping_status":"open","sticky":false,"template":"","format":"standard","meta":{"jnews-multi-image_gallery":[],"jnews_single_post":[],"jnews_primary_category":[],"jnews_social_meta":[],"jnews_review":[],"enable_review":"","type":"","name":"","summary":"","brand":"","sku":"","good":[],"bad":[],"score_override":"","override_value":"","rating":[],"price":[],"footnotes":""},"categories":[54],"tags":[],"class_list":["post-26550","post","type-post","status-publish","format-standard","has-post-thumbnail","hentry","category-cotidiano"],"yoast_head":"<!-- This site is optimized with the Yoast SEO plugin v26.5 - https:\/\/yoast.com\/wordpress\/plugins\/seo\/ -->\n<title>\u201cFragmentos\u201d marca retorno do chargista Dim \u00e0s telas - Agazeta.net<\/title>\n<meta name=\"robots\" content=\"index, follow, max-snippet:-1, max-image-preview:large, max-video-preview:-1\" \/>\n<link rel=\"canonical\" href=\"https:\/\/nk7-testes.com.br\/agazeta\/fragmentos-marca-retorno-do-chargista-dim-as-telas\/\" \/>\n<meta property=\"og:locale\" content=\"pt_BR\" \/>\n<meta property=\"og:type\" content=\"article\" \/>\n<meta property=\"og:title\" content=\"\u201cFragmentos\u201d marca retorno do chargista Dim \u00e0s telas - Agazeta.net\" \/>\n<meta property=\"og:description\" content=\"Trabalho re\u00fane produ\u00e7\u00e3o planejada desde 2015\" \/>\n<meta property=\"og:url\" content=\"https:\/\/nk7-testes.com.br\/agazeta\/fragmentos-marca-retorno-do-chargista-dim-as-telas\/\" \/>\n<meta property=\"og:site_name\" content=\"Agazeta.net\" \/>\n<meta property=\"article:published_time\" content=\"2016-11-23T15:48:47+00:00\" \/>\n<meta property=\"og:image\" content=\"https:\/\/nk7-testes.com.br\/agazeta\/wp-content\/uploads\/2016\/11\/231116-cotidiano-dimmendes-divulgacao.jpg\" \/>\n\t<meta property=\"og:image:width\" content=\"458\" \/>\n\t<meta property=\"og:image:height\" content=\"340\" \/>\n\t<meta property=\"og:image:type\" content=\"image\/jpeg\" \/>\n<meta name=\"author\" content=\"Agazeta.Net\" \/>\n<meta name=\"twitter:card\" content=\"summary_large_image\" \/>\n<meta name=\"twitter:label1\" content=\"Escrito por\" \/>\n\t<meta name=\"twitter:data1\" content=\"Agazeta.Net\" \/>\n\t<meta name=\"twitter:label2\" content=\"Est. tempo de leitura\" \/>\n\t<meta name=\"twitter:data2\" content=\"2 minutos\" \/>\n<script type=\"application\/ld+json\" class=\"yoast-schema-graph\">{\"@context\":\"https:\/\/schema.org\",\"@graph\":[{\"@type\":\"WebPage\",\"@id\":\"https:\/\/nk7-testes.com.br\/agazeta\/fragmentos-marca-retorno-do-chargista-dim-as-telas\/\",\"url\":\"https:\/\/nk7-testes.com.br\/agazeta\/fragmentos-marca-retorno-do-chargista-dim-as-telas\/\",\"name\":\"\u201cFragmentos\u201d marca retorno do chargista Dim \u00e0s telas - Agazeta.net\",\"isPartOf\":{\"@id\":\"https:\/\/nk7-testes.com.br\/agazeta\/#website\"},\"primaryImageOfPage\":{\"@id\":\"https:\/\/nk7-testes.com.br\/agazeta\/fragmentos-marca-retorno-do-chargista-dim-as-telas\/#primaryimage\"},\"image\":{\"@id\":\"https:\/\/nk7-testes.com.br\/agazeta\/fragmentos-marca-retorno-do-chargista-dim-as-telas\/#primaryimage\"},\"thumbnailUrl\":\"https:\/\/nk7-testes.com.br\/agazeta\/wp-content\/uploads\/2016\/11\/231116-cotidiano-dimmendes-divulgacao.jpg\",\"datePublished\":\"2016-11-23T15:48:47+00:00\",\"author\":{\"@id\":\"https:\/\/nk7-testes.com.br\/agazeta\/#\/schema\/person\/ff6b39d54d6973bfc57f4140f659b23f\"},\"breadcrumb\":{\"@id\":\"https:\/\/nk7-testes.com.br\/agazeta\/fragmentos-marca-retorno-do-chargista-dim-as-telas\/#breadcrumb\"},\"inLanguage\":\"pt-BR\",\"potentialAction\":[{\"@type\":\"ReadAction\",\"target\":[\"https:\/\/nk7-testes.com.br\/agazeta\/fragmentos-marca-retorno-do-chargista-dim-as-telas\/\"]}]},{\"@type\":\"ImageObject\",\"inLanguage\":\"pt-BR\",\"@id\":\"https:\/\/nk7-testes.com.br\/agazeta\/fragmentos-marca-retorno-do-chargista-dim-as-telas\/#primaryimage\",\"url\":\"https:\/\/nk7-testes.com.br\/agazeta\/wp-content\/uploads\/2016\/11\/231116-cotidiano-dimmendes-divulgacao.jpg\",\"contentUrl\":\"https:\/\/nk7-testes.com.br\/agazeta\/wp-content\/uploads\/2016\/11\/231116-cotidiano-dimmendes-divulgacao.jpg\",\"width\":458,\"height\":340,\"caption\":\"231116-cotidiano-dimmendes-divulgacao\"},{\"@type\":\"BreadcrumbList\",\"@id\":\"https:\/\/nk7-testes.com.br\/agazeta\/fragmentos-marca-retorno-do-chargista-dim-as-telas\/#breadcrumb\",\"itemListElement\":[{\"@type\":\"ListItem\",\"position\":1,\"name\":\"In\u00edcio\",\"item\":\"https:\/\/nk7-testes.com.br\/agazeta\/\"},{\"@type\":\"ListItem\",\"position\":2,\"name\":\"\u201cFragmentos\u201d marca retorno do chargista Dim \u00e0s telas\"}]},{\"@type\":\"WebSite\",\"@id\":\"https:\/\/nk7-testes.com.br\/agazeta\/#website\",\"url\":\"https:\/\/nk7-testes.com.br\/agazeta\/\",\"name\":\"Agazeta.net\",\"description\":\"Agazeta.net - Not\u00edcias de Rio Branco\/AC\",\"potentialAction\":[{\"@type\":\"SearchAction\",\"target\":{\"@type\":\"EntryPoint\",\"urlTemplate\":\"https:\/\/nk7-testes.com.br\/agazeta\/?s={search_term_string}\"},\"query-input\":{\"@type\":\"PropertyValueSpecification\",\"valueRequired\":true,\"valueName\":\"search_term_string\"}}],\"inLanguage\":\"pt-BR\"},{\"@type\":\"Person\",\"@id\":\"https:\/\/nk7-testes.com.br\/agazeta\/#\/schema\/person\/ff6b39d54d6973bfc57f4140f659b23f\",\"name\":\"Agazeta.Net\",\"url\":\"https:\/\/nk7-testes.com.br\/agazeta\/author\/agazeta\/\"}]}<\/script>\n<!-- \/ Yoast SEO plugin. -->","yoast_head_json":{"title":"\u201cFragmentos\u201d marca retorno do chargista Dim \u00e0s telas - Agazeta.net","robots":{"index":"index","follow":"follow","max-snippet":"max-snippet:-1","max-image-preview":"max-image-preview:large","max-video-preview":"max-video-preview:-1"},"canonical":"https:\/\/nk7-testes.com.br\/agazeta\/fragmentos-marca-retorno-do-chargista-dim-as-telas\/","og_locale":"pt_BR","og_type":"article","og_title":"\u201cFragmentos\u201d marca retorno do chargista Dim \u00e0s telas - Agazeta.net","og_description":"Trabalho re\u00fane produ\u00e7\u00e3o planejada desde 2015","og_url":"https:\/\/nk7-testes.com.br\/agazeta\/fragmentos-marca-retorno-do-chargista-dim-as-telas\/","og_site_name":"Agazeta.net","article_published_time":"2016-11-23T15:48:47+00:00","og_image":[{"width":458,"height":340,"url":"https:\/\/nk7-testes.com.br\/agazeta\/wp-content\/uploads\/2016\/11\/231116-cotidiano-dimmendes-divulgacao.jpg","type":"image\/jpeg"}],"author":"Agazeta.Net","twitter_card":"summary_large_image","twitter_misc":{"Escrito por":"Agazeta.Net","Est. tempo de leitura":"2 minutos"},"schema":{"@context":"https:\/\/schema.org","@graph":[{"@type":"WebPage","@id":"https:\/\/nk7-testes.com.br\/agazeta\/fragmentos-marca-retorno-do-chargista-dim-as-telas\/","url":"https:\/\/nk7-testes.com.br\/agazeta\/fragmentos-marca-retorno-do-chargista-dim-as-telas\/","name":"\u201cFragmentos\u201d marca retorno do chargista Dim \u00e0s telas - Agazeta.net","isPartOf":{"@id":"https:\/\/nk7-testes.com.br\/agazeta\/#website"},"primaryImageOfPage":{"@id":"https:\/\/nk7-testes.com.br\/agazeta\/fragmentos-marca-retorno-do-chargista-dim-as-telas\/#primaryimage"},"image":{"@id":"https:\/\/nk7-testes.com.br\/agazeta\/fragmentos-marca-retorno-do-chargista-dim-as-telas\/#primaryimage"},"thumbnailUrl":"https:\/\/nk7-testes.com.br\/agazeta\/wp-content\/uploads\/2016\/11\/231116-cotidiano-dimmendes-divulgacao.jpg","datePublished":"2016-11-23T15:48:47+00:00","author":{"@id":"https:\/\/nk7-testes.com.br\/agazeta\/#\/schema\/person\/ff6b39d54d6973bfc57f4140f659b23f"},"breadcrumb":{"@id":"https:\/\/nk7-testes.com.br\/agazeta\/fragmentos-marca-retorno-do-chargista-dim-as-telas\/#breadcrumb"},"inLanguage":"pt-BR","potentialAction":[{"@type":"ReadAction","target":["https:\/\/nk7-testes.com.br\/agazeta\/fragmentos-marca-retorno-do-chargista-dim-as-telas\/"]}]},{"@type":"ImageObject","inLanguage":"pt-BR","@id":"https:\/\/nk7-testes.com.br\/agazeta\/fragmentos-marca-retorno-do-chargista-dim-as-telas\/#primaryimage","url":"https:\/\/nk7-testes.com.br\/agazeta\/wp-content\/uploads\/2016\/11\/231116-cotidiano-dimmendes-divulgacao.jpg","contentUrl":"https:\/\/nk7-testes.com.br\/agazeta\/wp-content\/uploads\/2016\/11\/231116-cotidiano-dimmendes-divulgacao.jpg","width":458,"height":340,"caption":"231116-cotidiano-dimmendes-divulgacao"},{"@type":"BreadcrumbList","@id":"https:\/\/nk7-testes.com.br\/agazeta\/fragmentos-marca-retorno-do-chargista-dim-as-telas\/#breadcrumb","itemListElement":[{"@type":"ListItem","position":1,"name":"In\u00edcio","item":"https:\/\/nk7-testes.com.br\/agazeta\/"},{"@type":"ListItem","position":2,"name":"\u201cFragmentos\u201d marca retorno do chargista Dim \u00e0s telas"}]},{"@type":"WebSite","@id":"https:\/\/nk7-testes.com.br\/agazeta\/#website","url":"https:\/\/nk7-testes.com.br\/agazeta\/","name":"Agazeta.net","description":"Agazeta.net - Not\u00edcias de Rio Branco\/AC","potentialAction":[{"@type":"SearchAction","target":{"@type":"EntryPoint","urlTemplate":"https:\/\/nk7-testes.com.br\/agazeta\/?s={search_term_string}"},"query-input":{"@type":"PropertyValueSpecification","valueRequired":true,"valueName":"search_term_string"}}],"inLanguage":"pt-BR"},{"@type":"Person","@id":"https:\/\/nk7-testes.com.br\/agazeta\/#\/schema\/person\/ff6b39d54d6973bfc57f4140f659b23f","name":"Agazeta.Net","url":"https:\/\/nk7-testes.com.br\/agazeta\/author\/agazeta\/"}]}},"_links":{"self":[{"href":"https:\/\/nk7-testes.com.br\/agazeta\/wp-json\/wp\/v2\/posts\/26550","targetHints":{"allow":["GET"]}}],"collection":[{"href":"https:\/\/nk7-testes.com.br\/agazeta\/wp-json\/wp\/v2\/posts"}],"about":[{"href":"https:\/\/nk7-testes.com.br\/agazeta\/wp-json\/wp\/v2\/types\/post"}],"author":[{"embeddable":true,"href":"https:\/\/nk7-testes.com.br\/agazeta\/wp-json\/wp\/v2\/users\/4"}],"replies":[{"embeddable":true,"href":"https:\/\/nk7-testes.com.br\/agazeta\/wp-json\/wp\/v2\/comments?post=26550"}],"version-history":[{"count":0,"href":"https:\/\/nk7-testes.com.br\/agazeta\/wp-json\/wp\/v2\/posts\/26550\/revisions"}],"wp:featuredmedia":[{"embeddable":true,"href":"https:\/\/nk7-testes.com.br\/agazeta\/wp-json\/wp\/v2\/media\/26549"}],"wp:attachment":[{"href":"https:\/\/nk7-testes.com.br\/agazeta\/wp-json\/wp\/v2\/media?parent=26550"}],"wp:term":[{"taxonomy":"category","embeddable":true,"href":"https:\/\/nk7-testes.com.br\/agazeta\/wp-json\/wp\/v2\/categories?post=26550"},{"taxonomy":"post_tag","embeddable":true,"href":"https:\/\/nk7-testes.com.br\/agazeta\/wp-json\/wp\/v2\/tags?post=26550"}],"curies":[{"name":"wp","href":"https:\/\/api.w.org\/{rel}","templated":true}]}}