{"id":26528,"date":"2016-11-22T20:23:13","date_gmt":"2016-11-22T20:23:13","guid":{"rendered":"https:\/\/abarevegan.com.br\/index.php\/2016\/11\/22\/video-flagra-agressao-a-idosa-maus-tratos-em-familia\/"},"modified":"2016-11-22T20:23:13","modified_gmt":"2016-11-22T20:23:13","slug":"video-flagra-agressao-a-idosa-maus-tratos-em-familia","status":"publish","type":"post","link":"https:\/\/nk7-testes.com.br\/agazeta\/video-flagra-agressao-a-idosa-maus-tratos-em-familia\/","title":{"rendered":"V\u00eddeo flagra agress\u00e3o \u00e0 idosa: maus tratos em fam\u00edlia"},"content":{"rendered":"<p style=\"text-align: justify;\">Cenas n\u00e3o chamaram aten\u00e7\u00e3o da PM<\/p>\n<p style=\"text-align: justify;\">V\u00eddeo feito por internauta e divulgado por fontes ligadas \u00e0 pol\u00edcia registra agress\u00f5es a uma idosa em Rio Branco. O caso aconteceu no \u00faltimo s\u00e1bado e revoltou um grupo de amigos que assistiu \u00e0s cenas de maus tratos e resolveu denunciar.<\/p>\n<p style=\"text-align: justify;\">As imagens registradas por um celular mostram a filha dando banho na m\u00e3e idosa. A mulher bate nos p\u00e9s da idosa e em seguida puxa pelo bra\u00e7o com viol\u00eancia. Em outro momento, sem apoio, a anci\u00e3 cai sentada em uma mureta e ai uma vez \u00e9 puxada para ser despida.<\/p>\n<p style=\"text-align: justify;\">Na hora do banho, com um balde menor, a filha joga \u00e1gua com for\u00e7a no rosto da m\u00e3e.<br \/>As imagens, segundo o autor do v\u00eddeo (que pediu para n\u00e3o ser identificado) s\u00e3o algumas das agress\u00f5es sofridas pela senhora, na tarde do \u00faltimo s\u00e1bado. Antes de gravar, ele afirma que presenciou outras cenas de maus-tratos. \u201cEla puxava os cabelos da idosa e batia forte nas m\u00e3os dela\u201d, relata.<\/p>\n<p style=\"text-align: justify;\">Um grupo de amigos que trabalhava pr\u00f3ximo ao local tamb\u00e9m testemunhou as agress\u00f5es, que causaram revolta. \u201cParecia que tava dando banho em um animal. Quando ela arremessou a \u00e1gua com balde, a idosa chegou a cair no ch\u00e3o\u201d, conta outro rapaz, que esteve no local.<\/p>\n<p style=\"text-align: justify;\">A pol\u00edcia foi acionada na mesma hora, mas a rea\u00e7\u00e3o da equipe que atendeu a ocorr\u00eancia surpreendeu os denunciantes. \u201cO sargento e o cabo olharam o v\u00eddeo e falaram que n\u00e3o poderiam autuar a senhora naquele momento porque n\u00e3o era uma agress\u00e3o. Eu argumentei e perguntei se estava correta a forma de dar banho. A senhora que estava cuidando da m\u00e3e alegou que a idosa estava com a perna quebrada. <br \/>A\u00ed eu perguntei: o senhor acha que uma pessoa com a perna quebrada pode ser manuseada dessa forma? Ele disse que estava de m\u00e3os atadas\u201d, disse um dos amigos do autor do v\u00eddeo.<\/p>\n<p style=\"text-align: justify;\">As imagens foram compartilhadas pela internet e quem denuncia pede Justi\u00e7a.<\/p>\n<p style=\"text-align: justify;\">{youtube}Bpowgppas34{\/youtube}<\/p>\n","protected":false},"excerpt":{"rendered":"<p style=\"text-align: justify;\">Cenas n\u00e3o chamaram aten\u00e7\u00e3o da PM<\/p>\n","protected":false},"author":4,"featured_media":26527,"comment_status":"open","ping_status":"open","sticky":false,"template":"","format":"standard","meta":{"jnews-multi-image_gallery":[],"jnews_single_post":[],"jnews_primary_category":[],"jnews_social_meta":[],"jnews_review":[],"enable_review":"","type":"","name":"","summary":"","brand":"","sku":"","good":[],"bad":[],"score_override":"","override_value":"","rating":[],"price":[],"footnotes":""},"categories":[44],"tags":[],"class_list":["post-26528","post","type-post","status-publish","format-standard","has-post-thumbnail","hentry","category-policia"],"yoast_head":"<!-- This site is optimized with the Yoast SEO plugin v26.5 - https:\/\/yoast.com\/wordpress\/plugins\/seo\/ -->\n<title>V\u00eddeo flagra agress\u00e3o \u00e0 idosa: maus tratos em fam\u00edlia - Agazeta.net<\/title>\n<meta name=\"robots\" content=\"index, follow, max-snippet:-1, max-image-preview:large, max-video-preview:-1\" \/>\n<link rel=\"canonical\" href=\"https:\/\/nk7-testes.com.br\/agazeta\/video-flagra-agressao-a-idosa-maus-tratos-em-familia\/\" \/>\n<meta property=\"og:locale\" content=\"pt_BR\" \/>\n<meta property=\"og:type\" content=\"article\" \/>\n<meta property=\"og:title\" content=\"V\u00eddeo flagra agress\u00e3o \u00e0 idosa: maus tratos em fam\u00edlia - Agazeta.net\" \/>\n<meta property=\"og:description\" content=\"Cenas n\u00e3o chamaram aten\u00e7\u00e3o da PM\" \/>\n<meta property=\"og:url\" content=\"https:\/\/nk7-testes.com.br\/agazeta\/video-flagra-agressao-a-idosa-maus-tratos-em-familia\/\" \/>\n<meta property=\"og:site_name\" content=\"Agazeta.net\" \/>\n<meta property=\"article:published_time\" content=\"2016-11-22T20:23:13+00:00\" \/>\n<meta property=\"og:image\" content=\"https:\/\/nk7-testes.com.br\/agazeta\/wp-content\/uploads\/2016\/11\/221116-policia-agressaoidosa-cedida.jpg\" \/>\n\t<meta property=\"og:image:width\" content=\"458\" \/>\n\t<meta property=\"og:image:height\" content=\"340\" \/>\n\t<meta property=\"og:image:type\" content=\"image\/jpeg\" \/>\n<meta name=\"author\" content=\"Agazeta.Net\" \/>\n<meta name=\"twitter:card\" content=\"summary_large_image\" \/>\n<meta name=\"twitter:label1\" content=\"Escrito por\" \/>\n\t<meta name=\"twitter:data1\" content=\"Agazeta.Net\" \/>\n\t<meta name=\"twitter:label2\" content=\"Est. tempo de leitura\" \/>\n\t<meta name=\"twitter:data2\" content=\"2 minutos\" \/>\n<script type=\"application\/ld+json\" class=\"yoast-schema-graph\">{\"@context\":\"https:\/\/schema.org\",\"@graph\":[{\"@type\":\"WebPage\",\"@id\":\"https:\/\/nk7-testes.com.br\/agazeta\/video-flagra-agressao-a-idosa-maus-tratos-em-familia\/\",\"url\":\"https:\/\/nk7-testes.com.br\/agazeta\/video-flagra-agressao-a-idosa-maus-tratos-em-familia\/\",\"name\":\"V\u00eddeo flagra agress\u00e3o \u00e0 idosa: maus tratos em fam\u00edlia - Agazeta.net\",\"isPartOf\":{\"@id\":\"https:\/\/nk7-testes.com.br\/agazeta\/#website\"},\"primaryImageOfPage\":{\"@id\":\"https:\/\/nk7-testes.com.br\/agazeta\/video-flagra-agressao-a-idosa-maus-tratos-em-familia\/#primaryimage\"},\"image\":{\"@id\":\"https:\/\/nk7-testes.com.br\/agazeta\/video-flagra-agressao-a-idosa-maus-tratos-em-familia\/#primaryimage\"},\"thumbnailUrl\":\"https:\/\/nk7-testes.com.br\/agazeta\/wp-content\/uploads\/2016\/11\/221116-policia-agressaoidosa-cedida.jpg\",\"datePublished\":\"2016-11-22T20:23:13+00:00\",\"author\":{\"@id\":\"https:\/\/nk7-testes.com.br\/agazeta\/#\/schema\/person\/6d6e25cb0435eb4a02fd44d30b4e3020\"},\"breadcrumb\":{\"@id\":\"https:\/\/nk7-testes.com.br\/agazeta\/video-flagra-agressao-a-idosa-maus-tratos-em-familia\/#breadcrumb\"},\"inLanguage\":\"pt-BR\",\"potentialAction\":[{\"@type\":\"ReadAction\",\"target\":[\"https:\/\/nk7-testes.com.br\/agazeta\/video-flagra-agressao-a-idosa-maus-tratos-em-familia\/\"]}]},{\"@type\":\"ImageObject\",\"inLanguage\":\"pt-BR\",\"@id\":\"https:\/\/nk7-testes.com.br\/agazeta\/video-flagra-agressao-a-idosa-maus-tratos-em-familia\/#primaryimage\",\"url\":\"https:\/\/nk7-testes.com.br\/agazeta\/wp-content\/uploads\/2016\/11\/221116-policia-agressaoidosa-cedida.jpg\",\"contentUrl\":\"https:\/\/nk7-testes.com.br\/agazeta\/wp-content\/uploads\/2016\/11\/221116-policia-agressaoidosa-cedida.jpg\",\"width\":458,\"height\":340,\"caption\":\"221116-policia-agressaoidosa-cedida\"},{\"@type\":\"BreadcrumbList\",\"@id\":\"https:\/\/nk7-testes.com.br\/agazeta\/video-flagra-agressao-a-idosa-maus-tratos-em-familia\/#breadcrumb\",\"itemListElement\":[{\"@type\":\"ListItem\",\"position\":1,\"name\":\"In\u00edcio\",\"item\":\"https:\/\/nk7-testes.com.br\/agazeta\/\"},{\"@type\":\"ListItem\",\"position\":2,\"name\":\"V\u00eddeo flagra agress\u00e3o \u00e0 idosa: maus tratos em fam\u00edlia\"}]},{\"@type\":\"WebSite\",\"@id\":\"https:\/\/nk7-testes.com.br\/agazeta\/#website\",\"url\":\"https:\/\/nk7-testes.com.br\/agazeta\/\",\"name\":\"Agazeta.net\",\"description\":\"Agazeta.net - Not\u00edcias de Rio Branco\/AC\",\"potentialAction\":[{\"@type\":\"SearchAction\",\"target\":{\"@type\":\"EntryPoint\",\"urlTemplate\":\"https:\/\/nk7-testes.com.br\/agazeta\/?s={search_term_string}\"},\"query-input\":{\"@type\":\"PropertyValueSpecification\",\"valueRequired\":true,\"valueName\":\"search_term_string\"}}],\"inLanguage\":\"pt-BR\"},{\"@type\":\"Person\",\"@id\":\"https:\/\/nk7-testes.com.br\/agazeta\/#\/schema\/person\/6d6e25cb0435eb4a02fd44d30b4e3020\",\"name\":\"Agazeta.Net\",\"url\":\"https:\/\/nk7-testes.com.br\/agazeta\/author\/agazeta\/\"}]}<\/script>\n<!-- \/ Yoast SEO plugin. -->","yoast_head_json":{"title":"V\u00eddeo flagra agress\u00e3o \u00e0 idosa: maus tratos em fam\u00edlia - Agazeta.net","robots":{"index":"index","follow":"follow","max-snippet":"max-snippet:-1","max-image-preview":"max-image-preview:large","max-video-preview":"max-video-preview:-1"},"canonical":"https:\/\/nk7-testes.com.br\/agazeta\/video-flagra-agressao-a-idosa-maus-tratos-em-familia\/","og_locale":"pt_BR","og_type":"article","og_title":"V\u00eddeo flagra agress\u00e3o \u00e0 idosa: maus tratos em fam\u00edlia - Agazeta.net","og_description":"Cenas n\u00e3o chamaram aten\u00e7\u00e3o da PM","og_url":"https:\/\/nk7-testes.com.br\/agazeta\/video-flagra-agressao-a-idosa-maus-tratos-em-familia\/","og_site_name":"Agazeta.net","article_published_time":"2016-11-22T20:23:13+00:00","og_image":[{"width":458,"height":340,"url":"https:\/\/nk7-testes.com.br\/agazeta\/wp-content\/uploads\/2016\/11\/221116-policia-agressaoidosa-cedida.jpg","type":"image\/jpeg"}],"author":"Agazeta.Net","twitter_card":"summary_large_image","twitter_misc":{"Escrito por":"Agazeta.Net","Est. tempo de leitura":"2 minutos"},"schema":{"@context":"https:\/\/schema.org","@graph":[{"@type":"WebPage","@id":"https:\/\/nk7-testes.com.br\/agazeta\/video-flagra-agressao-a-idosa-maus-tratos-em-familia\/","url":"https:\/\/nk7-testes.com.br\/agazeta\/video-flagra-agressao-a-idosa-maus-tratos-em-familia\/","name":"V\u00eddeo flagra agress\u00e3o \u00e0 idosa: maus tratos em fam\u00edlia - Agazeta.net","isPartOf":{"@id":"https:\/\/nk7-testes.com.br\/agazeta\/#website"},"primaryImageOfPage":{"@id":"https:\/\/nk7-testes.com.br\/agazeta\/video-flagra-agressao-a-idosa-maus-tratos-em-familia\/#primaryimage"},"image":{"@id":"https:\/\/nk7-testes.com.br\/agazeta\/video-flagra-agressao-a-idosa-maus-tratos-em-familia\/#primaryimage"},"thumbnailUrl":"https:\/\/nk7-testes.com.br\/agazeta\/wp-content\/uploads\/2016\/11\/221116-policia-agressaoidosa-cedida.jpg","datePublished":"2016-11-22T20:23:13+00:00","author":{"@id":"https:\/\/nk7-testes.com.br\/agazeta\/#\/schema\/person\/6d6e25cb0435eb4a02fd44d30b4e3020"},"breadcrumb":{"@id":"https:\/\/nk7-testes.com.br\/agazeta\/video-flagra-agressao-a-idosa-maus-tratos-em-familia\/#breadcrumb"},"inLanguage":"pt-BR","potentialAction":[{"@type":"ReadAction","target":["https:\/\/nk7-testes.com.br\/agazeta\/video-flagra-agressao-a-idosa-maus-tratos-em-familia\/"]}]},{"@type":"ImageObject","inLanguage":"pt-BR","@id":"https:\/\/nk7-testes.com.br\/agazeta\/video-flagra-agressao-a-idosa-maus-tratos-em-familia\/#primaryimage","url":"https:\/\/nk7-testes.com.br\/agazeta\/wp-content\/uploads\/2016\/11\/221116-policia-agressaoidosa-cedida.jpg","contentUrl":"https:\/\/nk7-testes.com.br\/agazeta\/wp-content\/uploads\/2016\/11\/221116-policia-agressaoidosa-cedida.jpg","width":458,"height":340,"caption":"221116-policia-agressaoidosa-cedida"},{"@type":"BreadcrumbList","@id":"https:\/\/nk7-testes.com.br\/agazeta\/video-flagra-agressao-a-idosa-maus-tratos-em-familia\/#breadcrumb","itemListElement":[{"@type":"ListItem","position":1,"name":"In\u00edcio","item":"https:\/\/nk7-testes.com.br\/agazeta\/"},{"@type":"ListItem","position":2,"name":"V\u00eddeo flagra agress\u00e3o \u00e0 idosa: maus tratos em fam\u00edlia"}]},{"@type":"WebSite","@id":"https:\/\/nk7-testes.com.br\/agazeta\/#website","url":"https:\/\/nk7-testes.com.br\/agazeta\/","name":"Agazeta.net","description":"Agazeta.net - Not\u00edcias de Rio Branco\/AC","potentialAction":[{"@type":"SearchAction","target":{"@type":"EntryPoint","urlTemplate":"https:\/\/nk7-testes.com.br\/agazeta\/?s={search_term_string}"},"query-input":{"@type":"PropertyValueSpecification","valueRequired":true,"valueName":"search_term_string"}}],"inLanguage":"pt-BR"},{"@type":"Person","@id":"https:\/\/nk7-testes.com.br\/agazeta\/#\/schema\/person\/6d6e25cb0435eb4a02fd44d30b4e3020","name":"Agazeta.Net","url":"https:\/\/nk7-testes.com.br\/agazeta\/author\/agazeta\/"}]}},"_links":{"self":[{"href":"https:\/\/nk7-testes.com.br\/agazeta\/wp-json\/wp\/v2\/posts\/26528","targetHints":{"allow":["GET"]}}],"collection":[{"href":"https:\/\/nk7-testes.com.br\/agazeta\/wp-json\/wp\/v2\/posts"}],"about":[{"href":"https:\/\/nk7-testes.com.br\/agazeta\/wp-json\/wp\/v2\/types\/post"}],"author":[{"embeddable":true,"href":"https:\/\/nk7-testes.com.br\/agazeta\/wp-json\/wp\/v2\/users\/4"}],"replies":[{"embeddable":true,"href":"https:\/\/nk7-testes.com.br\/agazeta\/wp-json\/wp\/v2\/comments?post=26528"}],"version-history":[{"count":0,"href":"https:\/\/nk7-testes.com.br\/agazeta\/wp-json\/wp\/v2\/posts\/26528\/revisions"}],"wp:featuredmedia":[{"embeddable":true,"href":"https:\/\/nk7-testes.com.br\/agazeta\/wp-json\/wp\/v2\/media\/26527"}],"wp:attachment":[{"href":"https:\/\/nk7-testes.com.br\/agazeta\/wp-json\/wp\/v2\/media?parent=26528"}],"wp:term":[{"taxonomy":"category","embeddable":true,"href":"https:\/\/nk7-testes.com.br\/agazeta\/wp-json\/wp\/v2\/categories?post=26528"},{"taxonomy":"post_tag","embeddable":true,"href":"https:\/\/nk7-testes.com.br\/agazeta\/wp-json\/wp\/v2\/tags?post=26528"}],"curies":[{"name":"wp","href":"https:\/\/api.w.org\/{rel}","templated":true}]}}