{"id":26521,"date":"2016-11-22T15:53:38","date_gmt":"2016-11-22T15:53:38","guid":{"rendered":"https:\/\/abarevegan.com.br\/index.php\/2016\/11\/22\/morre-bebe-indigena-em-tarauaca-dias-de-agonia\/"},"modified":"2016-11-22T15:53:38","modified_gmt":"2016-11-22T15:53:38","slug":"morre-bebe-indigena-em-tarauaca-dias-de-agonia","status":"publish","type":"post","link":"https:\/\/nk7-testes.com.br\/agazeta\/morre-bebe-indigena-em-tarauaca-dias-de-agonia\/","title":{"rendered":"Morre beb\u00ea ind\u00edgena em Tarauac\u00e1: dias de agonia"},"content":{"rendered":"<p style=\"text-align: justify;\">Governo diz que vai dar \u201cassist\u00eancia psicol\u00f3gica\u201d<\/p>\n<p style=\"text-align: justify;\">Por volta das 20h desta segunda-feira (21), o beb\u00ea ind\u00edgena Isake Yanawa Filho, que estava internado no hospital de Tarauac\u00e1 em estado grave, n\u00e3o resistiu e morreu.<\/p>\n<p style=\"text-align: justify;\">O pai do beb\u00ea que tinha menos de um m\u00eas de vida confirmou o falecimento da crian\u00e7a. Ele ficou cinco dias internado no hospital. Segundo a Secretaria de Estado de Sa\u00fade, a crian\u00e7a chegou ao hospital apresentando quadro de desnutri\u00e7\u00e3o.<\/p>\n<p style=\"text-align: justify;\">O pai disse que a fam\u00edlia estava realizando os tr\u00e2mites legais para o enterro do filho. Ap\u00f3s a divulga\u00e7\u00e3o do caso, o hospital ainda tentou fazer a transfer\u00eancia do beb\u00ea, mas ele j\u00e1 estava sem vida.<\/p>\n<p style=\"text-align: justify;\"><strong>Entenda o caso<\/strong><\/p>\n<p style=\"text-align: justify;\">A fam\u00edlia denunciou nesta segunda que Isake Filho estava agonizando no hospital, j\u00e1 que a unidade n\u00e3o tem leito com aparelho respirat\u00f3rio.<\/p>\n<p style=\"text-align: justify;\">A fam\u00edlia sem a m\u00ednima condi\u00e7\u00e3o de realizar tratamento na rede particular da Capital pediu ajuda em v\u00eddeos enviado ao site AGazeta.Net (n\u00e3o publicado por decis\u00e3o editorial).<\/p>\n<p style=\"text-align: justify;\">As imagens s\u00e3o fortes: mostram a crian\u00e7a tentando respirar e parece n\u00e3o conseguir. Os rins dela pararam de funcionar a contento e n\u00e3o h\u00e1 sonda para canalizar a urina, o que faz com que acumule l\u00edquido no corpo da crian\u00e7a.<\/p>\n<p style=\"text-align: justify;\">A secretaria de Estado de Sa\u00fade foi acionada para explicar a situa\u00e7\u00e3o da falta de aparelhamento do hospital ou se vai transferir a crian\u00e7a para a Capital e em nota disse que a transfer\u00eancia s\u00f3 poderia ser feita quando o quadro de sa\u00fade estabilizasse \u201cpara que a crian\u00e7a n\u00e3o corra risco de morte\u201d.<\/p>\n<p style=\"text-align: justify;\">Sobre a morte da crian\u00e7a, a Sesacre disse que o hospital prestar\u00e1 a assist\u00eancia psicol\u00f3gica \u00e0 fam\u00edlia.<\/p>\n","protected":false},"excerpt":{"rendered":"<p style=\"text-align: justify;\">Governo diz que vai dar \u201cassist\u00eancia psicol\u00f3gica\u201d<\/p>\n","protected":false},"author":4,"featured_media":26503,"comment_status":"open","ping_status":"open","sticky":false,"template":"","format":"standard","meta":{"jnews-multi-image_gallery":[],"jnews_single_post":[],"jnews_primary_category":[],"jnews_social_meta":[],"jnews_review":[],"enable_review":"","type":"","name":"","summary":"","brand":"","sku":"","good":[],"bad":[],"score_override":"","override_value":"","rating":[],"price":[],"footnotes":""},"categories":[54],"tags":[],"class_list":["post-26521","post","type-post","status-publish","format-standard","has-post-thumbnail","hentry","category-cotidiano"],"yoast_head":"<!-- This site is optimized with the Yoast SEO plugin v26.5 - https:\/\/yoast.com\/wordpress\/plugins\/seo\/ -->\n<title>Morre beb\u00ea ind\u00edgena em Tarauac\u00e1: dias de agonia - Agazeta.net<\/title>\n<meta name=\"robots\" content=\"index, follow, max-snippet:-1, max-image-preview:large, max-video-preview:-1\" \/>\n<link rel=\"canonical\" href=\"https:\/\/nk7-testes.com.br\/agazeta\/morre-bebe-indigena-em-tarauaca-dias-de-agonia\/\" \/>\n<meta property=\"og:locale\" content=\"pt_BR\" \/>\n<meta property=\"og:type\" content=\"article\" \/>\n<meta property=\"og:title\" content=\"Morre beb\u00ea ind\u00edgena em Tarauac\u00e1: dias de agonia - Agazeta.net\" \/>\n<meta property=\"og:description\" content=\"Governo diz que vai dar \u201cassist\u00eancia psicol\u00f3gica\u201d\" \/>\n<meta property=\"og:url\" content=\"https:\/\/nk7-testes.com.br\/agazeta\/morre-bebe-indigena-em-tarauaca-dias-de-agonia\/\" \/>\n<meta property=\"og:site_name\" content=\"Agazeta.net\" \/>\n<meta property=\"article:published_time\" content=\"2016-11-22T15:53:38+00:00\" \/>\n<meta property=\"og:image\" content=\"https:\/\/nk7-testes.com.br\/agazeta\/wp-content\/uploads\/2016\/11\/211116-cotidiano-criancatarauaca-cedida.jpg\" \/>\n\t<meta property=\"og:image:width\" content=\"458\" \/>\n\t<meta property=\"og:image:height\" content=\"340\" \/>\n\t<meta property=\"og:image:type\" content=\"image\/jpeg\" \/>\n<meta name=\"author\" content=\"Agazeta.Net\" \/>\n<meta name=\"twitter:card\" content=\"summary_large_image\" \/>\n<meta name=\"twitter:label1\" content=\"Escrito por\" \/>\n\t<meta name=\"twitter:data1\" content=\"Agazeta.Net\" \/>\n\t<meta name=\"twitter:label2\" content=\"Est. tempo de leitura\" \/>\n\t<meta name=\"twitter:data2\" content=\"2 minutos\" \/>\n<script type=\"application\/ld+json\" class=\"yoast-schema-graph\">{\"@context\":\"https:\/\/schema.org\",\"@graph\":[{\"@type\":\"WebPage\",\"@id\":\"https:\/\/nk7-testes.com.br\/agazeta\/morre-bebe-indigena-em-tarauaca-dias-de-agonia\/\",\"url\":\"https:\/\/nk7-testes.com.br\/agazeta\/morre-bebe-indigena-em-tarauaca-dias-de-agonia\/\",\"name\":\"Morre beb\u00ea ind\u00edgena em Tarauac\u00e1: dias de agonia - Agazeta.net\",\"isPartOf\":{\"@id\":\"https:\/\/nk7-testes.com.br\/agazeta\/#website\"},\"primaryImageOfPage\":{\"@id\":\"https:\/\/nk7-testes.com.br\/agazeta\/morre-bebe-indigena-em-tarauaca-dias-de-agonia\/#primaryimage\"},\"image\":{\"@id\":\"https:\/\/nk7-testes.com.br\/agazeta\/morre-bebe-indigena-em-tarauaca-dias-de-agonia\/#primaryimage\"},\"thumbnailUrl\":\"https:\/\/nk7-testes.com.br\/agazeta\/wp-content\/uploads\/2016\/11\/211116-cotidiano-criancatarauaca-cedida.jpg\",\"datePublished\":\"2016-11-22T15:53:38+00:00\",\"author\":{\"@id\":\"https:\/\/nk7-testes.com.br\/agazeta\/#\/schema\/person\/ff6b39d54d6973bfc57f4140f659b23f\"},\"breadcrumb\":{\"@id\":\"https:\/\/nk7-testes.com.br\/agazeta\/morre-bebe-indigena-em-tarauaca-dias-de-agonia\/#breadcrumb\"},\"inLanguage\":\"pt-BR\",\"potentialAction\":[{\"@type\":\"ReadAction\",\"target\":[\"https:\/\/nk7-testes.com.br\/agazeta\/morre-bebe-indigena-em-tarauaca-dias-de-agonia\/\"]}]},{\"@type\":\"ImageObject\",\"inLanguage\":\"pt-BR\",\"@id\":\"https:\/\/nk7-testes.com.br\/agazeta\/morre-bebe-indigena-em-tarauaca-dias-de-agonia\/#primaryimage\",\"url\":\"https:\/\/nk7-testes.com.br\/agazeta\/wp-content\/uploads\/2016\/11\/211116-cotidiano-criancatarauaca-cedida.jpg\",\"contentUrl\":\"https:\/\/nk7-testes.com.br\/agazeta\/wp-content\/uploads\/2016\/11\/211116-cotidiano-criancatarauaca-cedida.jpg\",\"width\":458,\"height\":340,\"caption\":\"211116-cotidiano-criancatarauaca-cedida\"},{\"@type\":\"BreadcrumbList\",\"@id\":\"https:\/\/nk7-testes.com.br\/agazeta\/morre-bebe-indigena-em-tarauaca-dias-de-agonia\/#breadcrumb\",\"itemListElement\":[{\"@type\":\"ListItem\",\"position\":1,\"name\":\"In\u00edcio\",\"item\":\"https:\/\/nk7-testes.com.br\/agazeta\/\"},{\"@type\":\"ListItem\",\"position\":2,\"name\":\"Morre beb\u00ea ind\u00edgena em Tarauac\u00e1: dias de agonia\"}]},{\"@type\":\"WebSite\",\"@id\":\"https:\/\/nk7-testes.com.br\/agazeta\/#website\",\"url\":\"https:\/\/nk7-testes.com.br\/agazeta\/\",\"name\":\"Agazeta.net\",\"description\":\"Agazeta.net - Not\u00edcias de Rio Branco\/AC\",\"potentialAction\":[{\"@type\":\"SearchAction\",\"target\":{\"@type\":\"EntryPoint\",\"urlTemplate\":\"https:\/\/nk7-testes.com.br\/agazeta\/?s={search_term_string}\"},\"query-input\":{\"@type\":\"PropertyValueSpecification\",\"valueRequired\":true,\"valueName\":\"search_term_string\"}}],\"inLanguage\":\"pt-BR\"},{\"@type\":\"Person\",\"@id\":\"https:\/\/nk7-testes.com.br\/agazeta\/#\/schema\/person\/ff6b39d54d6973bfc57f4140f659b23f\",\"name\":\"Agazeta.Net\",\"url\":\"https:\/\/nk7-testes.com.br\/agazeta\/author\/agazeta\/\"}]}<\/script>\n<!-- \/ Yoast SEO plugin. -->","yoast_head_json":{"title":"Morre beb\u00ea ind\u00edgena em Tarauac\u00e1: dias de agonia - Agazeta.net","robots":{"index":"index","follow":"follow","max-snippet":"max-snippet:-1","max-image-preview":"max-image-preview:large","max-video-preview":"max-video-preview:-1"},"canonical":"https:\/\/nk7-testes.com.br\/agazeta\/morre-bebe-indigena-em-tarauaca-dias-de-agonia\/","og_locale":"pt_BR","og_type":"article","og_title":"Morre beb\u00ea ind\u00edgena em Tarauac\u00e1: dias de agonia - Agazeta.net","og_description":"Governo diz que vai dar \u201cassist\u00eancia psicol\u00f3gica\u201d","og_url":"https:\/\/nk7-testes.com.br\/agazeta\/morre-bebe-indigena-em-tarauaca-dias-de-agonia\/","og_site_name":"Agazeta.net","article_published_time":"2016-11-22T15:53:38+00:00","og_image":[{"width":458,"height":340,"url":"https:\/\/nk7-testes.com.br\/agazeta\/wp-content\/uploads\/2016\/11\/211116-cotidiano-criancatarauaca-cedida.jpg","type":"image\/jpeg"}],"author":"Agazeta.Net","twitter_card":"summary_large_image","twitter_misc":{"Escrito por":"Agazeta.Net","Est. tempo de leitura":"2 minutos"},"schema":{"@context":"https:\/\/schema.org","@graph":[{"@type":"WebPage","@id":"https:\/\/nk7-testes.com.br\/agazeta\/morre-bebe-indigena-em-tarauaca-dias-de-agonia\/","url":"https:\/\/nk7-testes.com.br\/agazeta\/morre-bebe-indigena-em-tarauaca-dias-de-agonia\/","name":"Morre beb\u00ea ind\u00edgena em Tarauac\u00e1: dias de agonia - Agazeta.net","isPartOf":{"@id":"https:\/\/nk7-testes.com.br\/agazeta\/#website"},"primaryImageOfPage":{"@id":"https:\/\/nk7-testes.com.br\/agazeta\/morre-bebe-indigena-em-tarauaca-dias-de-agonia\/#primaryimage"},"image":{"@id":"https:\/\/nk7-testes.com.br\/agazeta\/morre-bebe-indigena-em-tarauaca-dias-de-agonia\/#primaryimage"},"thumbnailUrl":"https:\/\/nk7-testes.com.br\/agazeta\/wp-content\/uploads\/2016\/11\/211116-cotidiano-criancatarauaca-cedida.jpg","datePublished":"2016-11-22T15:53:38+00:00","author":{"@id":"https:\/\/nk7-testes.com.br\/agazeta\/#\/schema\/person\/ff6b39d54d6973bfc57f4140f659b23f"},"breadcrumb":{"@id":"https:\/\/nk7-testes.com.br\/agazeta\/morre-bebe-indigena-em-tarauaca-dias-de-agonia\/#breadcrumb"},"inLanguage":"pt-BR","potentialAction":[{"@type":"ReadAction","target":["https:\/\/nk7-testes.com.br\/agazeta\/morre-bebe-indigena-em-tarauaca-dias-de-agonia\/"]}]},{"@type":"ImageObject","inLanguage":"pt-BR","@id":"https:\/\/nk7-testes.com.br\/agazeta\/morre-bebe-indigena-em-tarauaca-dias-de-agonia\/#primaryimage","url":"https:\/\/nk7-testes.com.br\/agazeta\/wp-content\/uploads\/2016\/11\/211116-cotidiano-criancatarauaca-cedida.jpg","contentUrl":"https:\/\/nk7-testes.com.br\/agazeta\/wp-content\/uploads\/2016\/11\/211116-cotidiano-criancatarauaca-cedida.jpg","width":458,"height":340,"caption":"211116-cotidiano-criancatarauaca-cedida"},{"@type":"BreadcrumbList","@id":"https:\/\/nk7-testes.com.br\/agazeta\/morre-bebe-indigena-em-tarauaca-dias-de-agonia\/#breadcrumb","itemListElement":[{"@type":"ListItem","position":1,"name":"In\u00edcio","item":"https:\/\/nk7-testes.com.br\/agazeta\/"},{"@type":"ListItem","position":2,"name":"Morre beb\u00ea ind\u00edgena em Tarauac\u00e1: dias de agonia"}]},{"@type":"WebSite","@id":"https:\/\/nk7-testes.com.br\/agazeta\/#website","url":"https:\/\/nk7-testes.com.br\/agazeta\/","name":"Agazeta.net","description":"Agazeta.net - Not\u00edcias de Rio Branco\/AC","potentialAction":[{"@type":"SearchAction","target":{"@type":"EntryPoint","urlTemplate":"https:\/\/nk7-testes.com.br\/agazeta\/?s={search_term_string}"},"query-input":{"@type":"PropertyValueSpecification","valueRequired":true,"valueName":"search_term_string"}}],"inLanguage":"pt-BR"},{"@type":"Person","@id":"https:\/\/nk7-testes.com.br\/agazeta\/#\/schema\/person\/ff6b39d54d6973bfc57f4140f659b23f","name":"Agazeta.Net","url":"https:\/\/nk7-testes.com.br\/agazeta\/author\/agazeta\/"}]}},"_links":{"self":[{"href":"https:\/\/nk7-testes.com.br\/agazeta\/wp-json\/wp\/v2\/posts\/26521","targetHints":{"allow":["GET"]}}],"collection":[{"href":"https:\/\/nk7-testes.com.br\/agazeta\/wp-json\/wp\/v2\/posts"}],"about":[{"href":"https:\/\/nk7-testes.com.br\/agazeta\/wp-json\/wp\/v2\/types\/post"}],"author":[{"embeddable":true,"href":"https:\/\/nk7-testes.com.br\/agazeta\/wp-json\/wp\/v2\/users\/4"}],"replies":[{"embeddable":true,"href":"https:\/\/nk7-testes.com.br\/agazeta\/wp-json\/wp\/v2\/comments?post=26521"}],"version-history":[{"count":0,"href":"https:\/\/nk7-testes.com.br\/agazeta\/wp-json\/wp\/v2\/posts\/26521\/revisions"}],"wp:featuredmedia":[{"embeddable":true,"href":"https:\/\/nk7-testes.com.br\/agazeta\/wp-json\/wp\/v2\/media\/26503"}],"wp:attachment":[{"href":"https:\/\/nk7-testes.com.br\/agazeta\/wp-json\/wp\/v2\/media?parent=26521"}],"wp:term":[{"taxonomy":"category","embeddable":true,"href":"https:\/\/nk7-testes.com.br\/agazeta\/wp-json\/wp\/v2\/categories?post=26521"},{"taxonomy":"post_tag","embeddable":true,"href":"https:\/\/nk7-testes.com.br\/agazeta\/wp-json\/wp\/v2\/tags?post=26521"}],"curies":[{"name":"wp","href":"https:\/\/api.w.org\/{rel}","templated":true}]}}