{"id":26508,"date":"2016-11-21T19:50:51","date_gmt":"2016-11-21T19:50:51","guid":{"rendered":"https:\/\/abarevegan.com.br\/index.php\/2016\/11\/21\/sindicato-relaciona-desemprego-com-criminalidade\/"},"modified":"2016-11-21T19:50:51","modified_gmt":"2016-11-21T19:50:51","slug":"sindicato-relaciona-desemprego-com-criminalidade","status":"publish","type":"post","link":"https:\/\/nk7-testes.com.br\/agazeta\/sindicato-relaciona-desemprego-com-criminalidade\/","title":{"rendered":"Sindicato relaciona desemprego com criminalidade"},"content":{"rendered":"<p style=\"text-align: justify;\">Tr\u00eas mil demiss\u00f5es na Constru\u00e7\u00e3o Civil<\/p>\n<p style=\"text-align: justify;\">O que uma obra parada, assaltos, pris\u00f5es ou assassinatos t\u00eam em comum? A imagem do concreto \u00e9 fria e nada reflete, mas a descontinuidade das constru\u00e7\u00f5es pode ter levado muitas pessoas \u00e0 criminalidade no Acre.<\/p>\n<p style=\"text-align: justify;\">O alerta vem do Sindicato dos Trabalhadores da Constru\u00e7\u00e3o Civil. A entidade est\u00e1 falida, perdeu quase todos os membros. Atualmente serve apenas para homologa\u00e7\u00e3o de demiss\u00f5es, e essas, n\u00e3o s\u00e3o poucas: existe um grande volume de papel nos 10 primeiros meses de 2016. Foram demitidos quase 3 mil oper\u00e1rios, uma m\u00e9dia de 10 pessoas perderam o emprego por dia.<\/p>\n<p style=\"text-align: justify;\">De acordo com os dados do sindicato, esse ano foram apenas 172 contrata\u00e7\u00f5es para o um setor que chegava a ter 8 mil pessoas empregadas no per\u00edodo de ver\u00e3o amaz\u00f4nico. \u201cEstamos acabados. Os trabalhadores da Constru\u00e7\u00e3o Civil, que tanto ajudaram o crescimento do Estado, est\u00e3o destru\u00eddos pela falta de investimentos. O pior \u00e9 que existem v\u00e1rias mentiras sobre novas obras. Elas simplesmente acabaram\u201d, desabafou Jos\u00e9 Aldemar, presidente do Sindicato dos Trabalhadores da Constru\u00e7\u00e3o Civil.<\/p>\n<p style=\"text-align: justify;\">Muitos desses trabalhadores tiveram que buscar alternativas para manter a fam\u00edlia. Jos\u00e9 Aldemar revelou que encontrou um grupo que foi buscar servi\u00e7o na \u00e1rea rural, como s\u00e3o poucas as vagas, est\u00e3o tentando invadir \u00e1reas para conseguir um peda\u00e7o de terra.<\/p>\n<p style=\"text-align: justify;\">Nossa equipe de reportagem se deparou com um personagem que identifica bem a reclama\u00e7\u00e3o do sindicato. O Jos\u00e9 Lucimar dos Santos, at\u00e9 o ano passado conseguiu uma obra para trabalhar, depois s\u00f3 encontrou empresas com portas fechadas.<\/p>\n<p style=\"text-align: justify;\">Decidiu montar uma banca e est\u00e1 vendendo bombons e cigarros na parada de \u00f4nibus que fica em frente \u00e0 rua que d\u00e1 acesso a Cidade da Justi\u00e7a. \u201cEu n\u00e3o tinha outra sa\u00edda para sustentar minha fam\u00edlia. O jeito foi partir para vender esses produtos. A Constru\u00e7\u00e3o Civil acabou\u201d, reclamou.<\/p>\n<p style=\"text-align: justify;\">O Jos\u00e9 Lucimar ainda partiu para um trabalho l\u00edcito, mas outros trabalhadores como mestres de obras, pedreiros e operadores de m\u00e1quina migraram para o mundo do crime. V\u00e1rios foram presos ou mortos.<\/p>\n<p style=\"text-align: justify;\">Os n\u00fameros do desemprego no Estado acompanham os da secretaria de Estado de Seguran\u00e7a. S\u00f3 este ano, foram registrados 190 homic\u00eddios. Muitos trabalhadores ingressaram em fac\u00e7\u00f5es criminosas e trocaram as ferramentas de trabalho por armas.<br \/>Os roubos e furtos n\u00e3o param de crescer. Todos os dias s\u00e3o arrombamentos a resid\u00eancias e com\u00e9rcios. \u201cOs mais jovens n\u00e3o est\u00e3o encontrando outra sa\u00edda. Sem obras, eles pegam corda e partem para a criminalidade. Qual a op\u00e7\u00e3o que eles v\u00e3o ter? Isso mostra que quanto maior o desemprego, maior a viol\u00eancia. Pena que o Estado esconde essa verdade\u201d, declarou Jos\u00e9 Aldemar.<\/p>\n<p style=\"text-align: justify;\">O sindicato vem denunciando outra pr\u00e1tica adotada pelas empresas da Constru\u00e7\u00e3o Civil que est\u00e1 prejudicando ainda mais os trabalhadores: \u201cElas vem fazendo contrato de apenas 90 dias. Com isso, deixam de pagar d\u00e9cimo terceiro, f\u00e9rias e a multa de 40% do FGTS\u201d, apontou.<\/p>\n<p style=\"text-align: justify;\">Nas obras que sobraram, os funcion\u00e1rios est\u00e3o recebendo os sal\u00e1rios parcelados porque o governo n\u00e3o repassa os recursos da obra e as empresas deixam de fazer os pagamentos em dia para os trabalhadores.<\/p>\n<p style=\"text-align: justify;\">Com a crise financeira e pol\u00edtica do pa\u00eds, as previs\u00f5es para 2017 n\u00e3o s\u00e3o otimistas. As obras de recupera\u00e7\u00e3o da BR-364 podem abrir algumas vagas, mas n\u00e3o ser\u00e3o suficientes para a recupera\u00e7\u00e3o do setor.<\/p>\n<p style=\"text-align: justify;\">Os trabalhadores que at\u00e9 dois anos atr\u00e1s estavam acostumados com os sal\u00e1rios agora tentam sobreviver de outras formas e perderam benef\u00edcios importantes. H\u00e1 seis meses o sindicato n\u00e3o pode oferecer os servi\u00e7os odontol\u00f3gicos, porque falta dinheiro para pagar o dentista.<\/p>\n","protected":false},"excerpt":{"rendered":"<p style=\"text-align: justify;\">Tr\u00eas mil demiss\u00f5es na Constru\u00e7\u00e3o Civil<\/p>\n","protected":false},"author":4,"featured_media":26507,"comment_status":"open","ping_status":"open","sticky":false,"template":"","format":"standard","meta":{"jnews-multi-image_gallery":[],"jnews_single_post":[],"jnews_primary_category":[],"jnews_social_meta":[],"jnews_review":[],"enable_review":"","type":"","name":"","summary":"","brand":"","sku":"","good":[],"bad":[],"score_override":"","override_value":"","rating":[],"price":[],"footnotes":""},"categories":[54],"tags":[],"class_list":["post-26508","post","type-post","status-publish","format-standard","has-post-thumbnail","hentry","category-cotidiano"],"yoast_head":"<!-- This site is optimized with the Yoast SEO plugin v26.5 - https:\/\/yoast.com\/wordpress\/plugins\/seo\/ -->\n<title>Sindicato relaciona desemprego com criminalidade - Agazeta.net<\/title>\n<meta name=\"robots\" content=\"index, follow, max-snippet:-1, max-image-preview:large, max-video-preview:-1\" \/>\n<link rel=\"canonical\" href=\"https:\/\/nk7-testes.com.br\/agazeta\/sindicato-relaciona-desemprego-com-criminalidade\/\" \/>\n<meta property=\"og:locale\" content=\"pt_BR\" \/>\n<meta property=\"og:type\" content=\"article\" \/>\n<meta property=\"og:title\" content=\"Sindicato relaciona desemprego com criminalidade - Agazeta.net\" \/>\n<meta property=\"og:description\" content=\"Tr\u00eas mil demiss\u00f5es na Constru\u00e7\u00e3o Civil\" \/>\n<meta property=\"og:url\" content=\"https:\/\/nk7-testes.com.br\/agazeta\/sindicato-relaciona-desemprego-com-criminalidade\/\" \/>\n<meta property=\"og:site_name\" content=\"Agazeta.net\" \/>\n<meta property=\"article:published_time\" content=\"2016-11-21T19:50:51+00:00\" \/>\n<meta property=\"og:image\" content=\"https:\/\/nk7-testes.com.br\/agazeta\/wp-content\/uploads\/2016\/11\/200115-cotidiano-construcaocivil-tvgazeta.jpg\" \/>\n\t<meta property=\"og:image:width\" content=\"458\" \/>\n\t<meta property=\"og:image:height\" content=\"340\" \/>\n\t<meta property=\"og:image:type\" content=\"image\/jpeg\" \/>\n<meta name=\"author\" content=\"Agazeta.Net\" \/>\n<meta name=\"twitter:card\" content=\"summary_large_image\" \/>\n<meta name=\"twitter:label1\" content=\"Escrito por\" \/>\n\t<meta name=\"twitter:data1\" content=\"Agazeta.Net\" \/>\n\t<meta name=\"twitter:label2\" content=\"Est. tempo de leitura\" \/>\n\t<meta name=\"twitter:data2\" content=\"3 minutos\" \/>\n<script type=\"application\/ld+json\" class=\"yoast-schema-graph\">{\"@context\":\"https:\/\/schema.org\",\"@graph\":[{\"@type\":\"WebPage\",\"@id\":\"https:\/\/nk7-testes.com.br\/agazeta\/sindicato-relaciona-desemprego-com-criminalidade\/\",\"url\":\"https:\/\/nk7-testes.com.br\/agazeta\/sindicato-relaciona-desemprego-com-criminalidade\/\",\"name\":\"Sindicato relaciona desemprego com criminalidade - Agazeta.net\",\"isPartOf\":{\"@id\":\"https:\/\/nk7-testes.com.br\/agazeta\/#website\"},\"primaryImageOfPage\":{\"@id\":\"https:\/\/nk7-testes.com.br\/agazeta\/sindicato-relaciona-desemprego-com-criminalidade\/#primaryimage\"},\"image\":{\"@id\":\"https:\/\/nk7-testes.com.br\/agazeta\/sindicato-relaciona-desemprego-com-criminalidade\/#primaryimage\"},\"thumbnailUrl\":\"https:\/\/nk7-testes.com.br\/agazeta\/wp-content\/uploads\/2016\/11\/200115-cotidiano-construcaocivil-tvgazeta.jpg\",\"datePublished\":\"2016-11-21T19:50:51+00:00\",\"author\":{\"@id\":\"https:\/\/nk7-testes.com.br\/agazeta\/#\/schema\/person\/ff6b39d54d6973bfc57f4140f659b23f\"},\"breadcrumb\":{\"@id\":\"https:\/\/nk7-testes.com.br\/agazeta\/sindicato-relaciona-desemprego-com-criminalidade\/#breadcrumb\"},\"inLanguage\":\"pt-BR\",\"potentialAction\":[{\"@type\":\"ReadAction\",\"target\":[\"https:\/\/nk7-testes.com.br\/agazeta\/sindicato-relaciona-desemprego-com-criminalidade\/\"]}]},{\"@type\":\"ImageObject\",\"inLanguage\":\"pt-BR\",\"@id\":\"https:\/\/nk7-testes.com.br\/agazeta\/sindicato-relaciona-desemprego-com-criminalidade\/#primaryimage\",\"url\":\"https:\/\/nk7-testes.com.br\/agazeta\/wp-content\/uploads\/2016\/11\/200115-cotidiano-construcaocivil-tvgazeta.jpg\",\"contentUrl\":\"https:\/\/nk7-testes.com.br\/agazeta\/wp-content\/uploads\/2016\/11\/200115-cotidiano-construcaocivil-tvgazeta.jpg\",\"width\":458,\"height\":340,\"caption\":\"200115-cotidiano-construcaocivil-tvgazeta\"},{\"@type\":\"BreadcrumbList\",\"@id\":\"https:\/\/nk7-testes.com.br\/agazeta\/sindicato-relaciona-desemprego-com-criminalidade\/#breadcrumb\",\"itemListElement\":[{\"@type\":\"ListItem\",\"position\":1,\"name\":\"In\u00edcio\",\"item\":\"https:\/\/nk7-testes.com.br\/agazeta\/\"},{\"@type\":\"ListItem\",\"position\":2,\"name\":\"Sindicato relaciona desemprego com criminalidade\"}]},{\"@type\":\"WebSite\",\"@id\":\"https:\/\/nk7-testes.com.br\/agazeta\/#website\",\"url\":\"https:\/\/nk7-testes.com.br\/agazeta\/\",\"name\":\"Agazeta.net\",\"description\":\"Agazeta.net - Not\u00edcias de Rio Branco\/AC\",\"potentialAction\":[{\"@type\":\"SearchAction\",\"target\":{\"@type\":\"EntryPoint\",\"urlTemplate\":\"https:\/\/nk7-testes.com.br\/agazeta\/?s={search_term_string}\"},\"query-input\":{\"@type\":\"PropertyValueSpecification\",\"valueRequired\":true,\"valueName\":\"search_term_string\"}}],\"inLanguage\":\"pt-BR\"},{\"@type\":\"Person\",\"@id\":\"https:\/\/nk7-testes.com.br\/agazeta\/#\/schema\/person\/ff6b39d54d6973bfc57f4140f659b23f\",\"name\":\"Agazeta.Net\",\"url\":\"https:\/\/nk7-testes.com.br\/agazeta\/author\/agazeta\/\"}]}<\/script>\n<!-- \/ Yoast SEO plugin. -->","yoast_head_json":{"title":"Sindicato relaciona desemprego com criminalidade - Agazeta.net","robots":{"index":"index","follow":"follow","max-snippet":"max-snippet:-1","max-image-preview":"max-image-preview:large","max-video-preview":"max-video-preview:-1"},"canonical":"https:\/\/nk7-testes.com.br\/agazeta\/sindicato-relaciona-desemprego-com-criminalidade\/","og_locale":"pt_BR","og_type":"article","og_title":"Sindicato relaciona desemprego com criminalidade - Agazeta.net","og_description":"Tr\u00eas mil demiss\u00f5es na Constru\u00e7\u00e3o Civil","og_url":"https:\/\/nk7-testes.com.br\/agazeta\/sindicato-relaciona-desemprego-com-criminalidade\/","og_site_name":"Agazeta.net","article_published_time":"2016-11-21T19:50:51+00:00","og_image":[{"width":458,"height":340,"url":"https:\/\/nk7-testes.com.br\/agazeta\/wp-content\/uploads\/2016\/11\/200115-cotidiano-construcaocivil-tvgazeta.jpg","type":"image\/jpeg"}],"author":"Agazeta.Net","twitter_card":"summary_large_image","twitter_misc":{"Escrito por":"Agazeta.Net","Est. tempo de leitura":"3 minutos"},"schema":{"@context":"https:\/\/schema.org","@graph":[{"@type":"WebPage","@id":"https:\/\/nk7-testes.com.br\/agazeta\/sindicato-relaciona-desemprego-com-criminalidade\/","url":"https:\/\/nk7-testes.com.br\/agazeta\/sindicato-relaciona-desemprego-com-criminalidade\/","name":"Sindicato relaciona desemprego com criminalidade - Agazeta.net","isPartOf":{"@id":"https:\/\/nk7-testes.com.br\/agazeta\/#website"},"primaryImageOfPage":{"@id":"https:\/\/nk7-testes.com.br\/agazeta\/sindicato-relaciona-desemprego-com-criminalidade\/#primaryimage"},"image":{"@id":"https:\/\/nk7-testes.com.br\/agazeta\/sindicato-relaciona-desemprego-com-criminalidade\/#primaryimage"},"thumbnailUrl":"https:\/\/nk7-testes.com.br\/agazeta\/wp-content\/uploads\/2016\/11\/200115-cotidiano-construcaocivil-tvgazeta.jpg","datePublished":"2016-11-21T19:50:51+00:00","author":{"@id":"https:\/\/nk7-testes.com.br\/agazeta\/#\/schema\/person\/ff6b39d54d6973bfc57f4140f659b23f"},"breadcrumb":{"@id":"https:\/\/nk7-testes.com.br\/agazeta\/sindicato-relaciona-desemprego-com-criminalidade\/#breadcrumb"},"inLanguage":"pt-BR","potentialAction":[{"@type":"ReadAction","target":["https:\/\/nk7-testes.com.br\/agazeta\/sindicato-relaciona-desemprego-com-criminalidade\/"]}]},{"@type":"ImageObject","inLanguage":"pt-BR","@id":"https:\/\/nk7-testes.com.br\/agazeta\/sindicato-relaciona-desemprego-com-criminalidade\/#primaryimage","url":"https:\/\/nk7-testes.com.br\/agazeta\/wp-content\/uploads\/2016\/11\/200115-cotidiano-construcaocivil-tvgazeta.jpg","contentUrl":"https:\/\/nk7-testes.com.br\/agazeta\/wp-content\/uploads\/2016\/11\/200115-cotidiano-construcaocivil-tvgazeta.jpg","width":458,"height":340,"caption":"200115-cotidiano-construcaocivil-tvgazeta"},{"@type":"BreadcrumbList","@id":"https:\/\/nk7-testes.com.br\/agazeta\/sindicato-relaciona-desemprego-com-criminalidade\/#breadcrumb","itemListElement":[{"@type":"ListItem","position":1,"name":"In\u00edcio","item":"https:\/\/nk7-testes.com.br\/agazeta\/"},{"@type":"ListItem","position":2,"name":"Sindicato relaciona desemprego com criminalidade"}]},{"@type":"WebSite","@id":"https:\/\/nk7-testes.com.br\/agazeta\/#website","url":"https:\/\/nk7-testes.com.br\/agazeta\/","name":"Agazeta.net","description":"Agazeta.net - Not\u00edcias de Rio Branco\/AC","potentialAction":[{"@type":"SearchAction","target":{"@type":"EntryPoint","urlTemplate":"https:\/\/nk7-testes.com.br\/agazeta\/?s={search_term_string}"},"query-input":{"@type":"PropertyValueSpecification","valueRequired":true,"valueName":"search_term_string"}}],"inLanguage":"pt-BR"},{"@type":"Person","@id":"https:\/\/nk7-testes.com.br\/agazeta\/#\/schema\/person\/ff6b39d54d6973bfc57f4140f659b23f","name":"Agazeta.Net","url":"https:\/\/nk7-testes.com.br\/agazeta\/author\/agazeta\/"}]}},"_links":{"self":[{"href":"https:\/\/nk7-testes.com.br\/agazeta\/wp-json\/wp\/v2\/posts\/26508","targetHints":{"allow":["GET"]}}],"collection":[{"href":"https:\/\/nk7-testes.com.br\/agazeta\/wp-json\/wp\/v2\/posts"}],"about":[{"href":"https:\/\/nk7-testes.com.br\/agazeta\/wp-json\/wp\/v2\/types\/post"}],"author":[{"embeddable":true,"href":"https:\/\/nk7-testes.com.br\/agazeta\/wp-json\/wp\/v2\/users\/4"}],"replies":[{"embeddable":true,"href":"https:\/\/nk7-testes.com.br\/agazeta\/wp-json\/wp\/v2\/comments?post=26508"}],"version-history":[{"count":0,"href":"https:\/\/nk7-testes.com.br\/agazeta\/wp-json\/wp\/v2\/posts\/26508\/revisions"}],"wp:featuredmedia":[{"embeddable":true,"href":"https:\/\/nk7-testes.com.br\/agazeta\/wp-json\/wp\/v2\/media\/26507"}],"wp:attachment":[{"href":"https:\/\/nk7-testes.com.br\/agazeta\/wp-json\/wp\/v2\/media?parent=26508"}],"wp:term":[{"taxonomy":"category","embeddable":true,"href":"https:\/\/nk7-testes.com.br\/agazeta\/wp-json\/wp\/v2\/categories?post=26508"},{"taxonomy":"post_tag","embeddable":true,"href":"https:\/\/nk7-testes.com.br\/agazeta\/wp-json\/wp\/v2\/tags?post=26508"}],"curies":[{"name":"wp","href":"https:\/\/api.w.org\/{rel}","templated":true}]}}