{"id":26500,"date":"2016-11-21T15:41:08","date_gmt":"2016-11-21T15:41:08","guid":{"rendered":"https:\/\/abarevegan.com.br\/index.php\/2016\/11\/21\/festival-pachamama-reforca-identidade-regional\/"},"modified":"2016-11-21T15:41:08","modified_gmt":"2016-11-21T15:41:08","slug":"festival-pachamama-reforca-identidade-regional","status":"publish","type":"post","link":"https:\/\/nk7-testes.com.br\/agazeta\/festival-pachamama-reforca-identidade-regional\/","title":{"rendered":"Festival Pachamama refor\u00e7a identidade regional"},"content":{"rendered":"<p style=\"text-align: justify;\">Festival massifica ideia de \u201cquebra de fronteiras\u201d<\/p>\n<p style=\"text-align: justify;\">Neste s\u00e1bado (19) aconteceu em Rio Branco, a abertura do festival de cinema Pachamama, Cinema de Fronteira. Esta \u00e9 a VII edi\u00e7\u00e3o do festival, que percorre bairros e locais p\u00fablicos para divulgar produ\u00e7\u00f5es da tr\u00edplice fronteira, Brasil, Peru e Bol\u00edvia.<\/p>\n<p style=\"text-align: justify;\">\u201cCinema sem fronteira para um mundo sem nenhuma\u201d. Esse \u00e9 o tema da s\u00e9tima edi\u00e7\u00e3o do Festival Pachamama, que iniciou no \u00faltimo s\u00e1bado, em cerim\u00f4nia promovida no Cine Teatro Recreio.<\/p>\n<p style=\"text-align: justify;\">Artistas, produtores e admiradores do cinema prestigiaram em peso o evento, que contou com a exibi\u00e7\u00e3o do longa amazonense &#8220;Antes o tempo n\u00e3o acabava&#8221;. A produ\u00e7\u00e3o dirigida por Sergio Andrade \u00e9 uma parceria entre o Brasil e a Alemanha e j\u00e1 foi vencedora de v\u00e1rios pr\u00eamios.<\/p>\n<p style=\"text-align: justify;\">\u201c\u00c9 a hist\u00f3ria do Anderson, um ind\u00edgena que veio da aldeia e agora tenta viver no ambiente urbano e a gente acompanha a trajet\u00f3ria dele\u201d, explica o diretor.<br \/>O ator Anderson Tikuna ficou com o papel principal. O ind\u00edgena j\u00e1 trabalhou em outras produ\u00e7\u00f5es. Segundo ele, n\u00e3o foi dif\u00edcil recontar a pr\u00f3pria hist\u00f3ria.<\/p>\n<p style=\"text-align: justify;\">\u201cFala minha vida, minha hist\u00f3ria por que sa\u00ed da aldeia com oito anos de idade e viver o que \u00e9 uma cidade. O filme traz isso pra mim, como o ind\u00edgena vive na cidade\u201d, disse o ator.<\/p>\n<p style=\"text-align: justify;\">Durante a abertura do evento, o sanfoneiro Francisco Monteiro foi homenageado. Ele participou como ator principal do curta metragem Monteirinho, que tamb\u00e9m ser\u00e1 exibido no Festival Pachamama.<\/p>\n<p style=\"text-align: justify;\">Clemilson Farias, diretor da produ\u00e7\u00e3o, explica a mensagem que ficou para quem vai assistir ao filme. \u201cO que a gente quer e espera que as pessoas saiam com esse sentimento \u00e9 apresentar o Monteirinho, mas esse aspecto do poeta que canta a realidade dele\u201d.<\/p>\n<p style=\"text-align: justify;\">Um tel\u00e3o com dimens\u00f5es de 10 metros por 6 metros vai percorrer alguns bairros e regi\u00f5es de Rio Branco, apresentando os filmes dos festivais: Cidade do Povo, Montanh\u00eas, Adalberto Sena, Ramal Bom Jesus, Aeroporto Velho e Transacreana. Tamb\u00e9m ser\u00e3o exibidos no Cine Teatro Recreio, Biblioteca P\u00fablica, Ufac e Teatro Barrac\u00e3o.<\/p>\n<p style=\"text-align: justify;\">\u201cO Festival \u00e9 de 19 a 26 de novembro, a gente ta com quase 70 filmes. A gente continua com a\u00e7\u00f5es nos bairros de Rio Branco. Teremos se\u00e7\u00f5es espec\u00edficas para escolas que v\u00e3o acontecer aqui no Cine Recreio, com filmes sobre a quest\u00e3o ind\u00edgena, filmes infantis, justamente pra pensar a forma\u00e7\u00e3o do olhar. Muitos s\u00e3o estreias nacionais e internacionais, filmes pol\u00eamicos, de entretenimento, den\u00fancia, mostra espec\u00edfica de produtoras mulheres\u201d, explica o diretor do Festival, S\u00e9rgio Carvalho.<\/p>\n<p style=\"text-align: justify;\">Mais informa\u00e7\u00f5es da programa\u00e7\u00e3o est\u00e3o no site: WWW.cinemadefronteira.com.br<\/p>\n","protected":false},"excerpt":{"rendered":"<p style=\"text-align: justify;\">Festival massifica ideia de \u201cquebra de fronteiras\u201d<\/p>\n","protected":false},"author":4,"featured_media":26499,"comment_status":"open","ping_status":"open","sticky":false,"template":"","format":"standard","meta":{"jnews-multi-image_gallery":[],"jnews_single_post":[],"jnews_primary_category":[],"jnews_social_meta":[],"jnews_review":[],"enable_review":"","type":"","name":"","summary":"","brand":"","sku":"","good":[],"bad":[],"score_override":"","override_value":"","rating":[],"price":[],"footnotes":""},"categories":[54],"tags":[],"class_list":["post-26500","post","type-post","status-publish","format-standard","has-post-thumbnail","hentry","category-cotidiano"],"yoast_head":"<!-- This site is optimized with the Yoast SEO plugin v26.5 - https:\/\/yoast.com\/wordpress\/plugins\/seo\/ -->\n<title>Festival Pachamama refor\u00e7a identidade regional - Agazeta.net<\/title>\n<meta name=\"robots\" content=\"index, follow, max-snippet:-1, max-image-preview:large, max-video-preview:-1\" \/>\n<link rel=\"canonical\" href=\"https:\/\/nk7-testes.com.br\/agazeta\/festival-pachamama-reforca-identidade-regional\/\" \/>\n<meta property=\"og:locale\" content=\"pt_BR\" \/>\n<meta property=\"og:type\" content=\"article\" \/>\n<meta property=\"og:title\" content=\"Festival Pachamama refor\u00e7a identidade regional - Agazeta.net\" \/>\n<meta property=\"og:description\" content=\"Festival massifica ideia de \u201cquebra de fronteiras\u201d\" \/>\n<meta property=\"og:url\" content=\"https:\/\/nk7-testes.com.br\/agazeta\/festival-pachamama-reforca-identidade-regional\/\" \/>\n<meta property=\"og:site_name\" content=\"Agazeta.net\" \/>\n<meta property=\"article:published_time\" content=\"2016-11-21T15:41:08+00:00\" \/>\n<meta property=\"og:image\" content=\"https:\/\/nk7-testes.com.br\/agazeta\/wp-content\/uploads\/2016\/11\/211116-cotidianopachamama-tvgazeta.jpg\" \/>\n\t<meta property=\"og:image:width\" content=\"458\" \/>\n\t<meta property=\"og:image:height\" content=\"340\" \/>\n\t<meta property=\"og:image:type\" content=\"image\/jpeg\" \/>\n<meta name=\"author\" content=\"Agazeta.Net\" \/>\n<meta name=\"twitter:card\" content=\"summary_large_image\" \/>\n<meta name=\"twitter:label1\" content=\"Escrito por\" \/>\n\t<meta name=\"twitter:data1\" content=\"Agazeta.Net\" \/>\n\t<meta name=\"twitter:label2\" content=\"Est. tempo de leitura\" \/>\n\t<meta name=\"twitter:data2\" content=\"2 minutos\" \/>\n<script type=\"application\/ld+json\" class=\"yoast-schema-graph\">{\"@context\":\"https:\/\/schema.org\",\"@graph\":[{\"@type\":\"WebPage\",\"@id\":\"https:\/\/nk7-testes.com.br\/agazeta\/festival-pachamama-reforca-identidade-regional\/\",\"url\":\"https:\/\/nk7-testes.com.br\/agazeta\/festival-pachamama-reforca-identidade-regional\/\",\"name\":\"Festival Pachamama refor\u00e7a identidade regional - Agazeta.net\",\"isPartOf\":{\"@id\":\"https:\/\/nk7-testes.com.br\/agazeta\/#website\"},\"primaryImageOfPage\":{\"@id\":\"https:\/\/nk7-testes.com.br\/agazeta\/festival-pachamama-reforca-identidade-regional\/#primaryimage\"},\"image\":{\"@id\":\"https:\/\/nk7-testes.com.br\/agazeta\/festival-pachamama-reforca-identidade-regional\/#primaryimage\"},\"thumbnailUrl\":\"https:\/\/nk7-testes.com.br\/agazeta\/wp-content\/uploads\/2016\/11\/211116-cotidianopachamama-tvgazeta.jpg\",\"datePublished\":\"2016-11-21T15:41:08+00:00\",\"author\":{\"@id\":\"https:\/\/nk7-testes.com.br\/agazeta\/#\/schema\/person\/ff6b39d54d6973bfc57f4140f659b23f\"},\"breadcrumb\":{\"@id\":\"https:\/\/nk7-testes.com.br\/agazeta\/festival-pachamama-reforca-identidade-regional\/#breadcrumb\"},\"inLanguage\":\"pt-BR\",\"potentialAction\":[{\"@type\":\"ReadAction\",\"target\":[\"https:\/\/nk7-testes.com.br\/agazeta\/festival-pachamama-reforca-identidade-regional\/\"]}]},{\"@type\":\"ImageObject\",\"inLanguage\":\"pt-BR\",\"@id\":\"https:\/\/nk7-testes.com.br\/agazeta\/festival-pachamama-reforca-identidade-regional\/#primaryimage\",\"url\":\"https:\/\/nk7-testes.com.br\/agazeta\/wp-content\/uploads\/2016\/11\/211116-cotidianopachamama-tvgazeta.jpg\",\"contentUrl\":\"https:\/\/nk7-testes.com.br\/agazeta\/wp-content\/uploads\/2016\/11\/211116-cotidianopachamama-tvgazeta.jpg\",\"width\":458,\"height\":340,\"caption\":\"211116-cotidianopachamama-tvgazeta\"},{\"@type\":\"BreadcrumbList\",\"@id\":\"https:\/\/nk7-testes.com.br\/agazeta\/festival-pachamama-reforca-identidade-regional\/#breadcrumb\",\"itemListElement\":[{\"@type\":\"ListItem\",\"position\":1,\"name\":\"In\u00edcio\",\"item\":\"https:\/\/nk7-testes.com.br\/agazeta\/\"},{\"@type\":\"ListItem\",\"position\":2,\"name\":\"Festival Pachamama refor\u00e7a identidade regional\"}]},{\"@type\":\"WebSite\",\"@id\":\"https:\/\/nk7-testes.com.br\/agazeta\/#website\",\"url\":\"https:\/\/nk7-testes.com.br\/agazeta\/\",\"name\":\"Agazeta.net\",\"description\":\"Agazeta.net - Not\u00edcias de Rio Branco\/AC\",\"potentialAction\":[{\"@type\":\"SearchAction\",\"target\":{\"@type\":\"EntryPoint\",\"urlTemplate\":\"https:\/\/nk7-testes.com.br\/agazeta\/?s={search_term_string}\"},\"query-input\":{\"@type\":\"PropertyValueSpecification\",\"valueRequired\":true,\"valueName\":\"search_term_string\"}}],\"inLanguage\":\"pt-BR\"},{\"@type\":\"Person\",\"@id\":\"https:\/\/nk7-testes.com.br\/agazeta\/#\/schema\/person\/ff6b39d54d6973bfc57f4140f659b23f\",\"name\":\"Agazeta.Net\",\"url\":\"https:\/\/nk7-testes.com.br\/agazeta\/author\/agazeta\/\"}]}<\/script>\n<!-- \/ Yoast SEO plugin. -->","yoast_head_json":{"title":"Festival Pachamama refor\u00e7a identidade regional - Agazeta.net","robots":{"index":"index","follow":"follow","max-snippet":"max-snippet:-1","max-image-preview":"max-image-preview:large","max-video-preview":"max-video-preview:-1"},"canonical":"https:\/\/nk7-testes.com.br\/agazeta\/festival-pachamama-reforca-identidade-regional\/","og_locale":"pt_BR","og_type":"article","og_title":"Festival Pachamama refor\u00e7a identidade regional - Agazeta.net","og_description":"Festival massifica ideia de \u201cquebra de fronteiras\u201d","og_url":"https:\/\/nk7-testes.com.br\/agazeta\/festival-pachamama-reforca-identidade-regional\/","og_site_name":"Agazeta.net","article_published_time":"2016-11-21T15:41:08+00:00","og_image":[{"width":458,"height":340,"url":"https:\/\/nk7-testes.com.br\/agazeta\/wp-content\/uploads\/2016\/11\/211116-cotidianopachamama-tvgazeta.jpg","type":"image\/jpeg"}],"author":"Agazeta.Net","twitter_card":"summary_large_image","twitter_misc":{"Escrito por":"Agazeta.Net","Est. tempo de leitura":"2 minutos"},"schema":{"@context":"https:\/\/schema.org","@graph":[{"@type":"WebPage","@id":"https:\/\/nk7-testes.com.br\/agazeta\/festival-pachamama-reforca-identidade-regional\/","url":"https:\/\/nk7-testes.com.br\/agazeta\/festival-pachamama-reforca-identidade-regional\/","name":"Festival Pachamama refor\u00e7a identidade regional - Agazeta.net","isPartOf":{"@id":"https:\/\/nk7-testes.com.br\/agazeta\/#website"},"primaryImageOfPage":{"@id":"https:\/\/nk7-testes.com.br\/agazeta\/festival-pachamama-reforca-identidade-regional\/#primaryimage"},"image":{"@id":"https:\/\/nk7-testes.com.br\/agazeta\/festival-pachamama-reforca-identidade-regional\/#primaryimage"},"thumbnailUrl":"https:\/\/nk7-testes.com.br\/agazeta\/wp-content\/uploads\/2016\/11\/211116-cotidianopachamama-tvgazeta.jpg","datePublished":"2016-11-21T15:41:08+00:00","author":{"@id":"https:\/\/nk7-testes.com.br\/agazeta\/#\/schema\/person\/ff6b39d54d6973bfc57f4140f659b23f"},"breadcrumb":{"@id":"https:\/\/nk7-testes.com.br\/agazeta\/festival-pachamama-reforca-identidade-regional\/#breadcrumb"},"inLanguage":"pt-BR","potentialAction":[{"@type":"ReadAction","target":["https:\/\/nk7-testes.com.br\/agazeta\/festival-pachamama-reforca-identidade-regional\/"]}]},{"@type":"ImageObject","inLanguage":"pt-BR","@id":"https:\/\/nk7-testes.com.br\/agazeta\/festival-pachamama-reforca-identidade-regional\/#primaryimage","url":"https:\/\/nk7-testes.com.br\/agazeta\/wp-content\/uploads\/2016\/11\/211116-cotidianopachamama-tvgazeta.jpg","contentUrl":"https:\/\/nk7-testes.com.br\/agazeta\/wp-content\/uploads\/2016\/11\/211116-cotidianopachamama-tvgazeta.jpg","width":458,"height":340,"caption":"211116-cotidianopachamama-tvgazeta"},{"@type":"BreadcrumbList","@id":"https:\/\/nk7-testes.com.br\/agazeta\/festival-pachamama-reforca-identidade-regional\/#breadcrumb","itemListElement":[{"@type":"ListItem","position":1,"name":"In\u00edcio","item":"https:\/\/nk7-testes.com.br\/agazeta\/"},{"@type":"ListItem","position":2,"name":"Festival Pachamama refor\u00e7a identidade regional"}]},{"@type":"WebSite","@id":"https:\/\/nk7-testes.com.br\/agazeta\/#website","url":"https:\/\/nk7-testes.com.br\/agazeta\/","name":"Agazeta.net","description":"Agazeta.net - Not\u00edcias de Rio Branco\/AC","potentialAction":[{"@type":"SearchAction","target":{"@type":"EntryPoint","urlTemplate":"https:\/\/nk7-testes.com.br\/agazeta\/?s={search_term_string}"},"query-input":{"@type":"PropertyValueSpecification","valueRequired":true,"valueName":"search_term_string"}}],"inLanguage":"pt-BR"},{"@type":"Person","@id":"https:\/\/nk7-testes.com.br\/agazeta\/#\/schema\/person\/ff6b39d54d6973bfc57f4140f659b23f","name":"Agazeta.Net","url":"https:\/\/nk7-testes.com.br\/agazeta\/author\/agazeta\/"}]}},"_links":{"self":[{"href":"https:\/\/nk7-testes.com.br\/agazeta\/wp-json\/wp\/v2\/posts\/26500","targetHints":{"allow":["GET"]}}],"collection":[{"href":"https:\/\/nk7-testes.com.br\/agazeta\/wp-json\/wp\/v2\/posts"}],"about":[{"href":"https:\/\/nk7-testes.com.br\/agazeta\/wp-json\/wp\/v2\/types\/post"}],"author":[{"embeddable":true,"href":"https:\/\/nk7-testes.com.br\/agazeta\/wp-json\/wp\/v2\/users\/4"}],"replies":[{"embeddable":true,"href":"https:\/\/nk7-testes.com.br\/agazeta\/wp-json\/wp\/v2\/comments?post=26500"}],"version-history":[{"count":0,"href":"https:\/\/nk7-testes.com.br\/agazeta\/wp-json\/wp\/v2\/posts\/26500\/revisions"}],"wp:featuredmedia":[{"embeddable":true,"href":"https:\/\/nk7-testes.com.br\/agazeta\/wp-json\/wp\/v2\/media\/26499"}],"wp:attachment":[{"href":"https:\/\/nk7-testes.com.br\/agazeta\/wp-json\/wp\/v2\/media?parent=26500"}],"wp:term":[{"taxonomy":"category","embeddable":true,"href":"https:\/\/nk7-testes.com.br\/agazeta\/wp-json\/wp\/v2\/categories?post=26500"},{"taxonomy":"post_tag","embeddable":true,"href":"https:\/\/nk7-testes.com.br\/agazeta\/wp-json\/wp\/v2\/tags?post=26500"}],"curies":[{"name":"wp","href":"https:\/\/api.w.org\/{rel}","templated":true}]}}