{"id":26492,"date":"2016-11-21T14:10:41","date_gmt":"2016-11-21T14:10:41","guid":{"rendered":"https:\/\/abarevegan.com.br\/index.php\/2016\/11\/21\/motorista-de-onibus-e-baleado-nas-duas-pernas-em-assalto\/"},"modified":"2016-11-21T14:10:41","modified_gmt":"2016-11-21T14:10:41","slug":"motorista-de-onibus-e-baleado-nas-duas-pernas-em-assalto","status":"publish","type":"post","link":"https:\/\/nk7-testes.com.br\/agazeta\/motorista-de-onibus-e-baleado-nas-duas-pernas-em-assalto\/","title":{"rendered":"Motorista de \u00f4nibus \u00e9 baleado nas duas pernas em assalto"},"content":{"rendered":"<p style=\"text-align: justify;\">Tentativa de assalto aconteceu na linha S\u00e3o Miguel<\/p>\n<p style=\"text-align: justify;\">No in\u00edcio da noite deste domingo (20), um motorista de \u00f4nibus da linha S\u00e3o Miguel, que circula na regi\u00e3o do bairro Calafate, foi baleado nas duas pernas durante uma tentativa de assalto.<\/p>\n<p style=\"text-align: justify;\">Segundo o motorista estavam chegando \u00e0 parada final. Ao parar o \u00f4nibus, percebeu dois homens em uma bicicleta. Um deles estava com uma escopeta. O motorista voltou para dentro do \u00f4nibus. Nesse momento, um dos bandidos teria efetuado um disparo.<\/p>\n<p style=\"text-align: justify;\">O tiro atingiu a porta do \u00f4nibus e as duas pernas do motorista. Mesmo ferido, ele teria ligado o ve\u00edculo e saiu em busca de socorro.<\/p>\n<p style=\"text-align: justify;\">O motorista ainda conseguiu chegar at\u00e9 a entrada do Conjunto Jequitib\u00e1 que tamb\u00e9m fica no Calafate, a cerca de 3 quil\u00f4metros do local da tentativa de assalto. O motorista pediu socorro aos policiais que estavam em uma viatura da Pol\u00edcia Militar que o levou para o Pronto Socorro de Rio Branco.<\/p>\n<p style=\"text-align: justify;\">Depois de mediado, o motorista esteve na delegacia Central de Flagrantes onde registrou a ocorr\u00eancia. Ap\u00f3s atirar, os bandidos fugiram em uma bicicleta sem levar nada.<\/p>\n<p style=\"text-align: justify;\">Os motoristas que fazem a linha do conjunto S\u00e3o Miguel est\u00e3o reclamando da regi\u00e3o onde fica a parada final do \u00f4nibus: \u201cescuro e deserto\u201d, segundo os motoristas.<\/p>\n","protected":false},"excerpt":{"rendered":"<p style=\"text-align: justify;\">Tentativa de assalto aconteceu na linha S\u00e3o Miguel<\/p>\n","protected":false},"author":4,"featured_media":26491,"comment_status":"open","ping_status":"open","sticky":false,"template":"","format":"standard","meta":{"jnews-multi-image_gallery":[],"jnews_single_post":[],"jnews_primary_category":[],"jnews_social_meta":[],"jnews_review":[],"enable_review":"","type":"","name":"","summary":"","brand":"","sku":"","good":[],"bad":[],"score_override":"","override_value":"","rating":[],"price":[],"footnotes":""},"categories":[44],"tags":[],"class_list":["post-26492","post","type-post","status-publish","format-standard","has-post-thumbnail","hentry","category-policia"],"yoast_head":"<!-- This site is optimized with the Yoast SEO plugin v26.5 - https:\/\/yoast.com\/wordpress\/plugins\/seo\/ -->\n<title>Motorista de \u00f4nibus \u00e9 baleado nas duas pernas em assalto - Agazeta.net<\/title>\n<meta name=\"robots\" content=\"index, follow, max-snippet:-1, max-image-preview:large, max-video-preview:-1\" \/>\n<link rel=\"canonical\" href=\"https:\/\/nk7-testes.com.br\/agazeta\/motorista-de-onibus-e-baleado-nas-duas-pernas-em-assalto\/\" \/>\n<meta property=\"og:locale\" content=\"pt_BR\" \/>\n<meta property=\"og:type\" content=\"article\" \/>\n<meta property=\"og:title\" content=\"Motorista de \u00f4nibus \u00e9 baleado nas duas pernas em assalto - Agazeta.net\" \/>\n<meta property=\"og:description\" content=\"Tentativa de assalto aconteceu na linha S\u00e3o Miguel\" \/>\n<meta property=\"og:url\" content=\"https:\/\/nk7-testes.com.br\/agazeta\/motorista-de-onibus-e-baleado-nas-duas-pernas-em-assalto\/\" \/>\n<meta property=\"og:site_name\" content=\"Agazeta.net\" \/>\n<meta property=\"article:published_time\" content=\"2016-11-21T14:10:41+00:00\" \/>\n<meta property=\"og:image\" content=\"https:\/\/nk7-testes.com.br\/agazeta\/wp-content\/uploads\/2016\/11\/211116-policia-motoristabaleado-cleriston.jpg\" \/>\n\t<meta property=\"og:image:width\" content=\"458\" \/>\n\t<meta property=\"og:image:height\" content=\"340\" \/>\n\t<meta property=\"og:image:type\" content=\"image\/jpeg\" \/>\n<meta name=\"author\" content=\"Agazeta.Net\" \/>\n<meta name=\"twitter:card\" content=\"summary_large_image\" \/>\n<meta name=\"twitter:label1\" content=\"Escrito por\" \/>\n\t<meta name=\"twitter:data1\" content=\"Agazeta.Net\" \/>\n\t<meta name=\"twitter:label2\" content=\"Est. tempo de leitura\" \/>\n\t<meta name=\"twitter:data2\" content=\"1 minuto\" \/>\n<script type=\"application\/ld+json\" class=\"yoast-schema-graph\">{\"@context\":\"https:\/\/schema.org\",\"@graph\":[{\"@type\":\"WebPage\",\"@id\":\"https:\/\/nk7-testes.com.br\/agazeta\/motorista-de-onibus-e-baleado-nas-duas-pernas-em-assalto\/\",\"url\":\"https:\/\/nk7-testes.com.br\/agazeta\/motorista-de-onibus-e-baleado-nas-duas-pernas-em-assalto\/\",\"name\":\"Motorista de \u00f4nibus \u00e9 baleado nas duas pernas em assalto - Agazeta.net\",\"isPartOf\":{\"@id\":\"https:\/\/nk7-testes.com.br\/agazeta\/#website\"},\"primaryImageOfPage\":{\"@id\":\"https:\/\/nk7-testes.com.br\/agazeta\/motorista-de-onibus-e-baleado-nas-duas-pernas-em-assalto\/#primaryimage\"},\"image\":{\"@id\":\"https:\/\/nk7-testes.com.br\/agazeta\/motorista-de-onibus-e-baleado-nas-duas-pernas-em-assalto\/#primaryimage\"},\"thumbnailUrl\":\"https:\/\/nk7-testes.com.br\/agazeta\/wp-content\/uploads\/2016\/11\/211116-policia-motoristabaleado-cleriston.jpg\",\"datePublished\":\"2016-11-21T14:10:41+00:00\",\"author\":{\"@id\":\"https:\/\/nk7-testes.com.br\/agazeta\/#\/schema\/person\/6d6e25cb0435eb4a02fd44d30b4e3020\"},\"breadcrumb\":{\"@id\":\"https:\/\/nk7-testes.com.br\/agazeta\/motorista-de-onibus-e-baleado-nas-duas-pernas-em-assalto\/#breadcrumb\"},\"inLanguage\":\"pt-BR\",\"potentialAction\":[{\"@type\":\"ReadAction\",\"target\":[\"https:\/\/nk7-testes.com.br\/agazeta\/motorista-de-onibus-e-baleado-nas-duas-pernas-em-assalto\/\"]}]},{\"@type\":\"ImageObject\",\"inLanguage\":\"pt-BR\",\"@id\":\"https:\/\/nk7-testes.com.br\/agazeta\/motorista-de-onibus-e-baleado-nas-duas-pernas-em-assalto\/#primaryimage\",\"url\":\"https:\/\/nk7-testes.com.br\/agazeta\/wp-content\/uploads\/2016\/11\/211116-policia-motoristabaleado-cleriston.jpg\",\"contentUrl\":\"https:\/\/nk7-testes.com.br\/agazeta\/wp-content\/uploads\/2016\/11\/211116-policia-motoristabaleado-cleriston.jpg\",\"width\":458,\"height\":340,\"caption\":\"211116-policia-motoristabaleado-cleriston\"},{\"@type\":\"BreadcrumbList\",\"@id\":\"https:\/\/nk7-testes.com.br\/agazeta\/motorista-de-onibus-e-baleado-nas-duas-pernas-em-assalto\/#breadcrumb\",\"itemListElement\":[{\"@type\":\"ListItem\",\"position\":1,\"name\":\"In\u00edcio\",\"item\":\"https:\/\/nk7-testes.com.br\/agazeta\/\"},{\"@type\":\"ListItem\",\"position\":2,\"name\":\"Motorista de \u00f4nibus \u00e9 baleado nas duas pernas em assalto\"}]},{\"@type\":\"WebSite\",\"@id\":\"https:\/\/nk7-testes.com.br\/agazeta\/#website\",\"url\":\"https:\/\/nk7-testes.com.br\/agazeta\/\",\"name\":\"Agazeta.net\",\"description\":\"Agazeta.net - Not\u00edcias de Rio Branco\/AC\",\"potentialAction\":[{\"@type\":\"SearchAction\",\"target\":{\"@type\":\"EntryPoint\",\"urlTemplate\":\"https:\/\/nk7-testes.com.br\/agazeta\/?s={search_term_string}\"},\"query-input\":{\"@type\":\"PropertyValueSpecification\",\"valueRequired\":true,\"valueName\":\"search_term_string\"}}],\"inLanguage\":\"pt-BR\"},{\"@type\":\"Person\",\"@id\":\"https:\/\/nk7-testes.com.br\/agazeta\/#\/schema\/person\/6d6e25cb0435eb4a02fd44d30b4e3020\",\"name\":\"Agazeta.Net\",\"url\":\"https:\/\/nk7-testes.com.br\/agazeta\/author\/agazeta\/\"}]}<\/script>\n<!-- \/ Yoast SEO plugin. -->","yoast_head_json":{"title":"Motorista de \u00f4nibus \u00e9 baleado nas duas pernas em assalto - Agazeta.net","robots":{"index":"index","follow":"follow","max-snippet":"max-snippet:-1","max-image-preview":"max-image-preview:large","max-video-preview":"max-video-preview:-1"},"canonical":"https:\/\/nk7-testes.com.br\/agazeta\/motorista-de-onibus-e-baleado-nas-duas-pernas-em-assalto\/","og_locale":"pt_BR","og_type":"article","og_title":"Motorista de \u00f4nibus \u00e9 baleado nas duas pernas em assalto - Agazeta.net","og_description":"Tentativa de assalto aconteceu na linha S\u00e3o Miguel","og_url":"https:\/\/nk7-testes.com.br\/agazeta\/motorista-de-onibus-e-baleado-nas-duas-pernas-em-assalto\/","og_site_name":"Agazeta.net","article_published_time":"2016-11-21T14:10:41+00:00","og_image":[{"width":458,"height":340,"url":"https:\/\/nk7-testes.com.br\/agazeta\/wp-content\/uploads\/2016\/11\/211116-policia-motoristabaleado-cleriston.jpg","type":"image\/jpeg"}],"author":"Agazeta.Net","twitter_card":"summary_large_image","twitter_misc":{"Escrito por":"Agazeta.Net","Est. tempo de leitura":"1 minuto"},"schema":{"@context":"https:\/\/schema.org","@graph":[{"@type":"WebPage","@id":"https:\/\/nk7-testes.com.br\/agazeta\/motorista-de-onibus-e-baleado-nas-duas-pernas-em-assalto\/","url":"https:\/\/nk7-testes.com.br\/agazeta\/motorista-de-onibus-e-baleado-nas-duas-pernas-em-assalto\/","name":"Motorista de \u00f4nibus \u00e9 baleado nas duas pernas em assalto - Agazeta.net","isPartOf":{"@id":"https:\/\/nk7-testes.com.br\/agazeta\/#website"},"primaryImageOfPage":{"@id":"https:\/\/nk7-testes.com.br\/agazeta\/motorista-de-onibus-e-baleado-nas-duas-pernas-em-assalto\/#primaryimage"},"image":{"@id":"https:\/\/nk7-testes.com.br\/agazeta\/motorista-de-onibus-e-baleado-nas-duas-pernas-em-assalto\/#primaryimage"},"thumbnailUrl":"https:\/\/nk7-testes.com.br\/agazeta\/wp-content\/uploads\/2016\/11\/211116-policia-motoristabaleado-cleriston.jpg","datePublished":"2016-11-21T14:10:41+00:00","author":{"@id":"https:\/\/nk7-testes.com.br\/agazeta\/#\/schema\/person\/6d6e25cb0435eb4a02fd44d30b4e3020"},"breadcrumb":{"@id":"https:\/\/nk7-testes.com.br\/agazeta\/motorista-de-onibus-e-baleado-nas-duas-pernas-em-assalto\/#breadcrumb"},"inLanguage":"pt-BR","potentialAction":[{"@type":"ReadAction","target":["https:\/\/nk7-testes.com.br\/agazeta\/motorista-de-onibus-e-baleado-nas-duas-pernas-em-assalto\/"]}]},{"@type":"ImageObject","inLanguage":"pt-BR","@id":"https:\/\/nk7-testes.com.br\/agazeta\/motorista-de-onibus-e-baleado-nas-duas-pernas-em-assalto\/#primaryimage","url":"https:\/\/nk7-testes.com.br\/agazeta\/wp-content\/uploads\/2016\/11\/211116-policia-motoristabaleado-cleriston.jpg","contentUrl":"https:\/\/nk7-testes.com.br\/agazeta\/wp-content\/uploads\/2016\/11\/211116-policia-motoristabaleado-cleriston.jpg","width":458,"height":340,"caption":"211116-policia-motoristabaleado-cleriston"},{"@type":"BreadcrumbList","@id":"https:\/\/nk7-testes.com.br\/agazeta\/motorista-de-onibus-e-baleado-nas-duas-pernas-em-assalto\/#breadcrumb","itemListElement":[{"@type":"ListItem","position":1,"name":"In\u00edcio","item":"https:\/\/nk7-testes.com.br\/agazeta\/"},{"@type":"ListItem","position":2,"name":"Motorista de \u00f4nibus \u00e9 baleado nas duas pernas em assalto"}]},{"@type":"WebSite","@id":"https:\/\/nk7-testes.com.br\/agazeta\/#website","url":"https:\/\/nk7-testes.com.br\/agazeta\/","name":"Agazeta.net","description":"Agazeta.net - Not\u00edcias de Rio Branco\/AC","potentialAction":[{"@type":"SearchAction","target":{"@type":"EntryPoint","urlTemplate":"https:\/\/nk7-testes.com.br\/agazeta\/?s={search_term_string}"},"query-input":{"@type":"PropertyValueSpecification","valueRequired":true,"valueName":"search_term_string"}}],"inLanguage":"pt-BR"},{"@type":"Person","@id":"https:\/\/nk7-testes.com.br\/agazeta\/#\/schema\/person\/6d6e25cb0435eb4a02fd44d30b4e3020","name":"Agazeta.Net","url":"https:\/\/nk7-testes.com.br\/agazeta\/author\/agazeta\/"}]}},"_links":{"self":[{"href":"https:\/\/nk7-testes.com.br\/agazeta\/wp-json\/wp\/v2\/posts\/26492","targetHints":{"allow":["GET"]}}],"collection":[{"href":"https:\/\/nk7-testes.com.br\/agazeta\/wp-json\/wp\/v2\/posts"}],"about":[{"href":"https:\/\/nk7-testes.com.br\/agazeta\/wp-json\/wp\/v2\/types\/post"}],"author":[{"embeddable":true,"href":"https:\/\/nk7-testes.com.br\/agazeta\/wp-json\/wp\/v2\/users\/4"}],"replies":[{"embeddable":true,"href":"https:\/\/nk7-testes.com.br\/agazeta\/wp-json\/wp\/v2\/comments?post=26492"}],"version-history":[{"count":0,"href":"https:\/\/nk7-testes.com.br\/agazeta\/wp-json\/wp\/v2\/posts\/26492\/revisions"}],"wp:featuredmedia":[{"embeddable":true,"href":"https:\/\/nk7-testes.com.br\/agazeta\/wp-json\/wp\/v2\/media\/26491"}],"wp:attachment":[{"href":"https:\/\/nk7-testes.com.br\/agazeta\/wp-json\/wp\/v2\/media?parent=26492"}],"wp:term":[{"taxonomy":"category","embeddable":true,"href":"https:\/\/nk7-testes.com.br\/agazeta\/wp-json\/wp\/v2\/categories?post=26492"},{"taxonomy":"post_tag","embeddable":true,"href":"https:\/\/nk7-testes.com.br\/agazeta\/wp-json\/wp\/v2\/tags?post=26492"}],"curies":[{"name":"wp","href":"https:\/\/api.w.org\/{rel}","templated":true}]}}