{"id":26466,"date":"2016-11-17T21:02:06","date_gmt":"2016-11-17T21:02:06","guid":{"rendered":"https:\/\/abarevegan.com.br\/index.php\/2016\/11\/17\/policia-civil-prende-envolvido-em-execucoes\/"},"modified":"2016-11-17T21:02:06","modified_gmt":"2016-11-17T21:02:06","slug":"policia-civil-prende-envolvido-em-execucoes","status":"publish","type":"post","link":"https:\/\/nk7-testes.com.br\/agazeta\/policia-civil-prende-envolvido-em-execucoes\/","title":{"rendered":"Pol\u00edcia Civil prende envolvido em execu\u00e7\u00f5es"},"content":{"rendered":"<p style=\"text-align: justify;\">\u201cB\u00e1\u201d \u00e9 acusado de participar de crimes integrando fac\u00e7\u00e3o<\/p>\n<p style=\"text-align: justify;\">Jorge da Silva Soares, 22, mais conhecido como \u201cB\u00e1\u201d, foi preso pela equipe da Delegacia de Homic\u00eddios na manh\u00e3 desta quinta-feira no bairro Alto Alegre. Tamb\u00e9m foram apreendidas mudas de maconha.<\/p>\n<p style=\"text-align: justify;\">B\u00e1 j\u00e1 tem passagens pela pol\u00edcia por homic\u00eddio em 2012. Agora ele est\u00e1 sendo investigado pela participa\u00e7\u00e3o em outros seis assassinatos. Entre eles, a execu\u00e7\u00e3o de uma mulher chamada \u201cMichele\u201d, na estrada do Mutum, no dia 18 de outubro.<\/p>\n<p style=\"text-align: justify;\">Outro crime atribu\u00eddo a Jorge da Silva Soares, segundo a pol\u00edcia, \u00e9 a morte do usu\u00e1rio de droga Joaquim de Souza Silva, de 18 anos, ocorrido na madrugada do dia 3 deste m\u00eas. A v\u00edtima foi degolada e o corpo jogado em um matagal do bairro Alto Alegre.<\/p>\n<p style=\"text-align: justify;\">Joaquim teria sido morto por d\u00edvida decorrente do tr\u00e1fico de drogas e tamb\u00e9m por queima de arquivo, j\u00e1 que, para a pol\u00edcia, \u201cele sabia demais\u201d.<\/p>\n<p style=\"text-align: justify;\">Em outubro, os moradores de Rio Branco viveram momentos de p\u00e2nico com uma s\u00e9rie de execu\u00e7\u00f5es decorrentes da guerra entre fac\u00e7\u00f5es criminosas. \u201cB\u00e1\u201d pertence a uma delas.<\/p>\n<p style=\"text-align: justify;\">Como resultado da disputa entre essas organiza\u00e7\u00f5es criminosas por ponto de venda de droga, v\u00e1rias mortes foram registradas. Ap\u00f3s esse per\u00edodo, a delegacia de homic\u00eddios e prote\u00e7\u00e3o a pessoas come\u00e7ou uma s\u00e9rie de investiga\u00e7\u00f5es. A pris\u00e3o de \u201cB\u00e1\u201d \u00e9 resultado de uma delas.<\/p>\n","protected":false},"excerpt":{"rendered":"<p style=\"text-align: justify;\">\u201cB\u00e1\u201d \u00e9 acusado de participar de crimes integrando fac\u00e7\u00e3o<\/p>\n","protected":false},"author":4,"featured_media":26465,"comment_status":"open","ping_status":"open","sticky":false,"template":"","format":"standard","meta":{"jnews-multi-image_gallery":[],"jnews_single_post":[],"jnews_primary_category":[],"jnews_social_meta":[],"jnews_review":[],"enable_review":"","type":"","name":"","summary":"","brand":"","sku":"","good":[],"bad":[],"score_override":"","override_value":"","rating":[],"price":[],"footnotes":""},"categories":[44],"tags":[],"class_list":["post-26466","post","type-post","status-publish","format-standard","has-post-thumbnail","hentry","category-policia"],"yoast_head":"<!-- This site is optimized with the Yoast SEO plugin v26.5 - https:\/\/yoast.com\/wordpress\/plugins\/seo\/ -->\n<title>Pol\u00edcia Civil prende envolvido em execu\u00e7\u00f5es - Agazeta.net<\/title>\n<meta name=\"robots\" content=\"index, follow, max-snippet:-1, max-image-preview:large, max-video-preview:-1\" \/>\n<link rel=\"canonical\" href=\"https:\/\/nk7-testes.com.br\/agazeta\/policia-civil-prende-envolvido-em-execucoes\/\" \/>\n<meta property=\"og:locale\" content=\"pt_BR\" \/>\n<meta property=\"og:type\" content=\"article\" \/>\n<meta property=\"og:title\" content=\"Pol\u00edcia Civil prende envolvido em execu\u00e7\u00f5es - Agazeta.net\" \/>\n<meta property=\"og:description\" content=\"\u201cB\u00e1\u201d \u00e9 acusado de participar de crimes integrando fac\u00e7\u00e3o\" \/>\n<meta property=\"og:url\" content=\"https:\/\/nk7-testes.com.br\/agazeta\/policia-civil-prende-envolvido-em-execucoes\/\" \/>\n<meta property=\"og:site_name\" content=\"Agazeta.net\" \/>\n<meta property=\"article:published_time\" content=\"2016-11-17T21:02:06+00:00\" \/>\n<meta property=\"og:image\" content=\"https:\/\/nk7-testes.com.br\/agazeta\/wp-content\/uploads\/2016\/11\/171116-policia-assassinatos-tvgazeta2.jpg\" \/>\n\t<meta property=\"og:image:width\" content=\"458\" \/>\n\t<meta property=\"og:image:height\" content=\"340\" \/>\n\t<meta property=\"og:image:type\" content=\"image\/jpeg\" \/>\n<meta name=\"author\" content=\"Agazeta.Net\" \/>\n<meta name=\"twitter:card\" content=\"summary_large_image\" \/>\n<meta name=\"twitter:label1\" content=\"Escrito por\" \/>\n\t<meta name=\"twitter:data1\" content=\"Agazeta.Net\" \/>\n\t<meta name=\"twitter:label2\" content=\"Est. tempo de leitura\" \/>\n\t<meta name=\"twitter:data2\" content=\"1 minuto\" \/>\n<script type=\"application\/ld+json\" class=\"yoast-schema-graph\">{\"@context\":\"https:\/\/schema.org\",\"@graph\":[{\"@type\":\"WebPage\",\"@id\":\"https:\/\/nk7-testes.com.br\/agazeta\/policia-civil-prende-envolvido-em-execucoes\/\",\"url\":\"https:\/\/nk7-testes.com.br\/agazeta\/policia-civil-prende-envolvido-em-execucoes\/\",\"name\":\"Pol\u00edcia Civil prende envolvido em execu\u00e7\u00f5es - Agazeta.net\",\"isPartOf\":{\"@id\":\"https:\/\/nk7-testes.com.br\/agazeta\/#website\"},\"primaryImageOfPage\":{\"@id\":\"https:\/\/nk7-testes.com.br\/agazeta\/policia-civil-prende-envolvido-em-execucoes\/#primaryimage\"},\"image\":{\"@id\":\"https:\/\/nk7-testes.com.br\/agazeta\/policia-civil-prende-envolvido-em-execucoes\/#primaryimage\"},\"thumbnailUrl\":\"https:\/\/nk7-testes.com.br\/agazeta\/wp-content\/uploads\/2016\/11\/171116-policia-assassinatos-tvgazeta2.jpg\",\"datePublished\":\"2016-11-17T21:02:06+00:00\",\"author\":{\"@id\":\"https:\/\/nk7-testes.com.br\/agazeta\/#\/schema\/person\/6d6e25cb0435eb4a02fd44d30b4e3020\"},\"breadcrumb\":{\"@id\":\"https:\/\/nk7-testes.com.br\/agazeta\/policia-civil-prende-envolvido-em-execucoes\/#breadcrumb\"},\"inLanguage\":\"pt-BR\",\"potentialAction\":[{\"@type\":\"ReadAction\",\"target\":[\"https:\/\/nk7-testes.com.br\/agazeta\/policia-civil-prende-envolvido-em-execucoes\/\"]}]},{\"@type\":\"ImageObject\",\"inLanguage\":\"pt-BR\",\"@id\":\"https:\/\/nk7-testes.com.br\/agazeta\/policia-civil-prende-envolvido-em-execucoes\/#primaryimage\",\"url\":\"https:\/\/nk7-testes.com.br\/agazeta\/wp-content\/uploads\/2016\/11\/171116-policia-assassinatos-tvgazeta2.jpg\",\"contentUrl\":\"https:\/\/nk7-testes.com.br\/agazeta\/wp-content\/uploads\/2016\/11\/171116-policia-assassinatos-tvgazeta2.jpg\",\"width\":458,\"height\":340,\"caption\":\"171116-policia-assassinatos-tvgazeta2\"},{\"@type\":\"BreadcrumbList\",\"@id\":\"https:\/\/nk7-testes.com.br\/agazeta\/policia-civil-prende-envolvido-em-execucoes\/#breadcrumb\",\"itemListElement\":[{\"@type\":\"ListItem\",\"position\":1,\"name\":\"In\u00edcio\",\"item\":\"https:\/\/nk7-testes.com.br\/agazeta\/\"},{\"@type\":\"ListItem\",\"position\":2,\"name\":\"Pol\u00edcia Civil prende envolvido em execu\u00e7\u00f5es\"}]},{\"@type\":\"WebSite\",\"@id\":\"https:\/\/nk7-testes.com.br\/agazeta\/#website\",\"url\":\"https:\/\/nk7-testes.com.br\/agazeta\/\",\"name\":\"Agazeta.net\",\"description\":\"Agazeta.net - Not\u00edcias de Rio Branco\/AC\",\"potentialAction\":[{\"@type\":\"SearchAction\",\"target\":{\"@type\":\"EntryPoint\",\"urlTemplate\":\"https:\/\/nk7-testes.com.br\/agazeta\/?s={search_term_string}\"},\"query-input\":{\"@type\":\"PropertyValueSpecification\",\"valueRequired\":true,\"valueName\":\"search_term_string\"}}],\"inLanguage\":\"pt-BR\"},{\"@type\":\"Person\",\"@id\":\"https:\/\/nk7-testes.com.br\/agazeta\/#\/schema\/person\/6d6e25cb0435eb4a02fd44d30b4e3020\",\"name\":\"Agazeta.Net\",\"url\":\"https:\/\/nk7-testes.com.br\/agazeta\/author\/agazeta\/\"}]}<\/script>\n<!-- \/ Yoast SEO plugin. -->","yoast_head_json":{"title":"Pol\u00edcia Civil prende envolvido em execu\u00e7\u00f5es - Agazeta.net","robots":{"index":"index","follow":"follow","max-snippet":"max-snippet:-1","max-image-preview":"max-image-preview:large","max-video-preview":"max-video-preview:-1"},"canonical":"https:\/\/nk7-testes.com.br\/agazeta\/policia-civil-prende-envolvido-em-execucoes\/","og_locale":"pt_BR","og_type":"article","og_title":"Pol\u00edcia Civil prende envolvido em execu\u00e7\u00f5es - Agazeta.net","og_description":"\u201cB\u00e1\u201d \u00e9 acusado de participar de crimes integrando fac\u00e7\u00e3o","og_url":"https:\/\/nk7-testes.com.br\/agazeta\/policia-civil-prende-envolvido-em-execucoes\/","og_site_name":"Agazeta.net","article_published_time":"2016-11-17T21:02:06+00:00","og_image":[{"width":458,"height":340,"url":"https:\/\/nk7-testes.com.br\/agazeta\/wp-content\/uploads\/2016\/11\/171116-policia-assassinatos-tvgazeta2.jpg","type":"image\/jpeg"}],"author":"Agazeta.Net","twitter_card":"summary_large_image","twitter_misc":{"Escrito por":"Agazeta.Net","Est. tempo de leitura":"1 minuto"},"schema":{"@context":"https:\/\/schema.org","@graph":[{"@type":"WebPage","@id":"https:\/\/nk7-testes.com.br\/agazeta\/policia-civil-prende-envolvido-em-execucoes\/","url":"https:\/\/nk7-testes.com.br\/agazeta\/policia-civil-prende-envolvido-em-execucoes\/","name":"Pol\u00edcia Civil prende envolvido em execu\u00e7\u00f5es - Agazeta.net","isPartOf":{"@id":"https:\/\/nk7-testes.com.br\/agazeta\/#website"},"primaryImageOfPage":{"@id":"https:\/\/nk7-testes.com.br\/agazeta\/policia-civil-prende-envolvido-em-execucoes\/#primaryimage"},"image":{"@id":"https:\/\/nk7-testes.com.br\/agazeta\/policia-civil-prende-envolvido-em-execucoes\/#primaryimage"},"thumbnailUrl":"https:\/\/nk7-testes.com.br\/agazeta\/wp-content\/uploads\/2016\/11\/171116-policia-assassinatos-tvgazeta2.jpg","datePublished":"2016-11-17T21:02:06+00:00","author":{"@id":"https:\/\/nk7-testes.com.br\/agazeta\/#\/schema\/person\/6d6e25cb0435eb4a02fd44d30b4e3020"},"breadcrumb":{"@id":"https:\/\/nk7-testes.com.br\/agazeta\/policia-civil-prende-envolvido-em-execucoes\/#breadcrumb"},"inLanguage":"pt-BR","potentialAction":[{"@type":"ReadAction","target":["https:\/\/nk7-testes.com.br\/agazeta\/policia-civil-prende-envolvido-em-execucoes\/"]}]},{"@type":"ImageObject","inLanguage":"pt-BR","@id":"https:\/\/nk7-testes.com.br\/agazeta\/policia-civil-prende-envolvido-em-execucoes\/#primaryimage","url":"https:\/\/nk7-testes.com.br\/agazeta\/wp-content\/uploads\/2016\/11\/171116-policia-assassinatos-tvgazeta2.jpg","contentUrl":"https:\/\/nk7-testes.com.br\/agazeta\/wp-content\/uploads\/2016\/11\/171116-policia-assassinatos-tvgazeta2.jpg","width":458,"height":340,"caption":"171116-policia-assassinatos-tvgazeta2"},{"@type":"BreadcrumbList","@id":"https:\/\/nk7-testes.com.br\/agazeta\/policia-civil-prende-envolvido-em-execucoes\/#breadcrumb","itemListElement":[{"@type":"ListItem","position":1,"name":"In\u00edcio","item":"https:\/\/nk7-testes.com.br\/agazeta\/"},{"@type":"ListItem","position":2,"name":"Pol\u00edcia Civil prende envolvido em execu\u00e7\u00f5es"}]},{"@type":"WebSite","@id":"https:\/\/nk7-testes.com.br\/agazeta\/#website","url":"https:\/\/nk7-testes.com.br\/agazeta\/","name":"Agazeta.net","description":"Agazeta.net - Not\u00edcias de Rio Branco\/AC","potentialAction":[{"@type":"SearchAction","target":{"@type":"EntryPoint","urlTemplate":"https:\/\/nk7-testes.com.br\/agazeta\/?s={search_term_string}"},"query-input":{"@type":"PropertyValueSpecification","valueRequired":true,"valueName":"search_term_string"}}],"inLanguage":"pt-BR"},{"@type":"Person","@id":"https:\/\/nk7-testes.com.br\/agazeta\/#\/schema\/person\/6d6e25cb0435eb4a02fd44d30b4e3020","name":"Agazeta.Net","url":"https:\/\/nk7-testes.com.br\/agazeta\/author\/agazeta\/"}]}},"_links":{"self":[{"href":"https:\/\/nk7-testes.com.br\/agazeta\/wp-json\/wp\/v2\/posts\/26466","targetHints":{"allow":["GET"]}}],"collection":[{"href":"https:\/\/nk7-testes.com.br\/agazeta\/wp-json\/wp\/v2\/posts"}],"about":[{"href":"https:\/\/nk7-testes.com.br\/agazeta\/wp-json\/wp\/v2\/types\/post"}],"author":[{"embeddable":true,"href":"https:\/\/nk7-testes.com.br\/agazeta\/wp-json\/wp\/v2\/users\/4"}],"replies":[{"embeddable":true,"href":"https:\/\/nk7-testes.com.br\/agazeta\/wp-json\/wp\/v2\/comments?post=26466"}],"version-history":[{"count":0,"href":"https:\/\/nk7-testes.com.br\/agazeta\/wp-json\/wp\/v2\/posts\/26466\/revisions"}],"wp:featuredmedia":[{"embeddable":true,"href":"https:\/\/nk7-testes.com.br\/agazeta\/wp-json\/wp\/v2\/media\/26465"}],"wp:attachment":[{"href":"https:\/\/nk7-testes.com.br\/agazeta\/wp-json\/wp\/v2\/media?parent=26466"}],"wp:term":[{"taxonomy":"category","embeddable":true,"href":"https:\/\/nk7-testes.com.br\/agazeta\/wp-json\/wp\/v2\/categories?post=26466"},{"taxonomy":"post_tag","embeddable":true,"href":"https:\/\/nk7-testes.com.br\/agazeta\/wp-json\/wp\/v2\/tags?post=26466"}],"curies":[{"name":"wp","href":"https:\/\/api.w.org\/{rel}","templated":true}]}}