{"id":26446,"date":"2016-11-17T14:27:26","date_gmt":"2016-11-17T14:27:26","guid":{"rendered":"https:\/\/abarevegan.com.br\/index.php\/2016\/11\/17\/por-que-e-feriado-no-acre-hoje\/"},"modified":"2016-11-17T14:27:26","modified_gmt":"2016-11-17T14:27:26","slug":"por-que-e-feriado-no-acre-hoje","status":"publish","type":"post","link":"https:\/\/nk7-testes.com.br\/agazeta\/por-que-e-feriado-no-acre-hoje\/","title":{"rendered":"Por que \u00e9 feriado no Acre hoje?"},"content":{"rendered":"<p style=\"text-align: justify;\">Tratado formalizou ades\u00e3o do territ\u00f3rio ao Brasil<\/p>\n<p style=\"text-align: justify;\">O Tratado de Petr\u00f3polis foi firmado em 17 de novembro de 1903. O acordo formalizou a incorpora\u00e7\u00e3o do Acre, ao territ\u00f3rio brasileiro. O estado era propriedade da Bol\u00edvia desde 1750. No in\u00edcio do s\u00e9culo XX, a regi\u00e3o foi povoada por aproximadamente 20 mil brasileiros, atra\u00eddos pela expans\u00e3o da extra\u00e7\u00e3o de borracha.<\/p>\n<p style=\"text-align: justify;\">Segundo o historiador Marcos Vin\u00edcius, a dificuldade de acesso impedia que os bolivianos, donos da terra chegassem at\u00e9 os seringais e com isso, os brasileiros se apropriaram do local.<\/p>\n<p style=\"text-align: justify;\">Apesar dos motivos econ\u00f4micos serem fortes, numa \u00e9poca em que o l\u00e1tex era considerado o ouro branco, para o historiador, o Tratado de Petr\u00f3polis s\u00f3 aconteceu por que pesou na balan\u00e7a a presen\u00e7a expressiva de brasileiros em terras vizinhas.<\/p>\n<p style=\"text-align: justify;\">\u201cO Tratado pacificou a regi\u00e3o, p\u00f4s fim a longa guerra, com v\u00e1rios movimentos, Galvez, Expedi\u00e7\u00e3o dos Poetas, Pl\u00e1cido de Castro, enfim. P\u00f4s fim a esse longo per\u00edodo de guerra e por outro lado consolidou oficialmente o Acre como territ\u00f3rio brasileiro. Por isso digo que o Tratado de Petr\u00f3polis em alguma medida \u00e9 a certid\u00e3o de nascimento brasileira do Acre\u201d, explica.<\/p>\n<p style=\"text-align: justify;\">Ap\u00f3s v\u00e1rias tentativas de retomar o territ\u00f3rio, a Bol\u00edvia decidiu abrir m\u00e3o e aceitou o acordo. Para o historiador, quem saiu ganhando foi o Brasil, n\u00e3o apenas pelo novo estado, mas tamb\u00e9m pelo pre\u00e7o do tratado.<\/p>\n<p style=\"text-align: justify;\">\u201cA Bol\u00edvia recebeu em troca do Acre cerca de 3 mil quil\u00f4metros quadrados de territ\u00f3rio alagado na regi\u00e3o do Mato Grosso, pra ceder 180 mil quil\u00f4metros, ou seja, uma diferen\u00e7a de territ\u00f3rio absurda. Al\u00e9m disso, a indeniza\u00e7\u00e3o em dinheiro, mesmo que tenha sido elevada, \u00e9 dinheiro, acaba, entra em caixa e vai embora. A rodovia Madeira Mamor\u00e9 foi efetivamente constru\u00edda, mas quando ficou pronta em 1912, j\u00e1 era o finalzinho do ciclo da borracha. J\u00e1 em 1913 houve crise da borracha e a rodovia ficou obsoleta. Ent\u00e3o praticamente a Bol\u00edvia n\u00e3o teve nenhuma vantagem ao ceder o Acre pro Brasil\u201d, opina.<\/p>\n<p style=\"text-align: justify;\">Atrav\u00e9s de negocia\u00e7\u00f5es diplom\u00e1ticas, Bar\u00e3o do Rio Branco, na \u00e9poca ministro das rela\u00e7\u00f5es exteriores coordenou as negocia\u00e7\u00f5es com a Bol\u00edvia. A cidade onde vivia, tamb\u00e9m entrou para a hist\u00f3ria dando nome ao Tratado.<\/p>\n<p style=\"text-align: justify;\">\u201cO Bar\u00e3o do Rio Branco tinha uma casa de ver\u00e3o em Petr\u00f3polis, no interior do estado do Rio de Janeiro. Como a press\u00e3o sobre o tratado era muito grande. A opini\u00e3o p\u00fablica nacional e internacional estava muito focada nisso, Bar\u00e3o levou os negociadores brasileiros e bolivianos pra casa de ver\u00e3o em Petr\u00f3polis e l\u00e1 foi negociado e assinado e por isso se tornou o Tratado de Petr\u00f3polis\u201d, explica.<\/p>\n<p style=\"text-align: justify;\">O Tratado n\u00e3o foi o in\u00edcio, lembra o historiador, mas n\u00e3o \u00e9 menos importante que o per\u00edodo de luta pela ocupa\u00e7\u00e3o do territ\u00f3rio. O conjunto hist\u00f3rico, de acordo com ele n\u00e3o deve ser esquecido, antes, precisa ser celebrado pelos acrianos.<\/p>\n","protected":false},"excerpt":{"rendered":"<p style=\"text-align: justify;\">Tratado formalizou ades\u00e3o do territ\u00f3rio ao Brasil<\/p>\n","protected":false},"author":4,"featured_media":26445,"comment_status":"open","ping_status":"open","sticky":false,"template":"","format":"standard","meta":{"jnews-multi-image_gallery":[],"jnews_single_post":[],"jnews_primary_category":[],"jnews_social_meta":[],"jnews_review":[],"enable_review":"","type":"","name":"","summary":"","brand":"","sku":"","good":[],"bad":[],"score_override":"","override_value":"","rating":[],"price":[],"footnotes":""},"categories":[54],"tags":[],"class_list":["post-26446","post","type-post","status-publish","format-standard","has-post-thumbnail","hentry","category-cotidiano"],"yoast_head":"<!-- This site is optimized with the Yoast SEO plugin v26.5 - https:\/\/yoast.com\/wordpress\/plugins\/seo\/ -->\n<title>Por que \u00e9 feriado no Acre hoje? - Agazeta.net<\/title>\n<meta name=\"robots\" content=\"index, follow, max-snippet:-1, max-image-preview:large, max-video-preview:-1\" \/>\n<link rel=\"canonical\" href=\"https:\/\/nk7-testes.com.br\/agazeta\/por-que-e-feriado-no-acre-hoje\/\" \/>\n<meta property=\"og:locale\" content=\"pt_BR\" \/>\n<meta property=\"og:type\" content=\"article\" \/>\n<meta property=\"og:title\" content=\"Por que \u00e9 feriado no Acre hoje? - Agazeta.net\" \/>\n<meta property=\"og:description\" content=\"Tratado formalizou ades\u00e3o do territ\u00f3rio ao Brasil\" \/>\n<meta property=\"og:url\" content=\"https:\/\/nk7-testes.com.br\/agazeta\/por-que-e-feriado-no-acre-hoje\/\" \/>\n<meta property=\"og:site_name\" content=\"Agazeta.net\" \/>\n<meta property=\"article:published_time\" content=\"2016-11-17T14:27:26+00:00\" \/>\n<meta property=\"og:image\" content=\"https:\/\/nk7-testes.com.br\/agazeta\/wp-content\/uploads\/2016\/11\/171116-cotidiano-tratadopetropolis-arquivo.jpg\" \/>\n\t<meta property=\"og:image:width\" content=\"458\" \/>\n\t<meta property=\"og:image:height\" content=\"340\" \/>\n\t<meta property=\"og:image:type\" content=\"image\/jpeg\" \/>\n<meta name=\"author\" content=\"Agazeta.Net\" \/>\n<meta name=\"twitter:card\" content=\"summary_large_image\" \/>\n<meta name=\"twitter:label1\" content=\"Escrito por\" \/>\n\t<meta name=\"twitter:data1\" content=\"Agazeta.Net\" \/>\n\t<meta name=\"twitter:label2\" content=\"Est. tempo de leitura\" \/>\n\t<meta name=\"twitter:data2\" content=\"3 minutos\" \/>\n<script type=\"application\/ld+json\" class=\"yoast-schema-graph\">{\"@context\":\"https:\/\/schema.org\",\"@graph\":[{\"@type\":\"WebPage\",\"@id\":\"https:\/\/nk7-testes.com.br\/agazeta\/por-que-e-feriado-no-acre-hoje\/\",\"url\":\"https:\/\/nk7-testes.com.br\/agazeta\/por-que-e-feriado-no-acre-hoje\/\",\"name\":\"Por que \u00e9 feriado no Acre hoje? - Agazeta.net\",\"isPartOf\":{\"@id\":\"https:\/\/nk7-testes.com.br\/agazeta\/#website\"},\"primaryImageOfPage\":{\"@id\":\"https:\/\/nk7-testes.com.br\/agazeta\/por-que-e-feriado-no-acre-hoje\/#primaryimage\"},\"image\":{\"@id\":\"https:\/\/nk7-testes.com.br\/agazeta\/por-que-e-feriado-no-acre-hoje\/#primaryimage\"},\"thumbnailUrl\":\"https:\/\/nk7-testes.com.br\/agazeta\/wp-content\/uploads\/2016\/11\/171116-cotidiano-tratadopetropolis-arquivo.jpg\",\"datePublished\":\"2016-11-17T14:27:26+00:00\",\"author\":{\"@id\":\"https:\/\/nk7-testes.com.br\/agazeta\/#\/schema\/person\/ff6b39d54d6973bfc57f4140f659b23f\"},\"breadcrumb\":{\"@id\":\"https:\/\/nk7-testes.com.br\/agazeta\/por-que-e-feriado-no-acre-hoje\/#breadcrumb\"},\"inLanguage\":\"pt-BR\",\"potentialAction\":[{\"@type\":\"ReadAction\",\"target\":[\"https:\/\/nk7-testes.com.br\/agazeta\/por-que-e-feriado-no-acre-hoje\/\"]}]},{\"@type\":\"ImageObject\",\"inLanguage\":\"pt-BR\",\"@id\":\"https:\/\/nk7-testes.com.br\/agazeta\/por-que-e-feriado-no-acre-hoje\/#primaryimage\",\"url\":\"https:\/\/nk7-testes.com.br\/agazeta\/wp-content\/uploads\/2016\/11\/171116-cotidiano-tratadopetropolis-arquivo.jpg\",\"contentUrl\":\"https:\/\/nk7-testes.com.br\/agazeta\/wp-content\/uploads\/2016\/11\/171116-cotidiano-tratadopetropolis-arquivo.jpg\",\"width\":458,\"height\":340,\"caption\":\"171116-cotidiano-tratadopetropolis-arquivo\"},{\"@type\":\"BreadcrumbList\",\"@id\":\"https:\/\/nk7-testes.com.br\/agazeta\/por-que-e-feriado-no-acre-hoje\/#breadcrumb\",\"itemListElement\":[{\"@type\":\"ListItem\",\"position\":1,\"name\":\"In\u00edcio\",\"item\":\"https:\/\/nk7-testes.com.br\/agazeta\/\"},{\"@type\":\"ListItem\",\"position\":2,\"name\":\"Por que \u00e9 feriado no Acre hoje?\"}]},{\"@type\":\"WebSite\",\"@id\":\"https:\/\/nk7-testes.com.br\/agazeta\/#website\",\"url\":\"https:\/\/nk7-testes.com.br\/agazeta\/\",\"name\":\"Agazeta.net\",\"description\":\"Agazeta.net - Not\u00edcias de Rio Branco\/AC\",\"potentialAction\":[{\"@type\":\"SearchAction\",\"target\":{\"@type\":\"EntryPoint\",\"urlTemplate\":\"https:\/\/nk7-testes.com.br\/agazeta\/?s={search_term_string}\"},\"query-input\":{\"@type\":\"PropertyValueSpecification\",\"valueRequired\":true,\"valueName\":\"search_term_string\"}}],\"inLanguage\":\"pt-BR\"},{\"@type\":\"Person\",\"@id\":\"https:\/\/nk7-testes.com.br\/agazeta\/#\/schema\/person\/ff6b39d54d6973bfc57f4140f659b23f\",\"name\":\"Agazeta.Net\",\"url\":\"https:\/\/nk7-testes.com.br\/agazeta\/author\/agazeta\/\"}]}<\/script>\n<!-- \/ Yoast SEO plugin. -->","yoast_head_json":{"title":"Por que \u00e9 feriado no Acre hoje? - Agazeta.net","robots":{"index":"index","follow":"follow","max-snippet":"max-snippet:-1","max-image-preview":"max-image-preview:large","max-video-preview":"max-video-preview:-1"},"canonical":"https:\/\/nk7-testes.com.br\/agazeta\/por-que-e-feriado-no-acre-hoje\/","og_locale":"pt_BR","og_type":"article","og_title":"Por que \u00e9 feriado no Acre hoje? - Agazeta.net","og_description":"Tratado formalizou ades\u00e3o do territ\u00f3rio ao Brasil","og_url":"https:\/\/nk7-testes.com.br\/agazeta\/por-que-e-feriado-no-acre-hoje\/","og_site_name":"Agazeta.net","article_published_time":"2016-11-17T14:27:26+00:00","og_image":[{"width":458,"height":340,"url":"https:\/\/nk7-testes.com.br\/agazeta\/wp-content\/uploads\/2016\/11\/171116-cotidiano-tratadopetropolis-arquivo.jpg","type":"image\/jpeg"}],"author":"Agazeta.Net","twitter_card":"summary_large_image","twitter_misc":{"Escrito por":"Agazeta.Net","Est. tempo de leitura":"3 minutos"},"schema":{"@context":"https:\/\/schema.org","@graph":[{"@type":"WebPage","@id":"https:\/\/nk7-testes.com.br\/agazeta\/por-que-e-feriado-no-acre-hoje\/","url":"https:\/\/nk7-testes.com.br\/agazeta\/por-que-e-feriado-no-acre-hoje\/","name":"Por que \u00e9 feriado no Acre hoje? - Agazeta.net","isPartOf":{"@id":"https:\/\/nk7-testes.com.br\/agazeta\/#website"},"primaryImageOfPage":{"@id":"https:\/\/nk7-testes.com.br\/agazeta\/por-que-e-feriado-no-acre-hoje\/#primaryimage"},"image":{"@id":"https:\/\/nk7-testes.com.br\/agazeta\/por-que-e-feriado-no-acre-hoje\/#primaryimage"},"thumbnailUrl":"https:\/\/nk7-testes.com.br\/agazeta\/wp-content\/uploads\/2016\/11\/171116-cotidiano-tratadopetropolis-arquivo.jpg","datePublished":"2016-11-17T14:27:26+00:00","author":{"@id":"https:\/\/nk7-testes.com.br\/agazeta\/#\/schema\/person\/ff6b39d54d6973bfc57f4140f659b23f"},"breadcrumb":{"@id":"https:\/\/nk7-testes.com.br\/agazeta\/por-que-e-feriado-no-acre-hoje\/#breadcrumb"},"inLanguage":"pt-BR","potentialAction":[{"@type":"ReadAction","target":["https:\/\/nk7-testes.com.br\/agazeta\/por-que-e-feriado-no-acre-hoje\/"]}]},{"@type":"ImageObject","inLanguage":"pt-BR","@id":"https:\/\/nk7-testes.com.br\/agazeta\/por-que-e-feriado-no-acre-hoje\/#primaryimage","url":"https:\/\/nk7-testes.com.br\/agazeta\/wp-content\/uploads\/2016\/11\/171116-cotidiano-tratadopetropolis-arquivo.jpg","contentUrl":"https:\/\/nk7-testes.com.br\/agazeta\/wp-content\/uploads\/2016\/11\/171116-cotidiano-tratadopetropolis-arquivo.jpg","width":458,"height":340,"caption":"171116-cotidiano-tratadopetropolis-arquivo"},{"@type":"BreadcrumbList","@id":"https:\/\/nk7-testes.com.br\/agazeta\/por-que-e-feriado-no-acre-hoje\/#breadcrumb","itemListElement":[{"@type":"ListItem","position":1,"name":"In\u00edcio","item":"https:\/\/nk7-testes.com.br\/agazeta\/"},{"@type":"ListItem","position":2,"name":"Por que \u00e9 feriado no Acre hoje?"}]},{"@type":"WebSite","@id":"https:\/\/nk7-testes.com.br\/agazeta\/#website","url":"https:\/\/nk7-testes.com.br\/agazeta\/","name":"Agazeta.net","description":"Agazeta.net - Not\u00edcias de Rio Branco\/AC","potentialAction":[{"@type":"SearchAction","target":{"@type":"EntryPoint","urlTemplate":"https:\/\/nk7-testes.com.br\/agazeta\/?s={search_term_string}"},"query-input":{"@type":"PropertyValueSpecification","valueRequired":true,"valueName":"search_term_string"}}],"inLanguage":"pt-BR"},{"@type":"Person","@id":"https:\/\/nk7-testes.com.br\/agazeta\/#\/schema\/person\/ff6b39d54d6973bfc57f4140f659b23f","name":"Agazeta.Net","url":"https:\/\/nk7-testes.com.br\/agazeta\/author\/agazeta\/"}]}},"_links":{"self":[{"href":"https:\/\/nk7-testes.com.br\/agazeta\/wp-json\/wp\/v2\/posts\/26446","targetHints":{"allow":["GET"]}}],"collection":[{"href":"https:\/\/nk7-testes.com.br\/agazeta\/wp-json\/wp\/v2\/posts"}],"about":[{"href":"https:\/\/nk7-testes.com.br\/agazeta\/wp-json\/wp\/v2\/types\/post"}],"author":[{"embeddable":true,"href":"https:\/\/nk7-testes.com.br\/agazeta\/wp-json\/wp\/v2\/users\/4"}],"replies":[{"embeddable":true,"href":"https:\/\/nk7-testes.com.br\/agazeta\/wp-json\/wp\/v2\/comments?post=26446"}],"version-history":[{"count":0,"href":"https:\/\/nk7-testes.com.br\/agazeta\/wp-json\/wp\/v2\/posts\/26446\/revisions"}],"wp:featuredmedia":[{"embeddable":true,"href":"https:\/\/nk7-testes.com.br\/agazeta\/wp-json\/wp\/v2\/media\/26445"}],"wp:attachment":[{"href":"https:\/\/nk7-testes.com.br\/agazeta\/wp-json\/wp\/v2\/media?parent=26446"}],"wp:term":[{"taxonomy":"category","embeddable":true,"href":"https:\/\/nk7-testes.com.br\/agazeta\/wp-json\/wp\/v2\/categories?post=26446"},{"taxonomy":"post_tag","embeddable":true,"href":"https:\/\/nk7-testes.com.br\/agazeta\/wp-json\/wp\/v2\/tags?post=26446"}],"curies":[{"name":"wp","href":"https:\/\/api.w.org\/{rel}","templated":true}]}}