{"id":26436,"date":"2016-11-16T15:24:41","date_gmt":"2016-11-16T15:24:41","guid":{"rendered":"https:\/\/abarevegan.com.br\/index.php\/2016\/11\/16\/menina-morre-em-acidente-de-transito-em-cruzeiro\/"},"modified":"2016-11-16T15:24:41","modified_gmt":"2016-11-16T15:24:41","slug":"menina-morre-em-acidente-de-transito-em-cruzeiro","status":"publish","type":"post","link":"https:\/\/nk7-testes.com.br\/agazeta\/menina-morre-em-acidente-de-transito-em-cruzeiro\/","title":{"rendered":"Menina morre em acidente de tr\u00e2nsito em Cruzeiro"},"content":{"rendered":"<p style=\"text-align: justify;\">M\u00e3e e filha foram atropeladas: crian\u00e7a morreu na hora<\/p>\n<p style=\"text-align: justify;\">Um grave acidente foi registrado na manh\u00e3 desta quarta-feira (16) na avenida Coronel M\u00e2ncio Lima, munic\u00edpio de Cruzeiro do Sul. Uma mulher e a filha foram atropelados por um caminh\u00e3o. A crian\u00e7a morreu na hora. As v\u00edtimas n\u00e3o tiveram o nome divulgado.<\/p>\n<p style=\"text-align: justify;\">Segundo testemunhas, a m\u00e3e e a menina trafegavam na avenida em uma bicicleta quando o condutor de um ve\u00edculo, que estava parado no acostamento, abriu a porta e atingiu as v\u00edtimas. Com o impacto, m\u00e3e e filha ca\u00edram na rua, no mesmo instante em que passava o caminh\u00e3o que n\u00e3o conseguiu desviar e atropelou a crian\u00e7a.<\/p>\n<p style=\"text-align: justify;\">A crian\u00e7a n\u00e3o resistiu aos ferimentos e morreu no local, a m\u00e3e foi encaminhada ao Hospital do Juru\u00e1 com ferimentos leves e em estado de choque. J\u00e1 os motoristas do carro e do caminh\u00e3o foram encaminhados \u00e0 delegacia do munic\u00edpio para serem ouvidos.<\/p>\n","protected":false},"excerpt":{"rendered":"<p style=\"text-align: justify;\">M\u00e3e e filha foram atropeladas: crian\u00e7a morreu na hora<\/p>\n","protected":false},"author":4,"featured_media":26435,"comment_status":"open","ping_status":"open","sticky":false,"template":"","format":"standard","meta":{"jnews-multi-image_gallery":[],"jnews_single_post":[],"jnews_primary_category":[],"jnews_social_meta":[],"jnews_review":[],"enable_review":"","type":"","name":"","summary":"","brand":"","sku":"","good":[],"bad":[],"score_override":"","override_value":"","rating":[],"price":[],"footnotes":""},"categories":[44],"tags":[],"class_list":["post-26436","post","type-post","status-publish","format-standard","has-post-thumbnail","hentry","category-policia"],"yoast_head":"<!-- This site is optimized with the Yoast SEO plugin v26.5 - https:\/\/yoast.com\/wordpress\/plugins\/seo\/ -->\n<title>Menina morre em acidente de tr\u00e2nsito em Cruzeiro - Agazeta.net<\/title>\n<meta name=\"robots\" content=\"index, follow, max-snippet:-1, max-image-preview:large, max-video-preview:-1\" \/>\n<link rel=\"canonical\" href=\"https:\/\/nk7-testes.com.br\/agazeta\/menina-morre-em-acidente-de-transito-em-cruzeiro\/\" \/>\n<meta property=\"og:locale\" content=\"pt_BR\" \/>\n<meta property=\"og:type\" content=\"article\" \/>\n<meta property=\"og:title\" content=\"Menina morre em acidente de tr\u00e2nsito em Cruzeiro - Agazeta.net\" \/>\n<meta property=\"og:description\" content=\"M\u00e3e e filha foram atropeladas: crian\u00e7a morreu na hora\" \/>\n<meta property=\"og:url\" content=\"https:\/\/nk7-testes.com.br\/agazeta\/menina-morre-em-acidente-de-transito-em-cruzeiro\/\" \/>\n<meta property=\"og:site_name\" content=\"Agazeta.net\" \/>\n<meta property=\"article:published_time\" content=\"2016-11-16T15:24:41+00:00\" \/>\n<meta property=\"og:image\" content=\"https:\/\/nk7-testes.com.br\/agazeta\/wp-content\/uploads\/2016\/11\/161116-policia-acidentecruzeiro-cedida.jpg\" \/>\n\t<meta property=\"og:image:width\" content=\"458\" \/>\n\t<meta property=\"og:image:height\" content=\"340\" \/>\n\t<meta property=\"og:image:type\" content=\"image\/jpeg\" \/>\n<meta name=\"author\" content=\"Agazeta.Net\" \/>\n<meta name=\"twitter:card\" content=\"summary_large_image\" \/>\n<meta name=\"twitter:label1\" content=\"Escrito por\" \/>\n\t<meta name=\"twitter:data1\" content=\"Agazeta.Net\" \/>\n\t<meta name=\"twitter:label2\" content=\"Est. tempo de leitura\" \/>\n\t<meta name=\"twitter:data2\" content=\"1 minuto\" \/>\n<script type=\"application\/ld+json\" class=\"yoast-schema-graph\">{\"@context\":\"https:\/\/schema.org\",\"@graph\":[{\"@type\":\"WebPage\",\"@id\":\"https:\/\/nk7-testes.com.br\/agazeta\/menina-morre-em-acidente-de-transito-em-cruzeiro\/\",\"url\":\"https:\/\/nk7-testes.com.br\/agazeta\/menina-morre-em-acidente-de-transito-em-cruzeiro\/\",\"name\":\"Menina morre em acidente de tr\u00e2nsito em Cruzeiro - Agazeta.net\",\"isPartOf\":{\"@id\":\"https:\/\/nk7-testes.com.br\/agazeta\/#website\"},\"primaryImageOfPage\":{\"@id\":\"https:\/\/nk7-testes.com.br\/agazeta\/menina-morre-em-acidente-de-transito-em-cruzeiro\/#primaryimage\"},\"image\":{\"@id\":\"https:\/\/nk7-testes.com.br\/agazeta\/menina-morre-em-acidente-de-transito-em-cruzeiro\/#primaryimage\"},\"thumbnailUrl\":\"https:\/\/nk7-testes.com.br\/agazeta\/wp-content\/uploads\/2016\/11\/161116-policia-acidentecruzeiro-cedida.jpg\",\"datePublished\":\"2016-11-16T15:24:41+00:00\",\"author\":{\"@id\":\"https:\/\/nk7-testes.com.br\/agazeta\/#\/schema\/person\/6d6e25cb0435eb4a02fd44d30b4e3020\"},\"breadcrumb\":{\"@id\":\"https:\/\/nk7-testes.com.br\/agazeta\/menina-morre-em-acidente-de-transito-em-cruzeiro\/#breadcrumb\"},\"inLanguage\":\"pt-BR\",\"potentialAction\":[{\"@type\":\"ReadAction\",\"target\":[\"https:\/\/nk7-testes.com.br\/agazeta\/menina-morre-em-acidente-de-transito-em-cruzeiro\/\"]}]},{\"@type\":\"ImageObject\",\"inLanguage\":\"pt-BR\",\"@id\":\"https:\/\/nk7-testes.com.br\/agazeta\/menina-morre-em-acidente-de-transito-em-cruzeiro\/#primaryimage\",\"url\":\"https:\/\/nk7-testes.com.br\/agazeta\/wp-content\/uploads\/2016\/11\/161116-policia-acidentecruzeiro-cedida.jpg\",\"contentUrl\":\"https:\/\/nk7-testes.com.br\/agazeta\/wp-content\/uploads\/2016\/11\/161116-policia-acidentecruzeiro-cedida.jpg\",\"width\":458,\"height\":340,\"caption\":\"161116-policia-acidentecruzeiro-cedida\"},{\"@type\":\"BreadcrumbList\",\"@id\":\"https:\/\/nk7-testes.com.br\/agazeta\/menina-morre-em-acidente-de-transito-em-cruzeiro\/#breadcrumb\",\"itemListElement\":[{\"@type\":\"ListItem\",\"position\":1,\"name\":\"In\u00edcio\",\"item\":\"https:\/\/nk7-testes.com.br\/agazeta\/\"},{\"@type\":\"ListItem\",\"position\":2,\"name\":\"Menina morre em acidente de tr\u00e2nsito em Cruzeiro\"}]},{\"@type\":\"WebSite\",\"@id\":\"https:\/\/nk7-testes.com.br\/agazeta\/#website\",\"url\":\"https:\/\/nk7-testes.com.br\/agazeta\/\",\"name\":\"Agazeta.net\",\"description\":\"Agazeta.net - Not\u00edcias de Rio Branco\/AC\",\"potentialAction\":[{\"@type\":\"SearchAction\",\"target\":{\"@type\":\"EntryPoint\",\"urlTemplate\":\"https:\/\/nk7-testes.com.br\/agazeta\/?s={search_term_string}\"},\"query-input\":{\"@type\":\"PropertyValueSpecification\",\"valueRequired\":true,\"valueName\":\"search_term_string\"}}],\"inLanguage\":\"pt-BR\"},{\"@type\":\"Person\",\"@id\":\"https:\/\/nk7-testes.com.br\/agazeta\/#\/schema\/person\/6d6e25cb0435eb4a02fd44d30b4e3020\",\"name\":\"Agazeta.Net\",\"url\":\"https:\/\/nk7-testes.com.br\/agazeta\/author\/agazeta\/\"}]}<\/script>\n<!-- \/ Yoast SEO plugin. -->","yoast_head_json":{"title":"Menina morre em acidente de tr\u00e2nsito em Cruzeiro - Agazeta.net","robots":{"index":"index","follow":"follow","max-snippet":"max-snippet:-1","max-image-preview":"max-image-preview:large","max-video-preview":"max-video-preview:-1"},"canonical":"https:\/\/nk7-testes.com.br\/agazeta\/menina-morre-em-acidente-de-transito-em-cruzeiro\/","og_locale":"pt_BR","og_type":"article","og_title":"Menina morre em acidente de tr\u00e2nsito em Cruzeiro - Agazeta.net","og_description":"M\u00e3e e filha foram atropeladas: crian\u00e7a morreu na hora","og_url":"https:\/\/nk7-testes.com.br\/agazeta\/menina-morre-em-acidente-de-transito-em-cruzeiro\/","og_site_name":"Agazeta.net","article_published_time":"2016-11-16T15:24:41+00:00","og_image":[{"width":458,"height":340,"url":"https:\/\/nk7-testes.com.br\/agazeta\/wp-content\/uploads\/2016\/11\/161116-policia-acidentecruzeiro-cedida.jpg","type":"image\/jpeg"}],"author":"Agazeta.Net","twitter_card":"summary_large_image","twitter_misc":{"Escrito por":"Agazeta.Net","Est. tempo de leitura":"1 minuto"},"schema":{"@context":"https:\/\/schema.org","@graph":[{"@type":"WebPage","@id":"https:\/\/nk7-testes.com.br\/agazeta\/menina-morre-em-acidente-de-transito-em-cruzeiro\/","url":"https:\/\/nk7-testes.com.br\/agazeta\/menina-morre-em-acidente-de-transito-em-cruzeiro\/","name":"Menina morre em acidente de tr\u00e2nsito em Cruzeiro - Agazeta.net","isPartOf":{"@id":"https:\/\/nk7-testes.com.br\/agazeta\/#website"},"primaryImageOfPage":{"@id":"https:\/\/nk7-testes.com.br\/agazeta\/menina-morre-em-acidente-de-transito-em-cruzeiro\/#primaryimage"},"image":{"@id":"https:\/\/nk7-testes.com.br\/agazeta\/menina-morre-em-acidente-de-transito-em-cruzeiro\/#primaryimage"},"thumbnailUrl":"https:\/\/nk7-testes.com.br\/agazeta\/wp-content\/uploads\/2016\/11\/161116-policia-acidentecruzeiro-cedida.jpg","datePublished":"2016-11-16T15:24:41+00:00","author":{"@id":"https:\/\/nk7-testes.com.br\/agazeta\/#\/schema\/person\/6d6e25cb0435eb4a02fd44d30b4e3020"},"breadcrumb":{"@id":"https:\/\/nk7-testes.com.br\/agazeta\/menina-morre-em-acidente-de-transito-em-cruzeiro\/#breadcrumb"},"inLanguage":"pt-BR","potentialAction":[{"@type":"ReadAction","target":["https:\/\/nk7-testes.com.br\/agazeta\/menina-morre-em-acidente-de-transito-em-cruzeiro\/"]}]},{"@type":"ImageObject","inLanguage":"pt-BR","@id":"https:\/\/nk7-testes.com.br\/agazeta\/menina-morre-em-acidente-de-transito-em-cruzeiro\/#primaryimage","url":"https:\/\/nk7-testes.com.br\/agazeta\/wp-content\/uploads\/2016\/11\/161116-policia-acidentecruzeiro-cedida.jpg","contentUrl":"https:\/\/nk7-testes.com.br\/agazeta\/wp-content\/uploads\/2016\/11\/161116-policia-acidentecruzeiro-cedida.jpg","width":458,"height":340,"caption":"161116-policia-acidentecruzeiro-cedida"},{"@type":"BreadcrumbList","@id":"https:\/\/nk7-testes.com.br\/agazeta\/menina-morre-em-acidente-de-transito-em-cruzeiro\/#breadcrumb","itemListElement":[{"@type":"ListItem","position":1,"name":"In\u00edcio","item":"https:\/\/nk7-testes.com.br\/agazeta\/"},{"@type":"ListItem","position":2,"name":"Menina morre em acidente de tr\u00e2nsito em Cruzeiro"}]},{"@type":"WebSite","@id":"https:\/\/nk7-testes.com.br\/agazeta\/#website","url":"https:\/\/nk7-testes.com.br\/agazeta\/","name":"Agazeta.net","description":"Agazeta.net - Not\u00edcias de Rio Branco\/AC","potentialAction":[{"@type":"SearchAction","target":{"@type":"EntryPoint","urlTemplate":"https:\/\/nk7-testes.com.br\/agazeta\/?s={search_term_string}"},"query-input":{"@type":"PropertyValueSpecification","valueRequired":true,"valueName":"search_term_string"}}],"inLanguage":"pt-BR"},{"@type":"Person","@id":"https:\/\/nk7-testes.com.br\/agazeta\/#\/schema\/person\/6d6e25cb0435eb4a02fd44d30b4e3020","name":"Agazeta.Net","url":"https:\/\/nk7-testes.com.br\/agazeta\/author\/agazeta\/"}]}},"_links":{"self":[{"href":"https:\/\/nk7-testes.com.br\/agazeta\/wp-json\/wp\/v2\/posts\/26436","targetHints":{"allow":["GET"]}}],"collection":[{"href":"https:\/\/nk7-testes.com.br\/agazeta\/wp-json\/wp\/v2\/posts"}],"about":[{"href":"https:\/\/nk7-testes.com.br\/agazeta\/wp-json\/wp\/v2\/types\/post"}],"author":[{"embeddable":true,"href":"https:\/\/nk7-testes.com.br\/agazeta\/wp-json\/wp\/v2\/users\/4"}],"replies":[{"embeddable":true,"href":"https:\/\/nk7-testes.com.br\/agazeta\/wp-json\/wp\/v2\/comments?post=26436"}],"version-history":[{"count":0,"href":"https:\/\/nk7-testes.com.br\/agazeta\/wp-json\/wp\/v2\/posts\/26436\/revisions"}],"wp:featuredmedia":[{"embeddable":true,"href":"https:\/\/nk7-testes.com.br\/agazeta\/wp-json\/wp\/v2\/media\/26435"}],"wp:attachment":[{"href":"https:\/\/nk7-testes.com.br\/agazeta\/wp-json\/wp\/v2\/media?parent=26436"}],"wp:term":[{"taxonomy":"category","embeddable":true,"href":"https:\/\/nk7-testes.com.br\/agazeta\/wp-json\/wp\/v2\/categories?post=26436"},{"taxonomy":"post_tag","embeddable":true,"href":"https:\/\/nk7-testes.com.br\/agazeta\/wp-json\/wp\/v2\/tags?post=26436"}],"curies":[{"name":"wp","href":"https:\/\/api.w.org\/{rel}","templated":true}]}}