{"id":26431,"date":"2016-11-16T14:43:27","date_gmt":"2016-11-16T14:43:27","guid":{"rendered":"https:\/\/abarevegan.com.br\/index.php\/2016\/11\/16\/mulher-e-acusada-de-furto-de-televisao\/"},"modified":"2016-11-16T14:43:27","modified_gmt":"2016-11-16T14:43:27","slug":"mulher-e-acusada-de-furto-de-televisao","status":"publish","type":"post","link":"https:\/\/nk7-testes.com.br\/agazeta\/mulher-e-acusada-de-furto-de-televisao\/","title":{"rendered":"Mulher \u00e9 acusada de furto de televis\u00e3o"},"content":{"rendered":"<p style=\"text-align: justify;\">Ela se diz inocente: \u201csou procuradora de ladr\u00e3o\u201d<\/p>\n<p style=\"text-align: justify;\">Rosa Maria Silva, 40 (moradora de rua) foi presa na manh\u00e3 desta ter\u00e7a-feira (15), no centro da cidade com uma televis\u00e3o de 42 polegadas. Durante a abordagem, a Pol\u00edcia Militar descobriu que a tev\u00ea seria produto de furto.<\/p>\n<p style=\"text-align: justify;\">Segundo informa\u00e7\u00f5es da pol\u00edcia, na madrugada desta ter\u00e7a-feira, uma pessoa teria entrado pelo forro do sindicato Sintiacre, que fica localizado no centro da cidade. O ladr\u00e3o teria furtado uma tev\u00ea e dois telefones sem fio.<\/p>\n<p style=\"text-align: justify;\">A acusada foi conduzida \u00e0 delegacia Central de Flagrantes junto com a tev\u00ea que, segundo a pol\u00edcia, estava quebrada. Na delegacia, a mulher se diz inocente. Segundo ela, trabalha no local olhando carro. \u201cSou dona da minha rua, procuradora de ladr\u00e3o\u201d, defende-se Rosa Maria.<\/p>\n<p style=\"text-align: justify;\">Ela teria tomado a tev\u00ea de um homem que, segundo ela, teria furtado o televisor. Rosa contou aos policias que, como trabalha no local olhando os carros, ela n\u00e3o aceita que os ladr\u00f5es roubem na sua \u00e1rea e, por isso, quando fica sabendo de furto no local ela tenta recuperar.<\/p>\n<p style=\"text-align: justify;\">O sistema de v\u00eddeo do local teria filmado a hora em que o ladr\u00e3o entra no local para furtar a tev\u00ea.<\/p>\n","protected":false},"excerpt":{"rendered":"<p style=\"text-align: justify;\">Ela se diz inocente: \u201csou procuradora de ladr\u00e3o\u201d<\/p>\n","protected":false},"author":4,"featured_media":26430,"comment_status":"open","ping_status":"open","sticky":false,"template":"","format":"standard","meta":{"jnews-multi-image_gallery":[],"jnews_single_post":[],"jnews_primary_category":[],"jnews_social_meta":[],"jnews_review":[],"enable_review":"","type":"","name":"","summary":"","brand":"","sku":"","good":[],"bad":[],"score_override":"","override_value":"","rating":[],"price":[],"footnotes":""},"categories":[44],"tags":[],"class_list":["post-26431","post","type-post","status-publish","format-standard","has-post-thumbnail","hentry","category-policia"],"yoast_head":"<!-- This site is optimized with the Yoast SEO plugin v26.5 - https:\/\/yoast.com\/wordpress\/plugins\/seo\/ -->\n<title>Mulher \u00e9 acusada de furto de televis\u00e3o - Agazeta.net<\/title>\n<meta name=\"robots\" content=\"index, follow, max-snippet:-1, max-image-preview:large, max-video-preview:-1\" \/>\n<link rel=\"canonical\" href=\"https:\/\/nk7-testes.com.br\/agazeta\/mulher-e-acusada-de-furto-de-televisao\/\" \/>\n<meta property=\"og:locale\" content=\"pt_BR\" \/>\n<meta property=\"og:type\" content=\"article\" \/>\n<meta property=\"og:title\" content=\"Mulher \u00e9 acusada de furto de televis\u00e3o - Agazeta.net\" \/>\n<meta property=\"og:description\" content=\"Ela se diz inocente: \u201csou procuradora de ladr\u00e3o\u201d\" \/>\n<meta property=\"og:url\" content=\"https:\/\/nk7-testes.com.br\/agazeta\/mulher-e-acusada-de-furto-de-televisao\/\" \/>\n<meta property=\"og:site_name\" content=\"Agazeta.net\" \/>\n<meta property=\"article:published_time\" content=\"2016-11-16T14:43:27+00:00\" \/>\n<meta property=\"og:image\" content=\"https:\/\/nk7-testes.com.br\/agazeta\/wp-content\/uploads\/2016\/11\/161116-policia-furtoteve-cedida.jpg\" \/>\n\t<meta property=\"og:image:width\" content=\"458\" \/>\n\t<meta property=\"og:image:height\" content=\"340\" \/>\n\t<meta property=\"og:image:type\" content=\"image\/jpeg\" \/>\n<meta name=\"author\" content=\"Agazeta.Net\" \/>\n<meta name=\"twitter:card\" content=\"summary_large_image\" \/>\n<meta name=\"twitter:label1\" content=\"Escrito por\" \/>\n\t<meta name=\"twitter:data1\" content=\"Agazeta.Net\" \/>\n\t<meta name=\"twitter:label2\" content=\"Est. tempo de leitura\" \/>\n\t<meta name=\"twitter:data2\" content=\"1 minuto\" \/>\n<script type=\"application\/ld+json\" class=\"yoast-schema-graph\">{\"@context\":\"https:\/\/schema.org\",\"@graph\":[{\"@type\":\"WebPage\",\"@id\":\"https:\/\/nk7-testes.com.br\/agazeta\/mulher-e-acusada-de-furto-de-televisao\/\",\"url\":\"https:\/\/nk7-testes.com.br\/agazeta\/mulher-e-acusada-de-furto-de-televisao\/\",\"name\":\"Mulher \u00e9 acusada de furto de televis\u00e3o - Agazeta.net\",\"isPartOf\":{\"@id\":\"https:\/\/nk7-testes.com.br\/agazeta\/#website\"},\"primaryImageOfPage\":{\"@id\":\"https:\/\/nk7-testes.com.br\/agazeta\/mulher-e-acusada-de-furto-de-televisao\/#primaryimage\"},\"image\":{\"@id\":\"https:\/\/nk7-testes.com.br\/agazeta\/mulher-e-acusada-de-furto-de-televisao\/#primaryimage\"},\"thumbnailUrl\":\"https:\/\/nk7-testes.com.br\/agazeta\/wp-content\/uploads\/2016\/11\/161116-policia-furtoteve-cedida.jpg\",\"datePublished\":\"2016-11-16T14:43:27+00:00\",\"author\":{\"@id\":\"https:\/\/nk7-testes.com.br\/agazeta\/#\/schema\/person\/6d6e25cb0435eb4a02fd44d30b4e3020\"},\"breadcrumb\":{\"@id\":\"https:\/\/nk7-testes.com.br\/agazeta\/mulher-e-acusada-de-furto-de-televisao\/#breadcrumb\"},\"inLanguage\":\"pt-BR\",\"potentialAction\":[{\"@type\":\"ReadAction\",\"target\":[\"https:\/\/nk7-testes.com.br\/agazeta\/mulher-e-acusada-de-furto-de-televisao\/\"]}]},{\"@type\":\"ImageObject\",\"inLanguage\":\"pt-BR\",\"@id\":\"https:\/\/nk7-testes.com.br\/agazeta\/mulher-e-acusada-de-furto-de-televisao\/#primaryimage\",\"url\":\"https:\/\/nk7-testes.com.br\/agazeta\/wp-content\/uploads\/2016\/11\/161116-policia-furtoteve-cedida.jpg\",\"contentUrl\":\"https:\/\/nk7-testes.com.br\/agazeta\/wp-content\/uploads\/2016\/11\/161116-policia-furtoteve-cedida.jpg\",\"width\":458,\"height\":340,\"caption\":\"161116-policia-furtoteve-cedida\"},{\"@type\":\"BreadcrumbList\",\"@id\":\"https:\/\/nk7-testes.com.br\/agazeta\/mulher-e-acusada-de-furto-de-televisao\/#breadcrumb\",\"itemListElement\":[{\"@type\":\"ListItem\",\"position\":1,\"name\":\"In\u00edcio\",\"item\":\"https:\/\/nk7-testes.com.br\/agazeta\/\"},{\"@type\":\"ListItem\",\"position\":2,\"name\":\"Mulher \u00e9 acusada de furto de televis\u00e3o\"}]},{\"@type\":\"WebSite\",\"@id\":\"https:\/\/nk7-testes.com.br\/agazeta\/#website\",\"url\":\"https:\/\/nk7-testes.com.br\/agazeta\/\",\"name\":\"Agazeta.net\",\"description\":\"Agazeta.net - Not\u00edcias de Rio Branco\/AC\",\"potentialAction\":[{\"@type\":\"SearchAction\",\"target\":{\"@type\":\"EntryPoint\",\"urlTemplate\":\"https:\/\/nk7-testes.com.br\/agazeta\/?s={search_term_string}\"},\"query-input\":{\"@type\":\"PropertyValueSpecification\",\"valueRequired\":true,\"valueName\":\"search_term_string\"}}],\"inLanguage\":\"pt-BR\"},{\"@type\":\"Person\",\"@id\":\"https:\/\/nk7-testes.com.br\/agazeta\/#\/schema\/person\/6d6e25cb0435eb4a02fd44d30b4e3020\",\"name\":\"Agazeta.Net\",\"url\":\"https:\/\/nk7-testes.com.br\/agazeta\/author\/agazeta\/\"}]}<\/script>\n<!-- \/ Yoast SEO plugin. -->","yoast_head_json":{"title":"Mulher \u00e9 acusada de furto de televis\u00e3o - Agazeta.net","robots":{"index":"index","follow":"follow","max-snippet":"max-snippet:-1","max-image-preview":"max-image-preview:large","max-video-preview":"max-video-preview:-1"},"canonical":"https:\/\/nk7-testes.com.br\/agazeta\/mulher-e-acusada-de-furto-de-televisao\/","og_locale":"pt_BR","og_type":"article","og_title":"Mulher \u00e9 acusada de furto de televis\u00e3o - Agazeta.net","og_description":"Ela se diz inocente: \u201csou procuradora de ladr\u00e3o\u201d","og_url":"https:\/\/nk7-testes.com.br\/agazeta\/mulher-e-acusada-de-furto-de-televisao\/","og_site_name":"Agazeta.net","article_published_time":"2016-11-16T14:43:27+00:00","og_image":[{"width":458,"height":340,"url":"https:\/\/nk7-testes.com.br\/agazeta\/wp-content\/uploads\/2016\/11\/161116-policia-furtoteve-cedida.jpg","type":"image\/jpeg"}],"author":"Agazeta.Net","twitter_card":"summary_large_image","twitter_misc":{"Escrito por":"Agazeta.Net","Est. tempo de leitura":"1 minuto"},"schema":{"@context":"https:\/\/schema.org","@graph":[{"@type":"WebPage","@id":"https:\/\/nk7-testes.com.br\/agazeta\/mulher-e-acusada-de-furto-de-televisao\/","url":"https:\/\/nk7-testes.com.br\/agazeta\/mulher-e-acusada-de-furto-de-televisao\/","name":"Mulher \u00e9 acusada de furto de televis\u00e3o - Agazeta.net","isPartOf":{"@id":"https:\/\/nk7-testes.com.br\/agazeta\/#website"},"primaryImageOfPage":{"@id":"https:\/\/nk7-testes.com.br\/agazeta\/mulher-e-acusada-de-furto-de-televisao\/#primaryimage"},"image":{"@id":"https:\/\/nk7-testes.com.br\/agazeta\/mulher-e-acusada-de-furto-de-televisao\/#primaryimage"},"thumbnailUrl":"https:\/\/nk7-testes.com.br\/agazeta\/wp-content\/uploads\/2016\/11\/161116-policia-furtoteve-cedida.jpg","datePublished":"2016-11-16T14:43:27+00:00","author":{"@id":"https:\/\/nk7-testes.com.br\/agazeta\/#\/schema\/person\/6d6e25cb0435eb4a02fd44d30b4e3020"},"breadcrumb":{"@id":"https:\/\/nk7-testes.com.br\/agazeta\/mulher-e-acusada-de-furto-de-televisao\/#breadcrumb"},"inLanguage":"pt-BR","potentialAction":[{"@type":"ReadAction","target":["https:\/\/nk7-testes.com.br\/agazeta\/mulher-e-acusada-de-furto-de-televisao\/"]}]},{"@type":"ImageObject","inLanguage":"pt-BR","@id":"https:\/\/nk7-testes.com.br\/agazeta\/mulher-e-acusada-de-furto-de-televisao\/#primaryimage","url":"https:\/\/nk7-testes.com.br\/agazeta\/wp-content\/uploads\/2016\/11\/161116-policia-furtoteve-cedida.jpg","contentUrl":"https:\/\/nk7-testes.com.br\/agazeta\/wp-content\/uploads\/2016\/11\/161116-policia-furtoteve-cedida.jpg","width":458,"height":340,"caption":"161116-policia-furtoteve-cedida"},{"@type":"BreadcrumbList","@id":"https:\/\/nk7-testes.com.br\/agazeta\/mulher-e-acusada-de-furto-de-televisao\/#breadcrumb","itemListElement":[{"@type":"ListItem","position":1,"name":"In\u00edcio","item":"https:\/\/nk7-testes.com.br\/agazeta\/"},{"@type":"ListItem","position":2,"name":"Mulher \u00e9 acusada de furto de televis\u00e3o"}]},{"@type":"WebSite","@id":"https:\/\/nk7-testes.com.br\/agazeta\/#website","url":"https:\/\/nk7-testes.com.br\/agazeta\/","name":"Agazeta.net","description":"Agazeta.net - Not\u00edcias de Rio Branco\/AC","potentialAction":[{"@type":"SearchAction","target":{"@type":"EntryPoint","urlTemplate":"https:\/\/nk7-testes.com.br\/agazeta\/?s={search_term_string}"},"query-input":{"@type":"PropertyValueSpecification","valueRequired":true,"valueName":"search_term_string"}}],"inLanguage":"pt-BR"},{"@type":"Person","@id":"https:\/\/nk7-testes.com.br\/agazeta\/#\/schema\/person\/6d6e25cb0435eb4a02fd44d30b4e3020","name":"Agazeta.Net","url":"https:\/\/nk7-testes.com.br\/agazeta\/author\/agazeta\/"}]}},"_links":{"self":[{"href":"https:\/\/nk7-testes.com.br\/agazeta\/wp-json\/wp\/v2\/posts\/26431","targetHints":{"allow":["GET"]}}],"collection":[{"href":"https:\/\/nk7-testes.com.br\/agazeta\/wp-json\/wp\/v2\/posts"}],"about":[{"href":"https:\/\/nk7-testes.com.br\/agazeta\/wp-json\/wp\/v2\/types\/post"}],"author":[{"embeddable":true,"href":"https:\/\/nk7-testes.com.br\/agazeta\/wp-json\/wp\/v2\/users\/4"}],"replies":[{"embeddable":true,"href":"https:\/\/nk7-testes.com.br\/agazeta\/wp-json\/wp\/v2\/comments?post=26431"}],"version-history":[{"count":0,"href":"https:\/\/nk7-testes.com.br\/agazeta\/wp-json\/wp\/v2\/posts\/26431\/revisions"}],"wp:featuredmedia":[{"embeddable":true,"href":"https:\/\/nk7-testes.com.br\/agazeta\/wp-json\/wp\/v2\/media\/26430"}],"wp:attachment":[{"href":"https:\/\/nk7-testes.com.br\/agazeta\/wp-json\/wp\/v2\/media?parent=26431"}],"wp:term":[{"taxonomy":"category","embeddable":true,"href":"https:\/\/nk7-testes.com.br\/agazeta\/wp-json\/wp\/v2\/categories?post=26431"},{"taxonomy":"post_tag","embeddable":true,"href":"https:\/\/nk7-testes.com.br\/agazeta\/wp-json\/wp\/v2\/tags?post=26431"}],"curies":[{"name":"wp","href":"https:\/\/api.w.org\/{rel}","templated":true}]}}