{"id":26425,"date":"2016-11-15T20:54:13","date_gmt":"2016-11-15T20:54:13","guid":{"rendered":"https:\/\/abarevegan.com.br\/index.php\/2016\/11\/15\/jovem-pode-ter-sido-preso-por-engano-na-sobral\/"},"modified":"2016-11-15T20:54:13","modified_gmt":"2016-11-15T20:54:13","slug":"jovem-pode-ter-sido-preso-por-engano-na-sobral","status":"publish","type":"post","link":"https:\/\/nk7-testes.com.br\/agazeta\/jovem-pode-ter-sido-preso-por-engano-na-sobral\/","title":{"rendered":"Jovem pode ter sido preso por engano na Sobral"},"content":{"rendered":"<p style=\"text-align: justify;\">\u201cUma pessoa de bem foi presa\u201d, indigna-se cunhado<\/p>\n<p style=\"text-align: justify;\">Um furto registrado na madrugada de segunda-feira (14) a uma loja de confec\u00e7\u00f5es no bairro Sobral terminou de forma inesperada. De acordo com a estudante Fabiana Silva de Moura, ela, o irm\u00e3o e o namorado, tamb\u00e9m estudante, Kemerson Silva Muniz, foram presos injustamente ap\u00f3s uma tentativa de furto a uma loja de confec\u00e7\u00f5es que fica ao lado da casa onde ela mora, no bairro Sobral.<\/p>\n<p style=\"text-align: justify;\">Fabiana conta ainda que todos estavam dormindo quando, por volta das 00:30h desta ter\u00e7a-feira (15), o irm\u00e3o dela ouviu um barulho. Ao sair de casa para verificar do que se tratava, ele se deparou com um homem andando por cima da casinha do cachorro e outro em cima do telhado do banheiro. Ele chamou o namorado de Fabiana para ajudar, mas ela n\u00e3o o deixou sair.<\/p>\n<p style=\"text-align: justify;\">Na casa, moram Fabiana, a m\u00e3e, o irm\u00e3o e o padrasto. Com a confus\u00e3o, todos acordaram. O irm\u00e3o da jovem ent\u00e3o teria sa\u00eddo e foi at\u00e9 a outra rua em busca dos bandidos.<\/p>\n<p style=\"text-align: justify;\">Ela disse que saiu atr\u00e1s dele com medo dos suspeitos tentarem algo contra seu irm\u00e3o. Minutos depois outros vizinhos foram ao local, assim como a pol\u00edcia. Kemerson (que s\u00f3 foi ao local tempos depois) foi abordado pela pol\u00edcia e acusado de ser o assaltante.<\/p>\n<p style=\"text-align: justify;\">\u201cEle [policial] bateu nele; deu uma ripada nele; ficou perguntando pelo outro, e ele dizendo que n\u00e3o sabia \u2018de outro\u2019 e dizendo que n\u00e3o era ladr\u00e3o. O policial bateu no rosto dele, jogou ele (sic) no ch\u00e3o que machucou a testa dele (sic). Eles nem deram a chance de explicar que ele n\u00e3o era bandido\u201d, revoltou-se.<\/p>\n<p style=\"text-align: justify;\">Ao chegar ao local onde estavam as testemunhas, todos disseram que o jovem n\u00e3o era o suspeito. Mesmo assim, ele foi levado \u00e0 Delegacia de Flagrantes. Al\u00e9m de Kemerson, Fabiana e o irm\u00e3o tamb\u00e9m foram levados.<\/p>\n<p style=\"text-align: justify;\">Ela e o namorado ficaram detidos. \u00c0s 7h da manh\u00e3 de hoje, a estudante foi liberada, mas Kemerson continua detido no aguardo da audi\u00eancia de cust\u00f3dia.<\/p>\n<p style=\"text-align: justify;\">\u201cTodo mundo falou que o Kemerson n\u00e3o tinha nada a ver, ele estava dormindo mais eu (sic). A prova \u00e9 tanta que eu fui presa de baby doll. Ainda fui assediada por um policial por causa do meu baby doll curto, passei vergonha l\u00e1, fui constrangida. Eu fiquei presa numa cela com uma mulher que \u00e9 l\u00edder de fac\u00e7\u00e3o. Ela ficava dizendo que ia matar a gente, ficava amea\u00e7ando a gente\u201d, relatou Fabiana.<\/p>\n<p style=\"text-align: justify;\">A jovem disse ainda que a m\u00e3e, uma senhora de 50 anos, tamb\u00e9m teria sido agredida pelos policiais.<\/p>\n<p style=\"text-align: justify;\">{youtube}nXXAaFcfT_4{\/youtube}<\/p>\n","protected":false},"excerpt":{"rendered":"<p style=\"text-align: justify;\">\u201cUma pessoa de bem foi presa\u201d, indigna-se cunhado<\/p>\n","protected":false},"author":4,"featured_media":26424,"comment_status":"open","ping_status":"open","sticky":false,"template":"","format":"standard","meta":{"jnews-multi-image_gallery":[],"jnews_single_post":[],"jnews_primary_category":[],"jnews_social_meta":[],"jnews_review":[],"enable_review":"","type":"","name":"","summary":"","brand":"","sku":"","good":[],"bad":[],"score_override":"","override_value":"","rating":[],"price":[],"footnotes":""},"categories":[44],"tags":[],"class_list":["post-26425","post","type-post","status-publish","format-standard","has-post-thumbnail","hentry","category-policia"],"yoast_head":"<!-- This site is optimized with the Yoast SEO plugin v26.5 - https:\/\/yoast.com\/wordpress\/plugins\/seo\/ -->\n<title>Jovem pode ter sido preso por engano na Sobral - Agazeta.net<\/title>\n<meta name=\"robots\" content=\"index, follow, max-snippet:-1, max-image-preview:large, max-video-preview:-1\" \/>\n<link rel=\"canonical\" href=\"https:\/\/nk7-testes.com.br\/agazeta\/jovem-pode-ter-sido-preso-por-engano-na-sobral\/\" \/>\n<meta property=\"og:locale\" content=\"pt_BR\" \/>\n<meta property=\"og:type\" content=\"article\" \/>\n<meta property=\"og:title\" content=\"Jovem pode ter sido preso por engano na Sobral - Agazeta.net\" \/>\n<meta property=\"og:description\" content=\"\u201cUma pessoa de bem foi presa\u201d, indigna-se cunhado\" \/>\n<meta property=\"og:url\" content=\"https:\/\/nk7-testes.com.br\/agazeta\/jovem-pode-ter-sido-preso-por-engano-na-sobral\/\" \/>\n<meta property=\"og:site_name\" content=\"Agazeta.net\" \/>\n<meta property=\"article:published_time\" content=\"2016-11-15T20:54:13+00:00\" \/>\n<meta property=\"og:image\" content=\"https:\/\/nk7-testes.com.br\/agazeta\/wp-content\/uploads\/2016\/11\/151116-policia-prisaoporengano-cedida.jpg\" \/>\n\t<meta property=\"og:image:width\" content=\"458\" \/>\n\t<meta property=\"og:image:height\" content=\"340\" \/>\n\t<meta property=\"og:image:type\" content=\"image\/jpeg\" \/>\n<meta name=\"author\" content=\"Agazeta.Net\" \/>\n<meta name=\"twitter:card\" content=\"summary_large_image\" \/>\n<meta name=\"twitter:label1\" content=\"Escrito por\" \/>\n\t<meta name=\"twitter:data1\" content=\"Agazeta.Net\" \/>\n\t<meta name=\"twitter:label2\" content=\"Est. tempo de leitura\" \/>\n\t<meta name=\"twitter:data2\" content=\"2 minutos\" \/>\n<script type=\"application\/ld+json\" class=\"yoast-schema-graph\">{\"@context\":\"https:\/\/schema.org\",\"@graph\":[{\"@type\":\"WebPage\",\"@id\":\"https:\/\/nk7-testes.com.br\/agazeta\/jovem-pode-ter-sido-preso-por-engano-na-sobral\/\",\"url\":\"https:\/\/nk7-testes.com.br\/agazeta\/jovem-pode-ter-sido-preso-por-engano-na-sobral\/\",\"name\":\"Jovem pode ter sido preso por engano na Sobral - Agazeta.net\",\"isPartOf\":{\"@id\":\"https:\/\/nk7-testes.com.br\/agazeta\/#website\"},\"primaryImageOfPage\":{\"@id\":\"https:\/\/nk7-testes.com.br\/agazeta\/jovem-pode-ter-sido-preso-por-engano-na-sobral\/#primaryimage\"},\"image\":{\"@id\":\"https:\/\/nk7-testes.com.br\/agazeta\/jovem-pode-ter-sido-preso-por-engano-na-sobral\/#primaryimage\"},\"thumbnailUrl\":\"https:\/\/nk7-testes.com.br\/agazeta\/wp-content\/uploads\/2016\/11\/151116-policia-prisaoporengano-cedida.jpg\",\"datePublished\":\"2016-11-15T20:54:13+00:00\",\"author\":{\"@id\":\"https:\/\/nk7-testes.com.br\/agazeta\/#\/schema\/person\/6d6e25cb0435eb4a02fd44d30b4e3020\"},\"breadcrumb\":{\"@id\":\"https:\/\/nk7-testes.com.br\/agazeta\/jovem-pode-ter-sido-preso-por-engano-na-sobral\/#breadcrumb\"},\"inLanguage\":\"pt-BR\",\"potentialAction\":[{\"@type\":\"ReadAction\",\"target\":[\"https:\/\/nk7-testes.com.br\/agazeta\/jovem-pode-ter-sido-preso-por-engano-na-sobral\/\"]}]},{\"@type\":\"ImageObject\",\"inLanguage\":\"pt-BR\",\"@id\":\"https:\/\/nk7-testes.com.br\/agazeta\/jovem-pode-ter-sido-preso-por-engano-na-sobral\/#primaryimage\",\"url\":\"https:\/\/nk7-testes.com.br\/agazeta\/wp-content\/uploads\/2016\/11\/151116-policia-prisaoporengano-cedida.jpg\",\"contentUrl\":\"https:\/\/nk7-testes.com.br\/agazeta\/wp-content\/uploads\/2016\/11\/151116-policia-prisaoporengano-cedida.jpg\",\"width\":458,\"height\":340,\"caption\":\"151116-policia-prisaoporengano-cedida\"},{\"@type\":\"BreadcrumbList\",\"@id\":\"https:\/\/nk7-testes.com.br\/agazeta\/jovem-pode-ter-sido-preso-por-engano-na-sobral\/#breadcrumb\",\"itemListElement\":[{\"@type\":\"ListItem\",\"position\":1,\"name\":\"In\u00edcio\",\"item\":\"https:\/\/nk7-testes.com.br\/agazeta\/\"},{\"@type\":\"ListItem\",\"position\":2,\"name\":\"Jovem pode ter sido preso por engano na Sobral\"}]},{\"@type\":\"WebSite\",\"@id\":\"https:\/\/nk7-testes.com.br\/agazeta\/#website\",\"url\":\"https:\/\/nk7-testes.com.br\/agazeta\/\",\"name\":\"Agazeta.net\",\"description\":\"Agazeta.net - Not\u00edcias de Rio Branco\/AC\",\"potentialAction\":[{\"@type\":\"SearchAction\",\"target\":{\"@type\":\"EntryPoint\",\"urlTemplate\":\"https:\/\/nk7-testes.com.br\/agazeta\/?s={search_term_string}\"},\"query-input\":{\"@type\":\"PropertyValueSpecification\",\"valueRequired\":true,\"valueName\":\"search_term_string\"}}],\"inLanguage\":\"pt-BR\"},{\"@type\":\"Person\",\"@id\":\"https:\/\/nk7-testes.com.br\/agazeta\/#\/schema\/person\/6d6e25cb0435eb4a02fd44d30b4e3020\",\"name\":\"Agazeta.Net\",\"url\":\"https:\/\/nk7-testes.com.br\/agazeta\/author\/agazeta\/\"}]}<\/script>\n<!-- \/ Yoast SEO plugin. -->","yoast_head_json":{"title":"Jovem pode ter sido preso por engano na Sobral - Agazeta.net","robots":{"index":"index","follow":"follow","max-snippet":"max-snippet:-1","max-image-preview":"max-image-preview:large","max-video-preview":"max-video-preview:-1"},"canonical":"https:\/\/nk7-testes.com.br\/agazeta\/jovem-pode-ter-sido-preso-por-engano-na-sobral\/","og_locale":"pt_BR","og_type":"article","og_title":"Jovem pode ter sido preso por engano na Sobral - Agazeta.net","og_description":"\u201cUma pessoa de bem foi presa\u201d, indigna-se cunhado","og_url":"https:\/\/nk7-testes.com.br\/agazeta\/jovem-pode-ter-sido-preso-por-engano-na-sobral\/","og_site_name":"Agazeta.net","article_published_time":"2016-11-15T20:54:13+00:00","og_image":[{"width":458,"height":340,"url":"https:\/\/nk7-testes.com.br\/agazeta\/wp-content\/uploads\/2016\/11\/151116-policia-prisaoporengano-cedida.jpg","type":"image\/jpeg"}],"author":"Agazeta.Net","twitter_card":"summary_large_image","twitter_misc":{"Escrito por":"Agazeta.Net","Est. tempo de leitura":"2 minutos"},"schema":{"@context":"https:\/\/schema.org","@graph":[{"@type":"WebPage","@id":"https:\/\/nk7-testes.com.br\/agazeta\/jovem-pode-ter-sido-preso-por-engano-na-sobral\/","url":"https:\/\/nk7-testes.com.br\/agazeta\/jovem-pode-ter-sido-preso-por-engano-na-sobral\/","name":"Jovem pode ter sido preso por engano na Sobral - Agazeta.net","isPartOf":{"@id":"https:\/\/nk7-testes.com.br\/agazeta\/#website"},"primaryImageOfPage":{"@id":"https:\/\/nk7-testes.com.br\/agazeta\/jovem-pode-ter-sido-preso-por-engano-na-sobral\/#primaryimage"},"image":{"@id":"https:\/\/nk7-testes.com.br\/agazeta\/jovem-pode-ter-sido-preso-por-engano-na-sobral\/#primaryimage"},"thumbnailUrl":"https:\/\/nk7-testes.com.br\/agazeta\/wp-content\/uploads\/2016\/11\/151116-policia-prisaoporengano-cedida.jpg","datePublished":"2016-11-15T20:54:13+00:00","author":{"@id":"https:\/\/nk7-testes.com.br\/agazeta\/#\/schema\/person\/6d6e25cb0435eb4a02fd44d30b4e3020"},"breadcrumb":{"@id":"https:\/\/nk7-testes.com.br\/agazeta\/jovem-pode-ter-sido-preso-por-engano-na-sobral\/#breadcrumb"},"inLanguage":"pt-BR","potentialAction":[{"@type":"ReadAction","target":["https:\/\/nk7-testes.com.br\/agazeta\/jovem-pode-ter-sido-preso-por-engano-na-sobral\/"]}]},{"@type":"ImageObject","inLanguage":"pt-BR","@id":"https:\/\/nk7-testes.com.br\/agazeta\/jovem-pode-ter-sido-preso-por-engano-na-sobral\/#primaryimage","url":"https:\/\/nk7-testes.com.br\/agazeta\/wp-content\/uploads\/2016\/11\/151116-policia-prisaoporengano-cedida.jpg","contentUrl":"https:\/\/nk7-testes.com.br\/agazeta\/wp-content\/uploads\/2016\/11\/151116-policia-prisaoporengano-cedida.jpg","width":458,"height":340,"caption":"151116-policia-prisaoporengano-cedida"},{"@type":"BreadcrumbList","@id":"https:\/\/nk7-testes.com.br\/agazeta\/jovem-pode-ter-sido-preso-por-engano-na-sobral\/#breadcrumb","itemListElement":[{"@type":"ListItem","position":1,"name":"In\u00edcio","item":"https:\/\/nk7-testes.com.br\/agazeta\/"},{"@type":"ListItem","position":2,"name":"Jovem pode ter sido preso por engano na Sobral"}]},{"@type":"WebSite","@id":"https:\/\/nk7-testes.com.br\/agazeta\/#website","url":"https:\/\/nk7-testes.com.br\/agazeta\/","name":"Agazeta.net","description":"Agazeta.net - Not\u00edcias de Rio Branco\/AC","potentialAction":[{"@type":"SearchAction","target":{"@type":"EntryPoint","urlTemplate":"https:\/\/nk7-testes.com.br\/agazeta\/?s={search_term_string}"},"query-input":{"@type":"PropertyValueSpecification","valueRequired":true,"valueName":"search_term_string"}}],"inLanguage":"pt-BR"},{"@type":"Person","@id":"https:\/\/nk7-testes.com.br\/agazeta\/#\/schema\/person\/6d6e25cb0435eb4a02fd44d30b4e3020","name":"Agazeta.Net","url":"https:\/\/nk7-testes.com.br\/agazeta\/author\/agazeta\/"}]}},"_links":{"self":[{"href":"https:\/\/nk7-testes.com.br\/agazeta\/wp-json\/wp\/v2\/posts\/26425","targetHints":{"allow":["GET"]}}],"collection":[{"href":"https:\/\/nk7-testes.com.br\/agazeta\/wp-json\/wp\/v2\/posts"}],"about":[{"href":"https:\/\/nk7-testes.com.br\/agazeta\/wp-json\/wp\/v2\/types\/post"}],"author":[{"embeddable":true,"href":"https:\/\/nk7-testes.com.br\/agazeta\/wp-json\/wp\/v2\/users\/4"}],"replies":[{"embeddable":true,"href":"https:\/\/nk7-testes.com.br\/agazeta\/wp-json\/wp\/v2\/comments?post=26425"}],"version-history":[{"count":0,"href":"https:\/\/nk7-testes.com.br\/agazeta\/wp-json\/wp\/v2\/posts\/26425\/revisions"}],"wp:featuredmedia":[{"embeddable":true,"href":"https:\/\/nk7-testes.com.br\/agazeta\/wp-json\/wp\/v2\/media\/26424"}],"wp:attachment":[{"href":"https:\/\/nk7-testes.com.br\/agazeta\/wp-json\/wp\/v2\/media?parent=26425"}],"wp:term":[{"taxonomy":"category","embeddable":true,"href":"https:\/\/nk7-testes.com.br\/agazeta\/wp-json\/wp\/v2\/categories?post=26425"},{"taxonomy":"post_tag","embeddable":true,"href":"https:\/\/nk7-testes.com.br\/agazeta\/wp-json\/wp\/v2\/tags?post=26425"}],"curies":[{"name":"wp","href":"https:\/\/api.w.org\/{rel}","templated":true}]}}