{"id":26421,"date":"2016-11-15T16:35:53","date_gmt":"2016-11-15T16:35:53","guid":{"rendered":"https:\/\/abarevegan.com.br\/index.php\/2016\/11\/15\/natal-de-apreensao-no-comercio-regional-com-13-incerto\/"},"modified":"2016-11-15T16:35:53","modified_gmt":"2016-11-15T16:35:53","slug":"natal-de-apreensao-no-comercio-regional-com-13-incerto","status":"publish","type":"post","link":"https:\/\/nk7-testes.com.br\/agazeta\/natal-de-apreensao-no-comercio-regional-com-13-incerto\/","title":{"rendered":"Natal de apreens\u00e3o, no com\u00e9rcio regional, com 13\u00ba incerto"},"content":{"rendered":"<p style=\"text-align: justify;\">Comerciantes est\u00e3o pessimistas com volume de venda<\/p>\n<p style=\"text-align: justify;\">O com\u00e9rcio varejista de Rio Branco est\u00e1 apreensivo com a possibilidade de o governo do estado n\u00e3o pagar o 13\u00ba sal\u00e1rio aos servidores p\u00fablicos. O recurso que chega ao final do ano aquece o mercado local e em se tratando em ano de crise, representa um f\u00f4lego a mais, aos empres\u00e1rios.<\/p>\n<p style=\"text-align: justify;\">Corte de recursos e queda na arrecada\u00e7\u00e3o s\u00e3o alguns argumentos usados pelo governo para justificar a falta de dinheiro em caixa. O que mais pesa nesse momento em que se aproxima o final do ano \u00e9 o pagamento do 13\u00ba sal\u00e1rio. Em alguns estados, os servidores j\u00e1 receberam a not\u00edcia de que ter\u00e3o os rendimentos parcelados.<\/p>\n<p style=\"text-align: justify;\">No Acre, onde o governo sempre se orgulhou de manter os sal\u00e1rios do funcionalismo p\u00fablico em dia, a crise tamb\u00e9m chegou e o executivo ainda n\u00e3o garantiu o 13\u00ba.<\/p>\n<p style=\"text-align: justify;\">Para quem sobrevive do com\u00e9rcio, o momento \u00e9 de apreens\u00e3o. Na loja de Leonice Pereira, onde s\u00e3o ofertados produtos espec\u00edficos para festas de fim de ano, como \u201camigo secreto\u201d, por exemplo, falar em falta de 13\u00ba \u00e9 assunto \u00e9 preocupante. \u201cA gente j\u00e1 trabalha o ano todo, j\u00e1 compra estoque pro Natal, o ano novo, a\u00ed fica complicado pra n\u00f3s que somos comerciantes\u201d, opina a empres\u00e1ria.<\/p>\n<p style=\"text-align: justify;\">Os reflexos do n\u00e3o pagamento do 13\u00ba sal\u00e1rio, para a Fecomercio, devem ser menos dr\u00e1sticos do que aparentam, afirma o superintendente Aur\u00e9lio Cruz.<\/p>\n<p style=\"text-align: justify;\">\u201cSe a gente comparar com anos anteriores em que os comerciantes esperam um aumento de vendas no fim do ano por conta do 13\u00ba, a expectativa vai mudar. Mas, de qualquer forma, a gente tem garantia de que existe uma liquidez, que o estado mant\u00e9m pagamento dos sal\u00e1rios mensais em dia. Isso d\u00e1 um f\u00f4lego. De qualquer forma, impacta. Mas, n\u00e3o drasticamente. Se, por exemplo, n\u00e3o estivesse pagando os sal\u00e1rios em dia\u201d, afirma.<\/p>\n<p style=\"text-align: justify;\">Aur\u00e9lio Cruz acredita que o pa\u00eds e o com\u00e9rcio em geral viveram ao longo do ano uma crise de confian\u00e7a. No Acre, segundo ele, nos \u00faltimos dois meses, essa perspectiva do empreendedor melhorou e deve surtir em resultados para a economia.<\/p>\n<p style=\"text-align: justify;\">Otimismo sempre \u00e9 a melhor aposta para quem sobrevive de neg\u00f3cios. \u201cVamos torcer, vamos orar que vai dar tudo certo, que o governo vai pagar o 13\u00ba para os comerciantes ficarem melhor\u201d, disse a empres\u00e1ria Leonice Pereira.<\/p>\n","protected":false},"excerpt":{"rendered":"<p style=\"text-align: justify;\">Comerciantes est\u00e3o pessimistas com volume de venda<\/p>\n","protected":false},"author":4,"featured_media":26420,"comment_status":"open","ping_status":"open","sticky":false,"template":"","format":"standard","meta":{"jnews-multi-image_gallery":[],"jnews_single_post":[],"jnews_primary_category":[],"jnews_social_meta":[],"jnews_review":[],"enable_review":"","type":"","name":"","summary":"","brand":"","sku":"","good":[],"bad":[],"score_override":"","override_value":"","rating":[],"price":[],"footnotes":""},"categories":[54],"tags":[],"class_list":["post-26421","post","type-post","status-publish","format-standard","has-post-thumbnail","hentry","category-cotidiano"],"yoast_head":"<!-- This site is optimized with the Yoast SEO plugin v26.5 - https:\/\/yoast.com\/wordpress\/plugins\/seo\/ -->\n<title>Natal de apreens\u00e3o, no com\u00e9rcio regional, com 13\u00ba incerto - Agazeta.net<\/title>\n<meta name=\"robots\" content=\"index, follow, max-snippet:-1, max-image-preview:large, max-video-preview:-1\" \/>\n<link rel=\"canonical\" href=\"https:\/\/nk7-testes.com.br\/agazeta\/natal-de-apreensao-no-comercio-regional-com-13-incerto\/\" \/>\n<meta property=\"og:locale\" content=\"pt_BR\" \/>\n<meta property=\"og:type\" content=\"article\" \/>\n<meta property=\"og:title\" content=\"Natal de apreens\u00e3o, no com\u00e9rcio regional, com 13\u00ba incerto - Agazeta.net\" \/>\n<meta property=\"og:description\" content=\"Comerciantes est\u00e3o pessimistas com volume de venda\" \/>\n<meta property=\"og:url\" content=\"https:\/\/nk7-testes.com.br\/agazeta\/natal-de-apreensao-no-comercio-regional-com-13-incerto\/\" \/>\n<meta property=\"og:site_name\" content=\"Agazeta.net\" \/>\n<meta property=\"article:published_time\" content=\"2016-11-15T16:35:53+00:00\" \/>\n<meta property=\"og:image\" content=\"https:\/\/nk7-testes.com.br\/agazeta\/wp-content\/uploads\/2016\/11\/151116-cotidiano-comercio13salario-tvgazeta.jpg\" \/>\n\t<meta property=\"og:image:width\" content=\"458\" \/>\n\t<meta property=\"og:image:height\" content=\"340\" \/>\n\t<meta property=\"og:image:type\" content=\"image\/jpeg\" \/>\n<meta name=\"author\" content=\"Agazeta.Net\" \/>\n<meta name=\"twitter:card\" content=\"summary_large_image\" \/>\n<meta name=\"twitter:label1\" content=\"Escrito por\" \/>\n\t<meta name=\"twitter:data1\" content=\"Agazeta.Net\" \/>\n\t<meta name=\"twitter:label2\" content=\"Est. tempo de leitura\" \/>\n\t<meta name=\"twitter:data2\" content=\"2 minutos\" \/>\n<script type=\"application\/ld+json\" class=\"yoast-schema-graph\">{\"@context\":\"https:\/\/schema.org\",\"@graph\":[{\"@type\":\"WebPage\",\"@id\":\"https:\/\/nk7-testes.com.br\/agazeta\/natal-de-apreensao-no-comercio-regional-com-13-incerto\/\",\"url\":\"https:\/\/nk7-testes.com.br\/agazeta\/natal-de-apreensao-no-comercio-regional-com-13-incerto\/\",\"name\":\"Natal de apreens\u00e3o, no com\u00e9rcio regional, com 13\u00ba incerto - Agazeta.net\",\"isPartOf\":{\"@id\":\"https:\/\/nk7-testes.com.br\/agazeta\/#website\"},\"primaryImageOfPage\":{\"@id\":\"https:\/\/nk7-testes.com.br\/agazeta\/natal-de-apreensao-no-comercio-regional-com-13-incerto\/#primaryimage\"},\"image\":{\"@id\":\"https:\/\/nk7-testes.com.br\/agazeta\/natal-de-apreensao-no-comercio-regional-com-13-incerto\/#primaryimage\"},\"thumbnailUrl\":\"https:\/\/nk7-testes.com.br\/agazeta\/wp-content\/uploads\/2016\/11\/151116-cotidiano-comercio13salario-tvgazeta.jpg\",\"datePublished\":\"2016-11-15T16:35:53+00:00\",\"author\":{\"@id\":\"https:\/\/nk7-testes.com.br\/agazeta\/#\/schema\/person\/ff6b39d54d6973bfc57f4140f659b23f\"},\"breadcrumb\":{\"@id\":\"https:\/\/nk7-testes.com.br\/agazeta\/natal-de-apreensao-no-comercio-regional-com-13-incerto\/#breadcrumb\"},\"inLanguage\":\"pt-BR\",\"potentialAction\":[{\"@type\":\"ReadAction\",\"target\":[\"https:\/\/nk7-testes.com.br\/agazeta\/natal-de-apreensao-no-comercio-regional-com-13-incerto\/\"]}]},{\"@type\":\"ImageObject\",\"inLanguage\":\"pt-BR\",\"@id\":\"https:\/\/nk7-testes.com.br\/agazeta\/natal-de-apreensao-no-comercio-regional-com-13-incerto\/#primaryimage\",\"url\":\"https:\/\/nk7-testes.com.br\/agazeta\/wp-content\/uploads\/2016\/11\/151116-cotidiano-comercio13salario-tvgazeta.jpg\",\"contentUrl\":\"https:\/\/nk7-testes.com.br\/agazeta\/wp-content\/uploads\/2016\/11\/151116-cotidiano-comercio13salario-tvgazeta.jpg\",\"width\":458,\"height\":340,\"caption\":\"151116-cotidiano-comercio13salario-tvgazeta\"},{\"@type\":\"BreadcrumbList\",\"@id\":\"https:\/\/nk7-testes.com.br\/agazeta\/natal-de-apreensao-no-comercio-regional-com-13-incerto\/#breadcrumb\",\"itemListElement\":[{\"@type\":\"ListItem\",\"position\":1,\"name\":\"In\u00edcio\",\"item\":\"https:\/\/nk7-testes.com.br\/agazeta\/\"},{\"@type\":\"ListItem\",\"position\":2,\"name\":\"Natal de apreens\u00e3o, no com\u00e9rcio regional, com 13\u00ba incerto\"}]},{\"@type\":\"WebSite\",\"@id\":\"https:\/\/nk7-testes.com.br\/agazeta\/#website\",\"url\":\"https:\/\/nk7-testes.com.br\/agazeta\/\",\"name\":\"Agazeta.net\",\"description\":\"Agazeta.net - Not\u00edcias de Rio Branco\/AC\",\"potentialAction\":[{\"@type\":\"SearchAction\",\"target\":{\"@type\":\"EntryPoint\",\"urlTemplate\":\"https:\/\/nk7-testes.com.br\/agazeta\/?s={search_term_string}\"},\"query-input\":{\"@type\":\"PropertyValueSpecification\",\"valueRequired\":true,\"valueName\":\"search_term_string\"}}],\"inLanguage\":\"pt-BR\"},{\"@type\":\"Person\",\"@id\":\"https:\/\/nk7-testes.com.br\/agazeta\/#\/schema\/person\/ff6b39d54d6973bfc57f4140f659b23f\",\"name\":\"Agazeta.Net\",\"url\":\"https:\/\/nk7-testes.com.br\/agazeta\/author\/agazeta\/\"}]}<\/script>\n<!-- \/ Yoast SEO plugin. -->","yoast_head_json":{"title":"Natal de apreens\u00e3o, no com\u00e9rcio regional, com 13\u00ba incerto - Agazeta.net","robots":{"index":"index","follow":"follow","max-snippet":"max-snippet:-1","max-image-preview":"max-image-preview:large","max-video-preview":"max-video-preview:-1"},"canonical":"https:\/\/nk7-testes.com.br\/agazeta\/natal-de-apreensao-no-comercio-regional-com-13-incerto\/","og_locale":"pt_BR","og_type":"article","og_title":"Natal de apreens\u00e3o, no com\u00e9rcio regional, com 13\u00ba incerto - Agazeta.net","og_description":"Comerciantes est\u00e3o pessimistas com volume de venda","og_url":"https:\/\/nk7-testes.com.br\/agazeta\/natal-de-apreensao-no-comercio-regional-com-13-incerto\/","og_site_name":"Agazeta.net","article_published_time":"2016-11-15T16:35:53+00:00","og_image":[{"width":458,"height":340,"url":"https:\/\/nk7-testes.com.br\/agazeta\/wp-content\/uploads\/2016\/11\/151116-cotidiano-comercio13salario-tvgazeta.jpg","type":"image\/jpeg"}],"author":"Agazeta.Net","twitter_card":"summary_large_image","twitter_misc":{"Escrito por":"Agazeta.Net","Est. tempo de leitura":"2 minutos"},"schema":{"@context":"https:\/\/schema.org","@graph":[{"@type":"WebPage","@id":"https:\/\/nk7-testes.com.br\/agazeta\/natal-de-apreensao-no-comercio-regional-com-13-incerto\/","url":"https:\/\/nk7-testes.com.br\/agazeta\/natal-de-apreensao-no-comercio-regional-com-13-incerto\/","name":"Natal de apreens\u00e3o, no com\u00e9rcio regional, com 13\u00ba incerto - Agazeta.net","isPartOf":{"@id":"https:\/\/nk7-testes.com.br\/agazeta\/#website"},"primaryImageOfPage":{"@id":"https:\/\/nk7-testes.com.br\/agazeta\/natal-de-apreensao-no-comercio-regional-com-13-incerto\/#primaryimage"},"image":{"@id":"https:\/\/nk7-testes.com.br\/agazeta\/natal-de-apreensao-no-comercio-regional-com-13-incerto\/#primaryimage"},"thumbnailUrl":"https:\/\/nk7-testes.com.br\/agazeta\/wp-content\/uploads\/2016\/11\/151116-cotidiano-comercio13salario-tvgazeta.jpg","datePublished":"2016-11-15T16:35:53+00:00","author":{"@id":"https:\/\/nk7-testes.com.br\/agazeta\/#\/schema\/person\/ff6b39d54d6973bfc57f4140f659b23f"},"breadcrumb":{"@id":"https:\/\/nk7-testes.com.br\/agazeta\/natal-de-apreensao-no-comercio-regional-com-13-incerto\/#breadcrumb"},"inLanguage":"pt-BR","potentialAction":[{"@type":"ReadAction","target":["https:\/\/nk7-testes.com.br\/agazeta\/natal-de-apreensao-no-comercio-regional-com-13-incerto\/"]}]},{"@type":"ImageObject","inLanguage":"pt-BR","@id":"https:\/\/nk7-testes.com.br\/agazeta\/natal-de-apreensao-no-comercio-regional-com-13-incerto\/#primaryimage","url":"https:\/\/nk7-testes.com.br\/agazeta\/wp-content\/uploads\/2016\/11\/151116-cotidiano-comercio13salario-tvgazeta.jpg","contentUrl":"https:\/\/nk7-testes.com.br\/agazeta\/wp-content\/uploads\/2016\/11\/151116-cotidiano-comercio13salario-tvgazeta.jpg","width":458,"height":340,"caption":"151116-cotidiano-comercio13salario-tvgazeta"},{"@type":"BreadcrumbList","@id":"https:\/\/nk7-testes.com.br\/agazeta\/natal-de-apreensao-no-comercio-regional-com-13-incerto\/#breadcrumb","itemListElement":[{"@type":"ListItem","position":1,"name":"In\u00edcio","item":"https:\/\/nk7-testes.com.br\/agazeta\/"},{"@type":"ListItem","position":2,"name":"Natal de apreens\u00e3o, no com\u00e9rcio regional, com 13\u00ba incerto"}]},{"@type":"WebSite","@id":"https:\/\/nk7-testes.com.br\/agazeta\/#website","url":"https:\/\/nk7-testes.com.br\/agazeta\/","name":"Agazeta.net","description":"Agazeta.net - Not\u00edcias de Rio Branco\/AC","potentialAction":[{"@type":"SearchAction","target":{"@type":"EntryPoint","urlTemplate":"https:\/\/nk7-testes.com.br\/agazeta\/?s={search_term_string}"},"query-input":{"@type":"PropertyValueSpecification","valueRequired":true,"valueName":"search_term_string"}}],"inLanguage":"pt-BR"},{"@type":"Person","@id":"https:\/\/nk7-testes.com.br\/agazeta\/#\/schema\/person\/ff6b39d54d6973bfc57f4140f659b23f","name":"Agazeta.Net","url":"https:\/\/nk7-testes.com.br\/agazeta\/author\/agazeta\/"}]}},"_links":{"self":[{"href":"https:\/\/nk7-testes.com.br\/agazeta\/wp-json\/wp\/v2\/posts\/26421","targetHints":{"allow":["GET"]}}],"collection":[{"href":"https:\/\/nk7-testes.com.br\/agazeta\/wp-json\/wp\/v2\/posts"}],"about":[{"href":"https:\/\/nk7-testes.com.br\/agazeta\/wp-json\/wp\/v2\/types\/post"}],"author":[{"embeddable":true,"href":"https:\/\/nk7-testes.com.br\/agazeta\/wp-json\/wp\/v2\/users\/4"}],"replies":[{"embeddable":true,"href":"https:\/\/nk7-testes.com.br\/agazeta\/wp-json\/wp\/v2\/comments?post=26421"}],"version-history":[{"count":0,"href":"https:\/\/nk7-testes.com.br\/agazeta\/wp-json\/wp\/v2\/posts\/26421\/revisions"}],"wp:featuredmedia":[{"embeddable":true,"href":"https:\/\/nk7-testes.com.br\/agazeta\/wp-json\/wp\/v2\/media\/26420"}],"wp:attachment":[{"href":"https:\/\/nk7-testes.com.br\/agazeta\/wp-json\/wp\/v2\/media?parent=26421"}],"wp:term":[{"taxonomy":"category","embeddable":true,"href":"https:\/\/nk7-testes.com.br\/agazeta\/wp-json\/wp\/v2\/categories?post=26421"},{"taxonomy":"post_tag","embeddable":true,"href":"https:\/\/nk7-testes.com.br\/agazeta\/wp-json\/wp\/v2\/tags?post=26421"}],"curies":[{"name":"wp","href":"https:\/\/api.w.org\/{rel}","templated":true}]}}