{"id":26411,"date":"2016-11-15T14:12:55","date_gmt":"2016-11-15T14:12:55","guid":{"rendered":"https:\/\/abarevegan.com.br\/index.php\/2016\/11\/15\/policia-federal-vai-investigar-furto-nos-correios\/"},"modified":"2016-11-15T14:12:55","modified_gmt":"2016-11-15T14:12:55","slug":"policia-federal-vai-investigar-furto-nos-correios","status":"publish","type":"post","link":"https:\/\/nk7-testes.com.br\/agazeta\/policia-federal-vai-investigar-furto-nos-correios\/","title":{"rendered":"Pol\u00edcia Federal vai investigar furto nos Correios"},"content":{"rendered":"<p style=\"text-align: justify;\">Quem estava esperando mercadoria deve entrar em contato<\/p>\n<p style=\"text-align: justify;\">Na madrugada de segunda-feira, homens conseguiram invadir o galp\u00e3o dos Correios localizado na Estrada do Amap\u00e1, na Via Verde. Segundo informa\u00e7\u00f5es da pol\u00edcia, os ladr\u00f5es conseguiram entrar no pr\u00e9dio pelo basculante do banheiro que fica na parte de tr\u00e1s.<\/p>\n<p style=\"text-align: justify;\">Ao entrar no pr\u00e9dio, os ladr\u00f5es abriram o port\u00e3o e tiveram acesso \u00e0s mercadorias. Os bandidos abriram v\u00e1rias caixas a procura de objetos de valores.<\/p>\n<p style=\"text-align: justify;\">Na hora do furto, n\u00e3o tinha nenhum seguran\u00e7a j\u00e1 que o contrato com a empresa que presta servi\u00e7o aos Correios teria acabado na \u00faltima sexta feira. Por isso, n\u00e3o havia ningu\u00e9m na hora do furto.&nbsp;A Pol\u00edcia Federal vai investigar o caso.<\/p>\n<p style=\"text-align: justify;\"><strong>NOTA DOS CORREIOS<\/strong><\/p>\n<p style=\"text-align: justify;\">Os Correios, por meio de sua Diretoria Regional no Acre, vem a p\u00fablico informar que uma de suas unidades operacionais, localizada na Via Verde (Centro de Distribui\u00e7\u00e3o Domiciliar Seis de Agosto), foi alvo de invas\u00e3o mediante arrombamento, no \u00faltimo final de semana. Ainda n\u00e3o foi confirmado poss\u00edvel furto dos objetos postais que estavam aguardando tratamento e distribui\u00e7\u00e3o.<\/p>\n<p style=\"text-align: justify;\">Toda a a\u00e7\u00e3o foi flagrada pelas c\u00e2meras do circuito interno do pr\u00e9dio e a Pol\u00edcia Federal j\u00e1 tem a posse das imagens. Por esse motivo, a unidade encontra-se momentaneamente fechada para atendimento ao p\u00fablico.<\/p>\n<p style=\"text-align: justify;\">Aos clientes que estavam no aguardo de encomendas durante esse per\u00edodo, solicitamos que entrem em contato por nossos canais oficiais de atendimento, atrav\u00e9s do site www.correios.com.br na op\u00e7\u00e3o &#8220;fale com os Correios&#8221; ou pelo telefone 3003 0100.<\/p>\n","protected":false},"excerpt":{"rendered":"<p style=\"text-align: justify;\">Quem estava esperando mercadoria deve entrar em contato<\/p>\n","protected":false},"author":4,"featured_media":26410,"comment_status":"open","ping_status":"open","sticky":false,"template":"","format":"standard","meta":{"jnews-multi-image_gallery":[],"jnews_single_post":[],"jnews_primary_category":[],"jnews_social_meta":[],"jnews_review":[],"enable_review":"","type":"","name":"","summary":"","brand":"","sku":"","good":[],"bad":[],"score_override":"","override_value":"","rating":[],"price":[],"footnotes":""},"categories":[44],"tags":[],"class_list":["post-26411","post","type-post","status-publish","format-standard","has-post-thumbnail","hentry","category-policia"],"yoast_head":"<!-- This site is optimized with the Yoast SEO plugin v26.5 - https:\/\/yoast.com\/wordpress\/plugins\/seo\/ -->\n<title>Pol\u00edcia Federal vai investigar furto nos Correios - Agazeta.net<\/title>\n<meta name=\"robots\" content=\"index, follow, max-snippet:-1, max-image-preview:large, max-video-preview:-1\" \/>\n<link rel=\"canonical\" href=\"https:\/\/nk7-testes.com.br\/agazeta\/policia-federal-vai-investigar-furto-nos-correios\/\" \/>\n<meta property=\"og:locale\" content=\"pt_BR\" \/>\n<meta property=\"og:type\" content=\"article\" \/>\n<meta property=\"og:title\" content=\"Pol\u00edcia Federal vai investigar furto nos Correios - Agazeta.net\" \/>\n<meta property=\"og:description\" content=\"Quem estava esperando mercadoria deve entrar em contato\" \/>\n<meta property=\"og:url\" content=\"https:\/\/nk7-testes.com.br\/agazeta\/policia-federal-vai-investigar-furto-nos-correios\/\" \/>\n<meta property=\"og:site_name\" content=\"Agazeta.net\" \/>\n<meta property=\"article:published_time\" content=\"2016-11-15T14:12:55+00:00\" \/>\n<meta property=\"og:image\" content=\"https:\/\/nk7-testes.com.br\/agazeta\/wp-content\/uploads\/2016\/11\/151116-policia-correios-cleriston.jpg\" \/>\n\t<meta property=\"og:image:width\" content=\"458\" \/>\n\t<meta property=\"og:image:height\" content=\"340\" \/>\n\t<meta property=\"og:image:type\" content=\"image\/jpeg\" \/>\n<meta name=\"author\" content=\"Agazeta.Net\" \/>\n<meta name=\"twitter:card\" content=\"summary_large_image\" \/>\n<meta name=\"twitter:label1\" content=\"Escrito por\" \/>\n\t<meta name=\"twitter:data1\" content=\"Agazeta.Net\" \/>\n\t<meta name=\"twitter:label2\" content=\"Est. tempo de leitura\" \/>\n\t<meta name=\"twitter:data2\" content=\"1 minuto\" \/>\n<script type=\"application\/ld+json\" class=\"yoast-schema-graph\">{\"@context\":\"https:\/\/schema.org\",\"@graph\":[{\"@type\":\"WebPage\",\"@id\":\"https:\/\/nk7-testes.com.br\/agazeta\/policia-federal-vai-investigar-furto-nos-correios\/\",\"url\":\"https:\/\/nk7-testes.com.br\/agazeta\/policia-federal-vai-investigar-furto-nos-correios\/\",\"name\":\"Pol\u00edcia Federal vai investigar furto nos Correios - Agazeta.net\",\"isPartOf\":{\"@id\":\"https:\/\/nk7-testes.com.br\/agazeta\/#website\"},\"primaryImageOfPage\":{\"@id\":\"https:\/\/nk7-testes.com.br\/agazeta\/policia-federal-vai-investigar-furto-nos-correios\/#primaryimage\"},\"image\":{\"@id\":\"https:\/\/nk7-testes.com.br\/agazeta\/policia-federal-vai-investigar-furto-nos-correios\/#primaryimage\"},\"thumbnailUrl\":\"https:\/\/nk7-testes.com.br\/agazeta\/wp-content\/uploads\/2016\/11\/151116-policia-correios-cleriston.jpg\",\"datePublished\":\"2016-11-15T14:12:55+00:00\",\"author\":{\"@id\":\"https:\/\/nk7-testes.com.br\/agazeta\/#\/schema\/person\/6d6e25cb0435eb4a02fd44d30b4e3020\"},\"breadcrumb\":{\"@id\":\"https:\/\/nk7-testes.com.br\/agazeta\/policia-federal-vai-investigar-furto-nos-correios\/#breadcrumb\"},\"inLanguage\":\"pt-BR\",\"potentialAction\":[{\"@type\":\"ReadAction\",\"target\":[\"https:\/\/nk7-testes.com.br\/agazeta\/policia-federal-vai-investigar-furto-nos-correios\/\"]}]},{\"@type\":\"ImageObject\",\"inLanguage\":\"pt-BR\",\"@id\":\"https:\/\/nk7-testes.com.br\/agazeta\/policia-federal-vai-investigar-furto-nos-correios\/#primaryimage\",\"url\":\"https:\/\/nk7-testes.com.br\/agazeta\/wp-content\/uploads\/2016\/11\/151116-policia-correios-cleriston.jpg\",\"contentUrl\":\"https:\/\/nk7-testes.com.br\/agazeta\/wp-content\/uploads\/2016\/11\/151116-policia-correios-cleriston.jpg\",\"width\":458,\"height\":340,\"caption\":\"151116-policia-correios-cleriston\"},{\"@type\":\"BreadcrumbList\",\"@id\":\"https:\/\/nk7-testes.com.br\/agazeta\/policia-federal-vai-investigar-furto-nos-correios\/#breadcrumb\",\"itemListElement\":[{\"@type\":\"ListItem\",\"position\":1,\"name\":\"In\u00edcio\",\"item\":\"https:\/\/nk7-testes.com.br\/agazeta\/\"},{\"@type\":\"ListItem\",\"position\":2,\"name\":\"Pol\u00edcia Federal vai investigar furto nos Correios\"}]},{\"@type\":\"WebSite\",\"@id\":\"https:\/\/nk7-testes.com.br\/agazeta\/#website\",\"url\":\"https:\/\/nk7-testes.com.br\/agazeta\/\",\"name\":\"Agazeta.net\",\"description\":\"Agazeta.net - Not\u00edcias de Rio Branco\/AC\",\"potentialAction\":[{\"@type\":\"SearchAction\",\"target\":{\"@type\":\"EntryPoint\",\"urlTemplate\":\"https:\/\/nk7-testes.com.br\/agazeta\/?s={search_term_string}\"},\"query-input\":{\"@type\":\"PropertyValueSpecification\",\"valueRequired\":true,\"valueName\":\"search_term_string\"}}],\"inLanguage\":\"pt-BR\"},{\"@type\":\"Person\",\"@id\":\"https:\/\/nk7-testes.com.br\/agazeta\/#\/schema\/person\/6d6e25cb0435eb4a02fd44d30b4e3020\",\"name\":\"Agazeta.Net\",\"url\":\"https:\/\/nk7-testes.com.br\/agazeta\/author\/agazeta\/\"}]}<\/script>\n<!-- \/ Yoast SEO plugin. -->","yoast_head_json":{"title":"Pol\u00edcia Federal vai investigar furto nos Correios - Agazeta.net","robots":{"index":"index","follow":"follow","max-snippet":"max-snippet:-1","max-image-preview":"max-image-preview:large","max-video-preview":"max-video-preview:-1"},"canonical":"https:\/\/nk7-testes.com.br\/agazeta\/policia-federal-vai-investigar-furto-nos-correios\/","og_locale":"pt_BR","og_type":"article","og_title":"Pol\u00edcia Federal vai investigar furto nos Correios - Agazeta.net","og_description":"Quem estava esperando mercadoria deve entrar em contato","og_url":"https:\/\/nk7-testes.com.br\/agazeta\/policia-federal-vai-investigar-furto-nos-correios\/","og_site_name":"Agazeta.net","article_published_time":"2016-11-15T14:12:55+00:00","og_image":[{"width":458,"height":340,"url":"https:\/\/nk7-testes.com.br\/agazeta\/wp-content\/uploads\/2016\/11\/151116-policia-correios-cleriston.jpg","type":"image\/jpeg"}],"author":"Agazeta.Net","twitter_card":"summary_large_image","twitter_misc":{"Escrito por":"Agazeta.Net","Est. tempo de leitura":"1 minuto"},"schema":{"@context":"https:\/\/schema.org","@graph":[{"@type":"WebPage","@id":"https:\/\/nk7-testes.com.br\/agazeta\/policia-federal-vai-investigar-furto-nos-correios\/","url":"https:\/\/nk7-testes.com.br\/agazeta\/policia-federal-vai-investigar-furto-nos-correios\/","name":"Pol\u00edcia Federal vai investigar furto nos Correios - Agazeta.net","isPartOf":{"@id":"https:\/\/nk7-testes.com.br\/agazeta\/#website"},"primaryImageOfPage":{"@id":"https:\/\/nk7-testes.com.br\/agazeta\/policia-federal-vai-investigar-furto-nos-correios\/#primaryimage"},"image":{"@id":"https:\/\/nk7-testes.com.br\/agazeta\/policia-federal-vai-investigar-furto-nos-correios\/#primaryimage"},"thumbnailUrl":"https:\/\/nk7-testes.com.br\/agazeta\/wp-content\/uploads\/2016\/11\/151116-policia-correios-cleriston.jpg","datePublished":"2016-11-15T14:12:55+00:00","author":{"@id":"https:\/\/nk7-testes.com.br\/agazeta\/#\/schema\/person\/6d6e25cb0435eb4a02fd44d30b4e3020"},"breadcrumb":{"@id":"https:\/\/nk7-testes.com.br\/agazeta\/policia-federal-vai-investigar-furto-nos-correios\/#breadcrumb"},"inLanguage":"pt-BR","potentialAction":[{"@type":"ReadAction","target":["https:\/\/nk7-testes.com.br\/agazeta\/policia-federal-vai-investigar-furto-nos-correios\/"]}]},{"@type":"ImageObject","inLanguage":"pt-BR","@id":"https:\/\/nk7-testes.com.br\/agazeta\/policia-federal-vai-investigar-furto-nos-correios\/#primaryimage","url":"https:\/\/nk7-testes.com.br\/agazeta\/wp-content\/uploads\/2016\/11\/151116-policia-correios-cleriston.jpg","contentUrl":"https:\/\/nk7-testes.com.br\/agazeta\/wp-content\/uploads\/2016\/11\/151116-policia-correios-cleriston.jpg","width":458,"height":340,"caption":"151116-policia-correios-cleriston"},{"@type":"BreadcrumbList","@id":"https:\/\/nk7-testes.com.br\/agazeta\/policia-federal-vai-investigar-furto-nos-correios\/#breadcrumb","itemListElement":[{"@type":"ListItem","position":1,"name":"In\u00edcio","item":"https:\/\/nk7-testes.com.br\/agazeta\/"},{"@type":"ListItem","position":2,"name":"Pol\u00edcia Federal vai investigar furto nos Correios"}]},{"@type":"WebSite","@id":"https:\/\/nk7-testes.com.br\/agazeta\/#website","url":"https:\/\/nk7-testes.com.br\/agazeta\/","name":"Agazeta.net","description":"Agazeta.net - Not\u00edcias de Rio Branco\/AC","potentialAction":[{"@type":"SearchAction","target":{"@type":"EntryPoint","urlTemplate":"https:\/\/nk7-testes.com.br\/agazeta\/?s={search_term_string}"},"query-input":{"@type":"PropertyValueSpecification","valueRequired":true,"valueName":"search_term_string"}}],"inLanguage":"pt-BR"},{"@type":"Person","@id":"https:\/\/nk7-testes.com.br\/agazeta\/#\/schema\/person\/6d6e25cb0435eb4a02fd44d30b4e3020","name":"Agazeta.Net","url":"https:\/\/nk7-testes.com.br\/agazeta\/author\/agazeta\/"}]}},"_links":{"self":[{"href":"https:\/\/nk7-testes.com.br\/agazeta\/wp-json\/wp\/v2\/posts\/26411","targetHints":{"allow":["GET"]}}],"collection":[{"href":"https:\/\/nk7-testes.com.br\/agazeta\/wp-json\/wp\/v2\/posts"}],"about":[{"href":"https:\/\/nk7-testes.com.br\/agazeta\/wp-json\/wp\/v2\/types\/post"}],"author":[{"embeddable":true,"href":"https:\/\/nk7-testes.com.br\/agazeta\/wp-json\/wp\/v2\/users\/4"}],"replies":[{"embeddable":true,"href":"https:\/\/nk7-testes.com.br\/agazeta\/wp-json\/wp\/v2\/comments?post=26411"}],"version-history":[{"count":0,"href":"https:\/\/nk7-testes.com.br\/agazeta\/wp-json\/wp\/v2\/posts\/26411\/revisions"}],"wp:featuredmedia":[{"embeddable":true,"href":"https:\/\/nk7-testes.com.br\/agazeta\/wp-json\/wp\/v2\/media\/26410"}],"wp:attachment":[{"href":"https:\/\/nk7-testes.com.br\/agazeta\/wp-json\/wp\/v2\/media?parent=26411"}],"wp:term":[{"taxonomy":"category","embeddable":true,"href":"https:\/\/nk7-testes.com.br\/agazeta\/wp-json\/wp\/v2\/categories?post=26411"},{"taxonomy":"post_tag","embeddable":true,"href":"https:\/\/nk7-testes.com.br\/agazeta\/wp-json\/wp\/v2\/tags?post=26411"}],"curies":[{"name":"wp","href":"https:\/\/api.w.org\/{rel}","templated":true}]}}