{"id":26403,"date":"2016-11-14T20:21:26","date_gmt":"2016-11-14T20:21:26","guid":{"rendered":"https:\/\/abarevegan.com.br\/index.php\/2016\/11\/14\/policia-prende-acusado-de-assassinato-no-taquari\/"},"modified":"2016-11-14T20:21:26","modified_gmt":"2016-11-14T20:21:26","slug":"policia-prende-acusado-de-assassinato-no-taquari","status":"publish","type":"post","link":"https:\/\/nk7-testes.com.br\/agazeta\/policia-prende-acusado-de-assassinato-no-taquari\/","title":{"rendered":"Pol\u00edcia prende acusado de assassinato no Taquari"},"content":{"rendered":"<p style=\"text-align: justify;\">Delegado Robert Alencar conduz as investiga\u00e7\u00f5es<\/p>\n<p style=\"text-align: justify;\">A Pol\u00edcia Civil prendeu Aldair Silva de Oliveira, em flagrante (pois ainda n\u00e3o havia se passado 24h do crime) ainda neste fim de semana, ap\u00f3s ele agredir a facadas 3 pessoas em um bar localizado na rua Baguari, bairro Taquari. Aldair foi preso na Rodovia AC-40 a caminho de Senador Guiomard.<\/p>\n<p style=\"text-align: justify;\">Segundo o delegado Robert Alencar, o acusado foi preso em flagrante e ser\u00e1 indiciado por duplo homic\u00eddio qualificado e tentativa de homic\u00eddio qualificada. \u201cAp\u00f3s o crime ele fugiu para Senador Guiomard. Um homem morreu no local do crime. Outro foi levado para o hospital, mas n\u00e3o suportou os ferimentos. E houve tamb\u00e9m uma terceira v\u00edtima\u201d.<\/p>\n<p style=\"text-align: justify;\">A companheira de Aldair que, segundo testemunhas, estava com ele no momento do crime, tamb\u00e9m pode ser indiciada. \u201cEssas circunst\u00e2ncias ser\u00e3o analisadas em investiga\u00e7\u00e3o. Ser\u00e3o verificados todos os detalhes\u201d.<\/p>\n<p style=\"text-align: justify;\"><strong>Entenda o caso<\/strong><\/p>\n<p style=\"text-align: justify;\">Na noite da \u00faltima sexta-feira (11), uma briga em um bar localizado na rua Baguari, no bairro Taquari, terminou em trag\u00e9dia com dois mortos e um ferido.<\/p>\n<p style=\"text-align: justify;\">Segundo testemunhas, na hora da briga, quatro amigos, entre eles tr\u00eas homens e uma mulher, estavam em uma mesa bebendo. Nesse instante, teria chegado um casal (Aldair e parceira) e sentado em outra mesa.<\/p>\n<p style=\"text-align: justify;\">A mulher do acusado teria se levantado, ido at\u00e9 uma m\u00e1quina de som, para colocar uma m\u00fasica. A m\u00e1quina ficava perto de onde o grupo de amigos estava sentado.<\/p>\n<p style=\"text-align: justify;\">Ao retornar \u00e0 mesa, Aldair teria ido at\u00e9 a mesa dos quatros amigos. Come\u00e7ou uma discuss\u00e3o. A mulher dele teria lhe dito que uma das pessoas que estava na mesa havia \u201cmexido\u201d com ela. Foi a\u00ed que o acusado teria sacado uma faca e saiu desferindo golpes em quem aparecia.<\/p>\n<p style=\"text-align: justify;\">Adriano Pereira de Carvalho, 31, morreu no local. Ele teria levado uma facada que atingiu o queixo e o pesco\u00e7o. Adrazio Pereira de Carvalho foi encaminhado ao PS, mas n\u00e3o resistiu aos ferimentos. A terceira v\u00edtima foi uma mulher que n\u00e3o teve o nome divulgado. Ela foi ferida com um corte no bra\u00e7o.<\/p>\n","protected":false},"excerpt":{"rendered":"<p style=\"text-align: justify;\">Delegado Robert Alencar conduz as investiga\u00e7\u00f5es<\/p>\n","protected":false},"author":4,"featured_media":26402,"comment_status":"open","ping_status":"open","sticky":false,"template":"","format":"standard","meta":{"jnews-multi-image_gallery":[],"jnews_single_post":[],"jnews_primary_category":[],"jnews_social_meta":[],"jnews_review":[],"enable_review":"","type":"","name":"","summary":"","brand":"","sku":"","good":[],"bad":[],"score_override":"","override_value":"","rating":[],"price":[],"footnotes":""},"categories":[44],"tags":[],"class_list":["post-26403","post","type-post","status-publish","format-standard","has-post-thumbnail","hentry","category-policia"],"yoast_head":"<!-- This site is optimized with the Yoast SEO plugin v26.5 - https:\/\/yoast.com\/wordpress\/plugins\/seo\/ -->\n<title>Pol\u00edcia prende acusado de assassinato no Taquari - Agazeta.net<\/title>\n<meta name=\"robots\" content=\"index, follow, max-snippet:-1, max-image-preview:large, max-video-preview:-1\" \/>\n<link rel=\"canonical\" href=\"https:\/\/nk7-testes.com.br\/agazeta\/policia-prende-acusado-de-assassinato-no-taquari\/\" \/>\n<meta property=\"og:locale\" content=\"pt_BR\" \/>\n<meta property=\"og:type\" content=\"article\" \/>\n<meta property=\"og:title\" content=\"Pol\u00edcia prende acusado de assassinato no Taquari - Agazeta.net\" \/>\n<meta property=\"og:description\" content=\"Delegado Robert Alencar conduz as investiga\u00e7\u00f5es\" \/>\n<meta property=\"og:url\" content=\"https:\/\/nk7-testes.com.br\/agazeta\/policia-prende-acusado-de-assassinato-no-taquari\/\" \/>\n<meta property=\"og:site_name\" content=\"Agazeta.net\" \/>\n<meta property=\"article:published_time\" content=\"2016-11-14T20:21:26+00:00\" \/>\n<meta property=\"og:image\" content=\"https:\/\/nk7-testes.com.br\/agazeta\/wp-content\/uploads\/2016\/11\/141116-policia-delegado-tvgazeta.jpg\" \/>\n\t<meta property=\"og:image:width\" content=\"458\" \/>\n\t<meta property=\"og:image:height\" content=\"340\" \/>\n\t<meta property=\"og:image:type\" content=\"image\/jpeg\" \/>\n<meta name=\"author\" content=\"Agazeta.Net\" \/>\n<meta name=\"twitter:card\" content=\"summary_large_image\" \/>\n<meta name=\"twitter:label1\" content=\"Escrito por\" \/>\n\t<meta name=\"twitter:data1\" content=\"Agazeta.Net\" \/>\n\t<meta name=\"twitter:label2\" content=\"Est. tempo de leitura\" \/>\n\t<meta name=\"twitter:data2\" content=\"2 minutos\" \/>\n<script type=\"application\/ld+json\" class=\"yoast-schema-graph\">{\"@context\":\"https:\/\/schema.org\",\"@graph\":[{\"@type\":\"WebPage\",\"@id\":\"https:\/\/nk7-testes.com.br\/agazeta\/policia-prende-acusado-de-assassinato-no-taquari\/\",\"url\":\"https:\/\/nk7-testes.com.br\/agazeta\/policia-prende-acusado-de-assassinato-no-taquari\/\",\"name\":\"Pol\u00edcia prende acusado de assassinato no Taquari - Agazeta.net\",\"isPartOf\":{\"@id\":\"https:\/\/nk7-testes.com.br\/agazeta\/#website\"},\"primaryImageOfPage\":{\"@id\":\"https:\/\/nk7-testes.com.br\/agazeta\/policia-prende-acusado-de-assassinato-no-taquari\/#primaryimage\"},\"image\":{\"@id\":\"https:\/\/nk7-testes.com.br\/agazeta\/policia-prende-acusado-de-assassinato-no-taquari\/#primaryimage\"},\"thumbnailUrl\":\"https:\/\/nk7-testes.com.br\/agazeta\/wp-content\/uploads\/2016\/11\/141116-policia-delegado-tvgazeta.jpg\",\"datePublished\":\"2016-11-14T20:21:26+00:00\",\"author\":{\"@id\":\"https:\/\/nk7-testes.com.br\/agazeta\/#\/schema\/person\/6d6e25cb0435eb4a02fd44d30b4e3020\"},\"breadcrumb\":{\"@id\":\"https:\/\/nk7-testes.com.br\/agazeta\/policia-prende-acusado-de-assassinato-no-taquari\/#breadcrumb\"},\"inLanguage\":\"pt-BR\",\"potentialAction\":[{\"@type\":\"ReadAction\",\"target\":[\"https:\/\/nk7-testes.com.br\/agazeta\/policia-prende-acusado-de-assassinato-no-taquari\/\"]}]},{\"@type\":\"ImageObject\",\"inLanguage\":\"pt-BR\",\"@id\":\"https:\/\/nk7-testes.com.br\/agazeta\/policia-prende-acusado-de-assassinato-no-taquari\/#primaryimage\",\"url\":\"https:\/\/nk7-testes.com.br\/agazeta\/wp-content\/uploads\/2016\/11\/141116-policia-delegado-tvgazeta.jpg\",\"contentUrl\":\"https:\/\/nk7-testes.com.br\/agazeta\/wp-content\/uploads\/2016\/11\/141116-policia-delegado-tvgazeta.jpg\",\"width\":458,\"height\":340,\"caption\":\"141116-policia-delegado-tvgazeta\"},{\"@type\":\"BreadcrumbList\",\"@id\":\"https:\/\/nk7-testes.com.br\/agazeta\/policia-prende-acusado-de-assassinato-no-taquari\/#breadcrumb\",\"itemListElement\":[{\"@type\":\"ListItem\",\"position\":1,\"name\":\"In\u00edcio\",\"item\":\"https:\/\/nk7-testes.com.br\/agazeta\/\"},{\"@type\":\"ListItem\",\"position\":2,\"name\":\"Pol\u00edcia prende acusado de assassinato no Taquari\"}]},{\"@type\":\"WebSite\",\"@id\":\"https:\/\/nk7-testes.com.br\/agazeta\/#website\",\"url\":\"https:\/\/nk7-testes.com.br\/agazeta\/\",\"name\":\"Agazeta.net\",\"description\":\"Agazeta.net - Not\u00edcias de Rio Branco\/AC\",\"potentialAction\":[{\"@type\":\"SearchAction\",\"target\":{\"@type\":\"EntryPoint\",\"urlTemplate\":\"https:\/\/nk7-testes.com.br\/agazeta\/?s={search_term_string}\"},\"query-input\":{\"@type\":\"PropertyValueSpecification\",\"valueRequired\":true,\"valueName\":\"search_term_string\"}}],\"inLanguage\":\"pt-BR\"},{\"@type\":\"Person\",\"@id\":\"https:\/\/nk7-testes.com.br\/agazeta\/#\/schema\/person\/6d6e25cb0435eb4a02fd44d30b4e3020\",\"name\":\"Agazeta.Net\",\"url\":\"https:\/\/nk7-testes.com.br\/agazeta\/author\/agazeta\/\"}]}<\/script>\n<!-- \/ Yoast SEO plugin. -->","yoast_head_json":{"title":"Pol\u00edcia prende acusado de assassinato no Taquari - Agazeta.net","robots":{"index":"index","follow":"follow","max-snippet":"max-snippet:-1","max-image-preview":"max-image-preview:large","max-video-preview":"max-video-preview:-1"},"canonical":"https:\/\/nk7-testes.com.br\/agazeta\/policia-prende-acusado-de-assassinato-no-taquari\/","og_locale":"pt_BR","og_type":"article","og_title":"Pol\u00edcia prende acusado de assassinato no Taquari - Agazeta.net","og_description":"Delegado Robert Alencar conduz as investiga\u00e7\u00f5es","og_url":"https:\/\/nk7-testes.com.br\/agazeta\/policia-prende-acusado-de-assassinato-no-taquari\/","og_site_name":"Agazeta.net","article_published_time":"2016-11-14T20:21:26+00:00","og_image":[{"width":458,"height":340,"url":"https:\/\/nk7-testes.com.br\/agazeta\/wp-content\/uploads\/2016\/11\/141116-policia-delegado-tvgazeta.jpg","type":"image\/jpeg"}],"author":"Agazeta.Net","twitter_card":"summary_large_image","twitter_misc":{"Escrito por":"Agazeta.Net","Est. tempo de leitura":"2 minutos"},"schema":{"@context":"https:\/\/schema.org","@graph":[{"@type":"WebPage","@id":"https:\/\/nk7-testes.com.br\/agazeta\/policia-prende-acusado-de-assassinato-no-taquari\/","url":"https:\/\/nk7-testes.com.br\/agazeta\/policia-prende-acusado-de-assassinato-no-taquari\/","name":"Pol\u00edcia prende acusado de assassinato no Taquari - Agazeta.net","isPartOf":{"@id":"https:\/\/nk7-testes.com.br\/agazeta\/#website"},"primaryImageOfPage":{"@id":"https:\/\/nk7-testes.com.br\/agazeta\/policia-prende-acusado-de-assassinato-no-taquari\/#primaryimage"},"image":{"@id":"https:\/\/nk7-testes.com.br\/agazeta\/policia-prende-acusado-de-assassinato-no-taquari\/#primaryimage"},"thumbnailUrl":"https:\/\/nk7-testes.com.br\/agazeta\/wp-content\/uploads\/2016\/11\/141116-policia-delegado-tvgazeta.jpg","datePublished":"2016-11-14T20:21:26+00:00","author":{"@id":"https:\/\/nk7-testes.com.br\/agazeta\/#\/schema\/person\/6d6e25cb0435eb4a02fd44d30b4e3020"},"breadcrumb":{"@id":"https:\/\/nk7-testes.com.br\/agazeta\/policia-prende-acusado-de-assassinato-no-taquari\/#breadcrumb"},"inLanguage":"pt-BR","potentialAction":[{"@type":"ReadAction","target":["https:\/\/nk7-testes.com.br\/agazeta\/policia-prende-acusado-de-assassinato-no-taquari\/"]}]},{"@type":"ImageObject","inLanguage":"pt-BR","@id":"https:\/\/nk7-testes.com.br\/agazeta\/policia-prende-acusado-de-assassinato-no-taquari\/#primaryimage","url":"https:\/\/nk7-testes.com.br\/agazeta\/wp-content\/uploads\/2016\/11\/141116-policia-delegado-tvgazeta.jpg","contentUrl":"https:\/\/nk7-testes.com.br\/agazeta\/wp-content\/uploads\/2016\/11\/141116-policia-delegado-tvgazeta.jpg","width":458,"height":340,"caption":"141116-policia-delegado-tvgazeta"},{"@type":"BreadcrumbList","@id":"https:\/\/nk7-testes.com.br\/agazeta\/policia-prende-acusado-de-assassinato-no-taquari\/#breadcrumb","itemListElement":[{"@type":"ListItem","position":1,"name":"In\u00edcio","item":"https:\/\/nk7-testes.com.br\/agazeta\/"},{"@type":"ListItem","position":2,"name":"Pol\u00edcia prende acusado de assassinato no Taquari"}]},{"@type":"WebSite","@id":"https:\/\/nk7-testes.com.br\/agazeta\/#website","url":"https:\/\/nk7-testes.com.br\/agazeta\/","name":"Agazeta.net","description":"Agazeta.net - Not\u00edcias de Rio Branco\/AC","potentialAction":[{"@type":"SearchAction","target":{"@type":"EntryPoint","urlTemplate":"https:\/\/nk7-testes.com.br\/agazeta\/?s={search_term_string}"},"query-input":{"@type":"PropertyValueSpecification","valueRequired":true,"valueName":"search_term_string"}}],"inLanguage":"pt-BR"},{"@type":"Person","@id":"https:\/\/nk7-testes.com.br\/agazeta\/#\/schema\/person\/6d6e25cb0435eb4a02fd44d30b4e3020","name":"Agazeta.Net","url":"https:\/\/nk7-testes.com.br\/agazeta\/author\/agazeta\/"}]}},"_links":{"self":[{"href":"https:\/\/nk7-testes.com.br\/agazeta\/wp-json\/wp\/v2\/posts\/26403","targetHints":{"allow":["GET"]}}],"collection":[{"href":"https:\/\/nk7-testes.com.br\/agazeta\/wp-json\/wp\/v2\/posts"}],"about":[{"href":"https:\/\/nk7-testes.com.br\/agazeta\/wp-json\/wp\/v2\/types\/post"}],"author":[{"embeddable":true,"href":"https:\/\/nk7-testes.com.br\/agazeta\/wp-json\/wp\/v2\/users\/4"}],"replies":[{"embeddable":true,"href":"https:\/\/nk7-testes.com.br\/agazeta\/wp-json\/wp\/v2\/comments?post=26403"}],"version-history":[{"count":0,"href":"https:\/\/nk7-testes.com.br\/agazeta\/wp-json\/wp\/v2\/posts\/26403\/revisions"}],"wp:featuredmedia":[{"embeddable":true,"href":"https:\/\/nk7-testes.com.br\/agazeta\/wp-json\/wp\/v2\/media\/26402"}],"wp:attachment":[{"href":"https:\/\/nk7-testes.com.br\/agazeta\/wp-json\/wp\/v2\/media?parent=26403"}],"wp:term":[{"taxonomy":"category","embeddable":true,"href":"https:\/\/nk7-testes.com.br\/agazeta\/wp-json\/wp\/v2\/categories?post=26403"},{"taxonomy":"post_tag","embeddable":true,"href":"https:\/\/nk7-testes.com.br\/agazeta\/wp-json\/wp\/v2\/tags?post=26403"}],"curies":[{"name":"wp","href":"https:\/\/api.w.org\/{rel}","templated":true}]}}