{"id":26401,"date":"2016-11-14T20:07:58","date_gmt":"2016-11-14T20:07:58","guid":{"rendered":"https:\/\/abarevegan.com.br\/index.php\/2016\/11\/14\/detran-realiza-leilao-terca-e-quarta\/"},"modified":"2016-11-14T20:07:58","modified_gmt":"2016-11-14T20:07:58","slug":"detran-realiza-leilao-terca-e-quarta","status":"publish","type":"post","link":"https:\/\/nk7-testes.com.br\/agazeta\/detran-realiza-leilao-terca-e-quarta\/","title":{"rendered":"Detran realiza leil\u00e3o ter\u00e7a e quarta"},"content":{"rendered":"<p style=\"text-align: justify;\">Mais de 1.200 cadastros foram realizados<\/p>\n<p style=\"text-align: justify;\">O Departamento Estadual de Tr\u00e2nsito (Detran) promove leil\u00e3o de ve\u00edculos apreendidos nos pr\u00f3ximos dias 15 e 16 no Teatro Pl\u00e1cido de Castro. Estar\u00e3o \u00e0 disposi\u00e7\u00e3o, 634 lotes sendo 153 carros e 481 motos.<\/p>\n<p style=\"text-align: justify;\">Com o primeiro dia de leil\u00e3o no feriado, a procura para o cadastramento foi grande, mais de 1200 pessoas se credenciaram. \u201cNunca imaginei que teria um credenciamento desses. Nossos outros leil\u00f5es sempre foram de 700 a 800 pessoas\u201d, comemorou a diretora de opera\u00e7\u00f5es, Shirley Torres.<\/p>\n<p style=\"text-align: justify;\">O edital foi lan\u00e7ado no inicio deste m\u00eas e discriminava o lance m\u00ednimo de R$ 300 para moto e R$ 1000 para carro. Ap\u00f3s o primeiro lance, as apostas sobem de R$ 200 em R$ 200 para carro e de R$ 100 em R$ 100 para motos.<\/p>\n<p style=\"text-align: justify;\">Al\u00e9m do lance, os compradores devem pagar 5% do valor do ve\u00edculo para o pregoeiro e 3,7% de imposto. Tamb\u00e9m \u00e9 importante ficar atento que ap\u00f3s o leil\u00e3o o novo propriet\u00e1rio do ve\u00edculo precisa fazer reparos no carro ou moto, antes de retirar o documento do Detran. \u201cEle tem 24h para pagar o lance que ele deu e tem 30 dias pra regularizar o ve\u00edculo e receber o documento\u201d.<\/p>\n<p style=\"text-align: justify;\">O leil\u00e3o come\u00e7a a partir das 9h da manh\u00e3 desta ter\u00e7a-feira, no Teatro Pl\u00e1cido de Castro, na Avenida Get\u00falio Vargas com 50% dos lotes dispon\u00edveis. A outra metade ser\u00e1 leiloada na quarta.<\/p>\n","protected":false},"excerpt":{"rendered":"<p style=\"text-align: justify;\">Mais de 1.200 cadastros foram realizados<\/p>\n","protected":false},"author":4,"featured_media":26400,"comment_status":"open","ping_status":"open","sticky":false,"template":"","format":"standard","meta":{"jnews-multi-image_gallery":[],"jnews_single_post":[],"jnews_primary_category":[],"jnews_social_meta":[],"jnews_review":[],"enable_review":"","type":"","name":"","summary":"","brand":"","sku":"","good":[],"bad":[],"score_override":"","override_value":"","rating":[],"price":[],"footnotes":""},"categories":[54],"tags":[],"class_list":["post-26401","post","type-post","status-publish","format-standard","has-post-thumbnail","hentry","category-cotidiano"],"yoast_head":"<!-- This site is optimized with the Yoast SEO plugin v26.5 - https:\/\/yoast.com\/wordpress\/plugins\/seo\/ -->\n<title>Detran realiza leil\u00e3o ter\u00e7a e quarta - Agazeta.net<\/title>\n<meta name=\"robots\" content=\"index, follow, max-snippet:-1, max-image-preview:large, max-video-preview:-1\" \/>\n<link rel=\"canonical\" href=\"https:\/\/nk7-testes.com.br\/agazeta\/detran-realiza-leilao-terca-e-quarta\/\" \/>\n<meta property=\"og:locale\" content=\"pt_BR\" \/>\n<meta property=\"og:type\" content=\"article\" \/>\n<meta property=\"og:title\" content=\"Detran realiza leil\u00e3o ter\u00e7a e quarta - Agazeta.net\" \/>\n<meta property=\"og:description\" content=\"Mais de 1.200 cadastros foram realizados\" \/>\n<meta property=\"og:url\" content=\"https:\/\/nk7-testes.com.br\/agazeta\/detran-realiza-leilao-terca-e-quarta\/\" \/>\n<meta property=\"og:site_name\" content=\"Agazeta.net\" \/>\n<meta property=\"article:published_time\" content=\"2016-11-14T20:07:58+00:00\" \/>\n<meta property=\"og:image\" content=\"https:\/\/nk7-testes.com.br\/agazeta\/wp-content\/uploads\/2016\/11\/141116-cotidiano-detran-vgazeta.jpg\" \/>\n\t<meta property=\"og:image:width\" content=\"458\" \/>\n\t<meta property=\"og:image:height\" content=\"340\" \/>\n\t<meta property=\"og:image:type\" content=\"image\/jpeg\" \/>\n<meta name=\"author\" content=\"Agazeta.Net\" \/>\n<meta name=\"twitter:card\" content=\"summary_large_image\" \/>\n<meta name=\"twitter:label1\" content=\"Escrito por\" \/>\n\t<meta name=\"twitter:data1\" content=\"Agazeta.Net\" \/>\n\t<meta name=\"twitter:label2\" content=\"Est. tempo de leitura\" \/>\n\t<meta name=\"twitter:data2\" content=\"1 minuto\" \/>\n<script type=\"application\/ld+json\" class=\"yoast-schema-graph\">{\"@context\":\"https:\/\/schema.org\",\"@graph\":[{\"@type\":\"WebPage\",\"@id\":\"https:\/\/nk7-testes.com.br\/agazeta\/detran-realiza-leilao-terca-e-quarta\/\",\"url\":\"https:\/\/nk7-testes.com.br\/agazeta\/detran-realiza-leilao-terca-e-quarta\/\",\"name\":\"Detran realiza leil\u00e3o ter\u00e7a e quarta - Agazeta.net\",\"isPartOf\":{\"@id\":\"https:\/\/nk7-testes.com.br\/agazeta\/#website\"},\"primaryImageOfPage\":{\"@id\":\"https:\/\/nk7-testes.com.br\/agazeta\/detran-realiza-leilao-terca-e-quarta\/#primaryimage\"},\"image\":{\"@id\":\"https:\/\/nk7-testes.com.br\/agazeta\/detran-realiza-leilao-terca-e-quarta\/#primaryimage\"},\"thumbnailUrl\":\"https:\/\/nk7-testes.com.br\/agazeta\/wp-content\/uploads\/2016\/11\/141116-cotidiano-detran-vgazeta.jpg\",\"datePublished\":\"2016-11-14T20:07:58+00:00\",\"author\":{\"@id\":\"https:\/\/nk7-testes.com.br\/agazeta\/#\/schema\/person\/ff6b39d54d6973bfc57f4140f659b23f\"},\"breadcrumb\":{\"@id\":\"https:\/\/nk7-testes.com.br\/agazeta\/detran-realiza-leilao-terca-e-quarta\/#breadcrumb\"},\"inLanguage\":\"pt-BR\",\"potentialAction\":[{\"@type\":\"ReadAction\",\"target\":[\"https:\/\/nk7-testes.com.br\/agazeta\/detran-realiza-leilao-terca-e-quarta\/\"]}]},{\"@type\":\"ImageObject\",\"inLanguage\":\"pt-BR\",\"@id\":\"https:\/\/nk7-testes.com.br\/agazeta\/detran-realiza-leilao-terca-e-quarta\/#primaryimage\",\"url\":\"https:\/\/nk7-testes.com.br\/agazeta\/wp-content\/uploads\/2016\/11\/141116-cotidiano-detran-vgazeta.jpg\",\"contentUrl\":\"https:\/\/nk7-testes.com.br\/agazeta\/wp-content\/uploads\/2016\/11\/141116-cotidiano-detran-vgazeta.jpg\",\"width\":458,\"height\":340,\"caption\":\"141116-cotidiano-detran-vgazeta\"},{\"@type\":\"BreadcrumbList\",\"@id\":\"https:\/\/nk7-testes.com.br\/agazeta\/detran-realiza-leilao-terca-e-quarta\/#breadcrumb\",\"itemListElement\":[{\"@type\":\"ListItem\",\"position\":1,\"name\":\"In\u00edcio\",\"item\":\"https:\/\/nk7-testes.com.br\/agazeta\/\"},{\"@type\":\"ListItem\",\"position\":2,\"name\":\"Detran realiza leil\u00e3o ter\u00e7a e quarta\"}]},{\"@type\":\"WebSite\",\"@id\":\"https:\/\/nk7-testes.com.br\/agazeta\/#website\",\"url\":\"https:\/\/nk7-testes.com.br\/agazeta\/\",\"name\":\"Agazeta.net\",\"description\":\"Agazeta.net - Not\u00edcias de Rio Branco\/AC\",\"potentialAction\":[{\"@type\":\"SearchAction\",\"target\":{\"@type\":\"EntryPoint\",\"urlTemplate\":\"https:\/\/nk7-testes.com.br\/agazeta\/?s={search_term_string}\"},\"query-input\":{\"@type\":\"PropertyValueSpecification\",\"valueRequired\":true,\"valueName\":\"search_term_string\"}}],\"inLanguage\":\"pt-BR\"},{\"@type\":\"Person\",\"@id\":\"https:\/\/nk7-testes.com.br\/agazeta\/#\/schema\/person\/ff6b39d54d6973bfc57f4140f659b23f\",\"name\":\"Agazeta.Net\",\"url\":\"https:\/\/nk7-testes.com.br\/agazeta\/author\/agazeta\/\"}]}<\/script>\n<!-- \/ Yoast SEO plugin. -->","yoast_head_json":{"title":"Detran realiza leil\u00e3o ter\u00e7a e quarta - Agazeta.net","robots":{"index":"index","follow":"follow","max-snippet":"max-snippet:-1","max-image-preview":"max-image-preview:large","max-video-preview":"max-video-preview:-1"},"canonical":"https:\/\/nk7-testes.com.br\/agazeta\/detran-realiza-leilao-terca-e-quarta\/","og_locale":"pt_BR","og_type":"article","og_title":"Detran realiza leil\u00e3o ter\u00e7a e quarta - Agazeta.net","og_description":"Mais de 1.200 cadastros foram realizados","og_url":"https:\/\/nk7-testes.com.br\/agazeta\/detran-realiza-leilao-terca-e-quarta\/","og_site_name":"Agazeta.net","article_published_time":"2016-11-14T20:07:58+00:00","og_image":[{"width":458,"height":340,"url":"https:\/\/nk7-testes.com.br\/agazeta\/wp-content\/uploads\/2016\/11\/141116-cotidiano-detran-vgazeta.jpg","type":"image\/jpeg"}],"author":"Agazeta.Net","twitter_card":"summary_large_image","twitter_misc":{"Escrito por":"Agazeta.Net","Est. tempo de leitura":"1 minuto"},"schema":{"@context":"https:\/\/schema.org","@graph":[{"@type":"WebPage","@id":"https:\/\/nk7-testes.com.br\/agazeta\/detran-realiza-leilao-terca-e-quarta\/","url":"https:\/\/nk7-testes.com.br\/agazeta\/detran-realiza-leilao-terca-e-quarta\/","name":"Detran realiza leil\u00e3o ter\u00e7a e quarta - Agazeta.net","isPartOf":{"@id":"https:\/\/nk7-testes.com.br\/agazeta\/#website"},"primaryImageOfPage":{"@id":"https:\/\/nk7-testes.com.br\/agazeta\/detran-realiza-leilao-terca-e-quarta\/#primaryimage"},"image":{"@id":"https:\/\/nk7-testes.com.br\/agazeta\/detran-realiza-leilao-terca-e-quarta\/#primaryimage"},"thumbnailUrl":"https:\/\/nk7-testes.com.br\/agazeta\/wp-content\/uploads\/2016\/11\/141116-cotidiano-detran-vgazeta.jpg","datePublished":"2016-11-14T20:07:58+00:00","author":{"@id":"https:\/\/nk7-testes.com.br\/agazeta\/#\/schema\/person\/ff6b39d54d6973bfc57f4140f659b23f"},"breadcrumb":{"@id":"https:\/\/nk7-testes.com.br\/agazeta\/detran-realiza-leilao-terca-e-quarta\/#breadcrumb"},"inLanguage":"pt-BR","potentialAction":[{"@type":"ReadAction","target":["https:\/\/nk7-testes.com.br\/agazeta\/detran-realiza-leilao-terca-e-quarta\/"]}]},{"@type":"ImageObject","inLanguage":"pt-BR","@id":"https:\/\/nk7-testes.com.br\/agazeta\/detran-realiza-leilao-terca-e-quarta\/#primaryimage","url":"https:\/\/nk7-testes.com.br\/agazeta\/wp-content\/uploads\/2016\/11\/141116-cotidiano-detran-vgazeta.jpg","contentUrl":"https:\/\/nk7-testes.com.br\/agazeta\/wp-content\/uploads\/2016\/11\/141116-cotidiano-detran-vgazeta.jpg","width":458,"height":340,"caption":"141116-cotidiano-detran-vgazeta"},{"@type":"BreadcrumbList","@id":"https:\/\/nk7-testes.com.br\/agazeta\/detran-realiza-leilao-terca-e-quarta\/#breadcrumb","itemListElement":[{"@type":"ListItem","position":1,"name":"In\u00edcio","item":"https:\/\/nk7-testes.com.br\/agazeta\/"},{"@type":"ListItem","position":2,"name":"Detran realiza leil\u00e3o ter\u00e7a e quarta"}]},{"@type":"WebSite","@id":"https:\/\/nk7-testes.com.br\/agazeta\/#website","url":"https:\/\/nk7-testes.com.br\/agazeta\/","name":"Agazeta.net","description":"Agazeta.net - Not\u00edcias de Rio Branco\/AC","potentialAction":[{"@type":"SearchAction","target":{"@type":"EntryPoint","urlTemplate":"https:\/\/nk7-testes.com.br\/agazeta\/?s={search_term_string}"},"query-input":{"@type":"PropertyValueSpecification","valueRequired":true,"valueName":"search_term_string"}}],"inLanguage":"pt-BR"},{"@type":"Person","@id":"https:\/\/nk7-testes.com.br\/agazeta\/#\/schema\/person\/ff6b39d54d6973bfc57f4140f659b23f","name":"Agazeta.Net","url":"https:\/\/nk7-testes.com.br\/agazeta\/author\/agazeta\/"}]}},"_links":{"self":[{"href":"https:\/\/nk7-testes.com.br\/agazeta\/wp-json\/wp\/v2\/posts\/26401","targetHints":{"allow":["GET"]}}],"collection":[{"href":"https:\/\/nk7-testes.com.br\/agazeta\/wp-json\/wp\/v2\/posts"}],"about":[{"href":"https:\/\/nk7-testes.com.br\/agazeta\/wp-json\/wp\/v2\/types\/post"}],"author":[{"embeddable":true,"href":"https:\/\/nk7-testes.com.br\/agazeta\/wp-json\/wp\/v2\/users\/4"}],"replies":[{"embeddable":true,"href":"https:\/\/nk7-testes.com.br\/agazeta\/wp-json\/wp\/v2\/comments?post=26401"}],"version-history":[{"count":0,"href":"https:\/\/nk7-testes.com.br\/agazeta\/wp-json\/wp\/v2\/posts\/26401\/revisions"}],"wp:featuredmedia":[{"embeddable":true,"href":"https:\/\/nk7-testes.com.br\/agazeta\/wp-json\/wp\/v2\/media\/26400"}],"wp:attachment":[{"href":"https:\/\/nk7-testes.com.br\/agazeta\/wp-json\/wp\/v2\/media?parent=26401"}],"wp:term":[{"taxonomy":"category","embeddable":true,"href":"https:\/\/nk7-testes.com.br\/agazeta\/wp-json\/wp\/v2\/categories?post=26401"},{"taxonomy":"post_tag","embeddable":true,"href":"https:\/\/nk7-testes.com.br\/agazeta\/wp-json\/wp\/v2\/tags?post=26401"}],"curies":[{"name":"wp","href":"https:\/\/api.w.org\/{rel}","templated":true}]}}