{"id":26374,"date":"2016-11-11T14:52:48","date_gmt":"2016-11-11T14:52:48","guid":{"rendered":"https:\/\/abarevegan.com.br\/index.php\/2016\/11\/11\/acessibilidade-comprometida-na-praca-dos-tocos\/"},"modified":"2016-11-11T14:52:48","modified_gmt":"2016-11-11T14:52:48","slug":"acessibilidade-comprometida-na-praca-dos-tocos","status":"publish","type":"post","link":"https:\/\/nk7-testes.com.br\/agazeta\/acessibilidade-comprometida-na-praca-dos-tocos\/","title":{"rendered":"Acessibilidade comprometida na Pra\u00e7a dos Tocos"},"content":{"rendered":"<p style=\"text-align: justify;\">Local foi reinaugurado em outubro do ano passado<\/p>\n<p style=\"text-align: justify;\">Um v\u00eddeo enviado para a produ\u00e7\u00e3o da TV Gazeta mostra como o direito \u00e0 acessibilidade est\u00e1 longe de ser respeitado em Rio Branco. Na Travessa Benjamin Constant, em frente ao F\u00f3rum Bar\u00e3o do Rio Branco, a cal\u00e7ada da Pra\u00e7a da Catedral, popularmente conhecida como Pra\u00e7a dos Tocos, uma jovem tentava ir \u201cresolver um problema no Projeto Cidad\u00e3o\u201d (pr\u00e9dio do TJ quase ao lado da Difusora Acreana) e n\u00e3o conseguia.<\/p>\n<p style=\"text-align: justify;\">Um buraco na cal\u00e7ada impedia o tr\u00e2nsito livre da jovem que usa cadeira de rodas. A Pra\u00e7a dos Tocos foi reinaugurada pela Prefeitura de Rio Branco em outubro do ano passado. H\u00e1 pouco mais de um ano, j\u00e1 apresenta problemas.<\/p>\n","protected":false},"excerpt":{"rendered":"<p style=\"text-align: justify;\">Local foi reinaugurado em outubro do ano passado<\/p>\n","protected":false},"author":4,"featured_media":26373,"comment_status":"open","ping_status":"open","sticky":false,"template":"","format":"standard","meta":{"jnews-multi-image_gallery":[],"jnews_single_post":[],"jnews_primary_category":[],"jnews_social_meta":[],"jnews_review":[],"enable_review":"","type":"","name":"","summary":"","brand":"","sku":"","good":[],"bad":[],"score_override":"","override_value":"","rating":[],"price":[],"footnotes":""},"categories":[54],"tags":[],"class_list":["post-26374","post","type-post","status-publish","format-standard","has-post-thumbnail","hentry","category-cotidiano"],"yoast_head":"<!-- This site is optimized with the Yoast SEO plugin v26.5 - https:\/\/yoast.com\/wordpress\/plugins\/seo\/ -->\n<title>Acessibilidade comprometida na Pra\u00e7a dos Tocos - Agazeta.net<\/title>\n<meta name=\"robots\" content=\"index, follow, max-snippet:-1, max-image-preview:large, max-video-preview:-1\" \/>\n<link rel=\"canonical\" href=\"https:\/\/nk7-testes.com.br\/agazeta\/acessibilidade-comprometida-na-praca-dos-tocos\/\" \/>\n<meta property=\"og:locale\" content=\"pt_BR\" \/>\n<meta property=\"og:type\" content=\"article\" \/>\n<meta property=\"og:title\" content=\"Acessibilidade comprometida na Pra\u00e7a dos Tocos - Agazeta.net\" \/>\n<meta property=\"og:description\" content=\"Local foi reinaugurado em outubro do ano passado\" \/>\n<meta property=\"og:url\" content=\"https:\/\/nk7-testes.com.br\/agazeta\/acessibilidade-comprometida-na-praca-dos-tocos\/\" \/>\n<meta property=\"og:site_name\" content=\"Agazeta.net\" \/>\n<meta property=\"article:published_time\" content=\"2016-11-11T14:52:48+00:00\" \/>\n<meta property=\"og:image\" content=\"https:\/\/nk7-testes.com.br\/agazeta\/wp-content\/uploads\/2016\/11\/111116-cotidiano-calcadasescludentes-cedida.jpg\" \/>\n\t<meta property=\"og:image:width\" content=\"458\" \/>\n\t<meta property=\"og:image:height\" content=\"340\" \/>\n\t<meta property=\"og:image:type\" content=\"image\/jpeg\" \/>\n<meta name=\"author\" content=\"Agazeta.Net\" \/>\n<meta name=\"twitter:card\" content=\"summary_large_image\" \/>\n<meta name=\"twitter:label1\" content=\"Escrito por\" \/>\n\t<meta name=\"twitter:data1\" content=\"Agazeta.Net\" \/>\n\t<meta name=\"twitter:label2\" content=\"Est. tempo de leitura\" \/>\n\t<meta name=\"twitter:data2\" content=\"1 minuto\" \/>\n<script type=\"application\/ld+json\" class=\"yoast-schema-graph\">{\"@context\":\"https:\/\/schema.org\",\"@graph\":[{\"@type\":\"WebPage\",\"@id\":\"https:\/\/nk7-testes.com.br\/agazeta\/acessibilidade-comprometida-na-praca-dos-tocos\/\",\"url\":\"https:\/\/nk7-testes.com.br\/agazeta\/acessibilidade-comprometida-na-praca-dos-tocos\/\",\"name\":\"Acessibilidade comprometida na Pra\u00e7a dos Tocos - Agazeta.net\",\"isPartOf\":{\"@id\":\"https:\/\/nk7-testes.com.br\/agazeta\/#website\"},\"primaryImageOfPage\":{\"@id\":\"https:\/\/nk7-testes.com.br\/agazeta\/acessibilidade-comprometida-na-praca-dos-tocos\/#primaryimage\"},\"image\":{\"@id\":\"https:\/\/nk7-testes.com.br\/agazeta\/acessibilidade-comprometida-na-praca-dos-tocos\/#primaryimage\"},\"thumbnailUrl\":\"https:\/\/nk7-testes.com.br\/agazeta\/wp-content\/uploads\/2016\/11\/111116-cotidiano-calcadasescludentes-cedida.jpg\",\"datePublished\":\"2016-11-11T14:52:48+00:00\",\"author\":{\"@id\":\"https:\/\/nk7-testes.com.br\/agazeta\/#\/schema\/person\/ff6b39d54d6973bfc57f4140f659b23f\"},\"breadcrumb\":{\"@id\":\"https:\/\/nk7-testes.com.br\/agazeta\/acessibilidade-comprometida-na-praca-dos-tocos\/#breadcrumb\"},\"inLanguage\":\"pt-BR\",\"potentialAction\":[{\"@type\":\"ReadAction\",\"target\":[\"https:\/\/nk7-testes.com.br\/agazeta\/acessibilidade-comprometida-na-praca-dos-tocos\/\"]}]},{\"@type\":\"ImageObject\",\"inLanguage\":\"pt-BR\",\"@id\":\"https:\/\/nk7-testes.com.br\/agazeta\/acessibilidade-comprometida-na-praca-dos-tocos\/#primaryimage\",\"url\":\"https:\/\/nk7-testes.com.br\/agazeta\/wp-content\/uploads\/2016\/11\/111116-cotidiano-calcadasescludentes-cedida.jpg\",\"contentUrl\":\"https:\/\/nk7-testes.com.br\/agazeta\/wp-content\/uploads\/2016\/11\/111116-cotidiano-calcadasescludentes-cedida.jpg\",\"width\":458,\"height\":340,\"caption\":\"111116-cotidiano-calcadasescludentes-cedida\"},{\"@type\":\"BreadcrumbList\",\"@id\":\"https:\/\/nk7-testes.com.br\/agazeta\/acessibilidade-comprometida-na-praca-dos-tocos\/#breadcrumb\",\"itemListElement\":[{\"@type\":\"ListItem\",\"position\":1,\"name\":\"In\u00edcio\",\"item\":\"https:\/\/nk7-testes.com.br\/agazeta\/\"},{\"@type\":\"ListItem\",\"position\":2,\"name\":\"Acessibilidade comprometida na Pra\u00e7a dos Tocos\"}]},{\"@type\":\"WebSite\",\"@id\":\"https:\/\/nk7-testes.com.br\/agazeta\/#website\",\"url\":\"https:\/\/nk7-testes.com.br\/agazeta\/\",\"name\":\"Agazeta.net\",\"description\":\"Agazeta.net - Not\u00edcias de Rio Branco\/AC\",\"potentialAction\":[{\"@type\":\"SearchAction\",\"target\":{\"@type\":\"EntryPoint\",\"urlTemplate\":\"https:\/\/nk7-testes.com.br\/agazeta\/?s={search_term_string}\"},\"query-input\":{\"@type\":\"PropertyValueSpecification\",\"valueRequired\":true,\"valueName\":\"search_term_string\"}}],\"inLanguage\":\"pt-BR\"},{\"@type\":\"Person\",\"@id\":\"https:\/\/nk7-testes.com.br\/agazeta\/#\/schema\/person\/ff6b39d54d6973bfc57f4140f659b23f\",\"name\":\"Agazeta.Net\",\"url\":\"https:\/\/nk7-testes.com.br\/agazeta\/author\/agazeta\/\"}]}<\/script>\n<!-- \/ Yoast SEO plugin. -->","yoast_head_json":{"title":"Acessibilidade comprometida na Pra\u00e7a dos Tocos - Agazeta.net","robots":{"index":"index","follow":"follow","max-snippet":"max-snippet:-1","max-image-preview":"max-image-preview:large","max-video-preview":"max-video-preview:-1"},"canonical":"https:\/\/nk7-testes.com.br\/agazeta\/acessibilidade-comprometida-na-praca-dos-tocos\/","og_locale":"pt_BR","og_type":"article","og_title":"Acessibilidade comprometida na Pra\u00e7a dos Tocos - Agazeta.net","og_description":"Local foi reinaugurado em outubro do ano passado","og_url":"https:\/\/nk7-testes.com.br\/agazeta\/acessibilidade-comprometida-na-praca-dos-tocos\/","og_site_name":"Agazeta.net","article_published_time":"2016-11-11T14:52:48+00:00","og_image":[{"width":458,"height":340,"url":"https:\/\/nk7-testes.com.br\/agazeta\/wp-content\/uploads\/2016\/11\/111116-cotidiano-calcadasescludentes-cedida.jpg","type":"image\/jpeg"}],"author":"Agazeta.Net","twitter_card":"summary_large_image","twitter_misc":{"Escrito por":"Agazeta.Net","Est. tempo de leitura":"1 minuto"},"schema":{"@context":"https:\/\/schema.org","@graph":[{"@type":"WebPage","@id":"https:\/\/nk7-testes.com.br\/agazeta\/acessibilidade-comprometida-na-praca-dos-tocos\/","url":"https:\/\/nk7-testes.com.br\/agazeta\/acessibilidade-comprometida-na-praca-dos-tocos\/","name":"Acessibilidade comprometida na Pra\u00e7a dos Tocos - Agazeta.net","isPartOf":{"@id":"https:\/\/nk7-testes.com.br\/agazeta\/#website"},"primaryImageOfPage":{"@id":"https:\/\/nk7-testes.com.br\/agazeta\/acessibilidade-comprometida-na-praca-dos-tocos\/#primaryimage"},"image":{"@id":"https:\/\/nk7-testes.com.br\/agazeta\/acessibilidade-comprometida-na-praca-dos-tocos\/#primaryimage"},"thumbnailUrl":"https:\/\/nk7-testes.com.br\/agazeta\/wp-content\/uploads\/2016\/11\/111116-cotidiano-calcadasescludentes-cedida.jpg","datePublished":"2016-11-11T14:52:48+00:00","author":{"@id":"https:\/\/nk7-testes.com.br\/agazeta\/#\/schema\/person\/ff6b39d54d6973bfc57f4140f659b23f"},"breadcrumb":{"@id":"https:\/\/nk7-testes.com.br\/agazeta\/acessibilidade-comprometida-na-praca-dos-tocos\/#breadcrumb"},"inLanguage":"pt-BR","potentialAction":[{"@type":"ReadAction","target":["https:\/\/nk7-testes.com.br\/agazeta\/acessibilidade-comprometida-na-praca-dos-tocos\/"]}]},{"@type":"ImageObject","inLanguage":"pt-BR","@id":"https:\/\/nk7-testes.com.br\/agazeta\/acessibilidade-comprometida-na-praca-dos-tocos\/#primaryimage","url":"https:\/\/nk7-testes.com.br\/agazeta\/wp-content\/uploads\/2016\/11\/111116-cotidiano-calcadasescludentes-cedida.jpg","contentUrl":"https:\/\/nk7-testes.com.br\/agazeta\/wp-content\/uploads\/2016\/11\/111116-cotidiano-calcadasescludentes-cedida.jpg","width":458,"height":340,"caption":"111116-cotidiano-calcadasescludentes-cedida"},{"@type":"BreadcrumbList","@id":"https:\/\/nk7-testes.com.br\/agazeta\/acessibilidade-comprometida-na-praca-dos-tocos\/#breadcrumb","itemListElement":[{"@type":"ListItem","position":1,"name":"In\u00edcio","item":"https:\/\/nk7-testes.com.br\/agazeta\/"},{"@type":"ListItem","position":2,"name":"Acessibilidade comprometida na Pra\u00e7a dos Tocos"}]},{"@type":"WebSite","@id":"https:\/\/nk7-testes.com.br\/agazeta\/#website","url":"https:\/\/nk7-testes.com.br\/agazeta\/","name":"Agazeta.net","description":"Agazeta.net - Not\u00edcias de Rio Branco\/AC","potentialAction":[{"@type":"SearchAction","target":{"@type":"EntryPoint","urlTemplate":"https:\/\/nk7-testes.com.br\/agazeta\/?s={search_term_string}"},"query-input":{"@type":"PropertyValueSpecification","valueRequired":true,"valueName":"search_term_string"}}],"inLanguage":"pt-BR"},{"@type":"Person","@id":"https:\/\/nk7-testes.com.br\/agazeta\/#\/schema\/person\/ff6b39d54d6973bfc57f4140f659b23f","name":"Agazeta.Net","url":"https:\/\/nk7-testes.com.br\/agazeta\/author\/agazeta\/"}]}},"_links":{"self":[{"href":"https:\/\/nk7-testes.com.br\/agazeta\/wp-json\/wp\/v2\/posts\/26374","targetHints":{"allow":["GET"]}}],"collection":[{"href":"https:\/\/nk7-testes.com.br\/agazeta\/wp-json\/wp\/v2\/posts"}],"about":[{"href":"https:\/\/nk7-testes.com.br\/agazeta\/wp-json\/wp\/v2\/types\/post"}],"author":[{"embeddable":true,"href":"https:\/\/nk7-testes.com.br\/agazeta\/wp-json\/wp\/v2\/users\/4"}],"replies":[{"embeddable":true,"href":"https:\/\/nk7-testes.com.br\/agazeta\/wp-json\/wp\/v2\/comments?post=26374"}],"version-history":[{"count":0,"href":"https:\/\/nk7-testes.com.br\/agazeta\/wp-json\/wp\/v2\/posts\/26374\/revisions"}],"wp:featuredmedia":[{"embeddable":true,"href":"https:\/\/nk7-testes.com.br\/agazeta\/wp-json\/wp\/v2\/media\/26373"}],"wp:attachment":[{"href":"https:\/\/nk7-testes.com.br\/agazeta\/wp-json\/wp\/v2\/media?parent=26374"}],"wp:term":[{"taxonomy":"category","embeddable":true,"href":"https:\/\/nk7-testes.com.br\/agazeta\/wp-json\/wp\/v2\/categories?post=26374"},{"taxonomy":"post_tag","embeddable":true,"href":"https:\/\/nk7-testes.com.br\/agazeta\/wp-json\/wp\/v2\/tags?post=26374"}],"curies":[{"name":"wp","href":"https:\/\/api.w.org\/{rel}","templated":true}]}}