{"id":26332,"date":"2016-11-09T20:22:51","date_gmt":"2016-11-09T20:22:51","guid":{"rendered":"https:\/\/abarevegan.com.br\/index.php\/2016\/11\/09\/petrobras-reduz-preco-de-combustiveis-pela-segunda-vez\/"},"modified":"2016-11-09T20:22:51","modified_gmt":"2016-11-09T20:22:51","slug":"petrobras-reduz-preco-de-combustiveis-pela-segunda-vez","status":"publish","type":"post","link":"https:\/\/nk7-testes.com.br\/agazeta\/petrobras-reduz-preco-de-combustiveis-pela-segunda-vez\/","title":{"rendered":"Petrobras reduz pre\u00e7o de combust\u00edveis pela segunda vez"},"content":{"rendered":"<p style=\"text-align: justify;\">Acrianos n\u00e3o viram nem a primeira redu\u00e7\u00e3o<\/p>\n<p style=\"text-align: justify;\">Essa \u00e9 a segunda redu\u00e7\u00e3o de pre\u00e7os anunciada pela Petrobras em menos de um m\u00eas. Para as refinarias, o \u00f3leo diesel ficou 10,4% mais barato. A diminui\u00e7\u00e3o na gasolina por atacado ficou em 3,1%.<\/p>\n<p style=\"text-align: justify;\">Se somada com o abatimento do dia 14 de outubro, a queda de pre\u00e7os e derivados \u00e9 de 12,1%. Dessa data passada, as distribuidoras n\u00e3o ajustaram os valores.<\/p>\n<p style=\"text-align: justify;\">A possibilidade de mais uma vez n\u00e3o serem beneficiados com essa redu\u00e7\u00e3o deixou os motoristas enfurecidos. \u201cEsse \u00e9 um pa\u00eds da vergonha meu amigo, tenho nem palavras pra dizer sobre um pa\u00eds desse, que baixa a gasolina nas refinarias e n\u00e3o baixa nos postos, pelo contr\u00e1rio, m\u00eas passado fez foi aumentar\u201d, disse o servidor p\u00fablico, Raimundo Lira.<\/p>\n<p style=\"text-align: justify;\">Para o advogado Lucas Machado, o que existe \u00e9 um monop\u00f3lio. \u201cAcho que tem um monop\u00f3lio que n\u00e3o deixa cair o pre\u00e7o. O correto seria: j\u00e1 que baixou l\u00e1, baixar aqui para n\u00f3s consumidores finais\u201d.<\/p>\n<p style=\"text-align: justify;\">A gasolina no Acre custa em m\u00e9dia mais de quatro reais, uma das mais caras do pa\u00eds. Com esse valor, todos os outros servi\u00e7os e produtos que dependem inteiramente do seu consumo apresentam pre\u00e7os mais elevados. \u201cA gasolina aumenta, o g\u00e1s aumenta, tudo aumenta, e assim vai\u201d, comentou o seguran\u00e7a Edem Carlos.<\/p>\n<p style=\"text-align: justify;\">Por meio de nota, o Sindicato dos Postos de Combust\u00edveis do Acre alegou que por enquanto n\u00e3o sabe se as distribuidoras v\u00e3o repassar essa redu\u00e7\u00e3o e s\u00f3 vai ter conhecimento desse fato a partir do momento em que os revendedores comprarem mais produtos.<\/p>\n<p style=\"text-align: justify;\">Enquanto isso, os consumidores n\u00e3o t\u00eam sa\u00edda, a n\u00e3o ser comprar pelo pre\u00e7o mais elevado.<\/p>\n<p style=\"text-align: justify;\"><strong>Nota do Sindicato dos Postos de Combust\u00edveis<\/strong><\/p>\n<p style=\"text-align: justify;\">A respeito do novo an\u00fancio da Petrobras de redu\u00e7\u00e3o no pre\u00e7o da gasolina e do diesel, o Sindicato dos postos de combust\u00edveis (Sindepac) esclarece que:<\/p>\n<p style=\"text-align: justify;\">Por enquanto, n\u00e3o sabemos se as distribuidoras v\u00e3o repassar essa redu\u00e7\u00e3o. <br \/>Informamos ainda que os revendedores s\u00f3 conhecem novos pre\u00e7os \u00e0 medida que compram mais produtos. Assim como os consumidores, esperamos que se concretize a redu\u00e7\u00e3o, pois, com menor pre\u00e7o, o consumo aumenta e isso \u00e9 ben\u00e9fico para o setor que tamb\u00e9m sente a crise econ\u00f4mica que o pa\u00eds atravessa.<\/p>\n","protected":false},"excerpt":{"rendered":"<p style=\"text-align: justify;\">Acrianos n\u00e3o viram nem a primeira redu\u00e7\u00e3o<\/p>\n","protected":false},"author":4,"featured_media":26331,"comment_status":"open","ping_status":"open","sticky":false,"template":"","format":"standard","meta":{"jnews-multi-image_gallery":[],"jnews_single_post":[],"jnews_primary_category":[],"jnews_social_meta":[],"jnews_review":[],"enable_review":"","type":"","name":"","summary":"","brand":"","sku":"","good":[],"bad":[],"score_override":"","override_value":"","rating":[],"price":[],"footnotes":""},"categories":[54],"tags":[],"class_list":["post-26332","post","type-post","status-publish","format-standard","has-post-thumbnail","hentry","category-cotidiano"],"yoast_head":"<!-- This site is optimized with the Yoast SEO plugin v26.5 - https:\/\/yoast.com\/wordpress\/plugins\/seo\/ -->\n<title>Petrobras reduz pre\u00e7o de combust\u00edveis pela segunda vez - Agazeta.net<\/title>\n<meta name=\"robots\" content=\"index, follow, max-snippet:-1, max-image-preview:large, max-video-preview:-1\" \/>\n<link rel=\"canonical\" href=\"https:\/\/nk7-testes.com.br\/agazeta\/petrobras-reduz-preco-de-combustiveis-pela-segunda-vez\/\" \/>\n<meta property=\"og:locale\" content=\"pt_BR\" \/>\n<meta property=\"og:type\" content=\"article\" \/>\n<meta property=\"og:title\" content=\"Petrobras reduz pre\u00e7o de combust\u00edveis pela segunda vez - Agazeta.net\" \/>\n<meta property=\"og:description\" content=\"Acrianos n\u00e3o viram nem a primeira redu\u00e7\u00e3o\" \/>\n<meta property=\"og:url\" content=\"https:\/\/nk7-testes.com.br\/agazeta\/petrobras-reduz-preco-de-combustiveis-pela-segunda-vez\/\" \/>\n<meta property=\"og:site_name\" content=\"Agazeta.net\" \/>\n<meta property=\"article:published_time\" content=\"2016-11-09T20:22:51+00:00\" \/>\n<meta property=\"og:image\" content=\"https:\/\/nk7-testes.com.br\/agazeta\/wp-content\/uploads\/2016\/11\/091116-cotidiano-precocombustivel-tvgazeta2.jpg\" \/>\n\t<meta property=\"og:image:width\" content=\"458\" \/>\n\t<meta property=\"og:image:height\" content=\"340\" \/>\n\t<meta property=\"og:image:type\" content=\"image\/jpeg\" \/>\n<meta name=\"author\" content=\"Agazeta.Net\" \/>\n<meta name=\"twitter:card\" content=\"summary_large_image\" \/>\n<meta name=\"twitter:label1\" content=\"Escrito por\" \/>\n\t<meta name=\"twitter:data1\" content=\"Agazeta.Net\" \/>\n\t<meta name=\"twitter:label2\" content=\"Est. tempo de leitura\" \/>\n\t<meta name=\"twitter:data2\" content=\"2 minutos\" \/>\n<script type=\"application\/ld+json\" class=\"yoast-schema-graph\">{\"@context\":\"https:\/\/schema.org\",\"@graph\":[{\"@type\":\"WebPage\",\"@id\":\"https:\/\/nk7-testes.com.br\/agazeta\/petrobras-reduz-preco-de-combustiveis-pela-segunda-vez\/\",\"url\":\"https:\/\/nk7-testes.com.br\/agazeta\/petrobras-reduz-preco-de-combustiveis-pela-segunda-vez\/\",\"name\":\"Petrobras reduz pre\u00e7o de combust\u00edveis pela segunda vez - Agazeta.net\",\"isPartOf\":{\"@id\":\"https:\/\/nk7-testes.com.br\/agazeta\/#website\"},\"primaryImageOfPage\":{\"@id\":\"https:\/\/nk7-testes.com.br\/agazeta\/petrobras-reduz-preco-de-combustiveis-pela-segunda-vez\/#primaryimage\"},\"image\":{\"@id\":\"https:\/\/nk7-testes.com.br\/agazeta\/petrobras-reduz-preco-de-combustiveis-pela-segunda-vez\/#primaryimage\"},\"thumbnailUrl\":\"https:\/\/nk7-testes.com.br\/agazeta\/wp-content\/uploads\/2016\/11\/091116-cotidiano-precocombustivel-tvgazeta2.jpg\",\"datePublished\":\"2016-11-09T20:22:51+00:00\",\"author\":{\"@id\":\"https:\/\/nk7-testes.com.br\/agazeta\/#\/schema\/person\/ff6b39d54d6973bfc57f4140f659b23f\"},\"breadcrumb\":{\"@id\":\"https:\/\/nk7-testes.com.br\/agazeta\/petrobras-reduz-preco-de-combustiveis-pela-segunda-vez\/#breadcrumb\"},\"inLanguage\":\"pt-BR\",\"potentialAction\":[{\"@type\":\"ReadAction\",\"target\":[\"https:\/\/nk7-testes.com.br\/agazeta\/petrobras-reduz-preco-de-combustiveis-pela-segunda-vez\/\"]}]},{\"@type\":\"ImageObject\",\"inLanguage\":\"pt-BR\",\"@id\":\"https:\/\/nk7-testes.com.br\/agazeta\/petrobras-reduz-preco-de-combustiveis-pela-segunda-vez\/#primaryimage\",\"url\":\"https:\/\/nk7-testes.com.br\/agazeta\/wp-content\/uploads\/2016\/11\/091116-cotidiano-precocombustivel-tvgazeta2.jpg\",\"contentUrl\":\"https:\/\/nk7-testes.com.br\/agazeta\/wp-content\/uploads\/2016\/11\/091116-cotidiano-precocombustivel-tvgazeta2.jpg\",\"width\":458,\"height\":340,\"caption\":\"091116-cotidiano-pre\u00e7ocombustivel-tvgazeta2\"},{\"@type\":\"BreadcrumbList\",\"@id\":\"https:\/\/nk7-testes.com.br\/agazeta\/petrobras-reduz-preco-de-combustiveis-pela-segunda-vez\/#breadcrumb\",\"itemListElement\":[{\"@type\":\"ListItem\",\"position\":1,\"name\":\"In\u00edcio\",\"item\":\"https:\/\/nk7-testes.com.br\/agazeta\/\"},{\"@type\":\"ListItem\",\"position\":2,\"name\":\"Petrobras reduz pre\u00e7o de combust\u00edveis pela segunda vez\"}]},{\"@type\":\"WebSite\",\"@id\":\"https:\/\/nk7-testes.com.br\/agazeta\/#website\",\"url\":\"https:\/\/nk7-testes.com.br\/agazeta\/\",\"name\":\"Agazeta.net\",\"description\":\"Agazeta.net - Not\u00edcias de Rio Branco\/AC\",\"potentialAction\":[{\"@type\":\"SearchAction\",\"target\":{\"@type\":\"EntryPoint\",\"urlTemplate\":\"https:\/\/nk7-testes.com.br\/agazeta\/?s={search_term_string}\"},\"query-input\":{\"@type\":\"PropertyValueSpecification\",\"valueRequired\":true,\"valueName\":\"search_term_string\"}}],\"inLanguage\":\"pt-BR\"},{\"@type\":\"Person\",\"@id\":\"https:\/\/nk7-testes.com.br\/agazeta\/#\/schema\/person\/ff6b39d54d6973bfc57f4140f659b23f\",\"name\":\"Agazeta.Net\",\"url\":\"https:\/\/nk7-testes.com.br\/agazeta\/author\/agazeta\/\"}]}<\/script>\n<!-- \/ Yoast SEO plugin. -->","yoast_head_json":{"title":"Petrobras reduz pre\u00e7o de combust\u00edveis pela segunda vez - Agazeta.net","robots":{"index":"index","follow":"follow","max-snippet":"max-snippet:-1","max-image-preview":"max-image-preview:large","max-video-preview":"max-video-preview:-1"},"canonical":"https:\/\/nk7-testes.com.br\/agazeta\/petrobras-reduz-preco-de-combustiveis-pela-segunda-vez\/","og_locale":"pt_BR","og_type":"article","og_title":"Petrobras reduz pre\u00e7o de combust\u00edveis pela segunda vez - Agazeta.net","og_description":"Acrianos n\u00e3o viram nem a primeira redu\u00e7\u00e3o","og_url":"https:\/\/nk7-testes.com.br\/agazeta\/petrobras-reduz-preco-de-combustiveis-pela-segunda-vez\/","og_site_name":"Agazeta.net","article_published_time":"2016-11-09T20:22:51+00:00","og_image":[{"width":458,"height":340,"url":"https:\/\/nk7-testes.com.br\/agazeta\/wp-content\/uploads\/2016\/11\/091116-cotidiano-precocombustivel-tvgazeta2.jpg","type":"image\/jpeg"}],"author":"Agazeta.Net","twitter_card":"summary_large_image","twitter_misc":{"Escrito por":"Agazeta.Net","Est. tempo de leitura":"2 minutos"},"schema":{"@context":"https:\/\/schema.org","@graph":[{"@type":"WebPage","@id":"https:\/\/nk7-testes.com.br\/agazeta\/petrobras-reduz-preco-de-combustiveis-pela-segunda-vez\/","url":"https:\/\/nk7-testes.com.br\/agazeta\/petrobras-reduz-preco-de-combustiveis-pela-segunda-vez\/","name":"Petrobras reduz pre\u00e7o de combust\u00edveis pela segunda vez - Agazeta.net","isPartOf":{"@id":"https:\/\/nk7-testes.com.br\/agazeta\/#website"},"primaryImageOfPage":{"@id":"https:\/\/nk7-testes.com.br\/agazeta\/petrobras-reduz-preco-de-combustiveis-pela-segunda-vez\/#primaryimage"},"image":{"@id":"https:\/\/nk7-testes.com.br\/agazeta\/petrobras-reduz-preco-de-combustiveis-pela-segunda-vez\/#primaryimage"},"thumbnailUrl":"https:\/\/nk7-testes.com.br\/agazeta\/wp-content\/uploads\/2016\/11\/091116-cotidiano-precocombustivel-tvgazeta2.jpg","datePublished":"2016-11-09T20:22:51+00:00","author":{"@id":"https:\/\/nk7-testes.com.br\/agazeta\/#\/schema\/person\/ff6b39d54d6973bfc57f4140f659b23f"},"breadcrumb":{"@id":"https:\/\/nk7-testes.com.br\/agazeta\/petrobras-reduz-preco-de-combustiveis-pela-segunda-vez\/#breadcrumb"},"inLanguage":"pt-BR","potentialAction":[{"@type":"ReadAction","target":["https:\/\/nk7-testes.com.br\/agazeta\/petrobras-reduz-preco-de-combustiveis-pela-segunda-vez\/"]}]},{"@type":"ImageObject","inLanguage":"pt-BR","@id":"https:\/\/nk7-testes.com.br\/agazeta\/petrobras-reduz-preco-de-combustiveis-pela-segunda-vez\/#primaryimage","url":"https:\/\/nk7-testes.com.br\/agazeta\/wp-content\/uploads\/2016\/11\/091116-cotidiano-precocombustivel-tvgazeta2.jpg","contentUrl":"https:\/\/nk7-testes.com.br\/agazeta\/wp-content\/uploads\/2016\/11\/091116-cotidiano-precocombustivel-tvgazeta2.jpg","width":458,"height":340,"caption":"091116-cotidiano-pre\u00e7ocombustivel-tvgazeta2"},{"@type":"BreadcrumbList","@id":"https:\/\/nk7-testes.com.br\/agazeta\/petrobras-reduz-preco-de-combustiveis-pela-segunda-vez\/#breadcrumb","itemListElement":[{"@type":"ListItem","position":1,"name":"In\u00edcio","item":"https:\/\/nk7-testes.com.br\/agazeta\/"},{"@type":"ListItem","position":2,"name":"Petrobras reduz pre\u00e7o de combust\u00edveis pela segunda vez"}]},{"@type":"WebSite","@id":"https:\/\/nk7-testes.com.br\/agazeta\/#website","url":"https:\/\/nk7-testes.com.br\/agazeta\/","name":"Agazeta.net","description":"Agazeta.net - Not\u00edcias de Rio Branco\/AC","potentialAction":[{"@type":"SearchAction","target":{"@type":"EntryPoint","urlTemplate":"https:\/\/nk7-testes.com.br\/agazeta\/?s={search_term_string}"},"query-input":{"@type":"PropertyValueSpecification","valueRequired":true,"valueName":"search_term_string"}}],"inLanguage":"pt-BR"},{"@type":"Person","@id":"https:\/\/nk7-testes.com.br\/agazeta\/#\/schema\/person\/ff6b39d54d6973bfc57f4140f659b23f","name":"Agazeta.Net","url":"https:\/\/nk7-testes.com.br\/agazeta\/author\/agazeta\/"}]}},"_links":{"self":[{"href":"https:\/\/nk7-testes.com.br\/agazeta\/wp-json\/wp\/v2\/posts\/26332","targetHints":{"allow":["GET"]}}],"collection":[{"href":"https:\/\/nk7-testes.com.br\/agazeta\/wp-json\/wp\/v2\/posts"}],"about":[{"href":"https:\/\/nk7-testes.com.br\/agazeta\/wp-json\/wp\/v2\/types\/post"}],"author":[{"embeddable":true,"href":"https:\/\/nk7-testes.com.br\/agazeta\/wp-json\/wp\/v2\/users\/4"}],"replies":[{"embeddable":true,"href":"https:\/\/nk7-testes.com.br\/agazeta\/wp-json\/wp\/v2\/comments?post=26332"}],"version-history":[{"count":0,"href":"https:\/\/nk7-testes.com.br\/agazeta\/wp-json\/wp\/v2\/posts\/26332\/revisions"}],"wp:featuredmedia":[{"embeddable":true,"href":"https:\/\/nk7-testes.com.br\/agazeta\/wp-json\/wp\/v2\/media\/26331"}],"wp:attachment":[{"href":"https:\/\/nk7-testes.com.br\/agazeta\/wp-json\/wp\/v2\/media?parent=26332"}],"wp:term":[{"taxonomy":"category","embeddable":true,"href":"https:\/\/nk7-testes.com.br\/agazeta\/wp-json\/wp\/v2\/categories?post=26332"},{"taxonomy":"post_tag","embeddable":true,"href":"https:\/\/nk7-testes.com.br\/agazeta\/wp-json\/wp\/v2\/tags?post=26332"}],"curies":[{"name":"wp","href":"https:\/\/api.w.org\/{rel}","templated":true}]}}