{"id":26321,"date":"2016-11-09T14:17:38","date_gmt":"2016-11-09T14:17:38","guid":{"rendered":"https:\/\/abarevegan.com.br\/index.php\/2016\/11\/09\/prisao-era-desnecessaria-afirma-valdir-perazzo\/"},"modified":"2016-11-09T14:17:38","modified_gmt":"2016-11-09T14:17:38","slug":"prisao-era-desnecessaria-afirma-valdir-perazzo","status":"publish","type":"post","link":"https:\/\/nk7-testes.com.br\/agazeta\/prisao-era-desnecessaria-afirma-valdir-perazzo\/","title":{"rendered":"\u201cPris\u00e3o era desnecess\u00e1ria\u201d, afirma Valdir Perazzo"},"content":{"rendered":"<p style=\"text-align: justify;\">Advogados de defesa recorreram at\u00e9 ao STF<\/p>\n<p style=\"text-align: justify;\">Os prefeitos de Pl\u00e1cido de Castro, Roney Firmino; de Bujari, Raimundo Ramos, e de Santa Rosa, Rivelino Mota, presos em setembro na Opera\u00e7\u00e3o Labor, da Pol\u00edcia Federal, foram soltos na noite de ontem por decis\u00e3o do desembargador Roberto Barros. \u201cDesde o in\u00edcio sustent\u00e1vamos que as pris\u00f5es eram desnecess\u00e1rias\u201d, comemorou o advogado de defesa de dois dos acusados, Valdir Perazzo.<\/p>\n<p style=\"text-align: justify;\">A defesa alegava tamb\u00e9m a incompet\u00eancia do Tribunal de Justi\u00e7a do Acre em julgar o processo. Entrou com embargos declarat\u00f3rios solicitando que o julgamento fosse realizado por um juiz federal, no Tribunal Regional Federal. O argumento era de que a acusa\u00e7\u00e3o sobre fraude licitat\u00f3ria guardava rela\u00e7\u00e3o com verbas federais.<\/p>\n<p style=\"text-align: justify;\">A revoga\u00e7\u00e3o da pris\u00e3o preventiva, substitu\u00edda por medidas cautelares, muda a rotina do trio. Mas, com a diferen\u00e7a que respondem ao processo em liberdade. \u201cN\u00e3o havia mais motivos para mant\u00ea-los presos\u201d, sustentou o outro advogado de defesa, J\u00fanior Feitosa, advogado de Roney Firmino.<\/p>\n<p style=\"text-align: justify;\">Os tr\u00eas n\u00e3o podem voltar a assumir o restante dos mandatos, n\u00e3o podem conversar entre si, n\u00e3o podem sair da cidade e outras s\u00e9ries de restri\u00e7\u00f5es previstas no artigo 219, do C\u00f3digo de Processo Penal.<\/p>\n","protected":false},"excerpt":{"rendered":"<p style=\"text-align: justify;\">Advogados de defesa recorreram at\u00e9 ao STF<\/p>\n","protected":false},"author":4,"featured_media":26320,"comment_status":"open","ping_status":"open","sticky":false,"template":"","format":"standard","meta":{"jnews-multi-image_gallery":[],"jnews_single_post":[],"jnews_primary_category":[],"jnews_social_meta":[],"jnews_review":[],"enable_review":"","type":"","name":"","summary":"","brand":"","sku":"","good":[],"bad":[],"score_override":"","override_value":"","rating":[],"price":[],"footnotes":""},"categories":[44],"tags":[],"class_list":["post-26321","post","type-post","status-publish","format-standard","has-post-thumbnail","hentry","category-policia"],"yoast_head":"<!-- This site is optimized with the Yoast SEO plugin v26.5 - https:\/\/yoast.com\/wordpress\/plugins\/seo\/ -->\n<title>\u201cPris\u00e3o era desnecess\u00e1ria\u201d, afirma Valdir Perazzo - Agazeta.net<\/title>\n<meta name=\"robots\" content=\"index, follow, max-snippet:-1, max-image-preview:large, max-video-preview:-1\" \/>\n<link rel=\"canonical\" href=\"https:\/\/nk7-testes.com.br\/agazeta\/prisao-era-desnecessaria-afirma-valdir-perazzo\/\" \/>\n<meta property=\"og:locale\" content=\"pt_BR\" \/>\n<meta property=\"og:type\" content=\"article\" \/>\n<meta property=\"og:title\" content=\"\u201cPris\u00e3o era desnecess\u00e1ria\u201d, afirma Valdir Perazzo - Agazeta.net\" \/>\n<meta property=\"og:description\" content=\"Advogados de defesa recorreram at\u00e9 ao STF\" \/>\n<meta property=\"og:url\" content=\"https:\/\/nk7-testes.com.br\/agazeta\/prisao-era-desnecessaria-afirma-valdir-perazzo\/\" \/>\n<meta property=\"og:site_name\" content=\"Agazeta.net\" \/>\n<meta property=\"article:published_time\" content=\"2016-11-09T14:17:38+00:00\" \/>\n<meta property=\"og:image\" content=\"https:\/\/nk7-testes.com.br\/agazeta\/wp-content\/uploads\/2016\/11\/091116-policia-prefeitospresos-cedida.jpg\" \/>\n\t<meta property=\"og:image:width\" content=\"458\" \/>\n\t<meta property=\"og:image:height\" content=\"340\" \/>\n\t<meta property=\"og:image:type\" content=\"image\/jpeg\" \/>\n<meta name=\"author\" content=\"Agazeta.Net\" \/>\n<meta name=\"twitter:card\" content=\"summary_large_image\" \/>\n<meta name=\"twitter:label1\" content=\"Escrito por\" \/>\n\t<meta name=\"twitter:data1\" content=\"Agazeta.Net\" \/>\n\t<meta name=\"twitter:label2\" content=\"Est. tempo de leitura\" \/>\n\t<meta name=\"twitter:data2\" content=\"1 minuto\" \/>\n<script type=\"application\/ld+json\" class=\"yoast-schema-graph\">{\"@context\":\"https:\/\/schema.org\",\"@graph\":[{\"@type\":\"WebPage\",\"@id\":\"https:\/\/nk7-testes.com.br\/agazeta\/prisao-era-desnecessaria-afirma-valdir-perazzo\/\",\"url\":\"https:\/\/nk7-testes.com.br\/agazeta\/prisao-era-desnecessaria-afirma-valdir-perazzo\/\",\"name\":\"\u201cPris\u00e3o era desnecess\u00e1ria\u201d, afirma Valdir Perazzo - Agazeta.net\",\"isPartOf\":{\"@id\":\"https:\/\/nk7-testes.com.br\/agazeta\/#website\"},\"primaryImageOfPage\":{\"@id\":\"https:\/\/nk7-testes.com.br\/agazeta\/prisao-era-desnecessaria-afirma-valdir-perazzo\/#primaryimage\"},\"image\":{\"@id\":\"https:\/\/nk7-testes.com.br\/agazeta\/prisao-era-desnecessaria-afirma-valdir-perazzo\/#primaryimage\"},\"thumbnailUrl\":\"https:\/\/nk7-testes.com.br\/agazeta\/wp-content\/uploads\/2016\/11\/091116-policia-prefeitospresos-cedida.jpg\",\"datePublished\":\"2016-11-09T14:17:38+00:00\",\"author\":{\"@id\":\"https:\/\/nk7-testes.com.br\/agazeta\/#\/schema\/person\/6d6e25cb0435eb4a02fd44d30b4e3020\"},\"breadcrumb\":{\"@id\":\"https:\/\/nk7-testes.com.br\/agazeta\/prisao-era-desnecessaria-afirma-valdir-perazzo\/#breadcrumb\"},\"inLanguage\":\"pt-BR\",\"potentialAction\":[{\"@type\":\"ReadAction\",\"target\":[\"https:\/\/nk7-testes.com.br\/agazeta\/prisao-era-desnecessaria-afirma-valdir-perazzo\/\"]}]},{\"@type\":\"ImageObject\",\"inLanguage\":\"pt-BR\",\"@id\":\"https:\/\/nk7-testes.com.br\/agazeta\/prisao-era-desnecessaria-afirma-valdir-perazzo\/#primaryimage\",\"url\":\"https:\/\/nk7-testes.com.br\/agazeta\/wp-content\/uploads\/2016\/11\/091116-policia-prefeitospresos-cedida.jpg\",\"contentUrl\":\"https:\/\/nk7-testes.com.br\/agazeta\/wp-content\/uploads\/2016\/11\/091116-policia-prefeitospresos-cedida.jpg\",\"width\":458,\"height\":340,\"caption\":\"091116-policia-prefeitospresos-cedida\"},{\"@type\":\"BreadcrumbList\",\"@id\":\"https:\/\/nk7-testes.com.br\/agazeta\/prisao-era-desnecessaria-afirma-valdir-perazzo\/#breadcrumb\",\"itemListElement\":[{\"@type\":\"ListItem\",\"position\":1,\"name\":\"In\u00edcio\",\"item\":\"https:\/\/nk7-testes.com.br\/agazeta\/\"},{\"@type\":\"ListItem\",\"position\":2,\"name\":\"\u201cPris\u00e3o era desnecess\u00e1ria\u201d, afirma Valdir Perazzo\"}]},{\"@type\":\"WebSite\",\"@id\":\"https:\/\/nk7-testes.com.br\/agazeta\/#website\",\"url\":\"https:\/\/nk7-testes.com.br\/agazeta\/\",\"name\":\"Agazeta.net\",\"description\":\"Agazeta.net - Not\u00edcias de Rio Branco\/AC\",\"potentialAction\":[{\"@type\":\"SearchAction\",\"target\":{\"@type\":\"EntryPoint\",\"urlTemplate\":\"https:\/\/nk7-testes.com.br\/agazeta\/?s={search_term_string}\"},\"query-input\":{\"@type\":\"PropertyValueSpecification\",\"valueRequired\":true,\"valueName\":\"search_term_string\"}}],\"inLanguage\":\"pt-BR\"},{\"@type\":\"Person\",\"@id\":\"https:\/\/nk7-testes.com.br\/agazeta\/#\/schema\/person\/6d6e25cb0435eb4a02fd44d30b4e3020\",\"name\":\"Agazeta.Net\",\"url\":\"https:\/\/nk7-testes.com.br\/agazeta\/author\/agazeta\/\"}]}<\/script>\n<!-- \/ Yoast SEO plugin. -->","yoast_head_json":{"title":"\u201cPris\u00e3o era desnecess\u00e1ria\u201d, afirma Valdir Perazzo - Agazeta.net","robots":{"index":"index","follow":"follow","max-snippet":"max-snippet:-1","max-image-preview":"max-image-preview:large","max-video-preview":"max-video-preview:-1"},"canonical":"https:\/\/nk7-testes.com.br\/agazeta\/prisao-era-desnecessaria-afirma-valdir-perazzo\/","og_locale":"pt_BR","og_type":"article","og_title":"\u201cPris\u00e3o era desnecess\u00e1ria\u201d, afirma Valdir Perazzo - Agazeta.net","og_description":"Advogados de defesa recorreram at\u00e9 ao STF","og_url":"https:\/\/nk7-testes.com.br\/agazeta\/prisao-era-desnecessaria-afirma-valdir-perazzo\/","og_site_name":"Agazeta.net","article_published_time":"2016-11-09T14:17:38+00:00","og_image":[{"width":458,"height":340,"url":"https:\/\/nk7-testes.com.br\/agazeta\/wp-content\/uploads\/2016\/11\/091116-policia-prefeitospresos-cedida.jpg","type":"image\/jpeg"}],"author":"Agazeta.Net","twitter_card":"summary_large_image","twitter_misc":{"Escrito por":"Agazeta.Net","Est. tempo de leitura":"1 minuto"},"schema":{"@context":"https:\/\/schema.org","@graph":[{"@type":"WebPage","@id":"https:\/\/nk7-testes.com.br\/agazeta\/prisao-era-desnecessaria-afirma-valdir-perazzo\/","url":"https:\/\/nk7-testes.com.br\/agazeta\/prisao-era-desnecessaria-afirma-valdir-perazzo\/","name":"\u201cPris\u00e3o era desnecess\u00e1ria\u201d, afirma Valdir Perazzo - Agazeta.net","isPartOf":{"@id":"https:\/\/nk7-testes.com.br\/agazeta\/#website"},"primaryImageOfPage":{"@id":"https:\/\/nk7-testes.com.br\/agazeta\/prisao-era-desnecessaria-afirma-valdir-perazzo\/#primaryimage"},"image":{"@id":"https:\/\/nk7-testes.com.br\/agazeta\/prisao-era-desnecessaria-afirma-valdir-perazzo\/#primaryimage"},"thumbnailUrl":"https:\/\/nk7-testes.com.br\/agazeta\/wp-content\/uploads\/2016\/11\/091116-policia-prefeitospresos-cedida.jpg","datePublished":"2016-11-09T14:17:38+00:00","author":{"@id":"https:\/\/nk7-testes.com.br\/agazeta\/#\/schema\/person\/6d6e25cb0435eb4a02fd44d30b4e3020"},"breadcrumb":{"@id":"https:\/\/nk7-testes.com.br\/agazeta\/prisao-era-desnecessaria-afirma-valdir-perazzo\/#breadcrumb"},"inLanguage":"pt-BR","potentialAction":[{"@type":"ReadAction","target":["https:\/\/nk7-testes.com.br\/agazeta\/prisao-era-desnecessaria-afirma-valdir-perazzo\/"]}]},{"@type":"ImageObject","inLanguage":"pt-BR","@id":"https:\/\/nk7-testes.com.br\/agazeta\/prisao-era-desnecessaria-afirma-valdir-perazzo\/#primaryimage","url":"https:\/\/nk7-testes.com.br\/agazeta\/wp-content\/uploads\/2016\/11\/091116-policia-prefeitospresos-cedida.jpg","contentUrl":"https:\/\/nk7-testes.com.br\/agazeta\/wp-content\/uploads\/2016\/11\/091116-policia-prefeitospresos-cedida.jpg","width":458,"height":340,"caption":"091116-policia-prefeitospresos-cedida"},{"@type":"BreadcrumbList","@id":"https:\/\/nk7-testes.com.br\/agazeta\/prisao-era-desnecessaria-afirma-valdir-perazzo\/#breadcrumb","itemListElement":[{"@type":"ListItem","position":1,"name":"In\u00edcio","item":"https:\/\/nk7-testes.com.br\/agazeta\/"},{"@type":"ListItem","position":2,"name":"\u201cPris\u00e3o era desnecess\u00e1ria\u201d, afirma Valdir Perazzo"}]},{"@type":"WebSite","@id":"https:\/\/nk7-testes.com.br\/agazeta\/#website","url":"https:\/\/nk7-testes.com.br\/agazeta\/","name":"Agazeta.net","description":"Agazeta.net - Not\u00edcias de Rio Branco\/AC","potentialAction":[{"@type":"SearchAction","target":{"@type":"EntryPoint","urlTemplate":"https:\/\/nk7-testes.com.br\/agazeta\/?s={search_term_string}"},"query-input":{"@type":"PropertyValueSpecification","valueRequired":true,"valueName":"search_term_string"}}],"inLanguage":"pt-BR"},{"@type":"Person","@id":"https:\/\/nk7-testes.com.br\/agazeta\/#\/schema\/person\/6d6e25cb0435eb4a02fd44d30b4e3020","name":"Agazeta.Net","url":"https:\/\/nk7-testes.com.br\/agazeta\/author\/agazeta\/"}]}},"_links":{"self":[{"href":"https:\/\/nk7-testes.com.br\/agazeta\/wp-json\/wp\/v2\/posts\/26321","targetHints":{"allow":["GET"]}}],"collection":[{"href":"https:\/\/nk7-testes.com.br\/agazeta\/wp-json\/wp\/v2\/posts"}],"about":[{"href":"https:\/\/nk7-testes.com.br\/agazeta\/wp-json\/wp\/v2\/types\/post"}],"author":[{"embeddable":true,"href":"https:\/\/nk7-testes.com.br\/agazeta\/wp-json\/wp\/v2\/users\/4"}],"replies":[{"embeddable":true,"href":"https:\/\/nk7-testes.com.br\/agazeta\/wp-json\/wp\/v2\/comments?post=26321"}],"version-history":[{"count":0,"href":"https:\/\/nk7-testes.com.br\/agazeta\/wp-json\/wp\/v2\/posts\/26321\/revisions"}],"wp:featuredmedia":[{"embeddable":true,"href":"https:\/\/nk7-testes.com.br\/agazeta\/wp-json\/wp\/v2\/media\/26320"}],"wp:attachment":[{"href":"https:\/\/nk7-testes.com.br\/agazeta\/wp-json\/wp\/v2\/media?parent=26321"}],"wp:term":[{"taxonomy":"category","embeddable":true,"href":"https:\/\/nk7-testes.com.br\/agazeta\/wp-json\/wp\/v2\/categories?post=26321"},{"taxonomy":"post_tag","embeddable":true,"href":"https:\/\/nk7-testes.com.br\/agazeta\/wp-json\/wp\/v2\/tags?post=26321"}],"curies":[{"name":"wp","href":"https:\/\/api.w.org\/{rel}","templated":true}]}}