{"id":26310,"date":"2016-11-08T17:08:00","date_gmt":"2016-11-08T17:08:00","guid":{"rendered":"https:\/\/abarevegan.com.br\/index.php\/2016\/11\/08\/ministerio-publico-realiza-projeto-promotor-por-um-dia\/"},"modified":"2016-11-08T17:08:00","modified_gmt":"2016-11-08T17:08:00","slug":"ministerio-publico-realiza-projeto-promotor-por-um-dia","status":"publish","type":"post","link":"https:\/\/nk7-testes.com.br\/agazeta\/ministerio-publico-realiza-projeto-promotor-por-um-dia\/","title":{"rendered":"Minist\u00e9rio P\u00fablico realiza projeto \u2018Promotor por um dia\u2019"},"content":{"rendered":"<p style=\"text-align: justify;\">Alunos da escola Elias Mansour foram os contemplados<\/p>\n<p style=\"text-align: justify;\">O Minist\u00e9rio P\u00fablico do Estado do Acre (MPAC) realiza mais uma edi\u00e7\u00e3o do projeto \u2018Promotor por um dia\u2019, nessa ter\u00e7a-feira (8). Dessa vez, o projeto contempla alunos do ensino fundamental da Escola Estadual Elias Mansour, localizada no bairro Taquari.<\/p>\n<p style=\"text-align: justify;\">Os alunos recebem primeiro uma palestra sobre o que \u00e9 MP, qual o seu papel e como funciona. \u201cA ideia \u00e9 fazer com que crian\u00e7as, adolescentes possam ter acesso ao minist\u00e9rio p\u00fablico, conhecer e entender pra qu\u00ea ele realmente serve,\u201d explicou o promotor de Justi\u00e7a da Inf\u00e2ncia e Juventude, Francisco Maia Guedes.<\/p>\n<p style=\"text-align: justify;\">Al\u00e9m da palestra as crian\u00e7as v\u00e3o conhecer o Instituto Socioeducativo do Acre (ISE\/AC), ao lado da unidade de interna\u00e7\u00e3o Santa Juliana, o que para a diretora da escola, Maria Elzenir, \u00e9 algo que vai agregar conhecimento aos pequenos, \u201cvai ser muito importante para eles \u00e9 um momento deles sa\u00edrem do ambiente da escola e vivenciarem outras coisas.\u201d<\/p>\n<p style=\"text-align: justify;\">Marcio Cleiton Almeida, 11 anos, \u00e9 estudante do 4\u00ba ano e faz parte deste seleto grupo que foi escolhido atrav\u00e9s de sorteio para participar do projeto. Apesar da pouca idade Marcio sabe que assim como direitos ele tamb\u00e9m que cumprir deveres como cidad\u00e3o. \u201cEu espero aprender muitas coisas sobre o Minist\u00e9rio P\u00fablico. Tudo que a gente faz de errado a gente tem que pagar. A gente tem que come\u00e7ar obedecendo os pais e os professores.\u201d<\/p>\n<p style=\"text-align: justify;\">Para finalizara visita dos pequenos ao MP, dever\u00e3o escrever uma reda\u00e7\u00e3o. As tr\u00eas melhores reda\u00e7\u00f5es ser\u00e3o premiadas e o autor do melhor trabalho passar\u00e1 um dia acompanhando um promotor de Justi\u00e7a em sua rotina de trabalho.<\/p>\n<p style=\"text-align: justify;\">O projeto<\/p>\n<p style=\"text-align: justify;\">O \u2018Promotor por um dia\u2019 \u00e9 um projeto criado em 2011 e voltado para as escolas situadas em bairros carentes e violentos. O projeto pretende estabelecer uma nova forma de rela\u00e7\u00e3o entre o MPAC e essa classe estudantil.<\/p>\n","protected":false},"excerpt":{"rendered":"<p style=\"text-align: justify;\">Alunos da escola Elias Mansour foram os contemplados<\/p>\n","protected":false},"author":4,"featured_media":26309,"comment_status":"open","ping_status":"open","sticky":false,"template":"","format":"standard","meta":{"jnews-multi-image_gallery":[],"jnews_single_post":[],"jnews_primary_category":[],"jnews_social_meta":[],"jnews_review":[],"enable_review":"","type":"","name":"","summary":"","brand":"","sku":"","good":[],"bad":[],"score_override":"","override_value":"","rating":[],"price":[],"footnotes":""},"categories":[54],"tags":[],"class_list":["post-26310","post","type-post","status-publish","format-standard","has-post-thumbnail","hentry","category-cotidiano"],"yoast_head":"<!-- This site is optimized with the Yoast SEO plugin v26.5 - https:\/\/yoast.com\/wordpress\/plugins\/seo\/ -->\n<title>Minist\u00e9rio P\u00fablico realiza projeto \u2018Promotor por um dia\u2019 - Agazeta.net<\/title>\n<meta name=\"robots\" content=\"index, follow, max-snippet:-1, max-image-preview:large, max-video-preview:-1\" \/>\n<link rel=\"canonical\" href=\"https:\/\/nk7-testes.com.br\/agazeta\/ministerio-publico-realiza-projeto-promotor-por-um-dia\/\" \/>\n<meta property=\"og:locale\" content=\"pt_BR\" \/>\n<meta property=\"og:type\" content=\"article\" \/>\n<meta property=\"og:title\" content=\"Minist\u00e9rio P\u00fablico realiza projeto \u2018Promotor por um dia\u2019 - Agazeta.net\" \/>\n<meta property=\"og:description\" content=\"Alunos da escola Elias Mansour foram os contemplados\" \/>\n<meta property=\"og:url\" content=\"https:\/\/nk7-testes.com.br\/agazeta\/ministerio-publico-realiza-projeto-promotor-por-um-dia\/\" \/>\n<meta property=\"og:site_name\" content=\"Agazeta.net\" \/>\n<meta property=\"article:published_time\" content=\"2016-11-08T17:08:00+00:00\" \/>\n<meta property=\"og:image\" content=\"https:\/\/nk7-testes.com.br\/agazeta\/wp-content\/uploads\/2016\/11\/081116-cotidiano-mp-promotorporumdia.jpg\" \/>\n\t<meta property=\"og:image:width\" content=\"458\" \/>\n\t<meta property=\"og:image:height\" content=\"340\" \/>\n\t<meta property=\"og:image:type\" content=\"image\/jpeg\" \/>\n<meta name=\"author\" content=\"Agazeta.Net\" \/>\n<meta name=\"twitter:card\" content=\"summary_large_image\" \/>\n<meta name=\"twitter:label1\" content=\"Escrito por\" \/>\n\t<meta name=\"twitter:data1\" content=\"Agazeta.Net\" \/>\n\t<meta name=\"twitter:label2\" content=\"Est. tempo de leitura\" \/>\n\t<meta name=\"twitter:data2\" content=\"2 minutos\" \/>\n<script type=\"application\/ld+json\" class=\"yoast-schema-graph\">{\"@context\":\"https:\/\/schema.org\",\"@graph\":[{\"@type\":\"WebPage\",\"@id\":\"https:\/\/nk7-testes.com.br\/agazeta\/ministerio-publico-realiza-projeto-promotor-por-um-dia\/\",\"url\":\"https:\/\/nk7-testes.com.br\/agazeta\/ministerio-publico-realiza-projeto-promotor-por-um-dia\/\",\"name\":\"Minist\u00e9rio P\u00fablico realiza projeto \u2018Promotor por um dia\u2019 - Agazeta.net\",\"isPartOf\":{\"@id\":\"https:\/\/nk7-testes.com.br\/agazeta\/#website\"},\"primaryImageOfPage\":{\"@id\":\"https:\/\/nk7-testes.com.br\/agazeta\/ministerio-publico-realiza-projeto-promotor-por-um-dia\/#primaryimage\"},\"image\":{\"@id\":\"https:\/\/nk7-testes.com.br\/agazeta\/ministerio-publico-realiza-projeto-promotor-por-um-dia\/#primaryimage\"},\"thumbnailUrl\":\"https:\/\/nk7-testes.com.br\/agazeta\/wp-content\/uploads\/2016\/11\/081116-cotidiano-mp-promotorporumdia.jpg\",\"datePublished\":\"2016-11-08T17:08:00+00:00\",\"author\":{\"@id\":\"https:\/\/nk7-testes.com.br\/agazeta\/#\/schema\/person\/ff6b39d54d6973bfc57f4140f659b23f\"},\"breadcrumb\":{\"@id\":\"https:\/\/nk7-testes.com.br\/agazeta\/ministerio-publico-realiza-projeto-promotor-por-um-dia\/#breadcrumb\"},\"inLanguage\":\"pt-BR\",\"potentialAction\":[{\"@type\":\"ReadAction\",\"target\":[\"https:\/\/nk7-testes.com.br\/agazeta\/ministerio-publico-realiza-projeto-promotor-por-um-dia\/\"]}]},{\"@type\":\"ImageObject\",\"inLanguage\":\"pt-BR\",\"@id\":\"https:\/\/nk7-testes.com.br\/agazeta\/ministerio-publico-realiza-projeto-promotor-por-um-dia\/#primaryimage\",\"url\":\"https:\/\/nk7-testes.com.br\/agazeta\/wp-content\/uploads\/2016\/11\/081116-cotidiano-mp-promotorporumdia.jpg\",\"contentUrl\":\"https:\/\/nk7-testes.com.br\/agazeta\/wp-content\/uploads\/2016\/11\/081116-cotidiano-mp-promotorporumdia.jpg\",\"width\":458,\"height\":340,\"caption\":\"081116-cotidiano-mp-promotorporumdia\"},{\"@type\":\"BreadcrumbList\",\"@id\":\"https:\/\/nk7-testes.com.br\/agazeta\/ministerio-publico-realiza-projeto-promotor-por-um-dia\/#breadcrumb\",\"itemListElement\":[{\"@type\":\"ListItem\",\"position\":1,\"name\":\"In\u00edcio\",\"item\":\"https:\/\/nk7-testes.com.br\/agazeta\/\"},{\"@type\":\"ListItem\",\"position\":2,\"name\":\"Minist\u00e9rio P\u00fablico realiza projeto \u2018Promotor por um dia\u2019\"}]},{\"@type\":\"WebSite\",\"@id\":\"https:\/\/nk7-testes.com.br\/agazeta\/#website\",\"url\":\"https:\/\/nk7-testes.com.br\/agazeta\/\",\"name\":\"Agazeta.net\",\"description\":\"Agazeta.net - Not\u00edcias de Rio Branco\/AC\",\"potentialAction\":[{\"@type\":\"SearchAction\",\"target\":{\"@type\":\"EntryPoint\",\"urlTemplate\":\"https:\/\/nk7-testes.com.br\/agazeta\/?s={search_term_string}\"},\"query-input\":{\"@type\":\"PropertyValueSpecification\",\"valueRequired\":true,\"valueName\":\"search_term_string\"}}],\"inLanguage\":\"pt-BR\"},{\"@type\":\"Person\",\"@id\":\"https:\/\/nk7-testes.com.br\/agazeta\/#\/schema\/person\/ff6b39d54d6973bfc57f4140f659b23f\",\"name\":\"Agazeta.Net\",\"url\":\"https:\/\/nk7-testes.com.br\/agazeta\/author\/agazeta\/\"}]}<\/script>\n<!-- \/ Yoast SEO plugin. -->","yoast_head_json":{"title":"Minist\u00e9rio P\u00fablico realiza projeto \u2018Promotor por um dia\u2019 - Agazeta.net","robots":{"index":"index","follow":"follow","max-snippet":"max-snippet:-1","max-image-preview":"max-image-preview:large","max-video-preview":"max-video-preview:-1"},"canonical":"https:\/\/nk7-testes.com.br\/agazeta\/ministerio-publico-realiza-projeto-promotor-por-um-dia\/","og_locale":"pt_BR","og_type":"article","og_title":"Minist\u00e9rio P\u00fablico realiza projeto \u2018Promotor por um dia\u2019 - Agazeta.net","og_description":"Alunos da escola Elias Mansour foram os contemplados","og_url":"https:\/\/nk7-testes.com.br\/agazeta\/ministerio-publico-realiza-projeto-promotor-por-um-dia\/","og_site_name":"Agazeta.net","article_published_time":"2016-11-08T17:08:00+00:00","og_image":[{"width":458,"height":340,"url":"https:\/\/nk7-testes.com.br\/agazeta\/wp-content\/uploads\/2016\/11\/081116-cotidiano-mp-promotorporumdia.jpg","type":"image\/jpeg"}],"author":"Agazeta.Net","twitter_card":"summary_large_image","twitter_misc":{"Escrito por":"Agazeta.Net","Est. tempo de leitura":"2 minutos"},"schema":{"@context":"https:\/\/schema.org","@graph":[{"@type":"WebPage","@id":"https:\/\/nk7-testes.com.br\/agazeta\/ministerio-publico-realiza-projeto-promotor-por-um-dia\/","url":"https:\/\/nk7-testes.com.br\/agazeta\/ministerio-publico-realiza-projeto-promotor-por-um-dia\/","name":"Minist\u00e9rio P\u00fablico realiza projeto \u2018Promotor por um dia\u2019 - Agazeta.net","isPartOf":{"@id":"https:\/\/nk7-testes.com.br\/agazeta\/#website"},"primaryImageOfPage":{"@id":"https:\/\/nk7-testes.com.br\/agazeta\/ministerio-publico-realiza-projeto-promotor-por-um-dia\/#primaryimage"},"image":{"@id":"https:\/\/nk7-testes.com.br\/agazeta\/ministerio-publico-realiza-projeto-promotor-por-um-dia\/#primaryimage"},"thumbnailUrl":"https:\/\/nk7-testes.com.br\/agazeta\/wp-content\/uploads\/2016\/11\/081116-cotidiano-mp-promotorporumdia.jpg","datePublished":"2016-11-08T17:08:00+00:00","author":{"@id":"https:\/\/nk7-testes.com.br\/agazeta\/#\/schema\/person\/ff6b39d54d6973bfc57f4140f659b23f"},"breadcrumb":{"@id":"https:\/\/nk7-testes.com.br\/agazeta\/ministerio-publico-realiza-projeto-promotor-por-um-dia\/#breadcrumb"},"inLanguage":"pt-BR","potentialAction":[{"@type":"ReadAction","target":["https:\/\/nk7-testes.com.br\/agazeta\/ministerio-publico-realiza-projeto-promotor-por-um-dia\/"]}]},{"@type":"ImageObject","inLanguage":"pt-BR","@id":"https:\/\/nk7-testes.com.br\/agazeta\/ministerio-publico-realiza-projeto-promotor-por-um-dia\/#primaryimage","url":"https:\/\/nk7-testes.com.br\/agazeta\/wp-content\/uploads\/2016\/11\/081116-cotidiano-mp-promotorporumdia.jpg","contentUrl":"https:\/\/nk7-testes.com.br\/agazeta\/wp-content\/uploads\/2016\/11\/081116-cotidiano-mp-promotorporumdia.jpg","width":458,"height":340,"caption":"081116-cotidiano-mp-promotorporumdia"},{"@type":"BreadcrumbList","@id":"https:\/\/nk7-testes.com.br\/agazeta\/ministerio-publico-realiza-projeto-promotor-por-um-dia\/#breadcrumb","itemListElement":[{"@type":"ListItem","position":1,"name":"In\u00edcio","item":"https:\/\/nk7-testes.com.br\/agazeta\/"},{"@type":"ListItem","position":2,"name":"Minist\u00e9rio P\u00fablico realiza projeto \u2018Promotor por um dia\u2019"}]},{"@type":"WebSite","@id":"https:\/\/nk7-testes.com.br\/agazeta\/#website","url":"https:\/\/nk7-testes.com.br\/agazeta\/","name":"Agazeta.net","description":"Agazeta.net - Not\u00edcias de Rio Branco\/AC","potentialAction":[{"@type":"SearchAction","target":{"@type":"EntryPoint","urlTemplate":"https:\/\/nk7-testes.com.br\/agazeta\/?s={search_term_string}"},"query-input":{"@type":"PropertyValueSpecification","valueRequired":true,"valueName":"search_term_string"}}],"inLanguage":"pt-BR"},{"@type":"Person","@id":"https:\/\/nk7-testes.com.br\/agazeta\/#\/schema\/person\/ff6b39d54d6973bfc57f4140f659b23f","name":"Agazeta.Net","url":"https:\/\/nk7-testes.com.br\/agazeta\/author\/agazeta\/"}]}},"_links":{"self":[{"href":"https:\/\/nk7-testes.com.br\/agazeta\/wp-json\/wp\/v2\/posts\/26310","targetHints":{"allow":["GET"]}}],"collection":[{"href":"https:\/\/nk7-testes.com.br\/agazeta\/wp-json\/wp\/v2\/posts"}],"about":[{"href":"https:\/\/nk7-testes.com.br\/agazeta\/wp-json\/wp\/v2\/types\/post"}],"author":[{"embeddable":true,"href":"https:\/\/nk7-testes.com.br\/agazeta\/wp-json\/wp\/v2\/users\/4"}],"replies":[{"embeddable":true,"href":"https:\/\/nk7-testes.com.br\/agazeta\/wp-json\/wp\/v2\/comments?post=26310"}],"version-history":[{"count":0,"href":"https:\/\/nk7-testes.com.br\/agazeta\/wp-json\/wp\/v2\/posts\/26310\/revisions"}],"wp:featuredmedia":[{"embeddable":true,"href":"https:\/\/nk7-testes.com.br\/agazeta\/wp-json\/wp\/v2\/media\/26309"}],"wp:attachment":[{"href":"https:\/\/nk7-testes.com.br\/agazeta\/wp-json\/wp\/v2\/media?parent=26310"}],"wp:term":[{"taxonomy":"category","embeddable":true,"href":"https:\/\/nk7-testes.com.br\/agazeta\/wp-json\/wp\/v2\/categories?post=26310"},{"taxonomy":"post_tag","embeddable":true,"href":"https:\/\/nk7-testes.com.br\/agazeta\/wp-json\/wp\/v2\/tags?post=26310"}],"curies":[{"name":"wp","href":"https:\/\/api.w.org\/{rel}","templated":true}]}}