{"id":26298,"date":"2016-11-07T19:59:40","date_gmt":"2016-11-07T19:59:40","guid":{"rendered":"https:\/\/abarevegan.com.br\/index.php\/2016\/11\/07\/13-mil-precisam-se-regularizar-no-bolsa-familia\/"},"modified":"2016-11-07T19:59:40","modified_gmt":"2016-11-07T19:59:40","slug":"13-mil-precisam-se-regularizar-no-bolsa-familia","status":"publish","type":"post","link":"https:\/\/nk7-testes.com.br\/agazeta\/13-mil-precisam-se-regularizar-no-bolsa-familia\/","title":{"rendered":"13 mil precisam se regularizar no Bolsa-Fam\u00edlia"},"content":{"rendered":"<p style=\"text-align: justify;\">Medida foi necess\u00e1ria para identificar fraude eleitoral<\/p>\n<p style=\"text-align: justify;\">Na hora de sacar o benef\u00edcio do Bolsa Fam\u00edlia, o propriet\u00e1rio do cart\u00e3o \u00e9 surpreendido com uma mensagem: nela, o Minist\u00e9rio do Desenvolvimento Agr\u00e1rio comunica que o valor mensal da bolsa est\u00e1 bloqueado e que \u00e9 preciso procurar o setor do programa da cidade para confirmar informa\u00e7\u00f5es sobre servi\u00e7os prestados na campanha eleitoral de 2016.<\/p>\n<p style=\"text-align: justify;\">No pa\u00eds, 13 mil pessoas cadastradas no programa tiveram o benef\u00edcio bloqueado no m\u00eas de outubro. No Acre, a medida atingiu apenas 48 fam\u00edlias. Em um cruzamento de dados do Cadastro \u00danico de programas sociais do Governo Federal (Cad\u00danico) e do Tribunal Superior Eleitoral (TSE) foram identificadas doa\u00e7\u00f5es para candidatos nas elei\u00e7\u00f5es municipais, incompat\u00edveis com a renda declarada por benefici\u00e1rios.<\/p>\n<p style=\"text-align: justify;\">Primeiro, o rastreamento levantou 16 mil nomes, mas foram exclu\u00eddos 3 mil, que j\u00e1 n\u00e3o pertenciam ao programa por n\u00e3o se enquadrarem mais nas regras. Agora, 13 mil pessoas no pa\u00eds precisam regularizar a situa\u00e7\u00e3o em seus munic\u00edpios para n\u00e3o ter o benef\u00edcio cancelado.<\/p>\n<p style=\"text-align: justify;\">Em Rio Branco, at\u00e9 agora, apenas quatro benefici\u00e1rios que est\u00e3o nessa situa\u00e7\u00e3o procuraram a Secretaria Municipal de Assist\u00eancia Social. Os quatro disseram que s\u00f3 prestaram servi\u00e7o e afirmaram que n\u00e3o fizeram doa\u00e7\u00e3o de campanha. Duas mulheres do grupo foram at\u00e9 a secretaria com o candidato para o qual trabalharam, supostamente para que ele reafirmasse as informa\u00e7\u00f5es. Essas mulheres manifestaram preocupa\u00e7\u00e3o com as suspeitas.<\/p>\n<p style=\"text-align: justify;\">Quem recebeu a mensagem no extrato banc\u00e1rio e teve o benef\u00edcio bloqueado tem o prazo de at\u00e9 6 meses pra regularizar a situa\u00e7\u00e3o.<\/p>\n<p style=\"text-align: justify;\">Os benefici\u00e1rios do Bolsa Fam\u00edlia n\u00e3o s\u00e3o proibidos de fazer doa\u00e7\u00f5es de campanha, mas, segundo o Minist\u00e9rio do Desenvolvimento Social e Agr\u00e1rio, a doa\u00e7\u00e3o precisa ser coerente com a renda declarada pela fam\u00edlia no Cadastro \u00danico.<\/p>\n<p style=\"text-align: justify;\">Suspeita-se que candidatos tenham usado o CPF de pessoas que trabalharam na campanha para cobrir doa\u00e7\u00f5es il\u00edcitas.<\/p>\n","protected":false},"excerpt":{"rendered":"<p style=\"text-align: justify;\">Medida foi necess\u00e1ria para identificar fraude eleitoral<\/p>\n","protected":false},"author":4,"featured_media":23744,"comment_status":"open","ping_status":"open","sticky":false,"template":"","format":"standard","meta":{"jnews-multi-image_gallery":[],"jnews_single_post":[],"jnews_primary_category":[],"jnews_social_meta":[],"jnews_review":[],"enable_review":"","type":"","name":"","summary":"","brand":"","sku":"","good":[],"bad":[],"score_override":"","override_value":"","rating":[],"price":[],"footnotes":""},"categories":[54],"tags":[],"class_list":["post-26298","post","type-post","status-publish","format-standard","has-post-thumbnail","hentry","category-cotidiano"],"yoast_head":"<!-- This site is optimized with the Yoast SEO plugin v26.5 - https:\/\/yoast.com\/wordpress\/plugins\/seo\/ -->\n<title>13 mil precisam se regularizar no Bolsa-Fam\u00edlia - Agazeta.net<\/title>\n<meta name=\"robots\" content=\"index, follow, max-snippet:-1, max-image-preview:large, max-video-preview:-1\" \/>\n<link rel=\"canonical\" href=\"https:\/\/nk7-testes.com.br\/agazeta\/13-mil-precisam-se-regularizar-no-bolsa-familia\/\" \/>\n<meta property=\"og:locale\" content=\"pt_BR\" \/>\n<meta property=\"og:type\" content=\"article\" \/>\n<meta property=\"og:title\" content=\"13 mil precisam se regularizar no Bolsa-Fam\u00edlia - Agazeta.net\" \/>\n<meta property=\"og:description\" content=\"Medida foi necess\u00e1ria para identificar fraude eleitoral\" \/>\n<meta property=\"og:url\" content=\"https:\/\/nk7-testes.com.br\/agazeta\/13-mil-precisam-se-regularizar-no-bolsa-familia\/\" \/>\n<meta property=\"og:site_name\" content=\"Agazeta.net\" \/>\n<meta property=\"article:published_time\" content=\"2016-11-07T19:59:40+00:00\" \/>\n<meta property=\"og:image\" content=\"https:\/\/nk7-testes.com.br\/agazeta\/wp-content\/uploads\/2016\/07\/110716-politica-bolsafamilia-marcusvicentti.jpg\" \/>\n\t<meta property=\"og:image:width\" content=\"458\" \/>\n\t<meta property=\"og:image:height\" content=\"340\" \/>\n\t<meta property=\"og:image:type\" content=\"image\/jpeg\" \/>\n<meta name=\"author\" content=\"Agazeta.Net\" \/>\n<meta name=\"twitter:card\" content=\"summary_large_image\" \/>\n<meta name=\"twitter:label1\" content=\"Escrito por\" \/>\n\t<meta name=\"twitter:data1\" content=\"Agazeta.Net\" \/>\n\t<meta name=\"twitter:label2\" content=\"Est. tempo de leitura\" \/>\n\t<meta name=\"twitter:data2\" content=\"2 minutos\" \/>\n<script type=\"application\/ld+json\" class=\"yoast-schema-graph\">{\"@context\":\"https:\/\/schema.org\",\"@graph\":[{\"@type\":\"WebPage\",\"@id\":\"https:\/\/nk7-testes.com.br\/agazeta\/13-mil-precisam-se-regularizar-no-bolsa-familia\/\",\"url\":\"https:\/\/nk7-testes.com.br\/agazeta\/13-mil-precisam-se-regularizar-no-bolsa-familia\/\",\"name\":\"13 mil precisam se regularizar no Bolsa-Fam\u00edlia - Agazeta.net\",\"isPartOf\":{\"@id\":\"https:\/\/nk7-testes.com.br\/agazeta\/#website\"},\"primaryImageOfPage\":{\"@id\":\"https:\/\/nk7-testes.com.br\/agazeta\/13-mil-precisam-se-regularizar-no-bolsa-familia\/#primaryimage\"},\"image\":{\"@id\":\"https:\/\/nk7-testes.com.br\/agazeta\/13-mil-precisam-se-regularizar-no-bolsa-familia\/#primaryimage\"},\"thumbnailUrl\":\"https:\/\/nk7-testes.com.br\/agazeta\/wp-content\/uploads\/2016\/07\/110716-politica-bolsafamilia-marcusvicentti.jpg\",\"datePublished\":\"2016-11-07T19:59:40+00:00\",\"author\":{\"@id\":\"https:\/\/nk7-testes.com.br\/agazeta\/#\/schema\/person\/ff6b39d54d6973bfc57f4140f659b23f\"},\"breadcrumb\":{\"@id\":\"https:\/\/nk7-testes.com.br\/agazeta\/13-mil-precisam-se-regularizar-no-bolsa-familia\/#breadcrumb\"},\"inLanguage\":\"pt-BR\",\"potentialAction\":[{\"@type\":\"ReadAction\",\"target\":[\"https:\/\/nk7-testes.com.br\/agazeta\/13-mil-precisam-se-regularizar-no-bolsa-familia\/\"]}]},{\"@type\":\"ImageObject\",\"inLanguage\":\"pt-BR\",\"@id\":\"https:\/\/nk7-testes.com.br\/agazeta\/13-mil-precisam-se-regularizar-no-bolsa-familia\/#primaryimage\",\"url\":\"https:\/\/nk7-testes.com.br\/agazeta\/wp-content\/uploads\/2016\/07\/110716-politica-bolsafamilia-marcusvicentti.jpg\",\"contentUrl\":\"https:\/\/nk7-testes.com.br\/agazeta\/wp-content\/uploads\/2016\/07\/110716-politica-bolsafamilia-marcusvicentti.jpg\",\"width\":458,\"height\":340,\"caption\":\"110716-politica-bolsafamilia-marcusvicentti\"},{\"@type\":\"BreadcrumbList\",\"@id\":\"https:\/\/nk7-testes.com.br\/agazeta\/13-mil-precisam-se-regularizar-no-bolsa-familia\/#breadcrumb\",\"itemListElement\":[{\"@type\":\"ListItem\",\"position\":1,\"name\":\"In\u00edcio\",\"item\":\"https:\/\/nk7-testes.com.br\/agazeta\/\"},{\"@type\":\"ListItem\",\"position\":2,\"name\":\"13 mil precisam se regularizar no Bolsa-Fam\u00edlia\"}]},{\"@type\":\"WebSite\",\"@id\":\"https:\/\/nk7-testes.com.br\/agazeta\/#website\",\"url\":\"https:\/\/nk7-testes.com.br\/agazeta\/\",\"name\":\"Agazeta.net\",\"description\":\"Agazeta.net - Not\u00edcias de Rio Branco\/AC\",\"potentialAction\":[{\"@type\":\"SearchAction\",\"target\":{\"@type\":\"EntryPoint\",\"urlTemplate\":\"https:\/\/nk7-testes.com.br\/agazeta\/?s={search_term_string}\"},\"query-input\":{\"@type\":\"PropertyValueSpecification\",\"valueRequired\":true,\"valueName\":\"search_term_string\"}}],\"inLanguage\":\"pt-BR\"},{\"@type\":\"Person\",\"@id\":\"https:\/\/nk7-testes.com.br\/agazeta\/#\/schema\/person\/ff6b39d54d6973bfc57f4140f659b23f\",\"name\":\"Agazeta.Net\",\"url\":\"https:\/\/nk7-testes.com.br\/agazeta\/author\/agazeta\/\"}]}<\/script>\n<!-- \/ Yoast SEO plugin. -->","yoast_head_json":{"title":"13 mil precisam se regularizar no Bolsa-Fam\u00edlia - Agazeta.net","robots":{"index":"index","follow":"follow","max-snippet":"max-snippet:-1","max-image-preview":"max-image-preview:large","max-video-preview":"max-video-preview:-1"},"canonical":"https:\/\/nk7-testes.com.br\/agazeta\/13-mil-precisam-se-regularizar-no-bolsa-familia\/","og_locale":"pt_BR","og_type":"article","og_title":"13 mil precisam se regularizar no Bolsa-Fam\u00edlia - Agazeta.net","og_description":"Medida foi necess\u00e1ria para identificar fraude eleitoral","og_url":"https:\/\/nk7-testes.com.br\/agazeta\/13-mil-precisam-se-regularizar-no-bolsa-familia\/","og_site_name":"Agazeta.net","article_published_time":"2016-11-07T19:59:40+00:00","og_image":[{"width":458,"height":340,"url":"https:\/\/nk7-testes.com.br\/agazeta\/wp-content\/uploads\/2016\/07\/110716-politica-bolsafamilia-marcusvicentti.jpg","type":"image\/jpeg"}],"author":"Agazeta.Net","twitter_card":"summary_large_image","twitter_misc":{"Escrito por":"Agazeta.Net","Est. tempo de leitura":"2 minutos"},"schema":{"@context":"https:\/\/schema.org","@graph":[{"@type":"WebPage","@id":"https:\/\/nk7-testes.com.br\/agazeta\/13-mil-precisam-se-regularizar-no-bolsa-familia\/","url":"https:\/\/nk7-testes.com.br\/agazeta\/13-mil-precisam-se-regularizar-no-bolsa-familia\/","name":"13 mil precisam se regularizar no Bolsa-Fam\u00edlia - Agazeta.net","isPartOf":{"@id":"https:\/\/nk7-testes.com.br\/agazeta\/#website"},"primaryImageOfPage":{"@id":"https:\/\/nk7-testes.com.br\/agazeta\/13-mil-precisam-se-regularizar-no-bolsa-familia\/#primaryimage"},"image":{"@id":"https:\/\/nk7-testes.com.br\/agazeta\/13-mil-precisam-se-regularizar-no-bolsa-familia\/#primaryimage"},"thumbnailUrl":"https:\/\/nk7-testes.com.br\/agazeta\/wp-content\/uploads\/2016\/07\/110716-politica-bolsafamilia-marcusvicentti.jpg","datePublished":"2016-11-07T19:59:40+00:00","author":{"@id":"https:\/\/nk7-testes.com.br\/agazeta\/#\/schema\/person\/ff6b39d54d6973bfc57f4140f659b23f"},"breadcrumb":{"@id":"https:\/\/nk7-testes.com.br\/agazeta\/13-mil-precisam-se-regularizar-no-bolsa-familia\/#breadcrumb"},"inLanguage":"pt-BR","potentialAction":[{"@type":"ReadAction","target":["https:\/\/nk7-testes.com.br\/agazeta\/13-mil-precisam-se-regularizar-no-bolsa-familia\/"]}]},{"@type":"ImageObject","inLanguage":"pt-BR","@id":"https:\/\/nk7-testes.com.br\/agazeta\/13-mil-precisam-se-regularizar-no-bolsa-familia\/#primaryimage","url":"https:\/\/nk7-testes.com.br\/agazeta\/wp-content\/uploads\/2016\/07\/110716-politica-bolsafamilia-marcusvicentti.jpg","contentUrl":"https:\/\/nk7-testes.com.br\/agazeta\/wp-content\/uploads\/2016\/07\/110716-politica-bolsafamilia-marcusvicentti.jpg","width":458,"height":340,"caption":"110716-politica-bolsafamilia-marcusvicentti"},{"@type":"BreadcrumbList","@id":"https:\/\/nk7-testes.com.br\/agazeta\/13-mil-precisam-se-regularizar-no-bolsa-familia\/#breadcrumb","itemListElement":[{"@type":"ListItem","position":1,"name":"In\u00edcio","item":"https:\/\/nk7-testes.com.br\/agazeta\/"},{"@type":"ListItem","position":2,"name":"13 mil precisam se regularizar no Bolsa-Fam\u00edlia"}]},{"@type":"WebSite","@id":"https:\/\/nk7-testes.com.br\/agazeta\/#website","url":"https:\/\/nk7-testes.com.br\/agazeta\/","name":"Agazeta.net","description":"Agazeta.net - Not\u00edcias de Rio Branco\/AC","potentialAction":[{"@type":"SearchAction","target":{"@type":"EntryPoint","urlTemplate":"https:\/\/nk7-testes.com.br\/agazeta\/?s={search_term_string}"},"query-input":{"@type":"PropertyValueSpecification","valueRequired":true,"valueName":"search_term_string"}}],"inLanguage":"pt-BR"},{"@type":"Person","@id":"https:\/\/nk7-testes.com.br\/agazeta\/#\/schema\/person\/ff6b39d54d6973bfc57f4140f659b23f","name":"Agazeta.Net","url":"https:\/\/nk7-testes.com.br\/agazeta\/author\/agazeta\/"}]}},"_links":{"self":[{"href":"https:\/\/nk7-testes.com.br\/agazeta\/wp-json\/wp\/v2\/posts\/26298","targetHints":{"allow":["GET"]}}],"collection":[{"href":"https:\/\/nk7-testes.com.br\/agazeta\/wp-json\/wp\/v2\/posts"}],"about":[{"href":"https:\/\/nk7-testes.com.br\/agazeta\/wp-json\/wp\/v2\/types\/post"}],"author":[{"embeddable":true,"href":"https:\/\/nk7-testes.com.br\/agazeta\/wp-json\/wp\/v2\/users\/4"}],"replies":[{"embeddable":true,"href":"https:\/\/nk7-testes.com.br\/agazeta\/wp-json\/wp\/v2\/comments?post=26298"}],"version-history":[{"count":0,"href":"https:\/\/nk7-testes.com.br\/agazeta\/wp-json\/wp\/v2\/posts\/26298\/revisions"}],"wp:featuredmedia":[{"embeddable":true,"href":"https:\/\/nk7-testes.com.br\/agazeta\/wp-json\/wp\/v2\/media\/23744"}],"wp:attachment":[{"href":"https:\/\/nk7-testes.com.br\/agazeta\/wp-json\/wp\/v2\/media?parent=26298"}],"wp:term":[{"taxonomy":"category","embeddable":true,"href":"https:\/\/nk7-testes.com.br\/agazeta\/wp-json\/wp\/v2\/categories?post=26298"},{"taxonomy":"post_tag","embeddable":true,"href":"https:\/\/nk7-testes.com.br\/agazeta\/wp-json\/wp\/v2\/tags?post=26298"}],"curies":[{"name":"wp","href":"https:\/\/api.w.org\/{rel}","templated":true}]}}