{"id":26277,"date":"2016-11-05T17:04:56","date_gmt":"2016-11-05T17:04:56","guid":{"rendered":"https:\/\/abarevegan.com.br\/index.php\/2016\/11\/05\/primeiro-dia-de-enem-e-tranquilo-no-acre\/"},"modified":"2016-11-05T17:04:56","modified_gmt":"2016-11-05T17:04:56","slug":"primeiro-dia-de-enem-e-tranquilo-no-acre","status":"publish","type":"post","link":"https:\/\/nk7-testes.com.br\/agazeta\/primeiro-dia-de-enem-e-tranquilo-no-acre\/","title":{"rendered":"Primeiro dia de Enem \u00e9 tranquilo no Acre"},"content":{"rendered":"<p style=\"text-align: justify;\">Firb\/Faao tem uma das maiores concentra\u00e7\u00f5es de alunos<\/p>\n<p style=\"text-align: justify;\">Neste final de semana, milhares de candidatos realizaram as provas do Exame Nacional do Ensino M\u00e9dio (Enem). No Acre, mais de 60 mil se inscreveram para participar. O exame come\u00e7ou no s\u00e1bado e nossa equipe conferiu a chegada dos candidatos a um dos locais de prova de Rio Branco e tamb\u00e9m quem se frustrou chegando atrasado.<\/p>\n<p style=\"text-align: justify;\">A t\u00e9cnica de enfermagem Adna Lopes saiu direto do plant\u00e3o para o local de prova do Enem. Equipada, levou na bolsa biscoitos, amendoim, sucos e \u00e1gua pra encarar a maratona de 4 horas e meia de prova.<\/p>\n<p style=\"text-align: justify;\">Adna, que tem 48 anos de idade, sonha em concluir o curso de Enfermagem. A faculdade em institui\u00e7\u00e3o privada, onde atualmente estuda, tem pesado no or\u00e7amento. \u201cMeu objetivo \u00e9 conseguir uma bolsa pelo menos de 70% ou 100% porque 50% t\u00e1 pesado pra mim\u201d, explica.<\/p>\n<p style=\"text-align: justify;\">Aldo Machado levou apenas biscoito e \u00e1gua. \u201cSou acostumado a comer pouco. Acho que ser\u00e1 suficiente\u201d, disse.<\/p>\n<p style=\"text-align: justify;\">O jovem j\u00e1 concluiu o Ensino M\u00e9dio h\u00e1 4 anos e agora tenta, atrav\u00e9s do Enem, uma vaga no curso de Educa\u00e7\u00e3o F\u00edsica da Ufac. \u201cN\u00e3o estudei muito, mas acho que d\u00e1 pra passar\u201d, afirmou.<\/p>\n<p style=\"text-align: justify;\">Quem n\u00e3o levou a tradicional sacolinha pl\u00e1stica com lanche para a sala contou com o servi\u00e7o dos ambulantes. \u00c1gua e salgadinhos n\u00e3o faltaram.<\/p>\n<p style=\"text-align: justify;\">Manuel Orleir trabalha como atendente em lanchonete, mas nos eventos semelhantes ao Enem, sempre vende alguma coisa, pra garantir renda extra. Ele levou para a cal\u00e7ada da Faculdade FAAO, \u00e1gua, chiclete e canetas esferogr\u00e1ficas. Por falta de material de apoio, os candidatos n\u00e3o puderam se queixar. \u201cQueria vender ao menos 300 garrafinhas de \u00e1gua, mas a concorr\u00eancia t\u00e1 grande\u201d, disse.<\/p>\n<p style=\"text-align: justify;\">Na FAAO, tamb\u00e9m ficaram alunos sabatistas, pessoas que, por convic\u00e7\u00e3o religiosa, preservam o dia de s\u00e1bado e a refer\u00eancia de mudan\u00e7a de dia \u00e9 de p\u00f4r de sol a p\u00f4r do sol. Segundo fiscais, o local abrigou 6 turmas de 40 alunos cada.<\/p>\n<p style=\"text-align: justify;\">Dilli Maiara, uma das candidatas desse grupo, explica que existe uma prepara\u00e7\u00e3o espiritual para aguardar 9 horas para iniciar a prova. \u201cN\u00e3o \u00e9 dif\u00edcil quanto pensam. A gente tem uma prepara\u00e7\u00e3o que vai al\u00e9m do esfor\u00e7o f\u00edsico. Espiritualmente, \u00e9 algo bom pra n\u00f3s\u201d, afirmou.<\/p>\n<p style=\"text-align: justify;\">No caso dos sabatistas, as provas iniciam \u00e0s 19 horas e a aplica\u00e7\u00e3o delas segue o mesmo padr\u00e3o para todos os candidatos, inclusive, com o mesmo tempo de dura\u00e7\u00e3o.<br \/>Pr\u00f3ximo ao hor\u00e1rio de fechamento do port\u00e3o, fiscais avisaram com gritos quem estava pr\u00f3ximo para correrem antes de os port\u00f5es fecharem. Foi o aviso que precisava para os alunos que estavam pr\u00f3ximos iniciarem uma correria para poder entrar no pr\u00e9dio.<\/p>\n<p style=\"text-align: justify;\">Pontualmente \u00e0s 10 horas, o port\u00e3o fechou. Dois minutos depois, chegou o jovem Andr\u00e9 Carmo da Silva, de 18 anos de idade. Ele mora na zona rural pr\u00f3xima a Rio Branco e saiu de casa \u00e0s 8 horas. Mas, n\u00e3o foi tempo suficiente para chegar no hor\u00e1rio. \u201cHouve atraso de meia hora l\u00e1 no terminal e infelizmente n\u00e3o deu\u201d, lamentou.<\/p>\n<p style=\"text-align: justify;\">Quem tamb\u00e9m n\u00e3o alcan\u00e7ou o objetivo foi Adelqui Rodrigues. Ela reclamou do tr\u00e2nsito. \u201cO tr\u00e2nsito t\u00e1 muito complicado no centro e vim de carro\u201d, justificou.<br \/>Para o jovem Giovane de Souza, que tentaria o Enem pela terceira vez, foi pior. Ele chegou no hor\u00e1rio, mas esqueceu o documento oficial com foto. \u201cN\u00e3o prestei aten\u00e7\u00e3o a esse detalhe. Sa\u00ed preocupado do carro e n\u00e3o daria tempo de voltar pra pegar o RG\u201d, lamentou.<\/p>\n","protected":false},"excerpt":{"rendered":"<p style=\"text-align: justify;\">Firb\/Faao tem uma das maiores concentra\u00e7\u00f5es de alunos<\/p>\n","protected":false},"author":4,"featured_media":26276,"comment_status":"open","ping_status":"open","sticky":false,"template":"","format":"standard","meta":{"jnews-multi-image_gallery":[],"jnews_single_post":[],"jnews_primary_category":[],"jnews_social_meta":[],"jnews_review":[],"enable_review":"","type":"","name":"","summary":"","brand":"","sku":"","good":[],"bad":[],"score_override":"","override_value":"","rating":[],"price":[],"footnotes":""},"categories":[54],"tags":[],"class_list":["post-26277","post","type-post","status-publish","format-standard","has-post-thumbnail","hentry","category-cotidiano"],"yoast_head":"<!-- This site is optimized with the Yoast SEO plugin v26.5 - https:\/\/yoast.com\/wordpress\/plugins\/seo\/ -->\n<title>Primeiro dia de Enem \u00e9 tranquilo no Acre - Agazeta.net<\/title>\n<meta name=\"robots\" content=\"index, follow, max-snippet:-1, max-image-preview:large, max-video-preview:-1\" \/>\n<link rel=\"canonical\" href=\"https:\/\/nk7-testes.com.br\/agazeta\/primeiro-dia-de-enem-e-tranquilo-no-acre\/\" \/>\n<meta property=\"og:locale\" content=\"pt_BR\" \/>\n<meta property=\"og:type\" content=\"article\" \/>\n<meta property=\"og:title\" content=\"Primeiro dia de Enem \u00e9 tranquilo no Acre - Agazeta.net\" \/>\n<meta property=\"og:description\" content=\"Firb\/Faao tem uma das maiores concentra\u00e7\u00f5es de alunos\" \/>\n<meta property=\"og:url\" content=\"https:\/\/nk7-testes.com.br\/agazeta\/primeiro-dia-de-enem-e-tranquilo-no-acre\/\" \/>\n<meta property=\"og:site_name\" content=\"Agazeta.net\" \/>\n<meta property=\"article:published_time\" content=\"2016-11-05T17:04:56+00:00\" \/>\n<meta property=\"og:image\" content=\"https:\/\/nk7-testes.com.br\/agazeta\/wp-content\/uploads\/2016\/11\/061116-cotidiano-enemprimeirodia-gislainevidal.jpg\" \/>\n\t<meta property=\"og:image:width\" content=\"458\" \/>\n\t<meta property=\"og:image:height\" content=\"340\" \/>\n\t<meta property=\"og:image:type\" content=\"image\/jpeg\" \/>\n<meta name=\"author\" content=\"Agazeta.Net\" \/>\n<meta name=\"twitter:card\" content=\"summary_large_image\" \/>\n<meta name=\"twitter:label1\" content=\"Escrito por\" \/>\n\t<meta name=\"twitter:data1\" content=\"Agazeta.Net\" \/>\n\t<meta name=\"twitter:label2\" content=\"Est. tempo de leitura\" \/>\n\t<meta name=\"twitter:data2\" content=\"3 minutos\" \/>\n<script type=\"application\/ld+json\" class=\"yoast-schema-graph\">{\"@context\":\"https:\/\/schema.org\",\"@graph\":[{\"@type\":\"WebPage\",\"@id\":\"https:\/\/nk7-testes.com.br\/agazeta\/primeiro-dia-de-enem-e-tranquilo-no-acre\/\",\"url\":\"https:\/\/nk7-testes.com.br\/agazeta\/primeiro-dia-de-enem-e-tranquilo-no-acre\/\",\"name\":\"Primeiro dia de Enem \u00e9 tranquilo no Acre - Agazeta.net\",\"isPartOf\":{\"@id\":\"https:\/\/nk7-testes.com.br\/agazeta\/#website\"},\"primaryImageOfPage\":{\"@id\":\"https:\/\/nk7-testes.com.br\/agazeta\/primeiro-dia-de-enem-e-tranquilo-no-acre\/#primaryimage\"},\"image\":{\"@id\":\"https:\/\/nk7-testes.com.br\/agazeta\/primeiro-dia-de-enem-e-tranquilo-no-acre\/#primaryimage\"},\"thumbnailUrl\":\"https:\/\/nk7-testes.com.br\/agazeta\/wp-content\/uploads\/2016\/11\/061116-cotidiano-enemprimeirodia-gislainevidal.jpg\",\"datePublished\":\"2016-11-05T17:04:56+00:00\",\"author\":{\"@id\":\"https:\/\/nk7-testes.com.br\/agazeta\/#\/schema\/person\/ff6b39d54d6973bfc57f4140f659b23f\"},\"breadcrumb\":{\"@id\":\"https:\/\/nk7-testes.com.br\/agazeta\/primeiro-dia-de-enem-e-tranquilo-no-acre\/#breadcrumb\"},\"inLanguage\":\"pt-BR\",\"potentialAction\":[{\"@type\":\"ReadAction\",\"target\":[\"https:\/\/nk7-testes.com.br\/agazeta\/primeiro-dia-de-enem-e-tranquilo-no-acre\/\"]}]},{\"@type\":\"ImageObject\",\"inLanguage\":\"pt-BR\",\"@id\":\"https:\/\/nk7-testes.com.br\/agazeta\/primeiro-dia-de-enem-e-tranquilo-no-acre\/#primaryimage\",\"url\":\"https:\/\/nk7-testes.com.br\/agazeta\/wp-content\/uploads\/2016\/11\/061116-cotidiano-enemprimeirodia-gislainevidal.jpg\",\"contentUrl\":\"https:\/\/nk7-testes.com.br\/agazeta\/wp-content\/uploads\/2016\/11\/061116-cotidiano-enemprimeirodia-gislainevidal.jpg\",\"width\":458,\"height\":340,\"caption\":\"061116-cotidiano-enemprimeirodia-gislainevidal\"},{\"@type\":\"BreadcrumbList\",\"@id\":\"https:\/\/nk7-testes.com.br\/agazeta\/primeiro-dia-de-enem-e-tranquilo-no-acre\/#breadcrumb\",\"itemListElement\":[{\"@type\":\"ListItem\",\"position\":1,\"name\":\"In\u00edcio\",\"item\":\"https:\/\/nk7-testes.com.br\/agazeta\/\"},{\"@type\":\"ListItem\",\"position\":2,\"name\":\"Primeiro dia de Enem \u00e9 tranquilo no Acre\"}]},{\"@type\":\"WebSite\",\"@id\":\"https:\/\/nk7-testes.com.br\/agazeta\/#website\",\"url\":\"https:\/\/nk7-testes.com.br\/agazeta\/\",\"name\":\"Agazeta.net\",\"description\":\"Agazeta.net - Not\u00edcias de Rio Branco\/AC\",\"potentialAction\":[{\"@type\":\"SearchAction\",\"target\":{\"@type\":\"EntryPoint\",\"urlTemplate\":\"https:\/\/nk7-testes.com.br\/agazeta\/?s={search_term_string}\"},\"query-input\":{\"@type\":\"PropertyValueSpecification\",\"valueRequired\":true,\"valueName\":\"search_term_string\"}}],\"inLanguage\":\"pt-BR\"},{\"@type\":\"Person\",\"@id\":\"https:\/\/nk7-testes.com.br\/agazeta\/#\/schema\/person\/ff6b39d54d6973bfc57f4140f659b23f\",\"name\":\"Agazeta.Net\",\"url\":\"https:\/\/nk7-testes.com.br\/agazeta\/author\/agazeta\/\"}]}<\/script>\n<!-- \/ Yoast SEO plugin. -->","yoast_head_json":{"title":"Primeiro dia de Enem \u00e9 tranquilo no Acre - Agazeta.net","robots":{"index":"index","follow":"follow","max-snippet":"max-snippet:-1","max-image-preview":"max-image-preview:large","max-video-preview":"max-video-preview:-1"},"canonical":"https:\/\/nk7-testes.com.br\/agazeta\/primeiro-dia-de-enem-e-tranquilo-no-acre\/","og_locale":"pt_BR","og_type":"article","og_title":"Primeiro dia de Enem \u00e9 tranquilo no Acre - Agazeta.net","og_description":"Firb\/Faao tem uma das maiores concentra\u00e7\u00f5es de alunos","og_url":"https:\/\/nk7-testes.com.br\/agazeta\/primeiro-dia-de-enem-e-tranquilo-no-acre\/","og_site_name":"Agazeta.net","article_published_time":"2016-11-05T17:04:56+00:00","og_image":[{"width":458,"height":340,"url":"https:\/\/nk7-testes.com.br\/agazeta\/wp-content\/uploads\/2016\/11\/061116-cotidiano-enemprimeirodia-gislainevidal.jpg","type":"image\/jpeg"}],"author":"Agazeta.Net","twitter_card":"summary_large_image","twitter_misc":{"Escrito por":"Agazeta.Net","Est. tempo de leitura":"3 minutos"},"schema":{"@context":"https:\/\/schema.org","@graph":[{"@type":"WebPage","@id":"https:\/\/nk7-testes.com.br\/agazeta\/primeiro-dia-de-enem-e-tranquilo-no-acre\/","url":"https:\/\/nk7-testes.com.br\/agazeta\/primeiro-dia-de-enem-e-tranquilo-no-acre\/","name":"Primeiro dia de Enem \u00e9 tranquilo no Acre - Agazeta.net","isPartOf":{"@id":"https:\/\/nk7-testes.com.br\/agazeta\/#website"},"primaryImageOfPage":{"@id":"https:\/\/nk7-testes.com.br\/agazeta\/primeiro-dia-de-enem-e-tranquilo-no-acre\/#primaryimage"},"image":{"@id":"https:\/\/nk7-testes.com.br\/agazeta\/primeiro-dia-de-enem-e-tranquilo-no-acre\/#primaryimage"},"thumbnailUrl":"https:\/\/nk7-testes.com.br\/agazeta\/wp-content\/uploads\/2016\/11\/061116-cotidiano-enemprimeirodia-gislainevidal.jpg","datePublished":"2016-11-05T17:04:56+00:00","author":{"@id":"https:\/\/nk7-testes.com.br\/agazeta\/#\/schema\/person\/ff6b39d54d6973bfc57f4140f659b23f"},"breadcrumb":{"@id":"https:\/\/nk7-testes.com.br\/agazeta\/primeiro-dia-de-enem-e-tranquilo-no-acre\/#breadcrumb"},"inLanguage":"pt-BR","potentialAction":[{"@type":"ReadAction","target":["https:\/\/nk7-testes.com.br\/agazeta\/primeiro-dia-de-enem-e-tranquilo-no-acre\/"]}]},{"@type":"ImageObject","inLanguage":"pt-BR","@id":"https:\/\/nk7-testes.com.br\/agazeta\/primeiro-dia-de-enem-e-tranquilo-no-acre\/#primaryimage","url":"https:\/\/nk7-testes.com.br\/agazeta\/wp-content\/uploads\/2016\/11\/061116-cotidiano-enemprimeirodia-gislainevidal.jpg","contentUrl":"https:\/\/nk7-testes.com.br\/agazeta\/wp-content\/uploads\/2016\/11\/061116-cotidiano-enemprimeirodia-gislainevidal.jpg","width":458,"height":340,"caption":"061116-cotidiano-enemprimeirodia-gislainevidal"},{"@type":"BreadcrumbList","@id":"https:\/\/nk7-testes.com.br\/agazeta\/primeiro-dia-de-enem-e-tranquilo-no-acre\/#breadcrumb","itemListElement":[{"@type":"ListItem","position":1,"name":"In\u00edcio","item":"https:\/\/nk7-testes.com.br\/agazeta\/"},{"@type":"ListItem","position":2,"name":"Primeiro dia de Enem \u00e9 tranquilo no Acre"}]},{"@type":"WebSite","@id":"https:\/\/nk7-testes.com.br\/agazeta\/#website","url":"https:\/\/nk7-testes.com.br\/agazeta\/","name":"Agazeta.net","description":"Agazeta.net - Not\u00edcias de Rio Branco\/AC","potentialAction":[{"@type":"SearchAction","target":{"@type":"EntryPoint","urlTemplate":"https:\/\/nk7-testes.com.br\/agazeta\/?s={search_term_string}"},"query-input":{"@type":"PropertyValueSpecification","valueRequired":true,"valueName":"search_term_string"}}],"inLanguage":"pt-BR"},{"@type":"Person","@id":"https:\/\/nk7-testes.com.br\/agazeta\/#\/schema\/person\/ff6b39d54d6973bfc57f4140f659b23f","name":"Agazeta.Net","url":"https:\/\/nk7-testes.com.br\/agazeta\/author\/agazeta\/"}]}},"_links":{"self":[{"href":"https:\/\/nk7-testes.com.br\/agazeta\/wp-json\/wp\/v2\/posts\/26277","targetHints":{"allow":["GET"]}}],"collection":[{"href":"https:\/\/nk7-testes.com.br\/agazeta\/wp-json\/wp\/v2\/posts"}],"about":[{"href":"https:\/\/nk7-testes.com.br\/agazeta\/wp-json\/wp\/v2\/types\/post"}],"author":[{"embeddable":true,"href":"https:\/\/nk7-testes.com.br\/agazeta\/wp-json\/wp\/v2\/users\/4"}],"replies":[{"embeddable":true,"href":"https:\/\/nk7-testes.com.br\/agazeta\/wp-json\/wp\/v2\/comments?post=26277"}],"version-history":[{"count":0,"href":"https:\/\/nk7-testes.com.br\/agazeta\/wp-json\/wp\/v2\/posts\/26277\/revisions"}],"wp:featuredmedia":[{"embeddable":true,"href":"https:\/\/nk7-testes.com.br\/agazeta\/wp-json\/wp\/v2\/media\/26276"}],"wp:attachment":[{"href":"https:\/\/nk7-testes.com.br\/agazeta\/wp-json\/wp\/v2\/media?parent=26277"}],"wp:term":[{"taxonomy":"category","embeddable":true,"href":"https:\/\/nk7-testes.com.br\/agazeta\/wp-json\/wp\/v2\/categories?post=26277"},{"taxonomy":"post_tag","embeddable":true,"href":"https:\/\/nk7-testes.com.br\/agazeta\/wp-json\/wp\/v2\/tags?post=26277"}],"curies":[{"name":"wp","href":"https:\/\/api.w.org\/{rel}","templated":true}]}}