{"id":26260,"date":"2016-11-04T15:10:58","date_gmt":"2016-11-04T15:10:58","guid":{"rendered":"https:\/\/abarevegan.com.br\/index.php\/2016\/11\/04\/cacambeiros-planejam-novo-protesto-por-pagamento\/"},"modified":"2016-11-04T15:10:58","modified_gmt":"2016-11-04T15:10:58","slug":"cacambeiros-planejam-novo-protesto-por-pagamento","status":"publish","type":"post","link":"https:\/\/nk7-testes.com.br\/agazeta\/cacambeiros-planejam-novo-protesto-por-pagamento\/","title":{"rendered":"Ca\u00e7ambeiros planejam novo protesto por pagamento"},"content":{"rendered":"<p style=\"text-align: justify;\">Deracre atrasa pagamento h\u00e1 dois anos<\/p>\n<p style=\"text-align: justify;\">Motoristas de caminh\u00f5es, ca\u00e7ambas em m\u00e1quinas pesadas que prestam servi\u00e7o para o Deracre prometem nova manifesta\u00e7\u00e3o por falta de pagamento. A d\u00edvida do departamento com a categoria \u00e9 de R$ 8 milh\u00f5es e se arrasta h\u00e1 2 anos. O governo afirma que vai continuar negociando, para garantir que parte do pagamento seja feito.<\/p>\n<p style=\"text-align: justify;\">Mais uma vez, as entidades que representam propriet\u00e1rios de caminh\u00f5es, ca\u00e7ambas e m\u00e1quinas anunciam que v\u00e3o promover protesto se o Deracre n\u00e3o atualizar o pagamento dos contratos terceirizados. A d\u00edvida inicial contra\u00edda at\u00e9 R$ 2015 era de R$ 11 milh\u00f5es. Foram pagos R$ 3 milh\u00f5es. Ainda restam R$ 8 milh\u00f5es.<\/p>\n<p style=\"text-align: justify;\">De acordo com o Sindicato dos Transportadores Rodovi\u00e1rios (Sintraba), a d\u00edvida foi parcelada, e nem assim, foi honrada. \u201cA categoria est\u00e1 buscando que eles honrem com as parcelas que foram assumidas. N\u00e3o queremos causar transtorno pra sociedade, mas o caos est\u00e1 se formando\u201d, disse J\u00falio Faria, presidente da entidade.<\/p>\n<p style=\"text-align: justify;\">Para quem depende do pagamento contratado para pagar funcion\u00e1rios, a situa\u00e7\u00e3o \u00e9 cada vez pior, afirma Josias Oliveira. \u201cAs pessoas que trabalharam nos equipamentos, funcion\u00e1rios da gente, nos cobram. N\u00e3o trabalham mais, est\u00e3o buscando outras coisas, porque n\u00e3o t\u00eam como sustentar a fam\u00edlia\u201d.<\/p>\n<p style=\"text-align: justify;\">Segundo o diretor do Deracre, Cristovam Moura, queda na arrecada\u00e7\u00e3o e repasses espec\u00edficos ao departamento prejudicaram o pagamento firmado com a categoria para outubro.<\/p>\n<p style=\"text-align: justify;\">\u201cA gente est\u00e1 em estudo com a equipe econ\u00f4mica para que se encontre uma solu\u00e7\u00e3o dentro das possibilidades que o Estado tem pra gente negociar com a categoria. O di\u00e1logo est\u00e1 aberto e estamos a disposi\u00e7\u00e3o pra conversar\u201d, disse.<\/p>\n<p style=\"text-align: justify;\">O diretor afirma que est\u00e1 aguardando resposta da Secretaria de Fazenda para saber qual valor pode apresentar para a categoria.<\/p>\n<p style=\"text-align: justify;\">Em uma reuni\u00e3o ocorrida nesta quinta-feira (3), propriet\u00e1rios particulares de ve\u00edculos, m\u00e1quinas pesadas e entidades que representam o setor definiram os \u00faltimos detalhes de uma manifesta\u00e7\u00e3o prevista para acontecer na pr\u00f3xima semana, simultaneamente na Capital e em cidades do interior onde o Deracre tem ve\u00edculos contratados.<\/p>\n<p style=\"text-align: justify;\">N\u00e3o foi anunciado o dia, e nem mesmo o local de concentra\u00e7\u00e3o nas cidades, mas a categoria afirmou que pretende fechar pontes e ruas com o mesmo n\u00famero de ve\u00edculos e m\u00e1quinas, usados na \u00faltima manifesta\u00e7\u00e3o.<\/p>\n","protected":false},"excerpt":{"rendered":"<p style=\"text-align: justify;\">Deracre atrasa pagamento h\u00e1 dois anos<\/p>\n","protected":false},"author":4,"featured_media":26259,"comment_status":"open","ping_status":"open","sticky":false,"template":"","format":"standard","meta":{"jnews-multi-image_gallery":[],"jnews_single_post":[],"jnews_primary_category":[],"jnews_social_meta":[],"jnews_review":[],"enable_review":"","type":"","name":"","summary":"","brand":"","sku":"","good":[],"bad":[],"score_override":"","override_value":"","rating":[],"price":[],"footnotes":""},"categories":[54],"tags":[],"class_list":["post-26260","post","type-post","status-publish","format-standard","has-post-thumbnail","hentry","category-cotidiano"],"yoast_head":"<!-- This site is optimized with the Yoast SEO plugin v26.5 - https:\/\/yoast.com\/wordpress\/plugins\/seo\/ -->\n<title>Ca\u00e7ambeiros planejam novo protesto por pagamento - Agazeta.net<\/title>\n<meta name=\"robots\" content=\"index, follow, max-snippet:-1, max-image-preview:large, max-video-preview:-1\" \/>\n<link rel=\"canonical\" href=\"https:\/\/nk7-testes.com.br\/agazeta\/cacambeiros-planejam-novo-protesto-por-pagamento\/\" \/>\n<meta property=\"og:locale\" content=\"pt_BR\" \/>\n<meta property=\"og:type\" content=\"article\" \/>\n<meta property=\"og:title\" content=\"Ca\u00e7ambeiros planejam novo protesto por pagamento - Agazeta.net\" \/>\n<meta property=\"og:description\" content=\"Deracre atrasa pagamento h\u00e1 dois anos\" \/>\n<meta property=\"og:url\" content=\"https:\/\/nk7-testes.com.br\/agazeta\/cacambeiros-planejam-novo-protesto-por-pagamento\/\" \/>\n<meta property=\"og:site_name\" content=\"Agazeta.net\" \/>\n<meta property=\"article:published_time\" content=\"2016-11-04T15:10:58+00:00\" \/>\n<meta property=\"og:image\" content=\"https:\/\/nk7-testes.com.br\/agazeta\/wp-content\/uploads\/2016\/11\/041116-cotidiano-protestocaminhoneiros-tvgazeta.jpg\" \/>\n\t<meta property=\"og:image:width\" content=\"458\" \/>\n\t<meta property=\"og:image:height\" content=\"340\" \/>\n\t<meta property=\"og:image:type\" content=\"image\/jpeg\" \/>\n<meta name=\"author\" content=\"Agazeta.Net\" \/>\n<meta name=\"twitter:card\" content=\"summary_large_image\" \/>\n<meta name=\"twitter:label1\" content=\"Escrito por\" \/>\n\t<meta name=\"twitter:data1\" content=\"Agazeta.Net\" \/>\n\t<meta name=\"twitter:label2\" content=\"Est. tempo de leitura\" \/>\n\t<meta name=\"twitter:data2\" content=\"2 minutos\" \/>\n<script type=\"application\/ld+json\" class=\"yoast-schema-graph\">{\"@context\":\"https:\/\/schema.org\",\"@graph\":[{\"@type\":\"WebPage\",\"@id\":\"https:\/\/nk7-testes.com.br\/agazeta\/cacambeiros-planejam-novo-protesto-por-pagamento\/\",\"url\":\"https:\/\/nk7-testes.com.br\/agazeta\/cacambeiros-planejam-novo-protesto-por-pagamento\/\",\"name\":\"Ca\u00e7ambeiros planejam novo protesto por pagamento - Agazeta.net\",\"isPartOf\":{\"@id\":\"https:\/\/nk7-testes.com.br\/agazeta\/#website\"},\"primaryImageOfPage\":{\"@id\":\"https:\/\/nk7-testes.com.br\/agazeta\/cacambeiros-planejam-novo-protesto-por-pagamento\/#primaryimage\"},\"image\":{\"@id\":\"https:\/\/nk7-testes.com.br\/agazeta\/cacambeiros-planejam-novo-protesto-por-pagamento\/#primaryimage\"},\"thumbnailUrl\":\"https:\/\/nk7-testes.com.br\/agazeta\/wp-content\/uploads\/2016\/11\/041116-cotidiano-protestocaminhoneiros-tvgazeta.jpg\",\"datePublished\":\"2016-11-04T15:10:58+00:00\",\"author\":{\"@id\":\"https:\/\/nk7-testes.com.br\/agazeta\/#\/schema\/person\/ff6b39d54d6973bfc57f4140f659b23f\"},\"breadcrumb\":{\"@id\":\"https:\/\/nk7-testes.com.br\/agazeta\/cacambeiros-planejam-novo-protesto-por-pagamento\/#breadcrumb\"},\"inLanguage\":\"pt-BR\",\"potentialAction\":[{\"@type\":\"ReadAction\",\"target\":[\"https:\/\/nk7-testes.com.br\/agazeta\/cacambeiros-planejam-novo-protesto-por-pagamento\/\"]}]},{\"@type\":\"ImageObject\",\"inLanguage\":\"pt-BR\",\"@id\":\"https:\/\/nk7-testes.com.br\/agazeta\/cacambeiros-planejam-novo-protesto-por-pagamento\/#primaryimage\",\"url\":\"https:\/\/nk7-testes.com.br\/agazeta\/wp-content\/uploads\/2016\/11\/041116-cotidiano-protestocaminhoneiros-tvgazeta.jpg\",\"contentUrl\":\"https:\/\/nk7-testes.com.br\/agazeta\/wp-content\/uploads\/2016\/11\/041116-cotidiano-protestocaminhoneiros-tvgazeta.jpg\",\"width\":458,\"height\":340,\"caption\":\"041116-cotidiano-protestocaminhoneiros-tvgazeta\"},{\"@type\":\"BreadcrumbList\",\"@id\":\"https:\/\/nk7-testes.com.br\/agazeta\/cacambeiros-planejam-novo-protesto-por-pagamento\/#breadcrumb\",\"itemListElement\":[{\"@type\":\"ListItem\",\"position\":1,\"name\":\"In\u00edcio\",\"item\":\"https:\/\/nk7-testes.com.br\/agazeta\/\"},{\"@type\":\"ListItem\",\"position\":2,\"name\":\"Ca\u00e7ambeiros planejam novo protesto por pagamento\"}]},{\"@type\":\"WebSite\",\"@id\":\"https:\/\/nk7-testes.com.br\/agazeta\/#website\",\"url\":\"https:\/\/nk7-testes.com.br\/agazeta\/\",\"name\":\"Agazeta.net\",\"description\":\"Agazeta.net - Not\u00edcias de Rio Branco\/AC\",\"potentialAction\":[{\"@type\":\"SearchAction\",\"target\":{\"@type\":\"EntryPoint\",\"urlTemplate\":\"https:\/\/nk7-testes.com.br\/agazeta\/?s={search_term_string}\"},\"query-input\":{\"@type\":\"PropertyValueSpecification\",\"valueRequired\":true,\"valueName\":\"search_term_string\"}}],\"inLanguage\":\"pt-BR\"},{\"@type\":\"Person\",\"@id\":\"https:\/\/nk7-testes.com.br\/agazeta\/#\/schema\/person\/ff6b39d54d6973bfc57f4140f659b23f\",\"name\":\"Agazeta.Net\",\"url\":\"https:\/\/nk7-testes.com.br\/agazeta\/author\/agazeta\/\"}]}<\/script>\n<!-- \/ Yoast SEO plugin. -->","yoast_head_json":{"title":"Ca\u00e7ambeiros planejam novo protesto por pagamento - Agazeta.net","robots":{"index":"index","follow":"follow","max-snippet":"max-snippet:-1","max-image-preview":"max-image-preview:large","max-video-preview":"max-video-preview:-1"},"canonical":"https:\/\/nk7-testes.com.br\/agazeta\/cacambeiros-planejam-novo-protesto-por-pagamento\/","og_locale":"pt_BR","og_type":"article","og_title":"Ca\u00e7ambeiros planejam novo protesto por pagamento - Agazeta.net","og_description":"Deracre atrasa pagamento h\u00e1 dois anos","og_url":"https:\/\/nk7-testes.com.br\/agazeta\/cacambeiros-planejam-novo-protesto-por-pagamento\/","og_site_name":"Agazeta.net","article_published_time":"2016-11-04T15:10:58+00:00","og_image":[{"width":458,"height":340,"url":"https:\/\/nk7-testes.com.br\/agazeta\/wp-content\/uploads\/2016\/11\/041116-cotidiano-protestocaminhoneiros-tvgazeta.jpg","type":"image\/jpeg"}],"author":"Agazeta.Net","twitter_card":"summary_large_image","twitter_misc":{"Escrito por":"Agazeta.Net","Est. tempo de leitura":"2 minutos"},"schema":{"@context":"https:\/\/schema.org","@graph":[{"@type":"WebPage","@id":"https:\/\/nk7-testes.com.br\/agazeta\/cacambeiros-planejam-novo-protesto-por-pagamento\/","url":"https:\/\/nk7-testes.com.br\/agazeta\/cacambeiros-planejam-novo-protesto-por-pagamento\/","name":"Ca\u00e7ambeiros planejam novo protesto por pagamento - Agazeta.net","isPartOf":{"@id":"https:\/\/nk7-testes.com.br\/agazeta\/#website"},"primaryImageOfPage":{"@id":"https:\/\/nk7-testes.com.br\/agazeta\/cacambeiros-planejam-novo-protesto-por-pagamento\/#primaryimage"},"image":{"@id":"https:\/\/nk7-testes.com.br\/agazeta\/cacambeiros-planejam-novo-protesto-por-pagamento\/#primaryimage"},"thumbnailUrl":"https:\/\/nk7-testes.com.br\/agazeta\/wp-content\/uploads\/2016\/11\/041116-cotidiano-protestocaminhoneiros-tvgazeta.jpg","datePublished":"2016-11-04T15:10:58+00:00","author":{"@id":"https:\/\/nk7-testes.com.br\/agazeta\/#\/schema\/person\/ff6b39d54d6973bfc57f4140f659b23f"},"breadcrumb":{"@id":"https:\/\/nk7-testes.com.br\/agazeta\/cacambeiros-planejam-novo-protesto-por-pagamento\/#breadcrumb"},"inLanguage":"pt-BR","potentialAction":[{"@type":"ReadAction","target":["https:\/\/nk7-testes.com.br\/agazeta\/cacambeiros-planejam-novo-protesto-por-pagamento\/"]}]},{"@type":"ImageObject","inLanguage":"pt-BR","@id":"https:\/\/nk7-testes.com.br\/agazeta\/cacambeiros-planejam-novo-protesto-por-pagamento\/#primaryimage","url":"https:\/\/nk7-testes.com.br\/agazeta\/wp-content\/uploads\/2016\/11\/041116-cotidiano-protestocaminhoneiros-tvgazeta.jpg","contentUrl":"https:\/\/nk7-testes.com.br\/agazeta\/wp-content\/uploads\/2016\/11\/041116-cotidiano-protestocaminhoneiros-tvgazeta.jpg","width":458,"height":340,"caption":"041116-cotidiano-protestocaminhoneiros-tvgazeta"},{"@type":"BreadcrumbList","@id":"https:\/\/nk7-testes.com.br\/agazeta\/cacambeiros-planejam-novo-protesto-por-pagamento\/#breadcrumb","itemListElement":[{"@type":"ListItem","position":1,"name":"In\u00edcio","item":"https:\/\/nk7-testes.com.br\/agazeta\/"},{"@type":"ListItem","position":2,"name":"Ca\u00e7ambeiros planejam novo protesto por pagamento"}]},{"@type":"WebSite","@id":"https:\/\/nk7-testes.com.br\/agazeta\/#website","url":"https:\/\/nk7-testes.com.br\/agazeta\/","name":"Agazeta.net","description":"Agazeta.net - Not\u00edcias de Rio Branco\/AC","potentialAction":[{"@type":"SearchAction","target":{"@type":"EntryPoint","urlTemplate":"https:\/\/nk7-testes.com.br\/agazeta\/?s={search_term_string}"},"query-input":{"@type":"PropertyValueSpecification","valueRequired":true,"valueName":"search_term_string"}}],"inLanguage":"pt-BR"},{"@type":"Person","@id":"https:\/\/nk7-testes.com.br\/agazeta\/#\/schema\/person\/ff6b39d54d6973bfc57f4140f659b23f","name":"Agazeta.Net","url":"https:\/\/nk7-testes.com.br\/agazeta\/author\/agazeta\/"}]}},"_links":{"self":[{"href":"https:\/\/nk7-testes.com.br\/agazeta\/wp-json\/wp\/v2\/posts\/26260","targetHints":{"allow":["GET"]}}],"collection":[{"href":"https:\/\/nk7-testes.com.br\/agazeta\/wp-json\/wp\/v2\/posts"}],"about":[{"href":"https:\/\/nk7-testes.com.br\/agazeta\/wp-json\/wp\/v2\/types\/post"}],"author":[{"embeddable":true,"href":"https:\/\/nk7-testes.com.br\/agazeta\/wp-json\/wp\/v2\/users\/4"}],"replies":[{"embeddable":true,"href":"https:\/\/nk7-testes.com.br\/agazeta\/wp-json\/wp\/v2\/comments?post=26260"}],"version-history":[{"count":0,"href":"https:\/\/nk7-testes.com.br\/agazeta\/wp-json\/wp\/v2\/posts\/26260\/revisions"}],"wp:featuredmedia":[{"embeddable":true,"href":"https:\/\/nk7-testes.com.br\/agazeta\/wp-json\/wp\/v2\/media\/26259"}],"wp:attachment":[{"href":"https:\/\/nk7-testes.com.br\/agazeta\/wp-json\/wp\/v2\/media?parent=26260"}],"wp:term":[{"taxonomy":"category","embeddable":true,"href":"https:\/\/nk7-testes.com.br\/agazeta\/wp-json\/wp\/v2\/categories?post=26260"},{"taxonomy":"post_tag","embeddable":true,"href":"https:\/\/nk7-testes.com.br\/agazeta\/wp-json\/wp\/v2\/tags?post=26260"}],"curies":[{"name":"wp","href":"https:\/\/api.w.org\/{rel}","templated":true}]}}