{"id":26256,"date":"2016-11-04T14:54:29","date_gmt":"2016-11-04T14:54:29","guid":{"rendered":"https:\/\/abarevegan.com.br\/index.php\/2016\/11\/04\/policia-prende-homem-acusado-de-dois-estupros-no-bujari\/"},"modified":"2016-11-04T14:54:29","modified_gmt":"2016-11-04T14:54:29","slug":"policia-prende-homem-acusado-de-dois-estupros-no-bujari","status":"publish","type":"post","link":"https:\/\/nk7-testes.com.br\/agazeta\/policia-prende-homem-acusado-de-dois-estupros-no-bujari\/","title":{"rendered":"Pol\u00edcia prende homem acusado de dois estupros no Bujari"},"content":{"rendered":"<p style=\"text-align: justify;\">V\u00edtimas s\u00e3o duas crian\u00e7as uma de 10 e outra de 12<\/p>\n<p style=\"text-align: justify;\">A Pol\u00edcia Civil prendeu ontem (3) Eliton Carlos da Costa Ara\u00fajo, 32 anos, acusado de estupro de vulner\u00e1vel. O crime teria acontecido no munic\u00edpio do Bujari.<\/p>\n<p style=\"text-align: justify;\">Segundo o delegado Pedro Rezende, Eliton \u00e9 acusado de um estupro mediante viol\u00eancia contra uma menina de 11 anos. \u201cO crime teria acontecido por diversas vezes, essa v\u00edtima disse que foi estuprada seis vezes.\u201d<\/p>\n<p style=\"text-align: justify;\">Ainda de acordo com Rezende, durante as investiga\u00e7\u00f5es foi constatado que o acusado teria estuprado outra menina, \u201ca crian\u00e7a teria 12 anos de idade e consentiu em ter conjun\u00e7\u00e3o carnal com ele.\u201d<\/p>\n<p style=\"text-align: justify;\">Ele havia fugido para Rio Branco ap\u00f3s ter tido a pris\u00e3o preventiva decretada. A segunda v\u00edtima contou em depoimento que Eliton a seguia na rua quando ela saia da escola e no m\u00eas de abril ele ofereceu carona para ela, ao chegar em sua casa ele teria pedido para fazer sexo com a garota e ela teria consentido. Apesar do consentimento ele responder\u00e1 por estupro de vulner\u00e1vel j\u00e1 que a menina tem apenas 12 anos.<\/p>\n<p style=\"text-align: justify;\">A outra v\u00edtima, que foi v\u00edtima de estupro com viol\u00eancia, foi violentada numa das visitas que ele fez ao pai da garota. \u201cNuma dessas vezes ele tentou estuprar ela, ela pegou uma faca e se defendeu. Mas depois ele conseguiu o entento dele que era fazer sexo coma crian\u00e7a.\u201d<\/p>\n","protected":false},"excerpt":{"rendered":"<p style=\"text-align: justify;\">V\u00edtimas s\u00e3o duas crian\u00e7as uma de 10 e outra de 12<\/p>\n","protected":false},"author":4,"featured_media":26255,"comment_status":"open","ping_status":"open","sticky":false,"template":"","format":"standard","meta":{"jnews-multi-image_gallery":[],"jnews_single_post":[],"jnews_primary_category":[],"jnews_social_meta":[],"jnews_review":[],"enable_review":"","type":"","name":"","summary":"","brand":"","sku":"","good":[],"bad":[],"score_override":"","override_value":"","rating":[],"price":[],"footnotes":""},"categories":[44],"tags":[],"class_list":["post-26256","post","type-post","status-publish","format-standard","has-post-thumbnail","hentry","category-policia"],"yoast_head":"<!-- This site is optimized with the Yoast SEO plugin v26.5 - https:\/\/yoast.com\/wordpress\/plugins\/seo\/ -->\n<title>Pol\u00edcia prende homem acusado de dois estupros no Bujari - Agazeta.net<\/title>\n<meta name=\"robots\" content=\"index, follow, max-snippet:-1, max-image-preview:large, max-video-preview:-1\" \/>\n<link rel=\"canonical\" href=\"https:\/\/nk7-testes.com.br\/agazeta\/policia-prende-homem-acusado-de-dois-estupros-no-bujari\/\" \/>\n<meta property=\"og:locale\" content=\"pt_BR\" \/>\n<meta property=\"og:type\" content=\"article\" \/>\n<meta property=\"og:title\" content=\"Pol\u00edcia prende homem acusado de dois estupros no Bujari - Agazeta.net\" \/>\n<meta property=\"og:description\" content=\"V\u00edtimas s\u00e3o duas crian\u00e7as uma de 10 e outra de 12\" \/>\n<meta property=\"og:url\" content=\"https:\/\/nk7-testes.com.br\/agazeta\/policia-prende-homem-acusado-de-dois-estupros-no-bujari\/\" \/>\n<meta property=\"og:site_name\" content=\"Agazeta.net\" \/>\n<meta property=\"article:published_time\" content=\"2016-11-04T14:54:29+00:00\" \/>\n<meta property=\"og:image\" content=\"https:\/\/nk7-testes.com.br\/agazeta\/wp-content\/uploads\/2016\/11\/041116-policia-estuprode_criancas.jpg\" \/>\n\t<meta property=\"og:image:width\" content=\"458\" \/>\n\t<meta property=\"og:image:height\" content=\"350\" \/>\n\t<meta property=\"og:image:type\" content=\"image\/jpeg\" \/>\n<meta name=\"author\" content=\"Agazeta.Net\" \/>\n<meta name=\"twitter:card\" content=\"summary_large_image\" \/>\n<meta name=\"twitter:label1\" content=\"Escrito por\" \/>\n\t<meta name=\"twitter:data1\" content=\"Agazeta.Net\" \/>\n\t<meta name=\"twitter:label2\" content=\"Est. tempo de leitura\" \/>\n\t<meta name=\"twitter:data2\" content=\"1 minuto\" \/>\n<script type=\"application\/ld+json\" class=\"yoast-schema-graph\">{\"@context\":\"https:\/\/schema.org\",\"@graph\":[{\"@type\":\"WebPage\",\"@id\":\"https:\/\/nk7-testes.com.br\/agazeta\/policia-prende-homem-acusado-de-dois-estupros-no-bujari\/\",\"url\":\"https:\/\/nk7-testes.com.br\/agazeta\/policia-prende-homem-acusado-de-dois-estupros-no-bujari\/\",\"name\":\"Pol\u00edcia prende homem acusado de dois estupros no Bujari - Agazeta.net\",\"isPartOf\":{\"@id\":\"https:\/\/nk7-testes.com.br\/agazeta\/#website\"},\"primaryImageOfPage\":{\"@id\":\"https:\/\/nk7-testes.com.br\/agazeta\/policia-prende-homem-acusado-de-dois-estupros-no-bujari\/#primaryimage\"},\"image\":{\"@id\":\"https:\/\/nk7-testes.com.br\/agazeta\/policia-prende-homem-acusado-de-dois-estupros-no-bujari\/#primaryimage\"},\"thumbnailUrl\":\"https:\/\/nk7-testes.com.br\/agazeta\/wp-content\/uploads\/2016\/11\/041116-policia-estuprode_criancas.jpg\",\"datePublished\":\"2016-11-04T14:54:29+00:00\",\"author\":{\"@id\":\"https:\/\/nk7-testes.com.br\/agazeta\/#\/schema\/person\/ff6b39d54d6973bfc57f4140f659b23f\"},\"breadcrumb\":{\"@id\":\"https:\/\/nk7-testes.com.br\/agazeta\/policia-prende-homem-acusado-de-dois-estupros-no-bujari\/#breadcrumb\"},\"inLanguage\":\"pt-BR\",\"potentialAction\":[{\"@type\":\"ReadAction\",\"target\":[\"https:\/\/nk7-testes.com.br\/agazeta\/policia-prende-homem-acusado-de-dois-estupros-no-bujari\/\"]}]},{\"@type\":\"ImageObject\",\"inLanguage\":\"pt-BR\",\"@id\":\"https:\/\/nk7-testes.com.br\/agazeta\/policia-prende-homem-acusado-de-dois-estupros-no-bujari\/#primaryimage\",\"url\":\"https:\/\/nk7-testes.com.br\/agazeta\/wp-content\/uploads\/2016\/11\/041116-policia-estuprode_criancas.jpg\",\"contentUrl\":\"https:\/\/nk7-testes.com.br\/agazeta\/wp-content\/uploads\/2016\/11\/041116-policia-estuprode_criancas.jpg\",\"width\":458,\"height\":350,\"caption\":\"041116-policia-estuprode crian\u00e7as\"},{\"@type\":\"BreadcrumbList\",\"@id\":\"https:\/\/nk7-testes.com.br\/agazeta\/policia-prende-homem-acusado-de-dois-estupros-no-bujari\/#breadcrumb\",\"itemListElement\":[{\"@type\":\"ListItem\",\"position\":1,\"name\":\"In\u00edcio\",\"item\":\"https:\/\/nk7-testes.com.br\/agazeta\/\"},{\"@type\":\"ListItem\",\"position\":2,\"name\":\"Pol\u00edcia prende homem acusado de dois estupros no Bujari\"}]},{\"@type\":\"WebSite\",\"@id\":\"https:\/\/nk7-testes.com.br\/agazeta\/#website\",\"url\":\"https:\/\/nk7-testes.com.br\/agazeta\/\",\"name\":\"Agazeta.net\",\"description\":\"Agazeta.net - Not\u00edcias de Rio Branco\/AC\",\"potentialAction\":[{\"@type\":\"SearchAction\",\"target\":{\"@type\":\"EntryPoint\",\"urlTemplate\":\"https:\/\/nk7-testes.com.br\/agazeta\/?s={search_term_string}\"},\"query-input\":{\"@type\":\"PropertyValueSpecification\",\"valueRequired\":true,\"valueName\":\"search_term_string\"}}],\"inLanguage\":\"pt-BR\"},{\"@type\":\"Person\",\"@id\":\"https:\/\/nk7-testes.com.br\/agazeta\/#\/schema\/person\/ff6b39d54d6973bfc57f4140f659b23f\",\"name\":\"Agazeta.Net\",\"url\":\"https:\/\/nk7-testes.com.br\/agazeta\/author\/agazeta\/\"}]}<\/script>\n<!-- \/ Yoast SEO plugin. -->","yoast_head_json":{"title":"Pol\u00edcia prende homem acusado de dois estupros no Bujari - Agazeta.net","robots":{"index":"index","follow":"follow","max-snippet":"max-snippet:-1","max-image-preview":"max-image-preview:large","max-video-preview":"max-video-preview:-1"},"canonical":"https:\/\/nk7-testes.com.br\/agazeta\/policia-prende-homem-acusado-de-dois-estupros-no-bujari\/","og_locale":"pt_BR","og_type":"article","og_title":"Pol\u00edcia prende homem acusado de dois estupros no Bujari - Agazeta.net","og_description":"V\u00edtimas s\u00e3o duas crian\u00e7as uma de 10 e outra de 12","og_url":"https:\/\/nk7-testes.com.br\/agazeta\/policia-prende-homem-acusado-de-dois-estupros-no-bujari\/","og_site_name":"Agazeta.net","article_published_time":"2016-11-04T14:54:29+00:00","og_image":[{"width":458,"height":350,"url":"https:\/\/nk7-testes.com.br\/agazeta\/wp-content\/uploads\/2016\/11\/041116-policia-estuprode_criancas.jpg","type":"image\/jpeg"}],"author":"Agazeta.Net","twitter_card":"summary_large_image","twitter_misc":{"Escrito por":"Agazeta.Net","Est. tempo de leitura":"1 minuto"},"schema":{"@context":"https:\/\/schema.org","@graph":[{"@type":"WebPage","@id":"https:\/\/nk7-testes.com.br\/agazeta\/policia-prende-homem-acusado-de-dois-estupros-no-bujari\/","url":"https:\/\/nk7-testes.com.br\/agazeta\/policia-prende-homem-acusado-de-dois-estupros-no-bujari\/","name":"Pol\u00edcia prende homem acusado de dois estupros no Bujari - Agazeta.net","isPartOf":{"@id":"https:\/\/nk7-testes.com.br\/agazeta\/#website"},"primaryImageOfPage":{"@id":"https:\/\/nk7-testes.com.br\/agazeta\/policia-prende-homem-acusado-de-dois-estupros-no-bujari\/#primaryimage"},"image":{"@id":"https:\/\/nk7-testes.com.br\/agazeta\/policia-prende-homem-acusado-de-dois-estupros-no-bujari\/#primaryimage"},"thumbnailUrl":"https:\/\/nk7-testes.com.br\/agazeta\/wp-content\/uploads\/2016\/11\/041116-policia-estuprode_criancas.jpg","datePublished":"2016-11-04T14:54:29+00:00","author":{"@id":"https:\/\/nk7-testes.com.br\/agazeta\/#\/schema\/person\/ff6b39d54d6973bfc57f4140f659b23f"},"breadcrumb":{"@id":"https:\/\/nk7-testes.com.br\/agazeta\/policia-prende-homem-acusado-de-dois-estupros-no-bujari\/#breadcrumb"},"inLanguage":"pt-BR","potentialAction":[{"@type":"ReadAction","target":["https:\/\/nk7-testes.com.br\/agazeta\/policia-prende-homem-acusado-de-dois-estupros-no-bujari\/"]}]},{"@type":"ImageObject","inLanguage":"pt-BR","@id":"https:\/\/nk7-testes.com.br\/agazeta\/policia-prende-homem-acusado-de-dois-estupros-no-bujari\/#primaryimage","url":"https:\/\/nk7-testes.com.br\/agazeta\/wp-content\/uploads\/2016\/11\/041116-policia-estuprode_criancas.jpg","contentUrl":"https:\/\/nk7-testes.com.br\/agazeta\/wp-content\/uploads\/2016\/11\/041116-policia-estuprode_criancas.jpg","width":458,"height":350,"caption":"041116-policia-estuprode crian\u00e7as"},{"@type":"BreadcrumbList","@id":"https:\/\/nk7-testes.com.br\/agazeta\/policia-prende-homem-acusado-de-dois-estupros-no-bujari\/#breadcrumb","itemListElement":[{"@type":"ListItem","position":1,"name":"In\u00edcio","item":"https:\/\/nk7-testes.com.br\/agazeta\/"},{"@type":"ListItem","position":2,"name":"Pol\u00edcia prende homem acusado de dois estupros no Bujari"}]},{"@type":"WebSite","@id":"https:\/\/nk7-testes.com.br\/agazeta\/#website","url":"https:\/\/nk7-testes.com.br\/agazeta\/","name":"Agazeta.net","description":"Agazeta.net - Not\u00edcias de Rio Branco\/AC","potentialAction":[{"@type":"SearchAction","target":{"@type":"EntryPoint","urlTemplate":"https:\/\/nk7-testes.com.br\/agazeta\/?s={search_term_string}"},"query-input":{"@type":"PropertyValueSpecification","valueRequired":true,"valueName":"search_term_string"}}],"inLanguage":"pt-BR"},{"@type":"Person","@id":"https:\/\/nk7-testes.com.br\/agazeta\/#\/schema\/person\/ff6b39d54d6973bfc57f4140f659b23f","name":"Agazeta.Net","url":"https:\/\/nk7-testes.com.br\/agazeta\/author\/agazeta\/"}]}},"_links":{"self":[{"href":"https:\/\/nk7-testes.com.br\/agazeta\/wp-json\/wp\/v2\/posts\/26256","targetHints":{"allow":["GET"]}}],"collection":[{"href":"https:\/\/nk7-testes.com.br\/agazeta\/wp-json\/wp\/v2\/posts"}],"about":[{"href":"https:\/\/nk7-testes.com.br\/agazeta\/wp-json\/wp\/v2\/types\/post"}],"author":[{"embeddable":true,"href":"https:\/\/nk7-testes.com.br\/agazeta\/wp-json\/wp\/v2\/users\/4"}],"replies":[{"embeddable":true,"href":"https:\/\/nk7-testes.com.br\/agazeta\/wp-json\/wp\/v2\/comments?post=26256"}],"version-history":[{"count":0,"href":"https:\/\/nk7-testes.com.br\/agazeta\/wp-json\/wp\/v2\/posts\/26256\/revisions"}],"wp:featuredmedia":[{"embeddable":true,"href":"https:\/\/nk7-testes.com.br\/agazeta\/wp-json\/wp\/v2\/media\/26255"}],"wp:attachment":[{"href":"https:\/\/nk7-testes.com.br\/agazeta\/wp-json\/wp\/v2\/media?parent=26256"}],"wp:term":[{"taxonomy":"category","embeddable":true,"href":"https:\/\/nk7-testes.com.br\/agazeta\/wp-json\/wp\/v2\/categories?post=26256"},{"taxonomy":"post_tag","embeddable":true,"href":"https:\/\/nk7-testes.com.br\/agazeta\/wp-json\/wp\/v2\/tags?post=26256"}],"curies":[{"name":"wp","href":"https:\/\/api.w.org\/{rel}","templated":true}]}}