{"id":26245,"date":"2016-11-03T20:14:43","date_gmt":"2016-11-03T20:14:43","guid":{"rendered":"https:\/\/abarevegan.com.br\/index.php\/2016\/11\/03\/bolsa-familia-beneficiarios-sao-convocados-para-atualizar-cadastro\/"},"modified":"2016-11-03T20:14:43","modified_gmt":"2016-11-03T20:14:43","slug":"bolsa-familia-beneficiarios-sao-convocados-para-atualizar-cadastro","status":"publish","type":"post","link":"https:\/\/nk7-testes.com.br\/agazeta\/bolsa-familia-beneficiarios-sao-convocados-para-atualizar-cadastro\/","title":{"rendered":"Bolsa Fam\u00edlia: benefici\u00e1rios s\u00e3o convocados para atualizar cadastro"},"content":{"rendered":"<p style=\"text-align: justify;\">13 mil benefici\u00e1rios est\u00e3o sendo convocados pelo MDSA<\/p>\n<p style=\"text-align: justify;\">Treze mil benefici\u00e1rios do Bolsa Fam\u00edlia que tiveram os repasses bloqueados no m\u00eas de outubro est\u00e3o sendo convocados pelo Minist\u00e9rio do Desenvolvimento Social e Agr\u00e1rio (MDSA) para realizar a atualiza\u00e7\u00e3o cadastral. Eles foram identificados em um cruzamento de dados feito pelo Tribunal Superior Eleitoral (TSE), com base nas informa\u00e7\u00f5es do Cadastro \u00danico para Programas Sociais do governo federal. As informa\u00e7\u00f5es s\u00e3o do Portal Brasil.<\/p>\n<p style=\"text-align: justify;\">O cruzamento de dados revelou ind\u00edcios de inconsist\u00eancia entre as doa\u00e7\u00f5es eleitorais feitas por 16 mil benefici\u00e1rios e a renda declarada por eles. Ao determinar o bloqueio dos repasses, o MDSA constatou que, do total verificado, cerca de 3 mil fam\u00edlias j\u00e1 haviam tido o benef\u00edcio cancelado por n\u00e3o se enquadrarem mais nas regras, o que reduziu o n\u00famero de convocados na atualiza\u00e7\u00e3o cadastral para 13 mil.<\/p>\n<p style=\"text-align: justify;\">O batimento foi poss\u00edvel gra\u00e7as a um acordo de coopera\u00e7\u00e3o t\u00e9cnica firmado entre o MDSA e o TSE, para o fornecimento dos dados. \u201cEssa parceria nos possibilitou aprimorar os mecanismos de controle do Bolsa Fam\u00edlia, dando maior transpar\u00eancia ao programa. O nosso esfor\u00e7o \u00e9 para que o benef\u00edcio seja pago a quem realmente precisa\u201d, afirma o ministro do Desenvolvimento Social e Agr\u00e1rio, Osmar Terra.<\/p>\n<p style=\"text-align: justify;\">Segundo a coordenadora-geral de Administra\u00e7\u00e3o de Benef\u00edcios da Secretaria Nacional de Renda de Cidadania (Senarc) do MDSA, Caroline Paranayba, os benef\u00edcios foram bloqueados em todo Pa\u00eds para que as pessoas compare\u00e7am ao setor respons\u00e1vel pelo Bolsa Fam\u00edlia e pelo Cadastro \u00danico nos munic\u00edpios e esclare\u00e7am as informa\u00e7\u00f5es.<\/p>\n","protected":false},"excerpt":{"rendered":"<p style=\"text-align: justify;\">13 mil benefici\u00e1rios est\u00e3o sendo convocados pelo MDSA<\/p>\n","protected":false},"author":4,"featured_media":26244,"comment_status":"open","ping_status":"open","sticky":false,"template":"","format":"standard","meta":{"jnews-multi-image_gallery":[],"jnews_single_post":[],"jnews_primary_category":[],"jnews_social_meta":[],"jnews_review":[],"enable_review":"","type":"","name":"","summary":"","brand":"","sku":"","good":[],"bad":[],"score_override":"","override_value":"","rating":[],"price":[],"footnotes":""},"categories":[54],"tags":[],"class_list":["post-26245","post","type-post","status-publish","format-standard","has-post-thumbnail","hentry","category-cotidiano"],"yoast_head":"<!-- This site is optimized with the Yoast SEO plugin v26.5 - https:\/\/yoast.com\/wordpress\/plugins\/seo\/ -->\n<title>Bolsa Fam\u00edlia: benefici\u00e1rios s\u00e3o convocados para atualizar cadastro - Agazeta.net<\/title>\n<meta name=\"robots\" content=\"index, follow, max-snippet:-1, max-image-preview:large, max-video-preview:-1\" \/>\n<link rel=\"canonical\" href=\"https:\/\/nk7-testes.com.br\/agazeta\/bolsa-familia-beneficiarios-sao-convocados-para-atualizar-cadastro\/\" \/>\n<meta property=\"og:locale\" content=\"pt_BR\" \/>\n<meta property=\"og:type\" content=\"article\" \/>\n<meta property=\"og:title\" content=\"Bolsa Fam\u00edlia: benefici\u00e1rios s\u00e3o convocados para atualizar cadastro - Agazeta.net\" \/>\n<meta property=\"og:description\" content=\"13 mil benefici\u00e1rios est\u00e3o sendo convocados pelo MDSA\" \/>\n<meta property=\"og:url\" content=\"https:\/\/nk7-testes.com.br\/agazeta\/bolsa-familia-beneficiarios-sao-convocados-para-atualizar-cadastro\/\" \/>\n<meta property=\"og:site_name\" content=\"Agazeta.net\" \/>\n<meta property=\"article:published_time\" content=\"2016-11-03T20:14:43+00:00\" \/>\n<meta property=\"og:image\" content=\"https:\/\/nk7-testes.com.br\/agazeta\/wp-content\/uploads\/2016\/11\/031116-cotidano-bolsafamilia-recadastramento.jpg\" \/>\n\t<meta property=\"og:image:width\" content=\"458\" \/>\n\t<meta property=\"og:image:height\" content=\"340\" \/>\n\t<meta property=\"og:image:type\" content=\"image\/jpeg\" \/>\n<meta name=\"author\" content=\"Agazeta.Net\" \/>\n<meta name=\"twitter:card\" content=\"summary_large_image\" \/>\n<meta name=\"twitter:label1\" content=\"Escrito por\" \/>\n\t<meta name=\"twitter:data1\" content=\"Agazeta.Net\" \/>\n\t<meta name=\"twitter:label2\" content=\"Est. tempo de leitura\" \/>\n\t<meta name=\"twitter:data2\" content=\"1 minuto\" \/>\n<script type=\"application\/ld+json\" class=\"yoast-schema-graph\">{\"@context\":\"https:\/\/schema.org\",\"@graph\":[{\"@type\":\"WebPage\",\"@id\":\"https:\/\/nk7-testes.com.br\/agazeta\/bolsa-familia-beneficiarios-sao-convocados-para-atualizar-cadastro\/\",\"url\":\"https:\/\/nk7-testes.com.br\/agazeta\/bolsa-familia-beneficiarios-sao-convocados-para-atualizar-cadastro\/\",\"name\":\"Bolsa Fam\u00edlia: benefici\u00e1rios s\u00e3o convocados para atualizar cadastro - Agazeta.net\",\"isPartOf\":{\"@id\":\"https:\/\/nk7-testes.com.br\/agazeta\/#website\"},\"primaryImageOfPage\":{\"@id\":\"https:\/\/nk7-testes.com.br\/agazeta\/bolsa-familia-beneficiarios-sao-convocados-para-atualizar-cadastro\/#primaryimage\"},\"image\":{\"@id\":\"https:\/\/nk7-testes.com.br\/agazeta\/bolsa-familia-beneficiarios-sao-convocados-para-atualizar-cadastro\/#primaryimage\"},\"thumbnailUrl\":\"https:\/\/nk7-testes.com.br\/agazeta\/wp-content\/uploads\/2016\/11\/031116-cotidano-bolsafamilia-recadastramento.jpg\",\"datePublished\":\"2016-11-03T20:14:43+00:00\",\"author\":{\"@id\":\"https:\/\/nk7-testes.com.br\/agazeta\/#\/schema\/person\/ff6b39d54d6973bfc57f4140f659b23f\"},\"breadcrumb\":{\"@id\":\"https:\/\/nk7-testes.com.br\/agazeta\/bolsa-familia-beneficiarios-sao-convocados-para-atualizar-cadastro\/#breadcrumb\"},\"inLanguage\":\"pt-BR\",\"potentialAction\":[{\"@type\":\"ReadAction\",\"target\":[\"https:\/\/nk7-testes.com.br\/agazeta\/bolsa-familia-beneficiarios-sao-convocados-para-atualizar-cadastro\/\"]}]},{\"@type\":\"ImageObject\",\"inLanguage\":\"pt-BR\",\"@id\":\"https:\/\/nk7-testes.com.br\/agazeta\/bolsa-familia-beneficiarios-sao-convocados-para-atualizar-cadastro\/#primaryimage\",\"url\":\"https:\/\/nk7-testes.com.br\/agazeta\/wp-content\/uploads\/2016\/11\/031116-cotidano-bolsafamilia-recadastramento.jpg\",\"contentUrl\":\"https:\/\/nk7-testes.com.br\/agazeta\/wp-content\/uploads\/2016\/11\/031116-cotidano-bolsafamilia-recadastramento.jpg\",\"width\":458,\"height\":340,\"caption\":\"031116-cotidano-bolsafamilia-recadastramento\"},{\"@type\":\"BreadcrumbList\",\"@id\":\"https:\/\/nk7-testes.com.br\/agazeta\/bolsa-familia-beneficiarios-sao-convocados-para-atualizar-cadastro\/#breadcrumb\",\"itemListElement\":[{\"@type\":\"ListItem\",\"position\":1,\"name\":\"In\u00edcio\",\"item\":\"https:\/\/nk7-testes.com.br\/agazeta\/\"},{\"@type\":\"ListItem\",\"position\":2,\"name\":\"Bolsa Fam\u00edlia: benefici\u00e1rios s\u00e3o convocados para atualizar cadastro\"}]},{\"@type\":\"WebSite\",\"@id\":\"https:\/\/nk7-testes.com.br\/agazeta\/#website\",\"url\":\"https:\/\/nk7-testes.com.br\/agazeta\/\",\"name\":\"Agazeta.net\",\"description\":\"Agazeta.net - Not\u00edcias de Rio Branco\/AC\",\"potentialAction\":[{\"@type\":\"SearchAction\",\"target\":{\"@type\":\"EntryPoint\",\"urlTemplate\":\"https:\/\/nk7-testes.com.br\/agazeta\/?s={search_term_string}\"},\"query-input\":{\"@type\":\"PropertyValueSpecification\",\"valueRequired\":true,\"valueName\":\"search_term_string\"}}],\"inLanguage\":\"pt-BR\"},{\"@type\":\"Person\",\"@id\":\"https:\/\/nk7-testes.com.br\/agazeta\/#\/schema\/person\/ff6b39d54d6973bfc57f4140f659b23f\",\"name\":\"Agazeta.Net\",\"url\":\"https:\/\/nk7-testes.com.br\/agazeta\/author\/agazeta\/\"}]}<\/script>\n<!-- \/ Yoast SEO plugin. -->","yoast_head_json":{"title":"Bolsa Fam\u00edlia: benefici\u00e1rios s\u00e3o convocados para atualizar cadastro - Agazeta.net","robots":{"index":"index","follow":"follow","max-snippet":"max-snippet:-1","max-image-preview":"max-image-preview:large","max-video-preview":"max-video-preview:-1"},"canonical":"https:\/\/nk7-testes.com.br\/agazeta\/bolsa-familia-beneficiarios-sao-convocados-para-atualizar-cadastro\/","og_locale":"pt_BR","og_type":"article","og_title":"Bolsa Fam\u00edlia: benefici\u00e1rios s\u00e3o convocados para atualizar cadastro - Agazeta.net","og_description":"13 mil benefici\u00e1rios est\u00e3o sendo convocados pelo MDSA","og_url":"https:\/\/nk7-testes.com.br\/agazeta\/bolsa-familia-beneficiarios-sao-convocados-para-atualizar-cadastro\/","og_site_name":"Agazeta.net","article_published_time":"2016-11-03T20:14:43+00:00","og_image":[{"width":458,"height":340,"url":"https:\/\/nk7-testes.com.br\/agazeta\/wp-content\/uploads\/2016\/11\/031116-cotidano-bolsafamilia-recadastramento.jpg","type":"image\/jpeg"}],"author":"Agazeta.Net","twitter_card":"summary_large_image","twitter_misc":{"Escrito por":"Agazeta.Net","Est. tempo de leitura":"1 minuto"},"schema":{"@context":"https:\/\/schema.org","@graph":[{"@type":"WebPage","@id":"https:\/\/nk7-testes.com.br\/agazeta\/bolsa-familia-beneficiarios-sao-convocados-para-atualizar-cadastro\/","url":"https:\/\/nk7-testes.com.br\/agazeta\/bolsa-familia-beneficiarios-sao-convocados-para-atualizar-cadastro\/","name":"Bolsa Fam\u00edlia: benefici\u00e1rios s\u00e3o convocados para atualizar cadastro - Agazeta.net","isPartOf":{"@id":"https:\/\/nk7-testes.com.br\/agazeta\/#website"},"primaryImageOfPage":{"@id":"https:\/\/nk7-testes.com.br\/agazeta\/bolsa-familia-beneficiarios-sao-convocados-para-atualizar-cadastro\/#primaryimage"},"image":{"@id":"https:\/\/nk7-testes.com.br\/agazeta\/bolsa-familia-beneficiarios-sao-convocados-para-atualizar-cadastro\/#primaryimage"},"thumbnailUrl":"https:\/\/nk7-testes.com.br\/agazeta\/wp-content\/uploads\/2016\/11\/031116-cotidano-bolsafamilia-recadastramento.jpg","datePublished":"2016-11-03T20:14:43+00:00","author":{"@id":"https:\/\/nk7-testes.com.br\/agazeta\/#\/schema\/person\/ff6b39d54d6973bfc57f4140f659b23f"},"breadcrumb":{"@id":"https:\/\/nk7-testes.com.br\/agazeta\/bolsa-familia-beneficiarios-sao-convocados-para-atualizar-cadastro\/#breadcrumb"},"inLanguage":"pt-BR","potentialAction":[{"@type":"ReadAction","target":["https:\/\/nk7-testes.com.br\/agazeta\/bolsa-familia-beneficiarios-sao-convocados-para-atualizar-cadastro\/"]}]},{"@type":"ImageObject","inLanguage":"pt-BR","@id":"https:\/\/nk7-testes.com.br\/agazeta\/bolsa-familia-beneficiarios-sao-convocados-para-atualizar-cadastro\/#primaryimage","url":"https:\/\/nk7-testes.com.br\/agazeta\/wp-content\/uploads\/2016\/11\/031116-cotidano-bolsafamilia-recadastramento.jpg","contentUrl":"https:\/\/nk7-testes.com.br\/agazeta\/wp-content\/uploads\/2016\/11\/031116-cotidano-bolsafamilia-recadastramento.jpg","width":458,"height":340,"caption":"031116-cotidano-bolsafamilia-recadastramento"},{"@type":"BreadcrumbList","@id":"https:\/\/nk7-testes.com.br\/agazeta\/bolsa-familia-beneficiarios-sao-convocados-para-atualizar-cadastro\/#breadcrumb","itemListElement":[{"@type":"ListItem","position":1,"name":"In\u00edcio","item":"https:\/\/nk7-testes.com.br\/agazeta\/"},{"@type":"ListItem","position":2,"name":"Bolsa Fam\u00edlia: benefici\u00e1rios s\u00e3o convocados para atualizar cadastro"}]},{"@type":"WebSite","@id":"https:\/\/nk7-testes.com.br\/agazeta\/#website","url":"https:\/\/nk7-testes.com.br\/agazeta\/","name":"Agazeta.net","description":"Agazeta.net - Not\u00edcias de Rio Branco\/AC","potentialAction":[{"@type":"SearchAction","target":{"@type":"EntryPoint","urlTemplate":"https:\/\/nk7-testes.com.br\/agazeta\/?s={search_term_string}"},"query-input":{"@type":"PropertyValueSpecification","valueRequired":true,"valueName":"search_term_string"}}],"inLanguage":"pt-BR"},{"@type":"Person","@id":"https:\/\/nk7-testes.com.br\/agazeta\/#\/schema\/person\/ff6b39d54d6973bfc57f4140f659b23f","name":"Agazeta.Net","url":"https:\/\/nk7-testes.com.br\/agazeta\/author\/agazeta\/"}]}},"_links":{"self":[{"href":"https:\/\/nk7-testes.com.br\/agazeta\/wp-json\/wp\/v2\/posts\/26245","targetHints":{"allow":["GET"]}}],"collection":[{"href":"https:\/\/nk7-testes.com.br\/agazeta\/wp-json\/wp\/v2\/posts"}],"about":[{"href":"https:\/\/nk7-testes.com.br\/agazeta\/wp-json\/wp\/v2\/types\/post"}],"author":[{"embeddable":true,"href":"https:\/\/nk7-testes.com.br\/agazeta\/wp-json\/wp\/v2\/users\/4"}],"replies":[{"embeddable":true,"href":"https:\/\/nk7-testes.com.br\/agazeta\/wp-json\/wp\/v2\/comments?post=26245"}],"version-history":[{"count":0,"href":"https:\/\/nk7-testes.com.br\/agazeta\/wp-json\/wp\/v2\/posts\/26245\/revisions"}],"wp:featuredmedia":[{"embeddable":true,"href":"https:\/\/nk7-testes.com.br\/agazeta\/wp-json\/wp\/v2\/media\/26244"}],"wp:attachment":[{"href":"https:\/\/nk7-testes.com.br\/agazeta\/wp-json\/wp\/v2\/media?parent=26245"}],"wp:term":[{"taxonomy":"category","embeddable":true,"href":"https:\/\/nk7-testes.com.br\/agazeta\/wp-json\/wp\/v2\/categories?post=26245"},{"taxonomy":"post_tag","embeddable":true,"href":"https:\/\/nk7-testes.com.br\/agazeta\/wp-json\/wp\/v2\/tags?post=26245"}],"curies":[{"name":"wp","href":"https:\/\/api.w.org\/{rel}","templated":true}]}}