{"id":26210,"date":"2016-11-02T20:49:35","date_gmt":"2016-11-02T20:49:35","guid":{"rendered":"https:\/\/abarevegan.com.br\/index.php\/2016\/11\/02\/corpos-de-acrianos-chegam-a-brasileia\/"},"modified":"2016-11-02T20:49:35","modified_gmt":"2016-11-02T20:49:35","slug":"corpos-de-acrianos-chegam-a-brasileia","status":"publish","type":"post","link":"https:\/\/nk7-testes.com.br\/agazeta\/corpos-de-acrianos-chegam-a-brasileia\/","title":{"rendered":"Corpos de acrianos chegam a Brasileia"},"content":{"rendered":"<p style=\"text-align: justify;\">Burocracia n\u00e3o respeitou dor dos familiares<\/p>\n<p style=\"text-align: justify;\">Os corpos de Gamal Rosas e Maria Am\u00e9lia chegaram ao Brasil nesta quarta feira. Os dois brasileiros morreram na \u00faltima sexta feira, na estrada do Pac\u00edfico, no Peru, v\u00edtimas de um acidente de tr\u00e2nsito.<\/p>\n<p style=\"text-align: justify;\">Eles retornavam de um encontro da doutrina Uni\u00e3o do Vegetal realizado no Peru, quando o condutor do carro, o sargento do Corpo de Bombeiros do Acre, Gamal Rosas, perdeu o controle do ve\u00edculo e bateu contra uma rocha, na cidade de Marcapata.<\/p>\n<p style=\"text-align: justify;\">Os corpos das v\u00edtimas foram levados para a cidade de Cuzco, onde aguardavam os procedimentos burocr\u00e1ticos para libera\u00e7\u00e3o. Somente na ter\u00e7a feira, o governo peruano autorizou o translado.<\/p>\n<p style=\"text-align: justify;\">A terceira v\u00edtima do acidente, Antonia Lopes, foi cremada na cidade de Cuzco e as cinzas trazidas ao Brasil, na noite desta ter\u00e7a-feira (1), pelo esposo Edson Lodi, que j\u00e1 se encontra em Bras\u00edlia.<\/p>\n<p style=\"text-align: justify;\">Em Assis Brasil, na fronteira com o Peru. Uma guarni\u00e7\u00e3o do Corpo de Bombeiros recebeu as v\u00edtimas. Mas, antes, os corpos s\u00f3 entraram no territ\u00f3rio brasileiro ap\u00f3s passarem pela fiscaliza\u00e7\u00e3o da alf\u00e2ndega, onde a Ag\u00eancia Nacional de Vigil\u00e2ncia Sanit\u00e1ria (Anvisa) e Receita Federal autorizam o acesso.<\/p>\n<p style=\"text-align: justify;\">De Assis Brasil, o cortejo segue para a capital acriana. A previs\u00e3o de chegada \u00e9 no fim da tarde deste Dia de Finados.<\/p>\n","protected":false},"excerpt":{"rendered":"<p style=\"text-align: justify;\">Burocracia n\u00e3o respeitou dor dos familiares<\/p>\n","protected":false},"author":4,"featured_media":26209,"comment_status":"open","ping_status":"open","sticky":false,"template":"","format":"standard","meta":{"jnews-multi-image_gallery":[],"jnews_single_post":[],"jnews_primary_category":[],"jnews_social_meta":[],"jnews_review":[],"enable_review":"","type":"","name":"","summary":"","brand":"","sku":"","good":[],"bad":[],"score_override":"","override_value":"","rating":[],"price":[],"footnotes":""},"categories":[54],"tags":[],"class_list":["post-26210","post","type-post","status-publish","format-standard","has-post-thumbnail","hentry","category-cotidiano"],"yoast_head":"<!-- This site is optimized with the Yoast SEO plugin v26.5 - https:\/\/yoast.com\/wordpress\/plugins\/seo\/ -->\n<title>Corpos de acrianos chegam a Brasileia - Agazeta.net<\/title>\n<meta name=\"robots\" content=\"index, follow, max-snippet:-1, max-image-preview:large, max-video-preview:-1\" \/>\n<link rel=\"canonical\" href=\"https:\/\/nk7-testes.com.br\/agazeta\/corpos-de-acrianos-chegam-a-brasileia\/\" \/>\n<meta property=\"og:locale\" content=\"pt_BR\" \/>\n<meta property=\"og:type\" content=\"article\" \/>\n<meta property=\"og:title\" content=\"Corpos de acrianos chegam a Brasileia - Agazeta.net\" \/>\n<meta property=\"og:description\" content=\"Burocracia n\u00e3o respeitou dor dos familiares\" \/>\n<meta property=\"og:url\" content=\"https:\/\/nk7-testes.com.br\/agazeta\/corpos-de-acrianos-chegam-a-brasileia\/\" \/>\n<meta property=\"og:site_name\" content=\"Agazeta.net\" \/>\n<meta property=\"article:published_time\" content=\"2016-11-02T20:49:35+00:00\" \/>\n<meta property=\"og:image\" content=\"https:\/\/nk7-testes.com.br\/agazeta\/wp-content\/uploads\/2016\/11\/021116-cotidiano-chegadacorposbrasileia-tvgazeta2.jpg\" \/>\n\t<meta property=\"og:image:width\" content=\"458\" \/>\n\t<meta property=\"og:image:height\" content=\"340\" \/>\n\t<meta property=\"og:image:type\" content=\"image\/jpeg\" \/>\n<meta name=\"author\" content=\"Agazeta.Net\" \/>\n<meta name=\"twitter:card\" content=\"summary_large_image\" \/>\n<meta name=\"twitter:label1\" content=\"Escrito por\" \/>\n\t<meta name=\"twitter:data1\" content=\"Agazeta.Net\" \/>\n\t<meta name=\"twitter:label2\" content=\"Est. tempo de leitura\" \/>\n\t<meta name=\"twitter:data2\" content=\"1 minuto\" \/>\n<script type=\"application\/ld+json\" class=\"yoast-schema-graph\">{\"@context\":\"https:\/\/schema.org\",\"@graph\":[{\"@type\":\"WebPage\",\"@id\":\"https:\/\/nk7-testes.com.br\/agazeta\/corpos-de-acrianos-chegam-a-brasileia\/\",\"url\":\"https:\/\/nk7-testes.com.br\/agazeta\/corpos-de-acrianos-chegam-a-brasileia\/\",\"name\":\"Corpos de acrianos chegam a Brasileia - Agazeta.net\",\"isPartOf\":{\"@id\":\"https:\/\/nk7-testes.com.br\/agazeta\/#website\"},\"primaryImageOfPage\":{\"@id\":\"https:\/\/nk7-testes.com.br\/agazeta\/corpos-de-acrianos-chegam-a-brasileia\/#primaryimage\"},\"image\":{\"@id\":\"https:\/\/nk7-testes.com.br\/agazeta\/corpos-de-acrianos-chegam-a-brasileia\/#primaryimage\"},\"thumbnailUrl\":\"https:\/\/nk7-testes.com.br\/agazeta\/wp-content\/uploads\/2016\/11\/021116-cotidiano-chegadacorposbrasileia-tvgazeta2.jpg\",\"datePublished\":\"2016-11-02T20:49:35+00:00\",\"author\":{\"@id\":\"https:\/\/nk7-testes.com.br\/agazeta\/#\/schema\/person\/ff6b39d54d6973bfc57f4140f659b23f\"},\"breadcrumb\":{\"@id\":\"https:\/\/nk7-testes.com.br\/agazeta\/corpos-de-acrianos-chegam-a-brasileia\/#breadcrumb\"},\"inLanguage\":\"pt-BR\",\"potentialAction\":[{\"@type\":\"ReadAction\",\"target\":[\"https:\/\/nk7-testes.com.br\/agazeta\/corpos-de-acrianos-chegam-a-brasileia\/\"]}]},{\"@type\":\"ImageObject\",\"inLanguage\":\"pt-BR\",\"@id\":\"https:\/\/nk7-testes.com.br\/agazeta\/corpos-de-acrianos-chegam-a-brasileia\/#primaryimage\",\"url\":\"https:\/\/nk7-testes.com.br\/agazeta\/wp-content\/uploads\/2016\/11\/021116-cotidiano-chegadacorposbrasileia-tvgazeta2.jpg\",\"contentUrl\":\"https:\/\/nk7-testes.com.br\/agazeta\/wp-content\/uploads\/2016\/11\/021116-cotidiano-chegadacorposbrasileia-tvgazeta2.jpg\",\"width\":458,\"height\":340,\"caption\":\"021116-cotidiano-chegadacorposbrasileia-tvgazeta2\"},{\"@type\":\"BreadcrumbList\",\"@id\":\"https:\/\/nk7-testes.com.br\/agazeta\/corpos-de-acrianos-chegam-a-brasileia\/#breadcrumb\",\"itemListElement\":[{\"@type\":\"ListItem\",\"position\":1,\"name\":\"In\u00edcio\",\"item\":\"https:\/\/nk7-testes.com.br\/agazeta\/\"},{\"@type\":\"ListItem\",\"position\":2,\"name\":\"Corpos de acrianos chegam a Brasileia\"}]},{\"@type\":\"WebSite\",\"@id\":\"https:\/\/nk7-testes.com.br\/agazeta\/#website\",\"url\":\"https:\/\/nk7-testes.com.br\/agazeta\/\",\"name\":\"Agazeta.net\",\"description\":\"Agazeta.net - Not\u00edcias de Rio Branco\/AC\",\"potentialAction\":[{\"@type\":\"SearchAction\",\"target\":{\"@type\":\"EntryPoint\",\"urlTemplate\":\"https:\/\/nk7-testes.com.br\/agazeta\/?s={search_term_string}\"},\"query-input\":{\"@type\":\"PropertyValueSpecification\",\"valueRequired\":true,\"valueName\":\"search_term_string\"}}],\"inLanguage\":\"pt-BR\"},{\"@type\":\"Person\",\"@id\":\"https:\/\/nk7-testes.com.br\/agazeta\/#\/schema\/person\/ff6b39d54d6973bfc57f4140f659b23f\",\"name\":\"Agazeta.Net\",\"url\":\"https:\/\/nk7-testes.com.br\/agazeta\/author\/agazeta\/\"}]}<\/script>\n<!-- \/ Yoast SEO plugin. -->","yoast_head_json":{"title":"Corpos de acrianos chegam a Brasileia - Agazeta.net","robots":{"index":"index","follow":"follow","max-snippet":"max-snippet:-1","max-image-preview":"max-image-preview:large","max-video-preview":"max-video-preview:-1"},"canonical":"https:\/\/nk7-testes.com.br\/agazeta\/corpos-de-acrianos-chegam-a-brasileia\/","og_locale":"pt_BR","og_type":"article","og_title":"Corpos de acrianos chegam a Brasileia - Agazeta.net","og_description":"Burocracia n\u00e3o respeitou dor dos familiares","og_url":"https:\/\/nk7-testes.com.br\/agazeta\/corpos-de-acrianos-chegam-a-brasileia\/","og_site_name":"Agazeta.net","article_published_time":"2016-11-02T20:49:35+00:00","og_image":[{"width":458,"height":340,"url":"https:\/\/nk7-testes.com.br\/agazeta\/wp-content\/uploads\/2016\/11\/021116-cotidiano-chegadacorposbrasileia-tvgazeta2.jpg","type":"image\/jpeg"}],"author":"Agazeta.Net","twitter_card":"summary_large_image","twitter_misc":{"Escrito por":"Agazeta.Net","Est. tempo de leitura":"1 minuto"},"schema":{"@context":"https:\/\/schema.org","@graph":[{"@type":"WebPage","@id":"https:\/\/nk7-testes.com.br\/agazeta\/corpos-de-acrianos-chegam-a-brasileia\/","url":"https:\/\/nk7-testes.com.br\/agazeta\/corpos-de-acrianos-chegam-a-brasileia\/","name":"Corpos de acrianos chegam a Brasileia - Agazeta.net","isPartOf":{"@id":"https:\/\/nk7-testes.com.br\/agazeta\/#website"},"primaryImageOfPage":{"@id":"https:\/\/nk7-testes.com.br\/agazeta\/corpos-de-acrianos-chegam-a-brasileia\/#primaryimage"},"image":{"@id":"https:\/\/nk7-testes.com.br\/agazeta\/corpos-de-acrianos-chegam-a-brasileia\/#primaryimage"},"thumbnailUrl":"https:\/\/nk7-testes.com.br\/agazeta\/wp-content\/uploads\/2016\/11\/021116-cotidiano-chegadacorposbrasileia-tvgazeta2.jpg","datePublished":"2016-11-02T20:49:35+00:00","author":{"@id":"https:\/\/nk7-testes.com.br\/agazeta\/#\/schema\/person\/ff6b39d54d6973bfc57f4140f659b23f"},"breadcrumb":{"@id":"https:\/\/nk7-testes.com.br\/agazeta\/corpos-de-acrianos-chegam-a-brasileia\/#breadcrumb"},"inLanguage":"pt-BR","potentialAction":[{"@type":"ReadAction","target":["https:\/\/nk7-testes.com.br\/agazeta\/corpos-de-acrianos-chegam-a-brasileia\/"]}]},{"@type":"ImageObject","inLanguage":"pt-BR","@id":"https:\/\/nk7-testes.com.br\/agazeta\/corpos-de-acrianos-chegam-a-brasileia\/#primaryimage","url":"https:\/\/nk7-testes.com.br\/agazeta\/wp-content\/uploads\/2016\/11\/021116-cotidiano-chegadacorposbrasileia-tvgazeta2.jpg","contentUrl":"https:\/\/nk7-testes.com.br\/agazeta\/wp-content\/uploads\/2016\/11\/021116-cotidiano-chegadacorposbrasileia-tvgazeta2.jpg","width":458,"height":340,"caption":"021116-cotidiano-chegadacorposbrasileia-tvgazeta2"},{"@type":"BreadcrumbList","@id":"https:\/\/nk7-testes.com.br\/agazeta\/corpos-de-acrianos-chegam-a-brasileia\/#breadcrumb","itemListElement":[{"@type":"ListItem","position":1,"name":"In\u00edcio","item":"https:\/\/nk7-testes.com.br\/agazeta\/"},{"@type":"ListItem","position":2,"name":"Corpos de acrianos chegam a Brasileia"}]},{"@type":"WebSite","@id":"https:\/\/nk7-testes.com.br\/agazeta\/#website","url":"https:\/\/nk7-testes.com.br\/agazeta\/","name":"Agazeta.net","description":"Agazeta.net - Not\u00edcias de Rio Branco\/AC","potentialAction":[{"@type":"SearchAction","target":{"@type":"EntryPoint","urlTemplate":"https:\/\/nk7-testes.com.br\/agazeta\/?s={search_term_string}"},"query-input":{"@type":"PropertyValueSpecification","valueRequired":true,"valueName":"search_term_string"}}],"inLanguage":"pt-BR"},{"@type":"Person","@id":"https:\/\/nk7-testes.com.br\/agazeta\/#\/schema\/person\/ff6b39d54d6973bfc57f4140f659b23f","name":"Agazeta.Net","url":"https:\/\/nk7-testes.com.br\/agazeta\/author\/agazeta\/"}]}},"_links":{"self":[{"href":"https:\/\/nk7-testes.com.br\/agazeta\/wp-json\/wp\/v2\/posts\/26210","targetHints":{"allow":["GET"]}}],"collection":[{"href":"https:\/\/nk7-testes.com.br\/agazeta\/wp-json\/wp\/v2\/posts"}],"about":[{"href":"https:\/\/nk7-testes.com.br\/agazeta\/wp-json\/wp\/v2\/types\/post"}],"author":[{"embeddable":true,"href":"https:\/\/nk7-testes.com.br\/agazeta\/wp-json\/wp\/v2\/users\/4"}],"replies":[{"embeddable":true,"href":"https:\/\/nk7-testes.com.br\/agazeta\/wp-json\/wp\/v2\/comments?post=26210"}],"version-history":[{"count":0,"href":"https:\/\/nk7-testes.com.br\/agazeta\/wp-json\/wp\/v2\/posts\/26210\/revisions"}],"wp:featuredmedia":[{"embeddable":true,"href":"https:\/\/nk7-testes.com.br\/agazeta\/wp-json\/wp\/v2\/media\/26209"}],"wp:attachment":[{"href":"https:\/\/nk7-testes.com.br\/agazeta\/wp-json\/wp\/v2\/media?parent=26210"}],"wp:term":[{"taxonomy":"category","embeddable":true,"href":"https:\/\/nk7-testes.com.br\/agazeta\/wp-json\/wp\/v2\/categories?post=26210"},{"taxonomy":"post_tag","embeddable":true,"href":"https:\/\/nk7-testes.com.br\/agazeta\/wp-json\/wp\/v2\/tags?post=26210"}],"curies":[{"name":"wp","href":"https:\/\/api.w.org\/{rel}","templated":true}]}}