{"id":26201,"date":"2016-11-02T15:15:29","date_gmt":"2016-11-02T15:15:29","guid":{"rendered":"https:\/\/abarevegan.com.br\/index.php\/2016\/11\/02\/comercio-do-dia-de-finados-movimenta-frente-dos-cemiterios\/"},"modified":"2016-11-02T15:15:29","modified_gmt":"2016-11-02T15:15:29","slug":"comercio-do-dia-de-finados-movimenta-frente-dos-cemiterios","status":"publish","type":"post","link":"https:\/\/nk7-testes.com.br\/agazeta\/comercio-do-dia-de-finados-movimenta-frente-dos-cemiterios\/","title":{"rendered":"Com\u00e9rcio do Dia de Finados movimenta frente dos cemit\u00e9rios"},"content":{"rendered":"<p style=\"text-align: justify;\">Rever\u00eancia aos mortos exige adere\u00e7os: descontos e ofertas<\/p>\n<p style=\"text-align: justify;\">O com\u00e9rcio informal est\u00e1 bem movimentado nesta quarta-feira (2) devido ao feriado de Dia dos Finados. Enquanto os familiares v\u00e3o prestar homenagens aos entes queridos que j\u00e1 faleceram, ambulantes aproveitam para vender em frente aos cemit\u00e9rios da Capital. Este \u00e9 o caso da aut\u00f4noma Rosana Mour\u00e3o.<\/p>\n<p style=\"text-align: justify;\">Rosana disse que passou o m\u00eas inteiro se preparando para esta data e levou 130 jarros de flores para vender em uma banquinha em frente ao cemit\u00e9rio S\u00e3o Jo\u00e3o Batista. J\u00e1 nas primeiras horas desta ter\u00e7a-feira ela conseguiu vender 60 jarros. <br \/>A expectativa \u00e9 vender todos at\u00e9 \u00e0s 16h. \u201cA gente fez um pre\u00e7o bom. Ent\u00e3o est\u00e1 vendendo bem\u201d.<\/p>\n<p style=\"text-align: justify;\">Israel Jesus est\u00e1 desempregado h\u00e1 poucos meses e desde ent\u00e3o aproveita datas comemorativas para gerar renda. Neste Dia de Finados, n\u00e3o foi diferente. Para garantir a venda e conquistar os clientes, ele tem uma estrat\u00e9gia: vende as velas e, dependendo da quantidade, d\u00e1 desconto e at\u00e9 mesmo uma caixinha de f\u00f3sforos aos compradores. \u201cApesar dessa crise, o pessoal n\u00e3o deixa de comprar, n\u00e3o. A gente faz desconto para o cliente e costuma dar o f\u00f3sforo de gra\u00e7a para os clientes\u201d.<\/p>\n<p style=\"text-align: justify;\">E se h\u00e1 vendedor, h\u00e1 comprador. A servidora p\u00fablica Lec\u00edria Oliveira perdeu o filho h\u00e1 6 meses e foi ao cemit\u00e9rio prestar uma homenagem a ele. Ela aproveitou para comprar flores com os comerciantes que ficam em frente ao local.<br \/>\u201cAqui t\u00e1 em conta as coisas. Esse \u00e9 um servi\u00e7o muito bom porque \u00e0s vezes voc\u00ea trabalha e n\u00e3o tem tempo e aqui j\u00e1 tem de tudo. Facilita bastante\u201d.<\/p>\n","protected":false},"excerpt":{"rendered":"<p style=\"text-align: justify;\">Rever\u00eancia aos mortos exige adere\u00e7os: descontos e ofertas<\/p>\n","protected":false},"author":4,"featured_media":26200,"comment_status":"open","ping_status":"open","sticky":false,"template":"","format":"standard","meta":{"jnews-multi-image_gallery":[],"jnews_single_post":[],"jnews_primary_category":[],"jnews_social_meta":[],"jnews_review":[],"enable_review":"","type":"","name":"","summary":"","brand":"","sku":"","good":[],"bad":[],"score_override":"","override_value":"","rating":[],"price":[],"footnotes":""},"categories":[54],"tags":[],"class_list":["post-26201","post","type-post","status-publish","format-standard","has-post-thumbnail","hentry","category-cotidiano"],"yoast_head":"<!-- This site is optimized with the Yoast SEO plugin v26.5 - https:\/\/yoast.com\/wordpress\/plugins\/seo\/ -->\n<title>Com\u00e9rcio do Dia de Finados movimenta frente dos cemit\u00e9rios - Agazeta.net<\/title>\n<meta name=\"robots\" content=\"index, follow, max-snippet:-1, max-image-preview:large, max-video-preview:-1\" \/>\n<link rel=\"canonical\" href=\"https:\/\/nk7-testes.com.br\/agazeta\/comercio-do-dia-de-finados-movimenta-frente-dos-cemiterios\/\" \/>\n<meta property=\"og:locale\" content=\"pt_BR\" \/>\n<meta property=\"og:type\" content=\"article\" \/>\n<meta property=\"og:title\" content=\"Com\u00e9rcio do Dia de Finados movimenta frente dos cemit\u00e9rios - Agazeta.net\" \/>\n<meta property=\"og:description\" content=\"Rever\u00eancia aos mortos exige adere\u00e7os: descontos e ofertas\" \/>\n<meta property=\"og:url\" content=\"https:\/\/nk7-testes.com.br\/agazeta\/comercio-do-dia-de-finados-movimenta-frente-dos-cemiterios\/\" \/>\n<meta property=\"og:site_name\" content=\"Agazeta.net\" \/>\n<meta property=\"article:published_time\" content=\"2016-11-02T15:15:29+00:00\" \/>\n<meta property=\"og:image\" content=\"https:\/\/nk7-testes.com.br\/agazeta\/wp-content\/uploads\/2016\/11\/021116-cotidiano-comerciofinados-taianelima2.jpg\" \/>\n\t<meta property=\"og:image:width\" content=\"458\" \/>\n\t<meta property=\"og:image:height\" content=\"340\" \/>\n\t<meta property=\"og:image:type\" content=\"image\/jpeg\" \/>\n<meta name=\"author\" content=\"Agazeta.Net\" \/>\n<meta name=\"twitter:card\" content=\"summary_large_image\" \/>\n<meta name=\"twitter:label1\" content=\"Escrito por\" \/>\n\t<meta name=\"twitter:data1\" content=\"Agazeta.Net\" \/>\n\t<meta name=\"twitter:label2\" content=\"Est. tempo de leitura\" \/>\n\t<meta name=\"twitter:data2\" content=\"1 minuto\" \/>\n<script type=\"application\/ld+json\" class=\"yoast-schema-graph\">{\"@context\":\"https:\/\/schema.org\",\"@graph\":[{\"@type\":\"WebPage\",\"@id\":\"https:\/\/nk7-testes.com.br\/agazeta\/comercio-do-dia-de-finados-movimenta-frente-dos-cemiterios\/\",\"url\":\"https:\/\/nk7-testes.com.br\/agazeta\/comercio-do-dia-de-finados-movimenta-frente-dos-cemiterios\/\",\"name\":\"Com\u00e9rcio do Dia de Finados movimenta frente dos cemit\u00e9rios - Agazeta.net\",\"isPartOf\":{\"@id\":\"https:\/\/nk7-testes.com.br\/agazeta\/#website\"},\"primaryImageOfPage\":{\"@id\":\"https:\/\/nk7-testes.com.br\/agazeta\/comercio-do-dia-de-finados-movimenta-frente-dos-cemiterios\/#primaryimage\"},\"image\":{\"@id\":\"https:\/\/nk7-testes.com.br\/agazeta\/comercio-do-dia-de-finados-movimenta-frente-dos-cemiterios\/#primaryimage\"},\"thumbnailUrl\":\"https:\/\/nk7-testes.com.br\/agazeta\/wp-content\/uploads\/2016\/11\/021116-cotidiano-comerciofinados-taianelima2.jpg\",\"datePublished\":\"2016-11-02T15:15:29+00:00\",\"author\":{\"@id\":\"https:\/\/nk7-testes.com.br\/agazeta\/#\/schema\/person\/ff6b39d54d6973bfc57f4140f659b23f\"},\"breadcrumb\":{\"@id\":\"https:\/\/nk7-testes.com.br\/agazeta\/comercio-do-dia-de-finados-movimenta-frente-dos-cemiterios\/#breadcrumb\"},\"inLanguage\":\"pt-BR\",\"potentialAction\":[{\"@type\":\"ReadAction\",\"target\":[\"https:\/\/nk7-testes.com.br\/agazeta\/comercio-do-dia-de-finados-movimenta-frente-dos-cemiterios\/\"]}]},{\"@type\":\"ImageObject\",\"inLanguage\":\"pt-BR\",\"@id\":\"https:\/\/nk7-testes.com.br\/agazeta\/comercio-do-dia-de-finados-movimenta-frente-dos-cemiterios\/#primaryimage\",\"url\":\"https:\/\/nk7-testes.com.br\/agazeta\/wp-content\/uploads\/2016\/11\/021116-cotidiano-comerciofinados-taianelima2.jpg\",\"contentUrl\":\"https:\/\/nk7-testes.com.br\/agazeta\/wp-content\/uploads\/2016\/11\/021116-cotidiano-comerciofinados-taianelima2.jpg\",\"width\":458,\"height\":340,\"caption\":\"021116-cotidiano-comerciofinados-taianelima2\"},{\"@type\":\"BreadcrumbList\",\"@id\":\"https:\/\/nk7-testes.com.br\/agazeta\/comercio-do-dia-de-finados-movimenta-frente-dos-cemiterios\/#breadcrumb\",\"itemListElement\":[{\"@type\":\"ListItem\",\"position\":1,\"name\":\"In\u00edcio\",\"item\":\"https:\/\/nk7-testes.com.br\/agazeta\/\"},{\"@type\":\"ListItem\",\"position\":2,\"name\":\"Com\u00e9rcio do Dia de Finados movimenta frente dos cemit\u00e9rios\"}]},{\"@type\":\"WebSite\",\"@id\":\"https:\/\/nk7-testes.com.br\/agazeta\/#website\",\"url\":\"https:\/\/nk7-testes.com.br\/agazeta\/\",\"name\":\"Agazeta.net\",\"description\":\"Agazeta.net - Not\u00edcias de Rio Branco\/AC\",\"potentialAction\":[{\"@type\":\"SearchAction\",\"target\":{\"@type\":\"EntryPoint\",\"urlTemplate\":\"https:\/\/nk7-testes.com.br\/agazeta\/?s={search_term_string}\"},\"query-input\":{\"@type\":\"PropertyValueSpecification\",\"valueRequired\":true,\"valueName\":\"search_term_string\"}}],\"inLanguage\":\"pt-BR\"},{\"@type\":\"Person\",\"@id\":\"https:\/\/nk7-testes.com.br\/agazeta\/#\/schema\/person\/ff6b39d54d6973bfc57f4140f659b23f\",\"name\":\"Agazeta.Net\",\"url\":\"https:\/\/nk7-testes.com.br\/agazeta\/author\/agazeta\/\"}]}<\/script>\n<!-- \/ Yoast SEO plugin. -->","yoast_head_json":{"title":"Com\u00e9rcio do Dia de Finados movimenta frente dos cemit\u00e9rios - Agazeta.net","robots":{"index":"index","follow":"follow","max-snippet":"max-snippet:-1","max-image-preview":"max-image-preview:large","max-video-preview":"max-video-preview:-1"},"canonical":"https:\/\/nk7-testes.com.br\/agazeta\/comercio-do-dia-de-finados-movimenta-frente-dos-cemiterios\/","og_locale":"pt_BR","og_type":"article","og_title":"Com\u00e9rcio do Dia de Finados movimenta frente dos cemit\u00e9rios - Agazeta.net","og_description":"Rever\u00eancia aos mortos exige adere\u00e7os: descontos e ofertas","og_url":"https:\/\/nk7-testes.com.br\/agazeta\/comercio-do-dia-de-finados-movimenta-frente-dos-cemiterios\/","og_site_name":"Agazeta.net","article_published_time":"2016-11-02T15:15:29+00:00","og_image":[{"width":458,"height":340,"url":"https:\/\/nk7-testes.com.br\/agazeta\/wp-content\/uploads\/2016\/11\/021116-cotidiano-comerciofinados-taianelima2.jpg","type":"image\/jpeg"}],"author":"Agazeta.Net","twitter_card":"summary_large_image","twitter_misc":{"Escrito por":"Agazeta.Net","Est. tempo de leitura":"1 minuto"},"schema":{"@context":"https:\/\/schema.org","@graph":[{"@type":"WebPage","@id":"https:\/\/nk7-testes.com.br\/agazeta\/comercio-do-dia-de-finados-movimenta-frente-dos-cemiterios\/","url":"https:\/\/nk7-testes.com.br\/agazeta\/comercio-do-dia-de-finados-movimenta-frente-dos-cemiterios\/","name":"Com\u00e9rcio do Dia de Finados movimenta frente dos cemit\u00e9rios - Agazeta.net","isPartOf":{"@id":"https:\/\/nk7-testes.com.br\/agazeta\/#website"},"primaryImageOfPage":{"@id":"https:\/\/nk7-testes.com.br\/agazeta\/comercio-do-dia-de-finados-movimenta-frente-dos-cemiterios\/#primaryimage"},"image":{"@id":"https:\/\/nk7-testes.com.br\/agazeta\/comercio-do-dia-de-finados-movimenta-frente-dos-cemiterios\/#primaryimage"},"thumbnailUrl":"https:\/\/nk7-testes.com.br\/agazeta\/wp-content\/uploads\/2016\/11\/021116-cotidiano-comerciofinados-taianelima2.jpg","datePublished":"2016-11-02T15:15:29+00:00","author":{"@id":"https:\/\/nk7-testes.com.br\/agazeta\/#\/schema\/person\/ff6b39d54d6973bfc57f4140f659b23f"},"breadcrumb":{"@id":"https:\/\/nk7-testes.com.br\/agazeta\/comercio-do-dia-de-finados-movimenta-frente-dos-cemiterios\/#breadcrumb"},"inLanguage":"pt-BR","potentialAction":[{"@type":"ReadAction","target":["https:\/\/nk7-testes.com.br\/agazeta\/comercio-do-dia-de-finados-movimenta-frente-dos-cemiterios\/"]}]},{"@type":"ImageObject","inLanguage":"pt-BR","@id":"https:\/\/nk7-testes.com.br\/agazeta\/comercio-do-dia-de-finados-movimenta-frente-dos-cemiterios\/#primaryimage","url":"https:\/\/nk7-testes.com.br\/agazeta\/wp-content\/uploads\/2016\/11\/021116-cotidiano-comerciofinados-taianelima2.jpg","contentUrl":"https:\/\/nk7-testes.com.br\/agazeta\/wp-content\/uploads\/2016\/11\/021116-cotidiano-comerciofinados-taianelima2.jpg","width":458,"height":340,"caption":"021116-cotidiano-comerciofinados-taianelima2"},{"@type":"BreadcrumbList","@id":"https:\/\/nk7-testes.com.br\/agazeta\/comercio-do-dia-de-finados-movimenta-frente-dos-cemiterios\/#breadcrumb","itemListElement":[{"@type":"ListItem","position":1,"name":"In\u00edcio","item":"https:\/\/nk7-testes.com.br\/agazeta\/"},{"@type":"ListItem","position":2,"name":"Com\u00e9rcio do Dia de Finados movimenta frente dos cemit\u00e9rios"}]},{"@type":"WebSite","@id":"https:\/\/nk7-testes.com.br\/agazeta\/#website","url":"https:\/\/nk7-testes.com.br\/agazeta\/","name":"Agazeta.net","description":"Agazeta.net - Not\u00edcias de Rio Branco\/AC","potentialAction":[{"@type":"SearchAction","target":{"@type":"EntryPoint","urlTemplate":"https:\/\/nk7-testes.com.br\/agazeta\/?s={search_term_string}"},"query-input":{"@type":"PropertyValueSpecification","valueRequired":true,"valueName":"search_term_string"}}],"inLanguage":"pt-BR"},{"@type":"Person","@id":"https:\/\/nk7-testes.com.br\/agazeta\/#\/schema\/person\/ff6b39d54d6973bfc57f4140f659b23f","name":"Agazeta.Net","url":"https:\/\/nk7-testes.com.br\/agazeta\/author\/agazeta\/"}]}},"_links":{"self":[{"href":"https:\/\/nk7-testes.com.br\/agazeta\/wp-json\/wp\/v2\/posts\/26201","targetHints":{"allow":["GET"]}}],"collection":[{"href":"https:\/\/nk7-testes.com.br\/agazeta\/wp-json\/wp\/v2\/posts"}],"about":[{"href":"https:\/\/nk7-testes.com.br\/agazeta\/wp-json\/wp\/v2\/types\/post"}],"author":[{"embeddable":true,"href":"https:\/\/nk7-testes.com.br\/agazeta\/wp-json\/wp\/v2\/users\/4"}],"replies":[{"embeddable":true,"href":"https:\/\/nk7-testes.com.br\/agazeta\/wp-json\/wp\/v2\/comments?post=26201"}],"version-history":[{"count":0,"href":"https:\/\/nk7-testes.com.br\/agazeta\/wp-json\/wp\/v2\/posts\/26201\/revisions"}],"wp:featuredmedia":[{"embeddable":true,"href":"https:\/\/nk7-testes.com.br\/agazeta\/wp-json\/wp\/v2\/media\/26200"}],"wp:attachment":[{"href":"https:\/\/nk7-testes.com.br\/agazeta\/wp-json\/wp\/v2\/media?parent=26201"}],"wp:term":[{"taxonomy":"category","embeddable":true,"href":"https:\/\/nk7-testes.com.br\/agazeta\/wp-json\/wp\/v2\/categories?post=26201"},{"taxonomy":"post_tag","embeddable":true,"href":"https:\/\/nk7-testes.com.br\/agazeta\/wp-json\/wp\/v2\/tags?post=26201"}],"curies":[{"name":"wp","href":"https:\/\/api.w.org\/{rel}","templated":true}]}}