{"id":26195,"date":"2016-11-02T13:53:14","date_gmt":"2016-11-02T13:53:14","guid":{"rendered":"https:\/\/abarevegan.com.br\/index.php\/2016\/11\/02\/empreender-e-tambem-uma-questao-de-saber-educar\/"},"modified":"2016-11-02T13:53:14","modified_gmt":"2016-11-02T13:53:14","slug":"empreender-e-tambem-uma-questao-de-saber-educar","status":"publish","type":"post","link":"https:\/\/nk7-testes.com.br\/agazeta\/empreender-e-tambem-uma-questao-de-saber-educar\/","title":{"rendered":"Empreender \u00e9 tamb\u00e9m uma quest\u00e3o de saber educar"},"content":{"rendered":"<p style=\"text-align: justify;\">Alunos aprendem ideias sobre a rotina empresarial<\/p>\n<p style=\"text-align: justify;\">ONG presente em 120 pa\u00edses desenvolve projeto em escolas de Rio Branco, para despertar o esp\u00edrito empreendedor dos estudantes. Visitamos uma das turmas que montou uma mini empresa para conhecer de perto como tudo funciona.<\/p>\n<p style=\"text-align: justify;\">Willian Gastino, com apenas 15 anos de idade, j\u00e1 \u00e9 presidente de uma empresa. O nome do empreendimento que funciona em uma escola particular de Rio Branco \u00e9 &#8220;Sonharte&#8221;. Bem sugestivo para o grupo de alunos\/funcion\u00e1rios, que, t\u00e3o jovens, j\u00e1 se portam como adultos do meio empresarial.<\/p>\n<p style=\"text-align: justify;\">\u201cEu acho que agrega valor tanto para meu profissional como meu \u00e9tico e tamb\u00e9m vai ajudar na minha carreira profissional, se for empreendedorismo que for seguir\u201d, afirma o estudante.<\/p>\n<p style=\"text-align: justify;\">Em agosto deste ano, eles eram em 60 alunos de quatro turmas do segundo ano do ensino m\u00e9dio, agora restaram 16, que est\u00e3o convictos da miss\u00e3o: manter a empresa sustent\u00e1vel e lucrativa.<\/p>\n<p style=\"text-align: justify;\">Os estudantes trabalham com a confec\u00e7\u00e3o de almofadas. Os retalhos de tecidos se transformam em \u00f3timas op\u00e7\u00f5es para presente. O grupo se re\u00fane todas as ter\u00e7as-feiras, e na sala de aula discute sobre o andamento da empresa e tamb\u00e9m confecciona almofadas. \u201cEu me encontrei, gosto de decorar as almofadas, \u00e9 algo muito prazeroso\u201d, afirma a estudante Yasmim Freire.<\/p>\n<p style=\"text-align: justify;\">Para Yasmin Salin, que aprendeu a costurar no projeto, as li\u00e7\u00f5es pr\u00e1ticas sobre o mundo dos neg\u00f3cios ser\u00e3o levadas pra toda vida. \u201cDespertou a criatividade, ideia, amor. Por que a gente faz isso com todo amor\u201d, explica.<\/p>\n<p style=\"text-align: justify;\">Tudo faz parte de uma a\u00e7\u00e3o desenvolvida pela ONG Junior Achievement que trabalha com o objetivo de despertar o empreendedorismo entre jovens. No Acre, 5 escolas participam do projeto mini empresa.<\/p>\n<p style=\"text-align: justify;\">\u201cDois empres\u00e1rios l\u00e1 no s\u00e9culo XIX identificaram que os alunos sa\u00edam das escolas sem ter uma no\u00e7\u00e3o real do mundo dos neg\u00f3cios. Hoje a gente consegue fechar parceria com as escolas e a gente consegue despertar o esp\u00edrito empreendedor neles, e ao mesmo tempo em que se divertem, assumem responsabilidades\u201d, explica a diretora executiva da ONG no Acre, Kesia Fa\u00e7anha.<\/p>\n<p style=\"text-align: justify;\">O projeto conta com voluntariados do meio empresarial real. Ana Maria Sussuarana \u00e9 uma delas. Trabalha no setor pessoal de uma empresa privada da capital e dedica algumas horas por semana para ensinar sobre recursos humanos.<\/p>\n<p style=\"text-align: justify;\">\u201cAl\u00e9m do RH a gente d\u00e1 mentoria em todos os outros departamentos, mas na parte de RH a gente mostra que precisam recolher os encargos, precisam fechar folha de pagamento. Falta, ponto, tudo isso eles controlam\u201d, explica.<\/p>\n<p style=\"text-align: justify;\">At\u00e9 agora, a empresa que o Willian e os colegas montaram vendeu apenas 5 almofadas, mas a produ\u00e7\u00e3o e revenda s\u00f3 est\u00e1 come\u00e7ando. Eles v\u00e3o promover uma feira este m\u00eas para divulgar o trabalho, que custa entre R$ 20 e R$ 25.<\/p>\n<p style=\"text-align: justify;\">Um detalhe, \u00e9 que cada funcion\u00e1rio da empresa recebe sal\u00e1rio. O presidente j\u00e1 recebeu at\u00e9 agora cerca de R$ 10 de Pro Labore. O valor \u00e9 simb\u00f3lico, justifica Willian, mas d\u00e1 um gostinho do que \u00e9 empreender e ser recompensado.<\/p>\n","protected":false},"excerpt":{"rendered":"<p style=\"text-align: justify;\">Alunos aprendem ideias sobre a rotina empresarial<\/p>\n","protected":false},"author":4,"featured_media":26194,"comment_status":"open","ping_status":"open","sticky":false,"template":"","format":"standard","meta":{"jnews-multi-image_gallery":[],"jnews_single_post":[],"jnews_primary_category":[],"jnews_social_meta":[],"jnews_review":[],"enable_review":"","type":"","name":"","summary":"","brand":"","sku":"","good":[],"bad":[],"score_override":"","override_value":"","rating":[],"price":[],"footnotes":""},"categories":[54],"tags":[],"class_list":["post-26195","post","type-post","status-publish","format-standard","has-post-thumbnail","hentry","category-cotidiano"],"yoast_head":"<!-- This site is optimized with the Yoast SEO plugin v26.5 - https:\/\/yoast.com\/wordpress\/plugins\/seo\/ -->\n<title>Empreender \u00e9 tamb\u00e9m uma quest\u00e3o de saber educar - Agazeta.net<\/title>\n<meta name=\"robots\" content=\"index, follow, max-snippet:-1, max-image-preview:large, max-video-preview:-1\" \/>\n<link rel=\"canonical\" href=\"https:\/\/nk7-testes.com.br\/agazeta\/empreender-e-tambem-uma-questao-de-saber-educar\/\" \/>\n<meta property=\"og:locale\" content=\"pt_BR\" \/>\n<meta property=\"og:type\" content=\"article\" \/>\n<meta property=\"og:title\" content=\"Empreender \u00e9 tamb\u00e9m uma quest\u00e3o de saber educar - Agazeta.net\" \/>\n<meta property=\"og:description\" content=\"Alunos aprendem ideias sobre a rotina empresarial\" \/>\n<meta property=\"og:url\" content=\"https:\/\/nk7-testes.com.br\/agazeta\/empreender-e-tambem-uma-questao-de-saber-educar\/\" \/>\n<meta property=\"og:site_name\" content=\"Agazeta.net\" \/>\n<meta property=\"article:published_time\" content=\"2016-11-02T13:53:14+00:00\" \/>\n<meta property=\"og:image\" content=\"https:\/\/nk7-testes.com.br\/agazeta\/wp-content\/uploads\/2016\/11\/021116-cotidiano-empreendernaescola-tvgazeta.jpg\" \/>\n\t<meta property=\"og:image:width\" content=\"458\" \/>\n\t<meta property=\"og:image:height\" content=\"340\" \/>\n\t<meta property=\"og:image:type\" content=\"image\/jpeg\" \/>\n<meta name=\"author\" content=\"Agazeta.Net\" \/>\n<meta name=\"twitter:card\" content=\"summary_large_image\" \/>\n<meta name=\"twitter:label1\" content=\"Escrito por\" \/>\n\t<meta name=\"twitter:data1\" content=\"Agazeta.Net\" \/>\n\t<meta name=\"twitter:label2\" content=\"Est. tempo de leitura\" \/>\n\t<meta name=\"twitter:data2\" content=\"3 minutos\" \/>\n<script type=\"application\/ld+json\" class=\"yoast-schema-graph\">{\"@context\":\"https:\/\/schema.org\",\"@graph\":[{\"@type\":\"WebPage\",\"@id\":\"https:\/\/nk7-testes.com.br\/agazeta\/empreender-e-tambem-uma-questao-de-saber-educar\/\",\"url\":\"https:\/\/nk7-testes.com.br\/agazeta\/empreender-e-tambem-uma-questao-de-saber-educar\/\",\"name\":\"Empreender \u00e9 tamb\u00e9m uma quest\u00e3o de saber educar - Agazeta.net\",\"isPartOf\":{\"@id\":\"https:\/\/nk7-testes.com.br\/agazeta\/#website\"},\"primaryImageOfPage\":{\"@id\":\"https:\/\/nk7-testes.com.br\/agazeta\/empreender-e-tambem-uma-questao-de-saber-educar\/#primaryimage\"},\"image\":{\"@id\":\"https:\/\/nk7-testes.com.br\/agazeta\/empreender-e-tambem-uma-questao-de-saber-educar\/#primaryimage\"},\"thumbnailUrl\":\"https:\/\/nk7-testes.com.br\/agazeta\/wp-content\/uploads\/2016\/11\/021116-cotidiano-empreendernaescola-tvgazeta.jpg\",\"datePublished\":\"2016-11-02T13:53:14+00:00\",\"author\":{\"@id\":\"https:\/\/nk7-testes.com.br\/agazeta\/#\/schema\/person\/ff6b39d54d6973bfc57f4140f659b23f\"},\"breadcrumb\":{\"@id\":\"https:\/\/nk7-testes.com.br\/agazeta\/empreender-e-tambem-uma-questao-de-saber-educar\/#breadcrumb\"},\"inLanguage\":\"pt-BR\",\"potentialAction\":[{\"@type\":\"ReadAction\",\"target\":[\"https:\/\/nk7-testes.com.br\/agazeta\/empreender-e-tambem-uma-questao-de-saber-educar\/\"]}]},{\"@type\":\"ImageObject\",\"inLanguage\":\"pt-BR\",\"@id\":\"https:\/\/nk7-testes.com.br\/agazeta\/empreender-e-tambem-uma-questao-de-saber-educar\/#primaryimage\",\"url\":\"https:\/\/nk7-testes.com.br\/agazeta\/wp-content\/uploads\/2016\/11\/021116-cotidiano-empreendernaescola-tvgazeta.jpg\",\"contentUrl\":\"https:\/\/nk7-testes.com.br\/agazeta\/wp-content\/uploads\/2016\/11\/021116-cotidiano-empreendernaescola-tvgazeta.jpg\",\"width\":458,\"height\":340,\"caption\":\"021116-cotidiano-empreendernaescola-tvgazeta\"},{\"@type\":\"BreadcrumbList\",\"@id\":\"https:\/\/nk7-testes.com.br\/agazeta\/empreender-e-tambem-uma-questao-de-saber-educar\/#breadcrumb\",\"itemListElement\":[{\"@type\":\"ListItem\",\"position\":1,\"name\":\"In\u00edcio\",\"item\":\"https:\/\/nk7-testes.com.br\/agazeta\/\"},{\"@type\":\"ListItem\",\"position\":2,\"name\":\"Empreender \u00e9 tamb\u00e9m uma quest\u00e3o de saber educar\"}]},{\"@type\":\"WebSite\",\"@id\":\"https:\/\/nk7-testes.com.br\/agazeta\/#website\",\"url\":\"https:\/\/nk7-testes.com.br\/agazeta\/\",\"name\":\"Agazeta.net\",\"description\":\"Agazeta.net - Not\u00edcias de Rio Branco\/AC\",\"potentialAction\":[{\"@type\":\"SearchAction\",\"target\":{\"@type\":\"EntryPoint\",\"urlTemplate\":\"https:\/\/nk7-testes.com.br\/agazeta\/?s={search_term_string}\"},\"query-input\":{\"@type\":\"PropertyValueSpecification\",\"valueRequired\":true,\"valueName\":\"search_term_string\"}}],\"inLanguage\":\"pt-BR\"},{\"@type\":\"Person\",\"@id\":\"https:\/\/nk7-testes.com.br\/agazeta\/#\/schema\/person\/ff6b39d54d6973bfc57f4140f659b23f\",\"name\":\"Agazeta.Net\",\"url\":\"https:\/\/nk7-testes.com.br\/agazeta\/author\/agazeta\/\"}]}<\/script>\n<!-- \/ Yoast SEO plugin. -->","yoast_head_json":{"title":"Empreender \u00e9 tamb\u00e9m uma quest\u00e3o de saber educar - Agazeta.net","robots":{"index":"index","follow":"follow","max-snippet":"max-snippet:-1","max-image-preview":"max-image-preview:large","max-video-preview":"max-video-preview:-1"},"canonical":"https:\/\/nk7-testes.com.br\/agazeta\/empreender-e-tambem-uma-questao-de-saber-educar\/","og_locale":"pt_BR","og_type":"article","og_title":"Empreender \u00e9 tamb\u00e9m uma quest\u00e3o de saber educar - Agazeta.net","og_description":"Alunos aprendem ideias sobre a rotina empresarial","og_url":"https:\/\/nk7-testes.com.br\/agazeta\/empreender-e-tambem-uma-questao-de-saber-educar\/","og_site_name":"Agazeta.net","article_published_time":"2016-11-02T13:53:14+00:00","og_image":[{"width":458,"height":340,"url":"https:\/\/nk7-testes.com.br\/agazeta\/wp-content\/uploads\/2016\/11\/021116-cotidiano-empreendernaescola-tvgazeta.jpg","type":"image\/jpeg"}],"author":"Agazeta.Net","twitter_card":"summary_large_image","twitter_misc":{"Escrito por":"Agazeta.Net","Est. tempo de leitura":"3 minutos"},"schema":{"@context":"https:\/\/schema.org","@graph":[{"@type":"WebPage","@id":"https:\/\/nk7-testes.com.br\/agazeta\/empreender-e-tambem-uma-questao-de-saber-educar\/","url":"https:\/\/nk7-testes.com.br\/agazeta\/empreender-e-tambem-uma-questao-de-saber-educar\/","name":"Empreender \u00e9 tamb\u00e9m uma quest\u00e3o de saber educar - Agazeta.net","isPartOf":{"@id":"https:\/\/nk7-testes.com.br\/agazeta\/#website"},"primaryImageOfPage":{"@id":"https:\/\/nk7-testes.com.br\/agazeta\/empreender-e-tambem-uma-questao-de-saber-educar\/#primaryimage"},"image":{"@id":"https:\/\/nk7-testes.com.br\/agazeta\/empreender-e-tambem-uma-questao-de-saber-educar\/#primaryimage"},"thumbnailUrl":"https:\/\/nk7-testes.com.br\/agazeta\/wp-content\/uploads\/2016\/11\/021116-cotidiano-empreendernaescola-tvgazeta.jpg","datePublished":"2016-11-02T13:53:14+00:00","author":{"@id":"https:\/\/nk7-testes.com.br\/agazeta\/#\/schema\/person\/ff6b39d54d6973bfc57f4140f659b23f"},"breadcrumb":{"@id":"https:\/\/nk7-testes.com.br\/agazeta\/empreender-e-tambem-uma-questao-de-saber-educar\/#breadcrumb"},"inLanguage":"pt-BR","potentialAction":[{"@type":"ReadAction","target":["https:\/\/nk7-testes.com.br\/agazeta\/empreender-e-tambem-uma-questao-de-saber-educar\/"]}]},{"@type":"ImageObject","inLanguage":"pt-BR","@id":"https:\/\/nk7-testes.com.br\/agazeta\/empreender-e-tambem-uma-questao-de-saber-educar\/#primaryimage","url":"https:\/\/nk7-testes.com.br\/agazeta\/wp-content\/uploads\/2016\/11\/021116-cotidiano-empreendernaescola-tvgazeta.jpg","contentUrl":"https:\/\/nk7-testes.com.br\/agazeta\/wp-content\/uploads\/2016\/11\/021116-cotidiano-empreendernaescola-tvgazeta.jpg","width":458,"height":340,"caption":"021116-cotidiano-empreendernaescola-tvgazeta"},{"@type":"BreadcrumbList","@id":"https:\/\/nk7-testes.com.br\/agazeta\/empreender-e-tambem-uma-questao-de-saber-educar\/#breadcrumb","itemListElement":[{"@type":"ListItem","position":1,"name":"In\u00edcio","item":"https:\/\/nk7-testes.com.br\/agazeta\/"},{"@type":"ListItem","position":2,"name":"Empreender \u00e9 tamb\u00e9m uma quest\u00e3o de saber educar"}]},{"@type":"WebSite","@id":"https:\/\/nk7-testes.com.br\/agazeta\/#website","url":"https:\/\/nk7-testes.com.br\/agazeta\/","name":"Agazeta.net","description":"Agazeta.net - Not\u00edcias de Rio Branco\/AC","potentialAction":[{"@type":"SearchAction","target":{"@type":"EntryPoint","urlTemplate":"https:\/\/nk7-testes.com.br\/agazeta\/?s={search_term_string}"},"query-input":{"@type":"PropertyValueSpecification","valueRequired":true,"valueName":"search_term_string"}}],"inLanguage":"pt-BR"},{"@type":"Person","@id":"https:\/\/nk7-testes.com.br\/agazeta\/#\/schema\/person\/ff6b39d54d6973bfc57f4140f659b23f","name":"Agazeta.Net","url":"https:\/\/nk7-testes.com.br\/agazeta\/author\/agazeta\/"}]}},"_links":{"self":[{"href":"https:\/\/nk7-testes.com.br\/agazeta\/wp-json\/wp\/v2\/posts\/26195","targetHints":{"allow":["GET"]}}],"collection":[{"href":"https:\/\/nk7-testes.com.br\/agazeta\/wp-json\/wp\/v2\/posts"}],"about":[{"href":"https:\/\/nk7-testes.com.br\/agazeta\/wp-json\/wp\/v2\/types\/post"}],"author":[{"embeddable":true,"href":"https:\/\/nk7-testes.com.br\/agazeta\/wp-json\/wp\/v2\/users\/4"}],"replies":[{"embeddable":true,"href":"https:\/\/nk7-testes.com.br\/agazeta\/wp-json\/wp\/v2\/comments?post=26195"}],"version-history":[{"count":0,"href":"https:\/\/nk7-testes.com.br\/agazeta\/wp-json\/wp\/v2\/posts\/26195\/revisions"}],"wp:featuredmedia":[{"embeddable":true,"href":"https:\/\/nk7-testes.com.br\/agazeta\/wp-json\/wp\/v2\/media\/26194"}],"wp:attachment":[{"href":"https:\/\/nk7-testes.com.br\/agazeta\/wp-json\/wp\/v2\/media?parent=26195"}],"wp:term":[{"taxonomy":"category","embeddable":true,"href":"https:\/\/nk7-testes.com.br\/agazeta\/wp-json\/wp\/v2\/categories?post=26195"},{"taxonomy":"post_tag","embeddable":true,"href":"https:\/\/nk7-testes.com.br\/agazeta\/wp-json\/wp\/v2\/tags?post=26195"}],"curies":[{"name":"wp","href":"https:\/\/api.w.org\/{rel}","templated":true}]}}