{"id":26193,"date":"2016-11-01T21:19:43","date_gmt":"2016-11-01T21:19:43","guid":{"rendered":"https:\/\/abarevegan.com.br\/index.php\/2016\/11\/01\/pf-desmonta-base-aerea-de-traficantes-no-amazonas\/"},"modified":"2016-11-01T21:19:43","modified_gmt":"2016-11-01T21:19:43","slug":"pf-desmonta-base-aerea-de-traficantes-no-amazonas","status":"publish","type":"post","link":"https:\/\/nk7-testes.com.br\/agazeta\/pf-desmonta-base-aerea-de-traficantes-no-amazonas\/","title":{"rendered":"PF desmonta base a\u00e9rea de traficantes no Amazonas"},"content":{"rendered":"<p>Aeronave apreendida e duas pessoas presas<\/p>\n<p>A Pol\u00edcia Federal desmontou uma base a\u00e9rea estrat\u00e9gica localizada no Sul do Amazonas que servia para apoio log\u00edstico ao tr\u00e1fico de coca\u00edna com o Peru.<\/p>\n<p>O Departamento de Repress\u00e3o a Entorpecentes da Pol\u00edcia Federal n\u00e3o informou como chegou \u00e0 informa\u00e7\u00e3o, mas o fato \u00e9 que um avi\u00e3o Caravan, e dois helic\u00f3pteros (um do Governo do Acre e outro da coordena\u00e7\u00e3o de avia\u00e7\u00e3o Operacional da PF) foram usados para efetivar o flagrante.<\/p>\n<p>A regi\u00e3o \u00e9 isolada, localizada entre os munic\u00edpios de Pauini e Boca do Acre (Sul do Amazonas). \u201cAs pistas s\u00e3o base log\u00edstica e pontos estrat\u00e9gicos para o tr\u00e1fico a\u00e9reo\u201d, afirma o delegado do DRE da Pol\u00edcia Federal, Leandro Ribeiro.<\/p>\n<p>Os agentes da Pol\u00edcia Federal desceram em uma determinada regi\u00e3o e s\u00f3 conseguiram chegar \u00e1 base usada pelos traficantes dois dias depois. Encontraram muito combust\u00edvel e celulares.<\/p>\n<p>Quando estavam no local, uma aeronave aterrissa. O piloto e o co-piloto foram abordados, mas, segundo o delegado, n\u00e3o souberam explicar convincentemente os motivos da viagem. Foram presos e trazidos para a sede da Pol\u00edcia Federal em Rio Branco.<\/p>\n<p>Com eles, os agentes encontraram na aeronave US$ 27 mil. A aeronave tamb\u00e9m foi apreendida e trazida para Rio Branco. A opera\u00e7\u00e3o completa durou cinco dias.<\/p>\n<p>N\u00e3o \u00e9 a primeira vez que a PF realiza opera\u00e7\u00f5es de desmonte de bases de apoio de narcotraficantes no Amazonas. Em vezes anteriores, os agentes chegaram a destruir pistas de pouso.<\/p>\n<p>Mas, o isolamento da \u00e1rea atrai os traficantes que precisam manter com\u00e9rcio com os produtores de coca\u00edna do Peru.<\/p>\n","protected":false},"excerpt":{"rendered":"<p>Aeronave apreendida e duas pessoas presas<\/p>\n","protected":false},"author":4,"featured_media":26192,"comment_status":"open","ping_status":"open","sticky":false,"template":"","format":"standard","meta":{"jnews-multi-image_gallery":[],"jnews_single_post":[],"jnews_primary_category":[],"jnews_social_meta":[],"jnews_review":[],"enable_review":"","type":"","name":"","summary":"","brand":"","sku":"","good":[],"bad":[],"score_override":"","override_value":"","rating":[],"price":[],"footnotes":""},"categories":[44],"tags":[],"class_list":["post-26193","post","type-post","status-publish","format-standard","has-post-thumbnail","hentry","category-policia"],"yoast_head":"<!-- This site is optimized with the Yoast SEO plugin v26.5 - https:\/\/yoast.com\/wordpress\/plugins\/seo\/ -->\n<title>PF desmonta base a\u00e9rea de traficantes no Amazonas - Agazeta.net<\/title>\n<meta name=\"robots\" content=\"index, follow, max-snippet:-1, max-image-preview:large, max-video-preview:-1\" \/>\n<link rel=\"canonical\" href=\"https:\/\/nk7-testes.com.br\/agazeta\/pf-desmonta-base-aerea-de-traficantes-no-amazonas\/\" \/>\n<meta property=\"og:locale\" content=\"pt_BR\" \/>\n<meta property=\"og:type\" content=\"article\" \/>\n<meta property=\"og:title\" content=\"PF desmonta base a\u00e9rea de traficantes no Amazonas - Agazeta.net\" \/>\n<meta property=\"og:description\" content=\"Aeronave apreendida e duas pessoas presas\" \/>\n<meta property=\"og:url\" content=\"https:\/\/nk7-testes.com.br\/agazeta\/pf-desmonta-base-aerea-de-traficantes-no-amazonas\/\" \/>\n<meta property=\"og:site_name\" content=\"Agazeta.net\" \/>\n<meta property=\"article:published_time\" content=\"2016-11-01T21:19:43+00:00\" \/>\n<meta property=\"og:image\" content=\"https:\/\/nk7-testes.com.br\/agazeta\/wp-content\/uploads\/2016\/11\/011116-policia-policiafederal-cedida.jpg\" \/>\n\t<meta property=\"og:image:width\" content=\"458\" \/>\n\t<meta property=\"og:image:height\" content=\"340\" \/>\n\t<meta property=\"og:image:type\" content=\"image\/jpeg\" \/>\n<meta name=\"author\" content=\"Agazeta.Net\" \/>\n<meta name=\"twitter:card\" content=\"summary_large_image\" \/>\n<meta name=\"twitter:label1\" content=\"Escrito por\" \/>\n\t<meta name=\"twitter:data1\" content=\"Agazeta.Net\" \/>\n\t<meta name=\"twitter:label2\" content=\"Est. tempo de leitura\" \/>\n\t<meta name=\"twitter:data2\" content=\"1 minuto\" \/>\n<script type=\"application\/ld+json\" class=\"yoast-schema-graph\">{\"@context\":\"https:\/\/schema.org\",\"@graph\":[{\"@type\":\"WebPage\",\"@id\":\"https:\/\/nk7-testes.com.br\/agazeta\/pf-desmonta-base-aerea-de-traficantes-no-amazonas\/\",\"url\":\"https:\/\/nk7-testes.com.br\/agazeta\/pf-desmonta-base-aerea-de-traficantes-no-amazonas\/\",\"name\":\"PF desmonta base a\u00e9rea de traficantes no Amazonas - Agazeta.net\",\"isPartOf\":{\"@id\":\"https:\/\/nk7-testes.com.br\/agazeta\/#website\"},\"primaryImageOfPage\":{\"@id\":\"https:\/\/nk7-testes.com.br\/agazeta\/pf-desmonta-base-aerea-de-traficantes-no-amazonas\/#primaryimage\"},\"image\":{\"@id\":\"https:\/\/nk7-testes.com.br\/agazeta\/pf-desmonta-base-aerea-de-traficantes-no-amazonas\/#primaryimage\"},\"thumbnailUrl\":\"https:\/\/nk7-testes.com.br\/agazeta\/wp-content\/uploads\/2016\/11\/011116-policia-policiafederal-cedida.jpg\",\"datePublished\":\"2016-11-01T21:19:43+00:00\",\"author\":{\"@id\":\"https:\/\/nk7-testes.com.br\/agazeta\/#\/schema\/person\/6d6e25cb0435eb4a02fd44d30b4e3020\"},\"breadcrumb\":{\"@id\":\"https:\/\/nk7-testes.com.br\/agazeta\/pf-desmonta-base-aerea-de-traficantes-no-amazonas\/#breadcrumb\"},\"inLanguage\":\"pt-BR\",\"potentialAction\":[{\"@type\":\"ReadAction\",\"target\":[\"https:\/\/nk7-testes.com.br\/agazeta\/pf-desmonta-base-aerea-de-traficantes-no-amazonas\/\"]}]},{\"@type\":\"ImageObject\",\"inLanguage\":\"pt-BR\",\"@id\":\"https:\/\/nk7-testes.com.br\/agazeta\/pf-desmonta-base-aerea-de-traficantes-no-amazonas\/#primaryimage\",\"url\":\"https:\/\/nk7-testes.com.br\/agazeta\/wp-content\/uploads\/2016\/11\/011116-policia-policiafederal-cedida.jpg\",\"contentUrl\":\"https:\/\/nk7-testes.com.br\/agazeta\/wp-content\/uploads\/2016\/11\/011116-policia-policiafederal-cedida.jpg\",\"width\":458,\"height\":340,\"caption\":\"011116-policia-policiafederal-cedida\"},{\"@type\":\"BreadcrumbList\",\"@id\":\"https:\/\/nk7-testes.com.br\/agazeta\/pf-desmonta-base-aerea-de-traficantes-no-amazonas\/#breadcrumb\",\"itemListElement\":[{\"@type\":\"ListItem\",\"position\":1,\"name\":\"In\u00edcio\",\"item\":\"https:\/\/nk7-testes.com.br\/agazeta\/\"},{\"@type\":\"ListItem\",\"position\":2,\"name\":\"PF desmonta base a\u00e9rea de traficantes no Amazonas\"}]},{\"@type\":\"WebSite\",\"@id\":\"https:\/\/nk7-testes.com.br\/agazeta\/#website\",\"url\":\"https:\/\/nk7-testes.com.br\/agazeta\/\",\"name\":\"Agazeta.net\",\"description\":\"Agazeta.net - Not\u00edcias de Rio Branco\/AC\",\"potentialAction\":[{\"@type\":\"SearchAction\",\"target\":{\"@type\":\"EntryPoint\",\"urlTemplate\":\"https:\/\/nk7-testes.com.br\/agazeta\/?s={search_term_string}\"},\"query-input\":{\"@type\":\"PropertyValueSpecification\",\"valueRequired\":true,\"valueName\":\"search_term_string\"}}],\"inLanguage\":\"pt-BR\"},{\"@type\":\"Person\",\"@id\":\"https:\/\/nk7-testes.com.br\/agazeta\/#\/schema\/person\/6d6e25cb0435eb4a02fd44d30b4e3020\",\"name\":\"Agazeta.Net\",\"url\":\"https:\/\/nk7-testes.com.br\/agazeta\/author\/agazeta\/\"}]}<\/script>\n<!-- \/ Yoast SEO plugin. -->","yoast_head_json":{"title":"PF desmonta base a\u00e9rea de traficantes no Amazonas - Agazeta.net","robots":{"index":"index","follow":"follow","max-snippet":"max-snippet:-1","max-image-preview":"max-image-preview:large","max-video-preview":"max-video-preview:-1"},"canonical":"https:\/\/nk7-testes.com.br\/agazeta\/pf-desmonta-base-aerea-de-traficantes-no-amazonas\/","og_locale":"pt_BR","og_type":"article","og_title":"PF desmonta base a\u00e9rea de traficantes no Amazonas - Agazeta.net","og_description":"Aeronave apreendida e duas pessoas presas","og_url":"https:\/\/nk7-testes.com.br\/agazeta\/pf-desmonta-base-aerea-de-traficantes-no-amazonas\/","og_site_name":"Agazeta.net","article_published_time":"2016-11-01T21:19:43+00:00","og_image":[{"width":458,"height":340,"url":"https:\/\/nk7-testes.com.br\/agazeta\/wp-content\/uploads\/2016\/11\/011116-policia-policiafederal-cedida.jpg","type":"image\/jpeg"}],"author":"Agazeta.Net","twitter_card":"summary_large_image","twitter_misc":{"Escrito por":"Agazeta.Net","Est. tempo de leitura":"1 minuto"},"schema":{"@context":"https:\/\/schema.org","@graph":[{"@type":"WebPage","@id":"https:\/\/nk7-testes.com.br\/agazeta\/pf-desmonta-base-aerea-de-traficantes-no-amazonas\/","url":"https:\/\/nk7-testes.com.br\/agazeta\/pf-desmonta-base-aerea-de-traficantes-no-amazonas\/","name":"PF desmonta base a\u00e9rea de traficantes no Amazonas - Agazeta.net","isPartOf":{"@id":"https:\/\/nk7-testes.com.br\/agazeta\/#website"},"primaryImageOfPage":{"@id":"https:\/\/nk7-testes.com.br\/agazeta\/pf-desmonta-base-aerea-de-traficantes-no-amazonas\/#primaryimage"},"image":{"@id":"https:\/\/nk7-testes.com.br\/agazeta\/pf-desmonta-base-aerea-de-traficantes-no-amazonas\/#primaryimage"},"thumbnailUrl":"https:\/\/nk7-testes.com.br\/agazeta\/wp-content\/uploads\/2016\/11\/011116-policia-policiafederal-cedida.jpg","datePublished":"2016-11-01T21:19:43+00:00","author":{"@id":"https:\/\/nk7-testes.com.br\/agazeta\/#\/schema\/person\/6d6e25cb0435eb4a02fd44d30b4e3020"},"breadcrumb":{"@id":"https:\/\/nk7-testes.com.br\/agazeta\/pf-desmonta-base-aerea-de-traficantes-no-amazonas\/#breadcrumb"},"inLanguage":"pt-BR","potentialAction":[{"@type":"ReadAction","target":["https:\/\/nk7-testes.com.br\/agazeta\/pf-desmonta-base-aerea-de-traficantes-no-amazonas\/"]}]},{"@type":"ImageObject","inLanguage":"pt-BR","@id":"https:\/\/nk7-testes.com.br\/agazeta\/pf-desmonta-base-aerea-de-traficantes-no-amazonas\/#primaryimage","url":"https:\/\/nk7-testes.com.br\/agazeta\/wp-content\/uploads\/2016\/11\/011116-policia-policiafederal-cedida.jpg","contentUrl":"https:\/\/nk7-testes.com.br\/agazeta\/wp-content\/uploads\/2016\/11\/011116-policia-policiafederal-cedida.jpg","width":458,"height":340,"caption":"011116-policia-policiafederal-cedida"},{"@type":"BreadcrumbList","@id":"https:\/\/nk7-testes.com.br\/agazeta\/pf-desmonta-base-aerea-de-traficantes-no-amazonas\/#breadcrumb","itemListElement":[{"@type":"ListItem","position":1,"name":"In\u00edcio","item":"https:\/\/nk7-testes.com.br\/agazeta\/"},{"@type":"ListItem","position":2,"name":"PF desmonta base a\u00e9rea de traficantes no Amazonas"}]},{"@type":"WebSite","@id":"https:\/\/nk7-testes.com.br\/agazeta\/#website","url":"https:\/\/nk7-testes.com.br\/agazeta\/","name":"Agazeta.net","description":"Agazeta.net - Not\u00edcias de Rio Branco\/AC","potentialAction":[{"@type":"SearchAction","target":{"@type":"EntryPoint","urlTemplate":"https:\/\/nk7-testes.com.br\/agazeta\/?s={search_term_string}"},"query-input":{"@type":"PropertyValueSpecification","valueRequired":true,"valueName":"search_term_string"}}],"inLanguage":"pt-BR"},{"@type":"Person","@id":"https:\/\/nk7-testes.com.br\/agazeta\/#\/schema\/person\/6d6e25cb0435eb4a02fd44d30b4e3020","name":"Agazeta.Net","url":"https:\/\/nk7-testes.com.br\/agazeta\/author\/agazeta\/"}]}},"_links":{"self":[{"href":"https:\/\/nk7-testes.com.br\/agazeta\/wp-json\/wp\/v2\/posts\/26193","targetHints":{"allow":["GET"]}}],"collection":[{"href":"https:\/\/nk7-testes.com.br\/agazeta\/wp-json\/wp\/v2\/posts"}],"about":[{"href":"https:\/\/nk7-testes.com.br\/agazeta\/wp-json\/wp\/v2\/types\/post"}],"author":[{"embeddable":true,"href":"https:\/\/nk7-testes.com.br\/agazeta\/wp-json\/wp\/v2\/users\/4"}],"replies":[{"embeddable":true,"href":"https:\/\/nk7-testes.com.br\/agazeta\/wp-json\/wp\/v2\/comments?post=26193"}],"version-history":[{"count":0,"href":"https:\/\/nk7-testes.com.br\/agazeta\/wp-json\/wp\/v2\/posts\/26193\/revisions"}],"wp:featuredmedia":[{"embeddable":true,"href":"https:\/\/nk7-testes.com.br\/agazeta\/wp-json\/wp\/v2\/media\/26192"}],"wp:attachment":[{"href":"https:\/\/nk7-testes.com.br\/agazeta\/wp-json\/wp\/v2\/media?parent=26193"}],"wp:term":[{"taxonomy":"category","embeddable":true,"href":"https:\/\/nk7-testes.com.br\/agazeta\/wp-json\/wp\/v2\/categories?post=26193"},{"taxonomy":"post_tag","embeddable":true,"href":"https:\/\/nk7-testes.com.br\/agazeta\/wp-json\/wp\/v2\/tags?post=26193"}],"curies":[{"name":"wp","href":"https:\/\/api.w.org\/{rel}","templated":true}]}}