{"id":26187,"date":"2016-11-01T14:48:14","date_gmt":"2016-11-01T14:48:14","guid":{"rendered":"https:\/\/abarevegan.com.br\/index.php\/2016\/11\/01\/o-boticario-vence-premio-de-sustentabilidade-em-paris\/"},"modified":"2016-11-01T14:48:14","modified_gmt":"2016-11-01T14:48:14","slug":"o-boticario-vence-premio-de-sustentabilidade-em-paris","status":"publish","type":"post","link":"https:\/\/nk7-testes.com.br\/agazeta\/o-boticario-vence-premio-de-sustentabilidade-em-paris\/","title":{"rendered":"O Botic\u00e1rio vence pr\u00eamio de sustentabilidade em Paris"},"content":{"rendered":"<p style=\"text-align: justify;\">Linha <em>Cuide-se Bem<\/em> \u00e9 destaque em Paris<\/p>\n<p style=\"text-align: justify;\">A linha Cuide-se Bem, de O Botic\u00e1rio &#8211; de produtos para corpo e cabelos, conquista o t\u00edtulo de beleza sustent\u00e1vel na categoria embalagem, concedido pela Organic Monitor. A premia\u00e7\u00e3o \u00e9 um reconhecimento dos esfor\u00e7os implementados pela ind\u00fastria mundial de beleza e cosm\u00e9ticos para tornar seus neg\u00f3cios cada dia mais sustent\u00e1veis. O anuncio dos vencedores foi realizada em Paris, durante a edi\u00e7\u00e3o europeia da C\u00fapula Cosm\u00e9ticos Sustent\u00e1veis.<\/p>\n<p>Este m\u00eas, a linha foi relan\u00e7ada com as novas embalagens que combinam tecnologia e sustentabilidade, adotando o Pl\u00e1stico Verde I\u2019m green\u2122 da Braskem, feito \u00e0 base de cana de a\u00e7\u00facar.<\/p>\n<p style=\"text-align: justify;\">Os recipientes t\u00eam as mesmas caracter\u00edsticas do polietileno tradicional, mas gra\u00e7as \u00e0 nova tecnologia evitar\u00e3o a emiss\u00e3o de cerca de tr\u00eas mil toneladas de CO2 por ano, colaborando para a redu\u00e7\u00e3o da emiss\u00e3o dos gases causadores do efeito estufa. E para dar visibilidade as boas pr\u00e1ticas ambientais, O Botic\u00e1rio criou o selo \u201cCom Pl\u00e1stico Vegetal\u201d, que garante a origem da embalagem.<\/p>\n<p style=\"text-align: justify;\">\u201cEstamos muito felizes com esse reconhecimento in\u00e9dito. Em cada lan\u00e7amento, o Grupo Botic\u00e1rio estimula a inser\u00e7\u00e3o de pr\u00e1ticas de sustentabilidade no desenvolvimento de produtos. Pensamos em novas solu\u00e7\u00f5es para as embalagens, f\u00f3rmulas e processos que gerem impactos positivos no planeta e benef\u00edcios maiores para as pessoas. Esse reconhecimento \u00e9 o resultado do engajamento de diversas \u00e1reas, como o marketing, pesquisa e desenvolvimento, suprimentos e sustentabilidade\u201d, afirma Vanessa Machado, Diretora de Identidade Organizacional do Grupo Botic\u00e1rio, que participou da entrega da premia\u00e7\u00e3o.<\/p>\n<p style=\"text-align: justify;\">Al\u00e9m da quest\u00e3o sustent\u00e1vel, as embalagens est\u00e3o mais bonitas e divertidas, com um olhar social, que convida a consumidora a sair da sua \u201czona de desconforto\u201d e olhar para si mesma.<\/p>\n<p style=\"text-align: justify;\">\u201cToda mulher precisa tirar um tempo para se cuidar, se curtir e se gostar mais, mesmo que seja apenas por alguns instantes di\u00e1rios. O mundo n\u00e3o vai parar, ent\u00e3o n\u00f3s precisamos nos priorizar. Essa \u00e9 a proposta de Cuide-se Bem, um cuidado para si mesma\u201d, explica Aline Mori, gerente de Cuidados Pessoais de O Botic\u00e1rio.<\/p>\n<p><strong>Sobre o Pl\u00e1stico Vegetal<\/strong><\/p>\n<p style=\"text-align: justify;\">As embalagens dos 39 frascos e bisnagas t\u00eam o etanol da cana de a\u00e7\u00facar como mat\u00e9ria-prima, al\u00e9m de peso reduzido. Feitas pela Braskem, maior produtora de resinas termopl\u00e1sticas das Am\u00e9ricas, a solu\u00e7\u00e3o adotada por Cuide-se Bem evita a emiss\u00e3o de mais de 3 mil toneladas de CO2 por ano, o que equivale \u00e0 \u00e1rea de 7 campos do est\u00e1dio do Maracan\u00e3.<\/p>\n<p style=\"text-align: justify;\">De acordo com Gustavo Sergi, diretor de Qu\u00edmicos Renov\u00e1veis da Braskem, a ado\u00e7\u00e3o das novas embalagens permite melhorar a vida das pessoas, por meio da qu\u00edmica e do pl\u00e1stico. \u201cCompartilhar essa iniciativa com empresas l\u00edderes em seus setores e claramente comprometidas com a promo\u00e7\u00e3o da sustentabilidade \u00e9 muito importante para a companhia e para o desenvolvimento desse neg\u00f3cio\u201d, afirma.<\/p>\n","protected":false},"excerpt":{"rendered":"<p style=\"text-align: justify;\">Linha <em>Cuide-se Bem<\/em> \u00e9 destaque em Paris<\/p>\n","protected":false},"author":4,"featured_media":26186,"comment_status":"open","ping_status":"open","sticky":false,"template":"","format":"standard","meta":{"jnews-multi-image_gallery":[],"jnews_single_post":[],"jnews_primary_category":[],"jnews_social_meta":[],"jnews_review":[],"enable_review":"","type":"","name":"","summary":"","brand":"","sku":"","good":[],"bad":[],"score_override":"","override_value":"","rating":[],"price":[],"footnotes":""},"categories":[54],"tags":[],"class_list":["post-26187","post","type-post","status-publish","format-standard","has-post-thumbnail","hentry","category-cotidiano"],"yoast_head":"<!-- This site is optimized with the Yoast SEO plugin v26.5 - https:\/\/yoast.com\/wordpress\/plugins\/seo\/ -->\n<title>O Botic\u00e1rio vence pr\u00eamio de sustentabilidade em Paris - Agazeta.net<\/title>\n<meta name=\"robots\" content=\"index, follow, max-snippet:-1, max-image-preview:large, max-video-preview:-1\" \/>\n<link rel=\"canonical\" href=\"https:\/\/nk7-testes.com.br\/agazeta\/o-boticario-vence-premio-de-sustentabilidade-em-paris\/\" \/>\n<meta property=\"og:locale\" content=\"pt_BR\" \/>\n<meta property=\"og:type\" content=\"article\" \/>\n<meta property=\"og:title\" content=\"O Botic\u00e1rio vence pr\u00eamio de sustentabilidade em Paris - Agazeta.net\" \/>\n<meta property=\"og:description\" content=\"Linha Cuide-se Bem \u00e9 destaque em Paris\" \/>\n<meta property=\"og:url\" content=\"https:\/\/nk7-testes.com.br\/agazeta\/o-boticario-vence-premio-de-sustentabilidade-em-paris\/\" \/>\n<meta property=\"og:site_name\" content=\"Agazeta.net\" \/>\n<meta property=\"article:published_time\" content=\"2016-11-01T14:48:14+00:00\" \/>\n<meta property=\"og:image\" content=\"https:\/\/nk7-testes.com.br\/agazeta\/wp-content\/uploads\/2016\/11\/011116-cotidiano-boticario-divulgacao.jpg\" \/>\n\t<meta property=\"og:image:width\" content=\"458\" \/>\n\t<meta property=\"og:image:height\" content=\"340\" \/>\n\t<meta property=\"og:image:type\" content=\"image\/jpeg\" \/>\n<meta name=\"author\" content=\"Agazeta.Net\" \/>\n<meta name=\"twitter:card\" content=\"summary_large_image\" \/>\n<meta name=\"twitter:label1\" content=\"Escrito por\" \/>\n\t<meta name=\"twitter:data1\" content=\"Agazeta.Net\" \/>\n\t<meta name=\"twitter:label2\" content=\"Est. tempo de leitura\" \/>\n\t<meta name=\"twitter:data2\" content=\"3 minutos\" \/>\n<script type=\"application\/ld+json\" class=\"yoast-schema-graph\">{\"@context\":\"https:\/\/schema.org\",\"@graph\":[{\"@type\":\"WebPage\",\"@id\":\"https:\/\/nk7-testes.com.br\/agazeta\/o-boticario-vence-premio-de-sustentabilidade-em-paris\/\",\"url\":\"https:\/\/nk7-testes.com.br\/agazeta\/o-boticario-vence-premio-de-sustentabilidade-em-paris\/\",\"name\":\"O Botic\u00e1rio vence pr\u00eamio de sustentabilidade em Paris - Agazeta.net\",\"isPartOf\":{\"@id\":\"https:\/\/nk7-testes.com.br\/agazeta\/#website\"},\"primaryImageOfPage\":{\"@id\":\"https:\/\/nk7-testes.com.br\/agazeta\/o-boticario-vence-premio-de-sustentabilidade-em-paris\/#primaryimage\"},\"image\":{\"@id\":\"https:\/\/nk7-testes.com.br\/agazeta\/o-boticario-vence-premio-de-sustentabilidade-em-paris\/#primaryimage\"},\"thumbnailUrl\":\"https:\/\/nk7-testes.com.br\/agazeta\/wp-content\/uploads\/2016\/11\/011116-cotidiano-boticario-divulgacao.jpg\",\"datePublished\":\"2016-11-01T14:48:14+00:00\",\"author\":{\"@id\":\"https:\/\/nk7-testes.com.br\/agazeta\/#\/schema\/person\/ff6b39d54d6973bfc57f4140f659b23f\"},\"breadcrumb\":{\"@id\":\"https:\/\/nk7-testes.com.br\/agazeta\/o-boticario-vence-premio-de-sustentabilidade-em-paris\/#breadcrumb\"},\"inLanguage\":\"pt-BR\",\"potentialAction\":[{\"@type\":\"ReadAction\",\"target\":[\"https:\/\/nk7-testes.com.br\/agazeta\/o-boticario-vence-premio-de-sustentabilidade-em-paris\/\"]}]},{\"@type\":\"ImageObject\",\"inLanguage\":\"pt-BR\",\"@id\":\"https:\/\/nk7-testes.com.br\/agazeta\/o-boticario-vence-premio-de-sustentabilidade-em-paris\/#primaryimage\",\"url\":\"https:\/\/nk7-testes.com.br\/agazeta\/wp-content\/uploads\/2016\/11\/011116-cotidiano-boticario-divulgacao.jpg\",\"contentUrl\":\"https:\/\/nk7-testes.com.br\/agazeta\/wp-content\/uploads\/2016\/11\/011116-cotidiano-boticario-divulgacao.jpg\",\"width\":458,\"height\":340,\"caption\":\"011116-cotidiano-boticario-divulgacao\"},{\"@type\":\"BreadcrumbList\",\"@id\":\"https:\/\/nk7-testes.com.br\/agazeta\/o-boticario-vence-premio-de-sustentabilidade-em-paris\/#breadcrumb\",\"itemListElement\":[{\"@type\":\"ListItem\",\"position\":1,\"name\":\"In\u00edcio\",\"item\":\"https:\/\/nk7-testes.com.br\/agazeta\/\"},{\"@type\":\"ListItem\",\"position\":2,\"name\":\"O Botic\u00e1rio vence pr\u00eamio de sustentabilidade em Paris\"}]},{\"@type\":\"WebSite\",\"@id\":\"https:\/\/nk7-testes.com.br\/agazeta\/#website\",\"url\":\"https:\/\/nk7-testes.com.br\/agazeta\/\",\"name\":\"Agazeta.net\",\"description\":\"Agazeta.net - Not\u00edcias de Rio Branco\/AC\",\"potentialAction\":[{\"@type\":\"SearchAction\",\"target\":{\"@type\":\"EntryPoint\",\"urlTemplate\":\"https:\/\/nk7-testes.com.br\/agazeta\/?s={search_term_string}\"},\"query-input\":{\"@type\":\"PropertyValueSpecification\",\"valueRequired\":true,\"valueName\":\"search_term_string\"}}],\"inLanguage\":\"pt-BR\"},{\"@type\":\"Person\",\"@id\":\"https:\/\/nk7-testes.com.br\/agazeta\/#\/schema\/person\/ff6b39d54d6973bfc57f4140f659b23f\",\"name\":\"Agazeta.Net\",\"url\":\"https:\/\/nk7-testes.com.br\/agazeta\/author\/agazeta\/\"}]}<\/script>\n<!-- \/ Yoast SEO plugin. -->","yoast_head_json":{"title":"O Botic\u00e1rio vence pr\u00eamio de sustentabilidade em Paris - Agazeta.net","robots":{"index":"index","follow":"follow","max-snippet":"max-snippet:-1","max-image-preview":"max-image-preview:large","max-video-preview":"max-video-preview:-1"},"canonical":"https:\/\/nk7-testes.com.br\/agazeta\/o-boticario-vence-premio-de-sustentabilidade-em-paris\/","og_locale":"pt_BR","og_type":"article","og_title":"O Botic\u00e1rio vence pr\u00eamio de sustentabilidade em Paris - Agazeta.net","og_description":"Linha Cuide-se Bem \u00e9 destaque em Paris","og_url":"https:\/\/nk7-testes.com.br\/agazeta\/o-boticario-vence-premio-de-sustentabilidade-em-paris\/","og_site_name":"Agazeta.net","article_published_time":"2016-11-01T14:48:14+00:00","og_image":[{"width":458,"height":340,"url":"https:\/\/nk7-testes.com.br\/agazeta\/wp-content\/uploads\/2016\/11\/011116-cotidiano-boticario-divulgacao.jpg","type":"image\/jpeg"}],"author":"Agazeta.Net","twitter_card":"summary_large_image","twitter_misc":{"Escrito por":"Agazeta.Net","Est. tempo de leitura":"3 minutos"},"schema":{"@context":"https:\/\/schema.org","@graph":[{"@type":"WebPage","@id":"https:\/\/nk7-testes.com.br\/agazeta\/o-boticario-vence-premio-de-sustentabilidade-em-paris\/","url":"https:\/\/nk7-testes.com.br\/agazeta\/o-boticario-vence-premio-de-sustentabilidade-em-paris\/","name":"O Botic\u00e1rio vence pr\u00eamio de sustentabilidade em Paris - Agazeta.net","isPartOf":{"@id":"https:\/\/nk7-testes.com.br\/agazeta\/#website"},"primaryImageOfPage":{"@id":"https:\/\/nk7-testes.com.br\/agazeta\/o-boticario-vence-premio-de-sustentabilidade-em-paris\/#primaryimage"},"image":{"@id":"https:\/\/nk7-testes.com.br\/agazeta\/o-boticario-vence-premio-de-sustentabilidade-em-paris\/#primaryimage"},"thumbnailUrl":"https:\/\/nk7-testes.com.br\/agazeta\/wp-content\/uploads\/2016\/11\/011116-cotidiano-boticario-divulgacao.jpg","datePublished":"2016-11-01T14:48:14+00:00","author":{"@id":"https:\/\/nk7-testes.com.br\/agazeta\/#\/schema\/person\/ff6b39d54d6973bfc57f4140f659b23f"},"breadcrumb":{"@id":"https:\/\/nk7-testes.com.br\/agazeta\/o-boticario-vence-premio-de-sustentabilidade-em-paris\/#breadcrumb"},"inLanguage":"pt-BR","potentialAction":[{"@type":"ReadAction","target":["https:\/\/nk7-testes.com.br\/agazeta\/o-boticario-vence-premio-de-sustentabilidade-em-paris\/"]}]},{"@type":"ImageObject","inLanguage":"pt-BR","@id":"https:\/\/nk7-testes.com.br\/agazeta\/o-boticario-vence-premio-de-sustentabilidade-em-paris\/#primaryimage","url":"https:\/\/nk7-testes.com.br\/agazeta\/wp-content\/uploads\/2016\/11\/011116-cotidiano-boticario-divulgacao.jpg","contentUrl":"https:\/\/nk7-testes.com.br\/agazeta\/wp-content\/uploads\/2016\/11\/011116-cotidiano-boticario-divulgacao.jpg","width":458,"height":340,"caption":"011116-cotidiano-boticario-divulgacao"},{"@type":"BreadcrumbList","@id":"https:\/\/nk7-testes.com.br\/agazeta\/o-boticario-vence-premio-de-sustentabilidade-em-paris\/#breadcrumb","itemListElement":[{"@type":"ListItem","position":1,"name":"In\u00edcio","item":"https:\/\/nk7-testes.com.br\/agazeta\/"},{"@type":"ListItem","position":2,"name":"O Botic\u00e1rio vence pr\u00eamio de sustentabilidade em Paris"}]},{"@type":"WebSite","@id":"https:\/\/nk7-testes.com.br\/agazeta\/#website","url":"https:\/\/nk7-testes.com.br\/agazeta\/","name":"Agazeta.net","description":"Agazeta.net - Not\u00edcias de Rio Branco\/AC","potentialAction":[{"@type":"SearchAction","target":{"@type":"EntryPoint","urlTemplate":"https:\/\/nk7-testes.com.br\/agazeta\/?s={search_term_string}"},"query-input":{"@type":"PropertyValueSpecification","valueRequired":true,"valueName":"search_term_string"}}],"inLanguage":"pt-BR"},{"@type":"Person","@id":"https:\/\/nk7-testes.com.br\/agazeta\/#\/schema\/person\/ff6b39d54d6973bfc57f4140f659b23f","name":"Agazeta.Net","url":"https:\/\/nk7-testes.com.br\/agazeta\/author\/agazeta\/"}]}},"_links":{"self":[{"href":"https:\/\/nk7-testes.com.br\/agazeta\/wp-json\/wp\/v2\/posts\/26187","targetHints":{"allow":["GET"]}}],"collection":[{"href":"https:\/\/nk7-testes.com.br\/agazeta\/wp-json\/wp\/v2\/posts"}],"about":[{"href":"https:\/\/nk7-testes.com.br\/agazeta\/wp-json\/wp\/v2\/types\/post"}],"author":[{"embeddable":true,"href":"https:\/\/nk7-testes.com.br\/agazeta\/wp-json\/wp\/v2\/users\/4"}],"replies":[{"embeddable":true,"href":"https:\/\/nk7-testes.com.br\/agazeta\/wp-json\/wp\/v2\/comments?post=26187"}],"version-history":[{"count":0,"href":"https:\/\/nk7-testes.com.br\/agazeta\/wp-json\/wp\/v2\/posts\/26187\/revisions"}],"wp:featuredmedia":[{"embeddable":true,"href":"https:\/\/nk7-testes.com.br\/agazeta\/wp-json\/wp\/v2\/media\/26186"}],"wp:attachment":[{"href":"https:\/\/nk7-testes.com.br\/agazeta\/wp-json\/wp\/v2\/media?parent=26187"}],"wp:term":[{"taxonomy":"category","embeddable":true,"href":"https:\/\/nk7-testes.com.br\/agazeta\/wp-json\/wp\/v2\/categories?post=26187"},{"taxonomy":"post_tag","embeddable":true,"href":"https:\/\/nk7-testes.com.br\/agazeta\/wp-json\/wp\/v2\/tags?post=26187"}],"curies":[{"name":"wp","href":"https:\/\/api.w.org\/{rel}","templated":true}]}}