{"id":26166,"date":"2016-10-31T21:17:08","date_gmt":"2016-10-31T21:17:08","guid":{"rendered":"https:\/\/abarevegan.com.br\/index.php\/2016\/10\/31\/spc-aponta-aumento-de-inadimplencia-no-acre\/"},"modified":"2016-10-31T21:17:08","modified_gmt":"2016-10-31T21:17:08","slug":"spc-aponta-aumento-de-inadimplencia-no-acre","status":"publish","type":"post","link":"https:\/\/nk7-testes.com.br\/agazeta\/spc-aponta-aumento-de-inadimplencia-no-acre\/","title":{"rendered":"SPC aponta aumento de inadimpl\u00eancia no Acre"},"content":{"rendered":"<p style=\"text-align: justify;\"><span style=\"font-size: 13.2px; text-align: justify;\">\u201cEsse ano de 2016 ser\u00e1 um per\u00edodo para ser esquecido&#8221;<\/span><\/p>\n<p style=\"text-align: justify;\">Os dados do m\u00eas de setembro do Servi\u00e7o de Prote\u00e7\u00e3o ao Cr\u00e9dito (SPC) mostram que a inadimpl\u00eancia no Acre aumentou em 15%, e para piorar, os consumidores est\u00e3o indo cada vez menos \u00e0s compras.<\/p>\n<p style=\"text-align: justify;\">Quando se analisa os n\u00fameros das consultas dos comerciantes, para saber se o cliente tem problemas com cr\u00e9dito, verifica-se que eles v\u00eam caindo m\u00eas a m\u00eas. No m\u00eas de agosto, por exemplo, foram 12.450 liga\u00e7\u00f5es para o servi\u00e7o de prote\u00e7\u00e3o ao cr\u00e9dito, s\u00f3 que nesse mesmo per\u00edodo no ano passado foram 17 mil, ou seja, quase 5 mil a mais.<\/p>\n<p style=\"text-align: justify;\">A redu\u00e7\u00e3o dos n\u00fameros apontada na pesquisa n\u00e3o significa que os comerciantes est\u00e3o confiando nos clientes, mostra na verdade a redu\u00e7\u00e3o nas vendas. Os consumidores sumiram e as lojas passam a maior parte do tempo vazias.<\/p>\n<p style=\"text-align: justify;\">O n\u00famero de pessoas que foram negativadas no SPC tamb\u00e9m vem crescendo a cada m\u00eas desse ano. Para o presidente da Associa\u00e7\u00e3o Comercial do Acre, Celestino Bento de Oliveira, n\u00e3o adianta os comerciantes ficarem otimistas com as vendas de Natal, j\u00e1 que existe pouco dinheiro no mercado. \u201cEsse ano de 2016 ser\u00e1 um per\u00edodo para ser esquecido. Nunca os empres\u00e1rios sofreram tanto, ficaram perto de fechar as portas e se encheram de d\u00edvidas. Esperamos uma melhora para 2017, caso contr\u00e1rio ser\u00e3o muitas demiss\u00f5es e fal\u00eancias,\u201d alertou.<\/p>\n<p style=\"text-align: justify;\">Sem cr\u00e9dito na pra\u00e7a, muita gente perdeu poder de compra. Essa retra\u00e7\u00e3o nas contas mostra um fator positivo: muitos est\u00e3o procurando o SPC para pagar as contas e limpar os nomes. At\u00e9 setembro eram quase 27 mil consumidores que voltaram a respirar com o nome limpo na pra\u00e7a. \u201cA tend\u00eancia natural \u00e9 que muitos trabalhadores usem o d\u00e9cimo terceiro sal\u00e1rio para quitar d\u00e9bitos antigos. Sem a sobra desse dinheiro do final do ano, podem se considerar comprometidas as compras de natal.\u201d Finalizou Oliveira.<\/p>\n","protected":false},"excerpt":{"rendered":"<p style=\"text-align: justify;\"><span style=\"font-size: 13.2px; text-align: justify;\">\u201cEsse ano de 2016 ser\u00e1 um per\u00edodo para ser esquecido&#8221;<\/span><\/p>\n","protected":false},"author":4,"featured_media":26165,"comment_status":"open","ping_status":"open","sticky":false,"template":"","format":"standard","meta":{"jnews-multi-image_gallery":[],"jnews_single_post":[],"jnews_primary_category":[],"jnews_social_meta":[],"jnews_review":[],"enable_review":"","type":"","name":"","summary":"","brand":"","sku":"","good":[],"bad":[],"score_override":"","override_value":"","rating":[],"price":[],"footnotes":""},"categories":[54],"tags":[],"class_list":["post-26166","post","type-post","status-publish","format-standard","has-post-thumbnail","hentry","category-cotidiano"],"yoast_head":"<!-- This site is optimized with the Yoast SEO plugin v26.5 - https:\/\/yoast.com\/wordpress\/plugins\/seo\/ -->\n<title>SPC aponta aumento de inadimpl\u00eancia no Acre - Agazeta.net<\/title>\n<meta name=\"robots\" content=\"index, follow, max-snippet:-1, max-image-preview:large, max-video-preview:-1\" \/>\n<link rel=\"canonical\" href=\"https:\/\/nk7-testes.com.br\/agazeta\/spc-aponta-aumento-de-inadimplencia-no-acre\/\" \/>\n<meta property=\"og:locale\" content=\"pt_BR\" \/>\n<meta property=\"og:type\" content=\"article\" \/>\n<meta property=\"og:title\" content=\"SPC aponta aumento de inadimpl\u00eancia no Acre - Agazeta.net\" \/>\n<meta property=\"og:description\" content=\"\u201cEsse ano de 2016 ser\u00e1 um per\u00edodo para ser esquecido&quot;\" \/>\n<meta property=\"og:url\" content=\"https:\/\/nk7-testes.com.br\/agazeta\/spc-aponta-aumento-de-inadimplencia-no-acre\/\" \/>\n<meta property=\"og:site_name\" content=\"Agazeta.net\" \/>\n<meta property=\"article:published_time\" content=\"2016-10-31T21:17:08+00:00\" \/>\n<meta property=\"og:image\" content=\"https:\/\/nk7-testes.com.br\/agazeta\/wp-content\/uploads\/2016\/10\/311016-cotidiano-comercioembaixa-acisa.jpg\" \/>\n\t<meta property=\"og:image:width\" content=\"458\" \/>\n\t<meta property=\"og:image:height\" content=\"336\" \/>\n\t<meta property=\"og:image:type\" content=\"image\/jpeg\" \/>\n<meta name=\"author\" content=\"Agazeta.Net\" \/>\n<meta name=\"twitter:card\" content=\"summary_large_image\" \/>\n<meta name=\"twitter:label1\" content=\"Escrito por\" \/>\n\t<meta name=\"twitter:data1\" content=\"Agazeta.Net\" \/>\n\t<meta name=\"twitter:label2\" content=\"Est. tempo de leitura\" \/>\n\t<meta name=\"twitter:data2\" content=\"2 minutos\" \/>\n<script type=\"application\/ld+json\" class=\"yoast-schema-graph\">{\"@context\":\"https:\/\/schema.org\",\"@graph\":[{\"@type\":\"WebPage\",\"@id\":\"https:\/\/nk7-testes.com.br\/agazeta\/spc-aponta-aumento-de-inadimplencia-no-acre\/\",\"url\":\"https:\/\/nk7-testes.com.br\/agazeta\/spc-aponta-aumento-de-inadimplencia-no-acre\/\",\"name\":\"SPC aponta aumento de inadimpl\u00eancia no Acre - Agazeta.net\",\"isPartOf\":{\"@id\":\"https:\/\/nk7-testes.com.br\/agazeta\/#website\"},\"primaryImageOfPage\":{\"@id\":\"https:\/\/nk7-testes.com.br\/agazeta\/spc-aponta-aumento-de-inadimplencia-no-acre\/#primaryimage\"},\"image\":{\"@id\":\"https:\/\/nk7-testes.com.br\/agazeta\/spc-aponta-aumento-de-inadimplencia-no-acre\/#primaryimage\"},\"thumbnailUrl\":\"https:\/\/nk7-testes.com.br\/agazeta\/wp-content\/uploads\/2016\/10\/311016-cotidiano-comercioembaixa-acisa.jpg\",\"datePublished\":\"2016-10-31T21:17:08+00:00\",\"author\":{\"@id\":\"https:\/\/nk7-testes.com.br\/agazeta\/#\/schema\/person\/ff6b39d54d6973bfc57f4140f659b23f\"},\"breadcrumb\":{\"@id\":\"https:\/\/nk7-testes.com.br\/agazeta\/spc-aponta-aumento-de-inadimplencia-no-acre\/#breadcrumb\"},\"inLanguage\":\"pt-BR\",\"potentialAction\":[{\"@type\":\"ReadAction\",\"target\":[\"https:\/\/nk7-testes.com.br\/agazeta\/spc-aponta-aumento-de-inadimplencia-no-acre\/\"]}]},{\"@type\":\"ImageObject\",\"inLanguage\":\"pt-BR\",\"@id\":\"https:\/\/nk7-testes.com.br\/agazeta\/spc-aponta-aumento-de-inadimplencia-no-acre\/#primaryimage\",\"url\":\"https:\/\/nk7-testes.com.br\/agazeta\/wp-content\/uploads\/2016\/10\/311016-cotidiano-comercioembaixa-acisa.jpg\",\"contentUrl\":\"https:\/\/nk7-testes.com.br\/agazeta\/wp-content\/uploads\/2016\/10\/311016-cotidiano-comercioembaixa-acisa.jpg\",\"width\":458,\"height\":336,\"caption\":\"311016-cotidiano-comercioembaixa-acisa\"},{\"@type\":\"BreadcrumbList\",\"@id\":\"https:\/\/nk7-testes.com.br\/agazeta\/spc-aponta-aumento-de-inadimplencia-no-acre\/#breadcrumb\",\"itemListElement\":[{\"@type\":\"ListItem\",\"position\":1,\"name\":\"In\u00edcio\",\"item\":\"https:\/\/nk7-testes.com.br\/agazeta\/\"},{\"@type\":\"ListItem\",\"position\":2,\"name\":\"SPC aponta aumento de inadimpl\u00eancia no Acre\"}]},{\"@type\":\"WebSite\",\"@id\":\"https:\/\/nk7-testes.com.br\/agazeta\/#website\",\"url\":\"https:\/\/nk7-testes.com.br\/agazeta\/\",\"name\":\"Agazeta.net\",\"description\":\"Agazeta.net - Not\u00edcias de Rio Branco\/AC\",\"potentialAction\":[{\"@type\":\"SearchAction\",\"target\":{\"@type\":\"EntryPoint\",\"urlTemplate\":\"https:\/\/nk7-testes.com.br\/agazeta\/?s={search_term_string}\"},\"query-input\":{\"@type\":\"PropertyValueSpecification\",\"valueRequired\":true,\"valueName\":\"search_term_string\"}}],\"inLanguage\":\"pt-BR\"},{\"@type\":\"Person\",\"@id\":\"https:\/\/nk7-testes.com.br\/agazeta\/#\/schema\/person\/ff6b39d54d6973bfc57f4140f659b23f\",\"name\":\"Agazeta.Net\",\"url\":\"https:\/\/nk7-testes.com.br\/agazeta\/author\/agazeta\/\"}]}<\/script>\n<!-- \/ Yoast SEO plugin. -->","yoast_head_json":{"title":"SPC aponta aumento de inadimpl\u00eancia no Acre - Agazeta.net","robots":{"index":"index","follow":"follow","max-snippet":"max-snippet:-1","max-image-preview":"max-image-preview:large","max-video-preview":"max-video-preview:-1"},"canonical":"https:\/\/nk7-testes.com.br\/agazeta\/spc-aponta-aumento-de-inadimplencia-no-acre\/","og_locale":"pt_BR","og_type":"article","og_title":"SPC aponta aumento de inadimpl\u00eancia no Acre - Agazeta.net","og_description":"\u201cEsse ano de 2016 ser\u00e1 um per\u00edodo para ser esquecido\"","og_url":"https:\/\/nk7-testes.com.br\/agazeta\/spc-aponta-aumento-de-inadimplencia-no-acre\/","og_site_name":"Agazeta.net","article_published_time":"2016-10-31T21:17:08+00:00","og_image":[{"width":458,"height":336,"url":"https:\/\/nk7-testes.com.br\/agazeta\/wp-content\/uploads\/2016\/10\/311016-cotidiano-comercioembaixa-acisa.jpg","type":"image\/jpeg"}],"author":"Agazeta.Net","twitter_card":"summary_large_image","twitter_misc":{"Escrito por":"Agazeta.Net","Est. tempo de leitura":"2 minutos"},"schema":{"@context":"https:\/\/schema.org","@graph":[{"@type":"WebPage","@id":"https:\/\/nk7-testes.com.br\/agazeta\/spc-aponta-aumento-de-inadimplencia-no-acre\/","url":"https:\/\/nk7-testes.com.br\/agazeta\/spc-aponta-aumento-de-inadimplencia-no-acre\/","name":"SPC aponta aumento de inadimpl\u00eancia no Acre - Agazeta.net","isPartOf":{"@id":"https:\/\/nk7-testes.com.br\/agazeta\/#website"},"primaryImageOfPage":{"@id":"https:\/\/nk7-testes.com.br\/agazeta\/spc-aponta-aumento-de-inadimplencia-no-acre\/#primaryimage"},"image":{"@id":"https:\/\/nk7-testes.com.br\/agazeta\/spc-aponta-aumento-de-inadimplencia-no-acre\/#primaryimage"},"thumbnailUrl":"https:\/\/nk7-testes.com.br\/agazeta\/wp-content\/uploads\/2016\/10\/311016-cotidiano-comercioembaixa-acisa.jpg","datePublished":"2016-10-31T21:17:08+00:00","author":{"@id":"https:\/\/nk7-testes.com.br\/agazeta\/#\/schema\/person\/ff6b39d54d6973bfc57f4140f659b23f"},"breadcrumb":{"@id":"https:\/\/nk7-testes.com.br\/agazeta\/spc-aponta-aumento-de-inadimplencia-no-acre\/#breadcrumb"},"inLanguage":"pt-BR","potentialAction":[{"@type":"ReadAction","target":["https:\/\/nk7-testes.com.br\/agazeta\/spc-aponta-aumento-de-inadimplencia-no-acre\/"]}]},{"@type":"ImageObject","inLanguage":"pt-BR","@id":"https:\/\/nk7-testes.com.br\/agazeta\/spc-aponta-aumento-de-inadimplencia-no-acre\/#primaryimage","url":"https:\/\/nk7-testes.com.br\/agazeta\/wp-content\/uploads\/2016\/10\/311016-cotidiano-comercioembaixa-acisa.jpg","contentUrl":"https:\/\/nk7-testes.com.br\/agazeta\/wp-content\/uploads\/2016\/10\/311016-cotidiano-comercioembaixa-acisa.jpg","width":458,"height":336,"caption":"311016-cotidiano-comercioembaixa-acisa"},{"@type":"BreadcrumbList","@id":"https:\/\/nk7-testes.com.br\/agazeta\/spc-aponta-aumento-de-inadimplencia-no-acre\/#breadcrumb","itemListElement":[{"@type":"ListItem","position":1,"name":"In\u00edcio","item":"https:\/\/nk7-testes.com.br\/agazeta\/"},{"@type":"ListItem","position":2,"name":"SPC aponta aumento de inadimpl\u00eancia no Acre"}]},{"@type":"WebSite","@id":"https:\/\/nk7-testes.com.br\/agazeta\/#website","url":"https:\/\/nk7-testes.com.br\/agazeta\/","name":"Agazeta.net","description":"Agazeta.net - Not\u00edcias de Rio Branco\/AC","potentialAction":[{"@type":"SearchAction","target":{"@type":"EntryPoint","urlTemplate":"https:\/\/nk7-testes.com.br\/agazeta\/?s={search_term_string}"},"query-input":{"@type":"PropertyValueSpecification","valueRequired":true,"valueName":"search_term_string"}}],"inLanguage":"pt-BR"},{"@type":"Person","@id":"https:\/\/nk7-testes.com.br\/agazeta\/#\/schema\/person\/ff6b39d54d6973bfc57f4140f659b23f","name":"Agazeta.Net","url":"https:\/\/nk7-testes.com.br\/agazeta\/author\/agazeta\/"}]}},"_links":{"self":[{"href":"https:\/\/nk7-testes.com.br\/agazeta\/wp-json\/wp\/v2\/posts\/26166","targetHints":{"allow":["GET"]}}],"collection":[{"href":"https:\/\/nk7-testes.com.br\/agazeta\/wp-json\/wp\/v2\/posts"}],"about":[{"href":"https:\/\/nk7-testes.com.br\/agazeta\/wp-json\/wp\/v2\/types\/post"}],"author":[{"embeddable":true,"href":"https:\/\/nk7-testes.com.br\/agazeta\/wp-json\/wp\/v2\/users\/4"}],"replies":[{"embeddable":true,"href":"https:\/\/nk7-testes.com.br\/agazeta\/wp-json\/wp\/v2\/comments?post=26166"}],"version-history":[{"count":0,"href":"https:\/\/nk7-testes.com.br\/agazeta\/wp-json\/wp\/v2\/posts\/26166\/revisions"}],"wp:featuredmedia":[{"embeddable":true,"href":"https:\/\/nk7-testes.com.br\/agazeta\/wp-json\/wp\/v2\/media\/26165"}],"wp:attachment":[{"href":"https:\/\/nk7-testes.com.br\/agazeta\/wp-json\/wp\/v2\/media?parent=26166"}],"wp:term":[{"taxonomy":"category","embeddable":true,"href":"https:\/\/nk7-testes.com.br\/agazeta\/wp-json\/wp\/v2\/categories?post=26166"},{"taxonomy":"post_tag","embeddable":true,"href":"https:\/\/nk7-testes.com.br\/agazeta\/wp-json\/wp\/v2\/tags?post=26166"}],"curies":[{"name":"wp","href":"https:\/\/api.w.org\/{rel}","templated":true}]}}