{"id":26141,"date":"2016-10-29T16:40:25","date_gmt":"2016-10-29T16:40:25","guid":{"rendered":"https:\/\/abarevegan.com.br\/index.php\/2016\/10\/29\/cemiterios-da-capital-reformados-para-dia-de-finados\/"},"modified":"2016-10-29T16:40:25","modified_gmt":"2016-10-29T16:40:25","slug":"cemiterios-da-capital-reformados-para-dia-de-finados","status":"publish","type":"post","link":"https:\/\/nk7-testes.com.br\/agazeta\/cemiterios-da-capital-reformados-para-dia-de-finados\/","title":{"rendered":"Cemit\u00e9rios da capital reformados para Dia de Finados"},"content":{"rendered":"<p style=\"text-align: justify;\">Movimenta\u00e7\u00e3o aumenta com proximidade da data cat\u00f3lica<\/p>\n<p style=\"text-align: justify;\">Os cemit\u00e9rios municipais receberam uma &#8220;a\u00e7\u00e3o pente fino&#8221; na \u00faltima semana, pra garantir que tudo estivesse pronto para o dia de finados. As reformas e constru\u00e7\u00f5es de t\u00famulos tamb\u00e9m finalizaram no \u00faltimo s\u00e1bado.<\/p>\n<p style=\"text-align: justify;\">A grama j\u00e1 foi cortada e o mato no entorno dos cemit\u00e9rios tamb\u00e9m j\u00e1 foi ro\u00e7ado. Alguns dos servi\u00e7os principais para aguardar o dia de finados aconteceram at\u00e9 o final de semana em todos os cemit\u00e9rios p\u00fablicos da Capital.<\/p>\n<p style=\"text-align: justify;\">O zelador do cemit\u00e9rio Jardim da Saudade, no Bairro Tancredo Neves, dedica boa parte do dia limpando as \u00e1reas pr\u00f3ximas \u00e1s mangueiras. Ricardo santos espera vencer a produ\u00e7\u00e3o de mangas at\u00e9 o dia 02. \u201cA gente trabalha com dedica\u00e7\u00e3o e vence\u201d, disse sorrindo.<\/p>\n<p style=\"text-align: justify;\">Segundo o coordenador do setor da Secretaria municipal de servi\u00e7os urbanos (Semsur), El\u00e1dio Meireles, a a\u00e7\u00e3o &#8220;pente fino&#8221; \u00e9 espec\u00edfica pra data, mas isso n\u00e3o significa que os cemit\u00e9rios ficam no abandono durante o restante do ano.<\/p>\n<p style=\"text-align: justify;\">\u201cCemit\u00e9rio \u00e9 um lugar que \u00e9 visitado todos os dias e fazemos limpeza geral todos os meses em todos os cemit\u00e9rios, mas para o dia de finados a gente d\u00e1 uma caprichada a mais por que \u00e9 muito freq\u00fcentado. Tem cemit\u00e9rios que recebe de 15 a 20 mil pessoas por dia\u201d, afirmou.<\/p>\n<p style=\"text-align: justify;\">A expectativa \u00e9 que at\u00e9 ter\u00e7a-feira (1), todos os detalhes da organiza\u00e7\u00e3o para o dia de finados estejam prontos. \u201cPra fechar a organiza\u00e7\u00e3o na segunda-feira iniciamos a coloca\u00e7\u00e3o de tendas, mesas, e \u00e1gua pra popula\u00e7\u00e3o\u201d, explicou El\u00e1dio.<\/p>\n<p style=\"text-align: justify;\">Al\u00e9m da limpeza do servi\u00e7o municipal, tamb\u00e9m intensificou na \u00faltima semana a visita\u00e7\u00e3o nos cemit\u00e9rios. Parentes dos entes que se foram ornamentam e tamb\u00e9m cuidam de pequenas reformas em t\u00famulos. O prazo pra esse tipo de servi\u00e7o terminou no \u00faltimo s\u00e1bado.<\/p>\n","protected":false},"excerpt":{"rendered":"<p style=\"text-align: justify;\">Movimenta\u00e7\u00e3o aumenta com proximidade da data cat\u00f3lica<\/p>\n","protected":false},"author":4,"featured_media":26140,"comment_status":"open","ping_status":"open","sticky":false,"template":"","format":"standard","meta":{"jnews-multi-image_gallery":[],"jnews_single_post":[],"jnews_primary_category":[],"jnews_social_meta":[],"jnews_review":[],"enable_review":"","type":"","name":"","summary":"","brand":"","sku":"","good":[],"bad":[],"score_override":"","override_value":"","rating":[],"price":[],"footnotes":""},"categories":[54],"tags":[],"class_list":["post-26141","post","type-post","status-publish","format-standard","has-post-thumbnail","hentry","category-cotidiano"],"yoast_head":"<!-- This site is optimized with the Yoast SEO plugin v26.5 - https:\/\/yoast.com\/wordpress\/plugins\/seo\/ -->\n<title>Cemit\u00e9rios da capital reformados para Dia de Finados - Agazeta.net<\/title>\n<meta name=\"robots\" content=\"index, follow, max-snippet:-1, max-image-preview:large, max-video-preview:-1\" \/>\n<link rel=\"canonical\" href=\"https:\/\/nk7-testes.com.br\/agazeta\/cemiterios-da-capital-reformados-para-dia-de-finados\/\" \/>\n<meta property=\"og:locale\" content=\"pt_BR\" \/>\n<meta property=\"og:type\" content=\"article\" \/>\n<meta property=\"og:title\" content=\"Cemit\u00e9rios da capital reformados para Dia de Finados - Agazeta.net\" \/>\n<meta property=\"og:description\" content=\"Movimenta\u00e7\u00e3o aumenta com proximidade da data cat\u00f3lica\" \/>\n<meta property=\"og:url\" content=\"https:\/\/nk7-testes.com.br\/agazeta\/cemiterios-da-capital-reformados-para-dia-de-finados\/\" \/>\n<meta property=\"og:site_name\" content=\"Agazeta.net\" \/>\n<meta property=\"article:published_time\" content=\"2016-10-29T16:40:25+00:00\" \/>\n<meta property=\"og:image\" content=\"https:\/\/nk7-testes.com.br\/agazeta\/wp-content\/uploads\/2016\/10\/291016-diafinados-jornalatribuna.jpg\" \/>\n\t<meta property=\"og:image:width\" content=\"458\" \/>\n\t<meta property=\"og:image:height\" content=\"340\" \/>\n\t<meta property=\"og:image:type\" content=\"image\/jpeg\" \/>\n<meta name=\"author\" content=\"Agazeta.Net\" \/>\n<meta name=\"twitter:card\" content=\"summary_large_image\" \/>\n<meta name=\"twitter:label1\" content=\"Escrito por\" \/>\n\t<meta name=\"twitter:data1\" content=\"Agazeta.Net\" \/>\n\t<meta name=\"twitter:label2\" content=\"Est. tempo de leitura\" \/>\n\t<meta name=\"twitter:data2\" content=\"2 minutos\" \/>\n<script type=\"application\/ld+json\" class=\"yoast-schema-graph\">{\"@context\":\"https:\/\/schema.org\",\"@graph\":[{\"@type\":\"WebPage\",\"@id\":\"https:\/\/nk7-testes.com.br\/agazeta\/cemiterios-da-capital-reformados-para-dia-de-finados\/\",\"url\":\"https:\/\/nk7-testes.com.br\/agazeta\/cemiterios-da-capital-reformados-para-dia-de-finados\/\",\"name\":\"Cemit\u00e9rios da capital reformados para Dia de Finados - Agazeta.net\",\"isPartOf\":{\"@id\":\"https:\/\/nk7-testes.com.br\/agazeta\/#website\"},\"primaryImageOfPage\":{\"@id\":\"https:\/\/nk7-testes.com.br\/agazeta\/cemiterios-da-capital-reformados-para-dia-de-finados\/#primaryimage\"},\"image\":{\"@id\":\"https:\/\/nk7-testes.com.br\/agazeta\/cemiterios-da-capital-reformados-para-dia-de-finados\/#primaryimage\"},\"thumbnailUrl\":\"https:\/\/nk7-testes.com.br\/agazeta\/wp-content\/uploads\/2016\/10\/291016-diafinados-jornalatribuna.jpg\",\"datePublished\":\"2016-10-29T16:40:25+00:00\",\"author\":{\"@id\":\"https:\/\/nk7-testes.com.br\/agazeta\/#\/schema\/person\/ff6b39d54d6973bfc57f4140f659b23f\"},\"breadcrumb\":{\"@id\":\"https:\/\/nk7-testes.com.br\/agazeta\/cemiterios-da-capital-reformados-para-dia-de-finados\/#breadcrumb\"},\"inLanguage\":\"pt-BR\",\"potentialAction\":[{\"@type\":\"ReadAction\",\"target\":[\"https:\/\/nk7-testes.com.br\/agazeta\/cemiterios-da-capital-reformados-para-dia-de-finados\/\"]}]},{\"@type\":\"ImageObject\",\"inLanguage\":\"pt-BR\",\"@id\":\"https:\/\/nk7-testes.com.br\/agazeta\/cemiterios-da-capital-reformados-para-dia-de-finados\/#primaryimage\",\"url\":\"https:\/\/nk7-testes.com.br\/agazeta\/wp-content\/uploads\/2016\/10\/291016-diafinados-jornalatribuna.jpg\",\"contentUrl\":\"https:\/\/nk7-testes.com.br\/agazeta\/wp-content\/uploads\/2016\/10\/291016-diafinados-jornalatribuna.jpg\",\"width\":458,\"height\":340,\"caption\":\"291016-diafinados-jornalatribuna\"},{\"@type\":\"BreadcrumbList\",\"@id\":\"https:\/\/nk7-testes.com.br\/agazeta\/cemiterios-da-capital-reformados-para-dia-de-finados\/#breadcrumb\",\"itemListElement\":[{\"@type\":\"ListItem\",\"position\":1,\"name\":\"In\u00edcio\",\"item\":\"https:\/\/nk7-testes.com.br\/agazeta\/\"},{\"@type\":\"ListItem\",\"position\":2,\"name\":\"Cemit\u00e9rios da capital reformados para Dia de Finados\"}]},{\"@type\":\"WebSite\",\"@id\":\"https:\/\/nk7-testes.com.br\/agazeta\/#website\",\"url\":\"https:\/\/nk7-testes.com.br\/agazeta\/\",\"name\":\"Agazeta.net\",\"description\":\"Agazeta.net - Not\u00edcias de Rio Branco\/AC\",\"potentialAction\":[{\"@type\":\"SearchAction\",\"target\":{\"@type\":\"EntryPoint\",\"urlTemplate\":\"https:\/\/nk7-testes.com.br\/agazeta\/?s={search_term_string}\"},\"query-input\":{\"@type\":\"PropertyValueSpecification\",\"valueRequired\":true,\"valueName\":\"search_term_string\"}}],\"inLanguage\":\"pt-BR\"},{\"@type\":\"Person\",\"@id\":\"https:\/\/nk7-testes.com.br\/agazeta\/#\/schema\/person\/ff6b39d54d6973bfc57f4140f659b23f\",\"name\":\"Agazeta.Net\",\"url\":\"https:\/\/nk7-testes.com.br\/agazeta\/author\/agazeta\/\"}]}<\/script>\n<!-- \/ Yoast SEO plugin. -->","yoast_head_json":{"title":"Cemit\u00e9rios da capital reformados para Dia de Finados - Agazeta.net","robots":{"index":"index","follow":"follow","max-snippet":"max-snippet:-1","max-image-preview":"max-image-preview:large","max-video-preview":"max-video-preview:-1"},"canonical":"https:\/\/nk7-testes.com.br\/agazeta\/cemiterios-da-capital-reformados-para-dia-de-finados\/","og_locale":"pt_BR","og_type":"article","og_title":"Cemit\u00e9rios da capital reformados para Dia de Finados - Agazeta.net","og_description":"Movimenta\u00e7\u00e3o aumenta com proximidade da data cat\u00f3lica","og_url":"https:\/\/nk7-testes.com.br\/agazeta\/cemiterios-da-capital-reformados-para-dia-de-finados\/","og_site_name":"Agazeta.net","article_published_time":"2016-10-29T16:40:25+00:00","og_image":[{"width":458,"height":340,"url":"https:\/\/nk7-testes.com.br\/agazeta\/wp-content\/uploads\/2016\/10\/291016-diafinados-jornalatribuna.jpg","type":"image\/jpeg"}],"author":"Agazeta.Net","twitter_card":"summary_large_image","twitter_misc":{"Escrito por":"Agazeta.Net","Est. tempo de leitura":"2 minutos"},"schema":{"@context":"https:\/\/schema.org","@graph":[{"@type":"WebPage","@id":"https:\/\/nk7-testes.com.br\/agazeta\/cemiterios-da-capital-reformados-para-dia-de-finados\/","url":"https:\/\/nk7-testes.com.br\/agazeta\/cemiterios-da-capital-reformados-para-dia-de-finados\/","name":"Cemit\u00e9rios da capital reformados para Dia de Finados - Agazeta.net","isPartOf":{"@id":"https:\/\/nk7-testes.com.br\/agazeta\/#website"},"primaryImageOfPage":{"@id":"https:\/\/nk7-testes.com.br\/agazeta\/cemiterios-da-capital-reformados-para-dia-de-finados\/#primaryimage"},"image":{"@id":"https:\/\/nk7-testes.com.br\/agazeta\/cemiterios-da-capital-reformados-para-dia-de-finados\/#primaryimage"},"thumbnailUrl":"https:\/\/nk7-testes.com.br\/agazeta\/wp-content\/uploads\/2016\/10\/291016-diafinados-jornalatribuna.jpg","datePublished":"2016-10-29T16:40:25+00:00","author":{"@id":"https:\/\/nk7-testes.com.br\/agazeta\/#\/schema\/person\/ff6b39d54d6973bfc57f4140f659b23f"},"breadcrumb":{"@id":"https:\/\/nk7-testes.com.br\/agazeta\/cemiterios-da-capital-reformados-para-dia-de-finados\/#breadcrumb"},"inLanguage":"pt-BR","potentialAction":[{"@type":"ReadAction","target":["https:\/\/nk7-testes.com.br\/agazeta\/cemiterios-da-capital-reformados-para-dia-de-finados\/"]}]},{"@type":"ImageObject","inLanguage":"pt-BR","@id":"https:\/\/nk7-testes.com.br\/agazeta\/cemiterios-da-capital-reformados-para-dia-de-finados\/#primaryimage","url":"https:\/\/nk7-testes.com.br\/agazeta\/wp-content\/uploads\/2016\/10\/291016-diafinados-jornalatribuna.jpg","contentUrl":"https:\/\/nk7-testes.com.br\/agazeta\/wp-content\/uploads\/2016\/10\/291016-diafinados-jornalatribuna.jpg","width":458,"height":340,"caption":"291016-diafinados-jornalatribuna"},{"@type":"BreadcrumbList","@id":"https:\/\/nk7-testes.com.br\/agazeta\/cemiterios-da-capital-reformados-para-dia-de-finados\/#breadcrumb","itemListElement":[{"@type":"ListItem","position":1,"name":"In\u00edcio","item":"https:\/\/nk7-testes.com.br\/agazeta\/"},{"@type":"ListItem","position":2,"name":"Cemit\u00e9rios da capital reformados para Dia de Finados"}]},{"@type":"WebSite","@id":"https:\/\/nk7-testes.com.br\/agazeta\/#website","url":"https:\/\/nk7-testes.com.br\/agazeta\/","name":"Agazeta.net","description":"Agazeta.net - Not\u00edcias de Rio Branco\/AC","potentialAction":[{"@type":"SearchAction","target":{"@type":"EntryPoint","urlTemplate":"https:\/\/nk7-testes.com.br\/agazeta\/?s={search_term_string}"},"query-input":{"@type":"PropertyValueSpecification","valueRequired":true,"valueName":"search_term_string"}}],"inLanguage":"pt-BR"},{"@type":"Person","@id":"https:\/\/nk7-testes.com.br\/agazeta\/#\/schema\/person\/ff6b39d54d6973bfc57f4140f659b23f","name":"Agazeta.Net","url":"https:\/\/nk7-testes.com.br\/agazeta\/author\/agazeta\/"}]}},"_links":{"self":[{"href":"https:\/\/nk7-testes.com.br\/agazeta\/wp-json\/wp\/v2\/posts\/26141","targetHints":{"allow":["GET"]}}],"collection":[{"href":"https:\/\/nk7-testes.com.br\/agazeta\/wp-json\/wp\/v2\/posts"}],"about":[{"href":"https:\/\/nk7-testes.com.br\/agazeta\/wp-json\/wp\/v2\/types\/post"}],"author":[{"embeddable":true,"href":"https:\/\/nk7-testes.com.br\/agazeta\/wp-json\/wp\/v2\/users\/4"}],"replies":[{"embeddable":true,"href":"https:\/\/nk7-testes.com.br\/agazeta\/wp-json\/wp\/v2\/comments?post=26141"}],"version-history":[{"count":0,"href":"https:\/\/nk7-testes.com.br\/agazeta\/wp-json\/wp\/v2\/posts\/26141\/revisions"}],"wp:featuredmedia":[{"embeddable":true,"href":"https:\/\/nk7-testes.com.br\/agazeta\/wp-json\/wp\/v2\/media\/26140"}],"wp:attachment":[{"href":"https:\/\/nk7-testes.com.br\/agazeta\/wp-json\/wp\/v2\/media?parent=26141"}],"wp:term":[{"taxonomy":"category","embeddable":true,"href":"https:\/\/nk7-testes.com.br\/agazeta\/wp-json\/wp\/v2\/categories?post=26141"},{"taxonomy":"post_tag","embeddable":true,"href":"https:\/\/nk7-testes.com.br\/agazeta\/wp-json\/wp\/v2\/tags?post=26141"}],"curies":[{"name":"wp","href":"https:\/\/api.w.org\/{rel}","templated":true}]}}