{"id":26134,"date":"2016-10-28T14:16:28","date_gmt":"2016-10-28T14:16:28","guid":{"rendered":"https:\/\/abarevegan.com.br\/index.php\/2016\/10\/28\/vinte-organizacoes-apresentam-produtos-de-extracao-florestal\/"},"modified":"2016-10-28T14:16:28","modified_gmt":"2016-10-28T14:16:28","slug":"vinte-organizacoes-apresentam-produtos-de-extracao-florestal","status":"publish","type":"post","link":"https:\/\/nk7-testes.com.br\/agazeta\/vinte-organizacoes-apresentam-produtos-de-extracao-florestal\/","title":{"rendered":"Vinte organiza\u00e7\u00f5es apresentam produtos de extra\u00e7\u00e3o florestal"},"content":{"rendered":"<p style=\"text-align: justify;\">Viabilidade econ\u00f4mica, mesmo em baixa escala<\/p>\n<p style=\"text-align: justify;\">A Ong SOS Amaz\u00f4nia promoveu exposi\u00e7\u00e3o de produtos da sociobiodiversidade do Acre e do Amazonas. Durante a feira, os produtores refor\u00e7aram a mensagem de que o associativismo tem ajudado \u00e0s fam\u00edlias de extrativistas a viver melhor, apoiadas na ideia da sustentabilidade.<\/p>\n<p style=\"text-align: justify;\">A feira de produtos da sociobiodiversidade aconteceu em um hotel de Rio Branco e contou com a participa\u00e7\u00e3o de 20 organiza\u00e7\u00f5es de produtores. L\u00e1 estava, por exemplo, a Cooperativa agroextrativista do Mapi\u00e1 e m\u00e9dio Purus (Cooperar), que trabalha com processamento do cacau.<\/p>\n<p style=\"text-align: justify;\">Jos\u00e9 Ant\u00f4nio da Concei\u00e7\u00e3o Camilo, um dos diretores da organiza\u00e7\u00e3o localizada em Boca do Acre, explica que o trabalho envolve mais de 200 fam\u00edlias, desde os ribeirinhos que fornecem o produto, at\u00e9 os trabalhadores que processam o cacau.<\/p>\n<p style=\"text-align: justify;\">&#8220;Entre Boca do Acre e L\u00e1brea temos dois setores onde fazemos o beneficiamento, com coleta, quebra, faz a secagem, traz para o armaz\u00e9m em Boca do Acre e de l\u00e1 importa e exporta&#8221;, explica.<\/p>\n<p style=\"text-align: justify;\">8% dos chocolates amargos da ind\u00fastria de Lu\u00edsa Abram, s\u00e3o produzidos com cacau da Cooperar. O produto industrializado em S\u00e3o Paulo ganhou o mercado local e internacional.<\/p>\n<p style=\"text-align: justify;\">&#8220;O cacau nativo atrai muito. O p\u00fablico alvo gosta de saber a rastreabilidade do produto que est\u00e1 consumindo. Aqui no caso eu s\u00f3 ponho dois ingredientes ent\u00e3o fica ainda mais saud\u00e1vel. Vir aqui e olhar no olho do ribeirinho e ajudar eles e falar isso t\u00e1 dando certo, continue fazendo desse jeito, enfim, pagar por um pre\u00e7o justo, acho que isso tudo, no final, o cliente est\u00e1 come\u00e7ando a valorizar mais&#8221;, afirma Luisa Abram.<\/p>\n<p style=\"text-align: justify;\">Para quem trabalha com produtos da floresta, estar organizado tamb\u00e9m garante mais valoriza\u00e7\u00e3o aos produtos extra\u00eddos com tanta dificuldade. &#8220;O produtor tem valor agregado do produto dele, e mercado garantido para produ\u00e7\u00e3o&#8221;, disse Adison Benigno, presidente da cooperativa agro extrativista de Tarauac\u00e1 (Caet).<\/p>\n<p style=\"text-align: justify;\">Na Cooperativa de Tarauac\u00e1, s\u00e3o comercializados farinha de mandioca e frutos, mas o carro chefe e a compra e venda de borracha. &#8220;Nossa borracha vai para ind\u00fastrias de cal\u00e7ados e para ind\u00fastria de material escolar&#8221;, explica Benigno.<\/p>\n<p style=\"text-align: justify;\">A feira de produtos da sociobiodiversidade organizada pela SOS Amaz\u00f4nia, faz parte do projeto Valores da Amaz\u00f4nia, que tem objetivo de fortalecer as cooperativas e associa\u00e7\u00f5es que trabalham com produtos da floresta.<\/p>\n","protected":false},"excerpt":{"rendered":"<p style=\"text-align: justify;\">Viabilidade econ\u00f4mica, mesmo em baixa escala<\/p>\n","protected":false},"author":4,"featured_media":26133,"comment_status":"open","ping_status":"open","sticky":false,"template":"","format":"standard","meta":{"jnews-multi-image_gallery":[],"jnews_single_post":[],"jnews_primary_category":[],"jnews_social_meta":[],"jnews_review":[],"enable_review":"","type":"","name":"","summary":"","brand":"","sku":"","good":[],"bad":[],"score_override":"","override_value":"","rating":[],"price":[],"footnotes":""},"categories":[54],"tags":[],"class_list":["post-26134","post","type-post","status-publish","format-standard","has-post-thumbnail","hentry","category-cotidiano"],"yoast_head":"<!-- This site is optimized with the Yoast SEO plugin v26.5 - https:\/\/yoast.com\/wordpress\/plugins\/seo\/ -->\n<title>Vinte organiza\u00e7\u00f5es apresentam produtos de extra\u00e7\u00e3o florestal - Agazeta.net<\/title>\n<meta name=\"robots\" content=\"index, follow, max-snippet:-1, max-image-preview:large, max-video-preview:-1\" \/>\n<link rel=\"canonical\" href=\"https:\/\/nk7-testes.com.br\/agazeta\/vinte-organizacoes-apresentam-produtos-de-extracao-florestal\/\" \/>\n<meta property=\"og:locale\" content=\"pt_BR\" \/>\n<meta property=\"og:type\" content=\"article\" \/>\n<meta property=\"og:title\" content=\"Vinte organiza\u00e7\u00f5es apresentam produtos de extra\u00e7\u00e3o florestal - Agazeta.net\" \/>\n<meta property=\"og:description\" content=\"Viabilidade econ\u00f4mica, mesmo em baixa escala\" \/>\n<meta property=\"og:url\" content=\"https:\/\/nk7-testes.com.br\/agazeta\/vinte-organizacoes-apresentam-produtos-de-extracao-florestal\/\" \/>\n<meta property=\"og:site_name\" content=\"Agazeta.net\" \/>\n<meta property=\"article:published_time\" content=\"2016-10-28T14:16:28+00:00\" \/>\n<meta property=\"og:image\" content=\"https:\/\/nk7-testes.com.br\/agazeta\/wp-content\/uploads\/2016\/10\/281016-cotidiano-feiraprodutosflorestais-tvgazeta.jpg\" \/>\n\t<meta property=\"og:image:width\" content=\"458\" \/>\n\t<meta property=\"og:image:height\" content=\"340\" \/>\n\t<meta property=\"og:image:type\" content=\"image\/jpeg\" \/>\n<meta name=\"author\" content=\"Agazeta.Net\" \/>\n<meta name=\"twitter:card\" content=\"summary_large_image\" \/>\n<meta name=\"twitter:label1\" content=\"Escrito por\" \/>\n\t<meta name=\"twitter:data1\" content=\"Agazeta.Net\" \/>\n\t<meta name=\"twitter:label2\" content=\"Est. tempo de leitura\" \/>\n\t<meta name=\"twitter:data2\" content=\"2 minutos\" \/>\n<script type=\"application\/ld+json\" class=\"yoast-schema-graph\">{\"@context\":\"https:\/\/schema.org\",\"@graph\":[{\"@type\":\"WebPage\",\"@id\":\"https:\/\/nk7-testes.com.br\/agazeta\/vinte-organizacoes-apresentam-produtos-de-extracao-florestal\/\",\"url\":\"https:\/\/nk7-testes.com.br\/agazeta\/vinte-organizacoes-apresentam-produtos-de-extracao-florestal\/\",\"name\":\"Vinte organiza\u00e7\u00f5es apresentam produtos de extra\u00e7\u00e3o florestal - Agazeta.net\",\"isPartOf\":{\"@id\":\"https:\/\/nk7-testes.com.br\/agazeta\/#website\"},\"primaryImageOfPage\":{\"@id\":\"https:\/\/nk7-testes.com.br\/agazeta\/vinte-organizacoes-apresentam-produtos-de-extracao-florestal\/#primaryimage\"},\"image\":{\"@id\":\"https:\/\/nk7-testes.com.br\/agazeta\/vinte-organizacoes-apresentam-produtos-de-extracao-florestal\/#primaryimage\"},\"thumbnailUrl\":\"https:\/\/nk7-testes.com.br\/agazeta\/wp-content\/uploads\/2016\/10\/281016-cotidiano-feiraprodutosflorestais-tvgazeta.jpg\",\"datePublished\":\"2016-10-28T14:16:28+00:00\",\"author\":{\"@id\":\"https:\/\/nk7-testes.com.br\/agazeta\/#\/schema\/person\/ff6b39d54d6973bfc57f4140f659b23f\"},\"breadcrumb\":{\"@id\":\"https:\/\/nk7-testes.com.br\/agazeta\/vinte-organizacoes-apresentam-produtos-de-extracao-florestal\/#breadcrumb\"},\"inLanguage\":\"pt-BR\",\"potentialAction\":[{\"@type\":\"ReadAction\",\"target\":[\"https:\/\/nk7-testes.com.br\/agazeta\/vinte-organizacoes-apresentam-produtos-de-extracao-florestal\/\"]}]},{\"@type\":\"ImageObject\",\"inLanguage\":\"pt-BR\",\"@id\":\"https:\/\/nk7-testes.com.br\/agazeta\/vinte-organizacoes-apresentam-produtos-de-extracao-florestal\/#primaryimage\",\"url\":\"https:\/\/nk7-testes.com.br\/agazeta\/wp-content\/uploads\/2016\/10\/281016-cotidiano-feiraprodutosflorestais-tvgazeta.jpg\",\"contentUrl\":\"https:\/\/nk7-testes.com.br\/agazeta\/wp-content\/uploads\/2016\/10\/281016-cotidiano-feiraprodutosflorestais-tvgazeta.jpg\",\"width\":458,\"height\":340,\"caption\":\"281016-cotidiano-feiraprodutosflorestais-tvgazeta\"},{\"@type\":\"BreadcrumbList\",\"@id\":\"https:\/\/nk7-testes.com.br\/agazeta\/vinte-organizacoes-apresentam-produtos-de-extracao-florestal\/#breadcrumb\",\"itemListElement\":[{\"@type\":\"ListItem\",\"position\":1,\"name\":\"In\u00edcio\",\"item\":\"https:\/\/nk7-testes.com.br\/agazeta\/\"},{\"@type\":\"ListItem\",\"position\":2,\"name\":\"Vinte organiza\u00e7\u00f5es apresentam produtos de extra\u00e7\u00e3o florestal\"}]},{\"@type\":\"WebSite\",\"@id\":\"https:\/\/nk7-testes.com.br\/agazeta\/#website\",\"url\":\"https:\/\/nk7-testes.com.br\/agazeta\/\",\"name\":\"Agazeta.net\",\"description\":\"Agazeta.net - Not\u00edcias de Rio Branco\/AC\",\"potentialAction\":[{\"@type\":\"SearchAction\",\"target\":{\"@type\":\"EntryPoint\",\"urlTemplate\":\"https:\/\/nk7-testes.com.br\/agazeta\/?s={search_term_string}\"},\"query-input\":{\"@type\":\"PropertyValueSpecification\",\"valueRequired\":true,\"valueName\":\"search_term_string\"}}],\"inLanguage\":\"pt-BR\"},{\"@type\":\"Person\",\"@id\":\"https:\/\/nk7-testes.com.br\/agazeta\/#\/schema\/person\/ff6b39d54d6973bfc57f4140f659b23f\",\"name\":\"Agazeta.Net\",\"url\":\"https:\/\/nk7-testes.com.br\/agazeta\/author\/agazeta\/\"}]}<\/script>\n<!-- \/ Yoast SEO plugin. -->","yoast_head_json":{"title":"Vinte organiza\u00e7\u00f5es apresentam produtos de extra\u00e7\u00e3o florestal - Agazeta.net","robots":{"index":"index","follow":"follow","max-snippet":"max-snippet:-1","max-image-preview":"max-image-preview:large","max-video-preview":"max-video-preview:-1"},"canonical":"https:\/\/nk7-testes.com.br\/agazeta\/vinte-organizacoes-apresentam-produtos-de-extracao-florestal\/","og_locale":"pt_BR","og_type":"article","og_title":"Vinte organiza\u00e7\u00f5es apresentam produtos de extra\u00e7\u00e3o florestal - Agazeta.net","og_description":"Viabilidade econ\u00f4mica, mesmo em baixa escala","og_url":"https:\/\/nk7-testes.com.br\/agazeta\/vinte-organizacoes-apresentam-produtos-de-extracao-florestal\/","og_site_name":"Agazeta.net","article_published_time":"2016-10-28T14:16:28+00:00","og_image":[{"width":458,"height":340,"url":"https:\/\/nk7-testes.com.br\/agazeta\/wp-content\/uploads\/2016\/10\/281016-cotidiano-feiraprodutosflorestais-tvgazeta.jpg","type":"image\/jpeg"}],"author":"Agazeta.Net","twitter_card":"summary_large_image","twitter_misc":{"Escrito por":"Agazeta.Net","Est. tempo de leitura":"2 minutos"},"schema":{"@context":"https:\/\/schema.org","@graph":[{"@type":"WebPage","@id":"https:\/\/nk7-testes.com.br\/agazeta\/vinte-organizacoes-apresentam-produtos-de-extracao-florestal\/","url":"https:\/\/nk7-testes.com.br\/agazeta\/vinte-organizacoes-apresentam-produtos-de-extracao-florestal\/","name":"Vinte organiza\u00e7\u00f5es apresentam produtos de extra\u00e7\u00e3o florestal - Agazeta.net","isPartOf":{"@id":"https:\/\/nk7-testes.com.br\/agazeta\/#website"},"primaryImageOfPage":{"@id":"https:\/\/nk7-testes.com.br\/agazeta\/vinte-organizacoes-apresentam-produtos-de-extracao-florestal\/#primaryimage"},"image":{"@id":"https:\/\/nk7-testes.com.br\/agazeta\/vinte-organizacoes-apresentam-produtos-de-extracao-florestal\/#primaryimage"},"thumbnailUrl":"https:\/\/nk7-testes.com.br\/agazeta\/wp-content\/uploads\/2016\/10\/281016-cotidiano-feiraprodutosflorestais-tvgazeta.jpg","datePublished":"2016-10-28T14:16:28+00:00","author":{"@id":"https:\/\/nk7-testes.com.br\/agazeta\/#\/schema\/person\/ff6b39d54d6973bfc57f4140f659b23f"},"breadcrumb":{"@id":"https:\/\/nk7-testes.com.br\/agazeta\/vinte-organizacoes-apresentam-produtos-de-extracao-florestal\/#breadcrumb"},"inLanguage":"pt-BR","potentialAction":[{"@type":"ReadAction","target":["https:\/\/nk7-testes.com.br\/agazeta\/vinte-organizacoes-apresentam-produtos-de-extracao-florestal\/"]}]},{"@type":"ImageObject","inLanguage":"pt-BR","@id":"https:\/\/nk7-testes.com.br\/agazeta\/vinte-organizacoes-apresentam-produtos-de-extracao-florestal\/#primaryimage","url":"https:\/\/nk7-testes.com.br\/agazeta\/wp-content\/uploads\/2016\/10\/281016-cotidiano-feiraprodutosflorestais-tvgazeta.jpg","contentUrl":"https:\/\/nk7-testes.com.br\/agazeta\/wp-content\/uploads\/2016\/10\/281016-cotidiano-feiraprodutosflorestais-tvgazeta.jpg","width":458,"height":340,"caption":"281016-cotidiano-feiraprodutosflorestais-tvgazeta"},{"@type":"BreadcrumbList","@id":"https:\/\/nk7-testes.com.br\/agazeta\/vinte-organizacoes-apresentam-produtos-de-extracao-florestal\/#breadcrumb","itemListElement":[{"@type":"ListItem","position":1,"name":"In\u00edcio","item":"https:\/\/nk7-testes.com.br\/agazeta\/"},{"@type":"ListItem","position":2,"name":"Vinte organiza\u00e7\u00f5es apresentam produtos de extra\u00e7\u00e3o florestal"}]},{"@type":"WebSite","@id":"https:\/\/nk7-testes.com.br\/agazeta\/#website","url":"https:\/\/nk7-testes.com.br\/agazeta\/","name":"Agazeta.net","description":"Agazeta.net - Not\u00edcias de Rio Branco\/AC","potentialAction":[{"@type":"SearchAction","target":{"@type":"EntryPoint","urlTemplate":"https:\/\/nk7-testes.com.br\/agazeta\/?s={search_term_string}"},"query-input":{"@type":"PropertyValueSpecification","valueRequired":true,"valueName":"search_term_string"}}],"inLanguage":"pt-BR"},{"@type":"Person","@id":"https:\/\/nk7-testes.com.br\/agazeta\/#\/schema\/person\/ff6b39d54d6973bfc57f4140f659b23f","name":"Agazeta.Net","url":"https:\/\/nk7-testes.com.br\/agazeta\/author\/agazeta\/"}]}},"_links":{"self":[{"href":"https:\/\/nk7-testes.com.br\/agazeta\/wp-json\/wp\/v2\/posts\/26134","targetHints":{"allow":["GET"]}}],"collection":[{"href":"https:\/\/nk7-testes.com.br\/agazeta\/wp-json\/wp\/v2\/posts"}],"about":[{"href":"https:\/\/nk7-testes.com.br\/agazeta\/wp-json\/wp\/v2\/types\/post"}],"author":[{"embeddable":true,"href":"https:\/\/nk7-testes.com.br\/agazeta\/wp-json\/wp\/v2\/users\/4"}],"replies":[{"embeddable":true,"href":"https:\/\/nk7-testes.com.br\/agazeta\/wp-json\/wp\/v2\/comments?post=26134"}],"version-history":[{"count":0,"href":"https:\/\/nk7-testes.com.br\/agazeta\/wp-json\/wp\/v2\/posts\/26134\/revisions"}],"wp:featuredmedia":[{"embeddable":true,"href":"https:\/\/nk7-testes.com.br\/agazeta\/wp-json\/wp\/v2\/media\/26133"}],"wp:attachment":[{"href":"https:\/\/nk7-testes.com.br\/agazeta\/wp-json\/wp\/v2\/media?parent=26134"}],"wp:term":[{"taxonomy":"category","embeddable":true,"href":"https:\/\/nk7-testes.com.br\/agazeta\/wp-json\/wp\/v2\/categories?post=26134"},{"taxonomy":"post_tag","embeddable":true,"href":"https:\/\/nk7-testes.com.br\/agazeta\/wp-json\/wp\/v2\/tags?post=26134"}],"curies":[{"name":"wp","href":"https:\/\/api.w.org\/{rel}","templated":true}]}}