{"id":26111,"date":"2016-10-27T16:46:00","date_gmt":"2016-10-27T16:46:00","guid":{"rendered":"https:\/\/abarevegan.com.br\/index.php\/2016\/10\/27\/policia-prende-acusado-de-matar-agente-socioeducador\/"},"modified":"2016-10-27T16:46:00","modified_gmt":"2016-10-27T16:46:00","slug":"policia-prende-acusado-de-matar-agente-socioeducador","status":"publish","type":"post","link":"https:\/\/nk7-testes.com.br\/agazeta\/policia-prende-acusado-de-matar-agente-socioeducador\/","title":{"rendered":"Pol\u00edcia prende acusado de matar agente socioeducador"},"content":{"rendered":"<p style=\"text-align: justify;\">Pris\u00e3o aconteceu em Tarauac\u00e1 na quinta-feira<\/p>\n<p style=\"text-align: justify;\">Agnaldo de Freitas Soares, 36, \u00e9 o principal suspeito de ter assassinado o agente socioeducador Vando Medeiros. Ele foi preso ontem (26). O crime aconteceu no \u00faltimo domingo (23) na comunidade Estir\u00e3o da Hora, no munic\u00edpio de Tarauac\u00e1.<\/p>\n<p style=\"text-align: justify;\">De acordo com informa\u00e7\u00f5es da pol\u00edcia, Agnaldo estava escondido desde o dia em que teria cometido o crime, ele foi preso nas proximidades do Seringal Transual, quando trafegava em um pequeno barco no Rio Muru.<\/p>\n<p style=\"text-align: justify;\">Cerca de 13 policiais, sendo 5 civis e 8 militares, foram at\u00e9 a localidade e fizeram buscas at\u00e9 que conseguiram prender o acusado.<\/p>\n<p style=\"text-align: justify;\">&#8220;Por volta da meia noite ouvimos o barulho de um motor e percebemos uma embarca\u00e7\u00e3o pequena se aproximando. Logo pensamos que num hor\u00e1rio daquele ou era um caso de doen\u00e7a ou era algu\u00e9m fugindo. Pegamos nossa &#8216;voadeira&#8217;, nos aproximamos e demos voz de pris\u00e3o. Ele n\u00e3o esbo\u00e7ou rea\u00e7\u00e3o. O trouxemos para a delegacia de pol\u00edcia onde nosso delegado vai cuidar do caso&#8221;, contou um policial.<\/p>\n<p style=\"text-align: justify;\">Orientado por seu advogado, Agnaldo n\u00e3o respondeu \u00e0s perguntas da imprensa, permanecendo calado durante a entrevista. &#8220;Meu cliente s\u00f3 vai falar em ju\u00edzo e a verdade vai prevalecer&#8221;, comentou o advogado Willian Eleamem.<\/p>\n<p style=\"text-align: justify;\">O delegado Obet\u00e2nio disse que o assassino foi frio e calculista ao tirar a vida do agente de seguran\u00e7a sem lhe permitir qualquer movimento de defesa. &#8220;Vamos ouvi-lo, apurar os fatos e encaminhar resultado para que a justi\u00e7a se manifeste. Ele ser\u00e1 encaminhado ao pres\u00eddio ainda hoje e vou solicitar que fique isolado para evitar qualquer tipo de ato contra sua vida&#8221;, disse o delegado.<\/p>\n<p style=\"text-align: justify;\"><strong>Entenda o caso<\/strong><\/p>\n<p style=\"text-align: justify;\">O agente penitenci\u00e1rio Vando Medeiros, 33, foi assassinado, na tarde de domingo (23) a golpes de ter\u00e7ado no Igarap\u00e9 Iboa\u00e7u, comunidade Estir\u00e3o da Hora, munic\u00edpio de Tarauac\u00e1.<\/p>\n<p style=\"text-align: justify;\">O agente estava no seringal acompanhando a esposa, a vereadora eleita Veinha do Valmar. O casal foi \u00e0 comunidade agradecer os votos.<\/p>\n<p style=\"text-align: justify;\">De acordo com a pol\u00edcia, testemunhas contaram que era por volta das 16h quando um homem foi at\u00e9 a casa onde Vando estava hospedado e pediu um litro de gasolina, o agente foi at\u00e9 o barco para entregar o combust\u00edvel e l\u00e1 foi atingido com dois golpes de ter\u00e7ado, no pesco\u00e7o e nas costas. A Pol\u00edcia Civil investiga o caso.<\/p>\n","protected":false},"excerpt":{"rendered":"<p style=\"text-align: justify;\">Pris\u00e3o aconteceu em Tarauac\u00e1 na quinta-feira<\/p>\n","protected":false},"author":4,"featured_media":26110,"comment_status":"open","ping_status":"open","sticky":false,"template":"","format":"standard","meta":{"jnews-multi-image_gallery":[],"jnews_single_post":[],"jnews_primary_category":[],"jnews_social_meta":[],"jnews_review":[],"enable_review":"","type":"","name":"","summary":"","brand":"","sku":"","good":[],"bad":[],"score_override":"","override_value":"","rating":[],"price":[],"footnotes":""},"categories":[44],"tags":[],"class_list":["post-26111","post","type-post","status-publish","format-standard","has-post-thumbnail","hentry","category-policia"],"yoast_head":"<!-- This site is optimized with the Yoast SEO plugin v26.5 - https:\/\/yoast.com\/wordpress\/plugins\/seo\/ -->\n<title>Pol\u00edcia prende acusado de matar agente socioeducador - Agazeta.net<\/title>\n<meta name=\"robots\" content=\"index, follow, max-snippet:-1, max-image-preview:large, max-video-preview:-1\" \/>\n<link rel=\"canonical\" href=\"https:\/\/nk7-testes.com.br\/agazeta\/policia-prende-acusado-de-matar-agente-socioeducador\/\" \/>\n<meta property=\"og:locale\" content=\"pt_BR\" \/>\n<meta property=\"og:type\" content=\"article\" \/>\n<meta property=\"og:title\" content=\"Pol\u00edcia prende acusado de matar agente socioeducador - Agazeta.net\" \/>\n<meta property=\"og:description\" content=\"Pris\u00e3o aconteceu em Tarauac\u00e1 na quinta-feira\" \/>\n<meta property=\"og:url\" content=\"https:\/\/nk7-testes.com.br\/agazeta\/policia-prende-acusado-de-matar-agente-socioeducador\/\" \/>\n<meta property=\"og:site_name\" content=\"Agazeta.net\" \/>\n<meta property=\"article:published_time\" content=\"2016-10-27T16:46:00+00:00\" \/>\n<meta property=\"og:image\" content=\"https:\/\/nk7-testes.com.br\/agazeta\/wp-content\/uploads\/2016\/10\/271016-POLICIA-ASSASSINOPRESO-CEDIDA.jpg\" \/>\n\t<meta property=\"og:image:width\" content=\"458\" \/>\n\t<meta property=\"og:image:height\" content=\"340\" \/>\n\t<meta property=\"og:image:type\" content=\"image\/jpeg\" \/>\n<meta name=\"author\" content=\"Agazeta.Net\" \/>\n<meta name=\"twitter:card\" content=\"summary_large_image\" \/>\n<meta name=\"twitter:label1\" content=\"Escrito por\" \/>\n\t<meta name=\"twitter:data1\" content=\"Agazeta.Net\" \/>\n\t<meta name=\"twitter:label2\" content=\"Est. tempo de leitura\" \/>\n\t<meta name=\"twitter:data2\" content=\"2 minutos\" \/>\n<script type=\"application\/ld+json\" class=\"yoast-schema-graph\">{\"@context\":\"https:\/\/schema.org\",\"@graph\":[{\"@type\":\"WebPage\",\"@id\":\"https:\/\/nk7-testes.com.br\/agazeta\/policia-prende-acusado-de-matar-agente-socioeducador\/\",\"url\":\"https:\/\/nk7-testes.com.br\/agazeta\/policia-prende-acusado-de-matar-agente-socioeducador\/\",\"name\":\"Pol\u00edcia prende acusado de matar agente socioeducador - Agazeta.net\",\"isPartOf\":{\"@id\":\"https:\/\/nk7-testes.com.br\/agazeta\/#website\"},\"primaryImageOfPage\":{\"@id\":\"https:\/\/nk7-testes.com.br\/agazeta\/policia-prende-acusado-de-matar-agente-socioeducador\/#primaryimage\"},\"image\":{\"@id\":\"https:\/\/nk7-testes.com.br\/agazeta\/policia-prende-acusado-de-matar-agente-socioeducador\/#primaryimage\"},\"thumbnailUrl\":\"https:\/\/nk7-testes.com.br\/agazeta\/wp-content\/uploads\/2016\/10\/271016-POLICIA-ASSASSINOPRESO-CEDIDA.jpg\",\"datePublished\":\"2016-10-27T16:46:00+00:00\",\"author\":{\"@id\":\"https:\/\/nk7-testes.com.br\/agazeta\/#\/schema\/person\/6d6e25cb0435eb4a02fd44d30b4e3020\"},\"breadcrumb\":{\"@id\":\"https:\/\/nk7-testes.com.br\/agazeta\/policia-prende-acusado-de-matar-agente-socioeducador\/#breadcrumb\"},\"inLanguage\":\"pt-BR\",\"potentialAction\":[{\"@type\":\"ReadAction\",\"target\":[\"https:\/\/nk7-testes.com.br\/agazeta\/policia-prende-acusado-de-matar-agente-socioeducador\/\"]}]},{\"@type\":\"ImageObject\",\"inLanguage\":\"pt-BR\",\"@id\":\"https:\/\/nk7-testes.com.br\/agazeta\/policia-prende-acusado-de-matar-agente-socioeducador\/#primaryimage\",\"url\":\"https:\/\/nk7-testes.com.br\/agazeta\/wp-content\/uploads\/2016\/10\/271016-POLICIA-ASSASSINOPRESO-CEDIDA.jpg\",\"contentUrl\":\"https:\/\/nk7-testes.com.br\/agazeta\/wp-content\/uploads\/2016\/10\/271016-POLICIA-ASSASSINOPRESO-CEDIDA.jpg\",\"width\":458,\"height\":340,\"caption\":\"271016-POLICIA-ASSASSINOPRESO-CEDIDA\"},{\"@type\":\"BreadcrumbList\",\"@id\":\"https:\/\/nk7-testes.com.br\/agazeta\/policia-prende-acusado-de-matar-agente-socioeducador\/#breadcrumb\",\"itemListElement\":[{\"@type\":\"ListItem\",\"position\":1,\"name\":\"In\u00edcio\",\"item\":\"https:\/\/nk7-testes.com.br\/agazeta\/\"},{\"@type\":\"ListItem\",\"position\":2,\"name\":\"Pol\u00edcia prende acusado de matar agente socioeducador\"}]},{\"@type\":\"WebSite\",\"@id\":\"https:\/\/nk7-testes.com.br\/agazeta\/#website\",\"url\":\"https:\/\/nk7-testes.com.br\/agazeta\/\",\"name\":\"Agazeta.net\",\"description\":\"Agazeta.net - Not\u00edcias de Rio Branco\/AC\",\"potentialAction\":[{\"@type\":\"SearchAction\",\"target\":{\"@type\":\"EntryPoint\",\"urlTemplate\":\"https:\/\/nk7-testes.com.br\/agazeta\/?s={search_term_string}\"},\"query-input\":{\"@type\":\"PropertyValueSpecification\",\"valueRequired\":true,\"valueName\":\"search_term_string\"}}],\"inLanguage\":\"pt-BR\"},{\"@type\":\"Person\",\"@id\":\"https:\/\/nk7-testes.com.br\/agazeta\/#\/schema\/person\/6d6e25cb0435eb4a02fd44d30b4e3020\",\"name\":\"Agazeta.Net\",\"url\":\"https:\/\/nk7-testes.com.br\/agazeta\/author\/agazeta\/\"}]}<\/script>\n<!-- \/ Yoast SEO plugin. -->","yoast_head_json":{"title":"Pol\u00edcia prende acusado de matar agente socioeducador - Agazeta.net","robots":{"index":"index","follow":"follow","max-snippet":"max-snippet:-1","max-image-preview":"max-image-preview:large","max-video-preview":"max-video-preview:-1"},"canonical":"https:\/\/nk7-testes.com.br\/agazeta\/policia-prende-acusado-de-matar-agente-socioeducador\/","og_locale":"pt_BR","og_type":"article","og_title":"Pol\u00edcia prende acusado de matar agente socioeducador - Agazeta.net","og_description":"Pris\u00e3o aconteceu em Tarauac\u00e1 na quinta-feira","og_url":"https:\/\/nk7-testes.com.br\/agazeta\/policia-prende-acusado-de-matar-agente-socioeducador\/","og_site_name":"Agazeta.net","article_published_time":"2016-10-27T16:46:00+00:00","og_image":[{"width":458,"height":340,"url":"https:\/\/nk7-testes.com.br\/agazeta\/wp-content\/uploads\/2016\/10\/271016-POLICIA-ASSASSINOPRESO-CEDIDA.jpg","type":"image\/jpeg"}],"author":"Agazeta.Net","twitter_card":"summary_large_image","twitter_misc":{"Escrito por":"Agazeta.Net","Est. tempo de leitura":"2 minutos"},"schema":{"@context":"https:\/\/schema.org","@graph":[{"@type":"WebPage","@id":"https:\/\/nk7-testes.com.br\/agazeta\/policia-prende-acusado-de-matar-agente-socioeducador\/","url":"https:\/\/nk7-testes.com.br\/agazeta\/policia-prende-acusado-de-matar-agente-socioeducador\/","name":"Pol\u00edcia prende acusado de matar agente socioeducador - Agazeta.net","isPartOf":{"@id":"https:\/\/nk7-testes.com.br\/agazeta\/#website"},"primaryImageOfPage":{"@id":"https:\/\/nk7-testes.com.br\/agazeta\/policia-prende-acusado-de-matar-agente-socioeducador\/#primaryimage"},"image":{"@id":"https:\/\/nk7-testes.com.br\/agazeta\/policia-prende-acusado-de-matar-agente-socioeducador\/#primaryimage"},"thumbnailUrl":"https:\/\/nk7-testes.com.br\/agazeta\/wp-content\/uploads\/2016\/10\/271016-POLICIA-ASSASSINOPRESO-CEDIDA.jpg","datePublished":"2016-10-27T16:46:00+00:00","author":{"@id":"https:\/\/nk7-testes.com.br\/agazeta\/#\/schema\/person\/6d6e25cb0435eb4a02fd44d30b4e3020"},"breadcrumb":{"@id":"https:\/\/nk7-testes.com.br\/agazeta\/policia-prende-acusado-de-matar-agente-socioeducador\/#breadcrumb"},"inLanguage":"pt-BR","potentialAction":[{"@type":"ReadAction","target":["https:\/\/nk7-testes.com.br\/agazeta\/policia-prende-acusado-de-matar-agente-socioeducador\/"]}]},{"@type":"ImageObject","inLanguage":"pt-BR","@id":"https:\/\/nk7-testes.com.br\/agazeta\/policia-prende-acusado-de-matar-agente-socioeducador\/#primaryimage","url":"https:\/\/nk7-testes.com.br\/agazeta\/wp-content\/uploads\/2016\/10\/271016-POLICIA-ASSASSINOPRESO-CEDIDA.jpg","contentUrl":"https:\/\/nk7-testes.com.br\/agazeta\/wp-content\/uploads\/2016\/10\/271016-POLICIA-ASSASSINOPRESO-CEDIDA.jpg","width":458,"height":340,"caption":"271016-POLICIA-ASSASSINOPRESO-CEDIDA"},{"@type":"BreadcrumbList","@id":"https:\/\/nk7-testes.com.br\/agazeta\/policia-prende-acusado-de-matar-agente-socioeducador\/#breadcrumb","itemListElement":[{"@type":"ListItem","position":1,"name":"In\u00edcio","item":"https:\/\/nk7-testes.com.br\/agazeta\/"},{"@type":"ListItem","position":2,"name":"Pol\u00edcia prende acusado de matar agente socioeducador"}]},{"@type":"WebSite","@id":"https:\/\/nk7-testes.com.br\/agazeta\/#website","url":"https:\/\/nk7-testes.com.br\/agazeta\/","name":"Agazeta.net","description":"Agazeta.net - Not\u00edcias de Rio Branco\/AC","potentialAction":[{"@type":"SearchAction","target":{"@type":"EntryPoint","urlTemplate":"https:\/\/nk7-testes.com.br\/agazeta\/?s={search_term_string}"},"query-input":{"@type":"PropertyValueSpecification","valueRequired":true,"valueName":"search_term_string"}}],"inLanguage":"pt-BR"},{"@type":"Person","@id":"https:\/\/nk7-testes.com.br\/agazeta\/#\/schema\/person\/6d6e25cb0435eb4a02fd44d30b4e3020","name":"Agazeta.Net","url":"https:\/\/nk7-testes.com.br\/agazeta\/author\/agazeta\/"}]}},"_links":{"self":[{"href":"https:\/\/nk7-testes.com.br\/agazeta\/wp-json\/wp\/v2\/posts\/26111","targetHints":{"allow":["GET"]}}],"collection":[{"href":"https:\/\/nk7-testes.com.br\/agazeta\/wp-json\/wp\/v2\/posts"}],"about":[{"href":"https:\/\/nk7-testes.com.br\/agazeta\/wp-json\/wp\/v2\/types\/post"}],"author":[{"embeddable":true,"href":"https:\/\/nk7-testes.com.br\/agazeta\/wp-json\/wp\/v2\/users\/4"}],"replies":[{"embeddable":true,"href":"https:\/\/nk7-testes.com.br\/agazeta\/wp-json\/wp\/v2\/comments?post=26111"}],"version-history":[{"count":0,"href":"https:\/\/nk7-testes.com.br\/agazeta\/wp-json\/wp\/v2\/posts\/26111\/revisions"}],"wp:featuredmedia":[{"embeddable":true,"href":"https:\/\/nk7-testes.com.br\/agazeta\/wp-json\/wp\/v2\/media\/26110"}],"wp:attachment":[{"href":"https:\/\/nk7-testes.com.br\/agazeta\/wp-json\/wp\/v2\/media?parent=26111"}],"wp:term":[{"taxonomy":"category","embeddable":true,"href":"https:\/\/nk7-testes.com.br\/agazeta\/wp-json\/wp\/v2\/categories?post=26111"},{"taxonomy":"post_tag","embeddable":true,"href":"https:\/\/nk7-testes.com.br\/agazeta\/wp-json\/wp\/v2\/tags?post=26111"}],"curies":[{"name":"wp","href":"https:\/\/api.w.org\/{rel}","templated":true}]}}