{"id":26108,"date":"2016-10-27T14:40:59","date_gmt":"2016-10-27T14:40:59","guid":{"rendered":"https:\/\/abarevegan.com.br\/index.php\/2016\/10\/27\/contran-prejudica-comercio-de-som-automotivo\/"},"modified":"2016-10-27T14:40:59","modified_gmt":"2016-10-27T14:40:59","slug":"contran-prejudica-comercio-de-som-automotivo","status":"publish","type":"post","link":"https:\/\/nk7-testes.com.br\/agazeta\/contran-prejudica-comercio-de-som-automotivo\/","title":{"rendered":"Contran prejudica com\u00e9rcio de som automotivo"},"content":{"rendered":"<p style=\"text-align: justify;\">Imac realiza fiscaliza\u00e7\u00e3o em ve\u00edculos<\/p>\n<p style=\"text-align: justify;\">Nova Resolu\u00e7\u00e3o do Conselho Nacional do Tr\u00e2nsito (Contran) que prev\u00ea autua\u00e7\u00e3o para quem for pego com som alto do carro, j\u00e1 causa pol\u00eamica. Para quem trabalha com som automotivo, a lei n\u00e3o \u00e9 clara e pode causar preju\u00edzo irrepar\u00e1veis aos empres\u00e1rios do ramo.<\/p>\n<p style=\"text-align: justify;\">Segundo a resolu\u00e7\u00e3o n\u00ba 624 do Contran, independente do volume ou frequ\u00eancia do som do carro, se houver perturba\u00e7\u00e3o da ordem p\u00fablica, em vias terrestres, o condutor que for pego com o som do carro aud\u00edvel pelo lado externo do ve\u00edculo, ser\u00e1 autuado.<\/p>\n<p style=\"text-align: justify;\">A nova regra n\u00e3o exige o uso do decibel\u00edmetro, o medidor de n\u00edvel de press\u00e3o sonora. Se o agente de tr\u00e2nsito avaliar que o som do carro perturba o sossego p\u00fablico, pode aplicar a multa.<\/p>\n<p style=\"text-align: justify;\">Para o empres\u00e1rio Marcelo Drago, que trabalha com instala\u00e7\u00e3o de som automotivo, a nova regra \u00e9 abusiva e acredita que subjetiva o bastante para alimentar pol\u00eamicas. \u201cO principal problema \u00e9 que n\u00e3o deixa claro como vai ser feita a avalia\u00e7\u00e3o. Essa subjetividade \u00e9 que t\u00e1 errado \u00e9 preciso que volte a ser como era antigamente atrav\u00e9s de aparelho de medi\u00e7\u00e3o ou se reavalie uma forma mais objetiva\u201d, opina o empres\u00e1rio Marcelo Drago.<\/p>\n<p style=\"text-align: justify;\">Como a autua\u00e7\u00e3o vai depender da avalia\u00e7\u00e3o in loco do agente de tr\u00e2nsito, muitos fatores podem gerar recursos por parte dos condutores. A corregedoria do Detran deve se preparar pra receber essas demandas.<\/p>\n<p style=\"text-align: justify;\">\u201cEvidente que n\u00e3o basta que o som esteja saindo fora (sic) do carro, \u00e9 necess\u00e1rio que esteja incomodando, criando constrangimento a pessoas que morem ou que estejam naquela regi\u00e3o. Vai muito do bom senso e crit\u00e9rios dos agentes que fazem a fiscaliza\u00e7\u00e3o pra verificarem naquele caso concreto qual \u00e9 a circunst\u00e2ncia\u201d, explicou o diretor do Detran.<\/p>\n<p style=\"text-align: justify;\">Os empres\u00e1rios do setor de som automotivo acreditam que o preju\u00edzo com a nova norma \u00e9 incalcul\u00e1vel. \u201cAltamente prejudicial. Hoje qualquer pessoa que pensar em colocar um sistema de som vai pensar duas vezes. Vai falar assim: vou estar com meu som tocando, vou ser multado. Ele vai voltar pra traz e n\u00e3o vai fazer o servi\u00e7o\u201d, afirma Marcelo.<\/p>\n<p style=\"text-align: justify;\">O preju\u00edzo para o bolso do condutor tamb\u00e9m \u00e9 grande com o valor da multa, de R$ 195,00. A infra\u00e7\u00e3o \u00e9 grave e rende cinco pontos na carteira de habilita\u00e7\u00e3o.<br \/>A medida n\u00e3o se aplica a ve\u00edculos prestadores de servi\u00e7o com emiss\u00e3o sonora de publicidade, divulga\u00e7\u00e3o, entretenimento e comunica\u00e7\u00e3o, desde que estejam autorizados por \u00f3rg\u00e3o ou entidade competente, al\u00e9m de ve\u00edculos de competi\u00e7\u00e3o e os de entretenimento p\u00fablico, que estejam permitidos a utilizar o som espec\u00edfico em locais de competi\u00e7\u00e3o ou de apresenta\u00e7\u00e3o estabelecidos pelas autoridades competentes.<\/p>\n","protected":false},"excerpt":{"rendered":"<p style=\"text-align: justify;\">Imac realiza fiscaliza\u00e7\u00e3o em ve\u00edculos<\/p>\n","protected":false},"author":4,"featured_media":26107,"comment_status":"open","ping_status":"open","sticky":false,"template":"","format":"standard","meta":{"jnews-multi-image_gallery":[],"jnews_single_post":[],"jnews_primary_category":[],"jnews_social_meta":[],"jnews_review":[],"enable_review":"","type":"","name":"","summary":"","brand":"","sku":"","good":[],"bad":[],"score_override":"","override_value":"","rating":[],"price":[],"footnotes":""},"categories":[54],"tags":[],"class_list":["post-26108","post","type-post","status-publish","format-standard","has-post-thumbnail","hentry","category-cotidiano"],"yoast_head":"<!-- This site is optimized with the Yoast SEO plugin v26.5 - https:\/\/yoast.com\/wordpress\/plugins\/seo\/ -->\n<title>Contran prejudica com\u00e9rcio de som automotivo - Agazeta.net<\/title>\n<meta name=\"robots\" content=\"index, follow, max-snippet:-1, max-image-preview:large, max-video-preview:-1\" \/>\n<link rel=\"canonical\" href=\"https:\/\/nk7-testes.com.br\/agazeta\/contran-prejudica-comercio-de-som-automotivo\/\" \/>\n<meta property=\"og:locale\" content=\"pt_BR\" \/>\n<meta property=\"og:type\" content=\"article\" \/>\n<meta property=\"og:title\" content=\"Contran prejudica com\u00e9rcio de som automotivo - Agazeta.net\" \/>\n<meta property=\"og:description\" content=\"Imac realiza fiscaliza\u00e7\u00e3o em ve\u00edculos\" \/>\n<meta property=\"og:url\" content=\"https:\/\/nk7-testes.com.br\/agazeta\/contran-prejudica-comercio-de-som-automotivo\/\" \/>\n<meta property=\"og:site_name\" content=\"Agazeta.net\" \/>\n<meta property=\"article:published_time\" content=\"2016-10-27T14:40:59+00:00\" \/>\n<meta property=\"og:image\" content=\"https:\/\/nk7-testes.com.br\/agazeta\/wp-content\/uploads\/2016\/10\/271016-cotidiano-imacsomautomotivo-tvgazeta.jpg\" \/>\n\t<meta property=\"og:image:width\" content=\"458\" \/>\n\t<meta property=\"og:image:height\" content=\"340\" \/>\n\t<meta property=\"og:image:type\" content=\"image\/jpeg\" \/>\n<meta name=\"author\" content=\"Agazeta.Net\" \/>\n<meta name=\"twitter:card\" content=\"summary_large_image\" \/>\n<meta name=\"twitter:label1\" content=\"Escrito por\" \/>\n\t<meta name=\"twitter:data1\" content=\"Agazeta.Net\" \/>\n\t<meta name=\"twitter:label2\" content=\"Est. tempo de leitura\" \/>\n\t<meta name=\"twitter:data2\" content=\"2 minutos\" \/>\n<script type=\"application\/ld+json\" class=\"yoast-schema-graph\">{\"@context\":\"https:\/\/schema.org\",\"@graph\":[{\"@type\":\"WebPage\",\"@id\":\"https:\/\/nk7-testes.com.br\/agazeta\/contran-prejudica-comercio-de-som-automotivo\/\",\"url\":\"https:\/\/nk7-testes.com.br\/agazeta\/contran-prejudica-comercio-de-som-automotivo\/\",\"name\":\"Contran prejudica com\u00e9rcio de som automotivo - Agazeta.net\",\"isPartOf\":{\"@id\":\"https:\/\/nk7-testes.com.br\/agazeta\/#website\"},\"primaryImageOfPage\":{\"@id\":\"https:\/\/nk7-testes.com.br\/agazeta\/contran-prejudica-comercio-de-som-automotivo\/#primaryimage\"},\"image\":{\"@id\":\"https:\/\/nk7-testes.com.br\/agazeta\/contran-prejudica-comercio-de-som-automotivo\/#primaryimage\"},\"thumbnailUrl\":\"https:\/\/nk7-testes.com.br\/agazeta\/wp-content\/uploads\/2016\/10\/271016-cotidiano-imacsomautomotivo-tvgazeta.jpg\",\"datePublished\":\"2016-10-27T14:40:59+00:00\",\"author\":{\"@id\":\"https:\/\/nk7-testes.com.br\/agazeta\/#\/schema\/person\/ff6b39d54d6973bfc57f4140f659b23f\"},\"breadcrumb\":{\"@id\":\"https:\/\/nk7-testes.com.br\/agazeta\/contran-prejudica-comercio-de-som-automotivo\/#breadcrumb\"},\"inLanguage\":\"pt-BR\",\"potentialAction\":[{\"@type\":\"ReadAction\",\"target\":[\"https:\/\/nk7-testes.com.br\/agazeta\/contran-prejudica-comercio-de-som-automotivo\/\"]}]},{\"@type\":\"ImageObject\",\"inLanguage\":\"pt-BR\",\"@id\":\"https:\/\/nk7-testes.com.br\/agazeta\/contran-prejudica-comercio-de-som-automotivo\/#primaryimage\",\"url\":\"https:\/\/nk7-testes.com.br\/agazeta\/wp-content\/uploads\/2016\/10\/271016-cotidiano-imacsomautomotivo-tvgazeta.jpg\",\"contentUrl\":\"https:\/\/nk7-testes.com.br\/agazeta\/wp-content\/uploads\/2016\/10\/271016-cotidiano-imacsomautomotivo-tvgazeta.jpg\",\"width\":458,\"height\":340,\"caption\":\"271016-cotidiano-imacsomautomotivo-tvgazeta\"},{\"@type\":\"BreadcrumbList\",\"@id\":\"https:\/\/nk7-testes.com.br\/agazeta\/contran-prejudica-comercio-de-som-automotivo\/#breadcrumb\",\"itemListElement\":[{\"@type\":\"ListItem\",\"position\":1,\"name\":\"In\u00edcio\",\"item\":\"https:\/\/nk7-testes.com.br\/agazeta\/\"},{\"@type\":\"ListItem\",\"position\":2,\"name\":\"Contran prejudica com\u00e9rcio de som automotivo\"}]},{\"@type\":\"WebSite\",\"@id\":\"https:\/\/nk7-testes.com.br\/agazeta\/#website\",\"url\":\"https:\/\/nk7-testes.com.br\/agazeta\/\",\"name\":\"Agazeta.net\",\"description\":\"Agazeta.net - Not\u00edcias de Rio Branco\/AC\",\"potentialAction\":[{\"@type\":\"SearchAction\",\"target\":{\"@type\":\"EntryPoint\",\"urlTemplate\":\"https:\/\/nk7-testes.com.br\/agazeta\/?s={search_term_string}\"},\"query-input\":{\"@type\":\"PropertyValueSpecification\",\"valueRequired\":true,\"valueName\":\"search_term_string\"}}],\"inLanguage\":\"pt-BR\"},{\"@type\":\"Person\",\"@id\":\"https:\/\/nk7-testes.com.br\/agazeta\/#\/schema\/person\/ff6b39d54d6973bfc57f4140f659b23f\",\"name\":\"Agazeta.Net\",\"url\":\"https:\/\/nk7-testes.com.br\/agazeta\/author\/agazeta\/\"}]}<\/script>\n<!-- \/ Yoast SEO plugin. -->","yoast_head_json":{"title":"Contran prejudica com\u00e9rcio de som automotivo - Agazeta.net","robots":{"index":"index","follow":"follow","max-snippet":"max-snippet:-1","max-image-preview":"max-image-preview:large","max-video-preview":"max-video-preview:-1"},"canonical":"https:\/\/nk7-testes.com.br\/agazeta\/contran-prejudica-comercio-de-som-automotivo\/","og_locale":"pt_BR","og_type":"article","og_title":"Contran prejudica com\u00e9rcio de som automotivo - Agazeta.net","og_description":"Imac realiza fiscaliza\u00e7\u00e3o em ve\u00edculos","og_url":"https:\/\/nk7-testes.com.br\/agazeta\/contran-prejudica-comercio-de-som-automotivo\/","og_site_name":"Agazeta.net","article_published_time":"2016-10-27T14:40:59+00:00","og_image":[{"width":458,"height":340,"url":"https:\/\/nk7-testes.com.br\/agazeta\/wp-content\/uploads\/2016\/10\/271016-cotidiano-imacsomautomotivo-tvgazeta.jpg","type":"image\/jpeg"}],"author":"Agazeta.Net","twitter_card":"summary_large_image","twitter_misc":{"Escrito por":"Agazeta.Net","Est. tempo de leitura":"2 minutos"},"schema":{"@context":"https:\/\/schema.org","@graph":[{"@type":"WebPage","@id":"https:\/\/nk7-testes.com.br\/agazeta\/contran-prejudica-comercio-de-som-automotivo\/","url":"https:\/\/nk7-testes.com.br\/agazeta\/contran-prejudica-comercio-de-som-automotivo\/","name":"Contran prejudica com\u00e9rcio de som automotivo - Agazeta.net","isPartOf":{"@id":"https:\/\/nk7-testes.com.br\/agazeta\/#website"},"primaryImageOfPage":{"@id":"https:\/\/nk7-testes.com.br\/agazeta\/contran-prejudica-comercio-de-som-automotivo\/#primaryimage"},"image":{"@id":"https:\/\/nk7-testes.com.br\/agazeta\/contran-prejudica-comercio-de-som-automotivo\/#primaryimage"},"thumbnailUrl":"https:\/\/nk7-testes.com.br\/agazeta\/wp-content\/uploads\/2016\/10\/271016-cotidiano-imacsomautomotivo-tvgazeta.jpg","datePublished":"2016-10-27T14:40:59+00:00","author":{"@id":"https:\/\/nk7-testes.com.br\/agazeta\/#\/schema\/person\/ff6b39d54d6973bfc57f4140f659b23f"},"breadcrumb":{"@id":"https:\/\/nk7-testes.com.br\/agazeta\/contran-prejudica-comercio-de-som-automotivo\/#breadcrumb"},"inLanguage":"pt-BR","potentialAction":[{"@type":"ReadAction","target":["https:\/\/nk7-testes.com.br\/agazeta\/contran-prejudica-comercio-de-som-automotivo\/"]}]},{"@type":"ImageObject","inLanguage":"pt-BR","@id":"https:\/\/nk7-testes.com.br\/agazeta\/contran-prejudica-comercio-de-som-automotivo\/#primaryimage","url":"https:\/\/nk7-testes.com.br\/agazeta\/wp-content\/uploads\/2016\/10\/271016-cotidiano-imacsomautomotivo-tvgazeta.jpg","contentUrl":"https:\/\/nk7-testes.com.br\/agazeta\/wp-content\/uploads\/2016\/10\/271016-cotidiano-imacsomautomotivo-tvgazeta.jpg","width":458,"height":340,"caption":"271016-cotidiano-imacsomautomotivo-tvgazeta"},{"@type":"BreadcrumbList","@id":"https:\/\/nk7-testes.com.br\/agazeta\/contran-prejudica-comercio-de-som-automotivo\/#breadcrumb","itemListElement":[{"@type":"ListItem","position":1,"name":"In\u00edcio","item":"https:\/\/nk7-testes.com.br\/agazeta\/"},{"@type":"ListItem","position":2,"name":"Contran prejudica com\u00e9rcio de som automotivo"}]},{"@type":"WebSite","@id":"https:\/\/nk7-testes.com.br\/agazeta\/#website","url":"https:\/\/nk7-testes.com.br\/agazeta\/","name":"Agazeta.net","description":"Agazeta.net - Not\u00edcias de Rio Branco\/AC","potentialAction":[{"@type":"SearchAction","target":{"@type":"EntryPoint","urlTemplate":"https:\/\/nk7-testes.com.br\/agazeta\/?s={search_term_string}"},"query-input":{"@type":"PropertyValueSpecification","valueRequired":true,"valueName":"search_term_string"}}],"inLanguage":"pt-BR"},{"@type":"Person","@id":"https:\/\/nk7-testes.com.br\/agazeta\/#\/schema\/person\/ff6b39d54d6973bfc57f4140f659b23f","name":"Agazeta.Net","url":"https:\/\/nk7-testes.com.br\/agazeta\/author\/agazeta\/"}]}},"_links":{"self":[{"href":"https:\/\/nk7-testes.com.br\/agazeta\/wp-json\/wp\/v2\/posts\/26108","targetHints":{"allow":["GET"]}}],"collection":[{"href":"https:\/\/nk7-testes.com.br\/agazeta\/wp-json\/wp\/v2\/posts"}],"about":[{"href":"https:\/\/nk7-testes.com.br\/agazeta\/wp-json\/wp\/v2\/types\/post"}],"author":[{"embeddable":true,"href":"https:\/\/nk7-testes.com.br\/agazeta\/wp-json\/wp\/v2\/users\/4"}],"replies":[{"embeddable":true,"href":"https:\/\/nk7-testes.com.br\/agazeta\/wp-json\/wp\/v2\/comments?post=26108"}],"version-history":[{"count":0,"href":"https:\/\/nk7-testes.com.br\/agazeta\/wp-json\/wp\/v2\/posts\/26108\/revisions"}],"wp:featuredmedia":[{"embeddable":true,"href":"https:\/\/nk7-testes.com.br\/agazeta\/wp-json\/wp\/v2\/media\/26107"}],"wp:attachment":[{"href":"https:\/\/nk7-testes.com.br\/agazeta\/wp-json\/wp\/v2\/media?parent=26108"}],"wp:term":[{"taxonomy":"category","embeddable":true,"href":"https:\/\/nk7-testes.com.br\/agazeta\/wp-json\/wp\/v2\/categories?post=26108"},{"taxonomy":"post_tag","embeddable":true,"href":"https:\/\/nk7-testes.com.br\/agazeta\/wp-json\/wp\/v2\/tags?post=26108"}],"curies":[{"name":"wp","href":"https:\/\/api.w.org\/{rel}","templated":true}]}}