{"id":26100,"date":"2016-10-26T21:22:25","date_gmt":"2016-10-26T21:22:25","guid":{"rendered":"https:\/\/abarevegan.com.br\/index.php\/2016\/10\/26\/cofen-realiza-nova-fiscalizacao-no-acre\/"},"modified":"2016-10-26T21:22:25","modified_gmt":"2016-10-26T21:22:25","slug":"cofen-realiza-nova-fiscalizacao-no-acre","status":"publish","type":"post","link":"https:\/\/nk7-testes.com.br\/agazeta\/cofen-realiza-nova-fiscalizacao-no-acre\/","title":{"rendered":"Cofen realiza nova fiscaliza\u00e7\u00e3o no Acre"},"content":{"rendered":"<p style=\"text-align: justify;\">Conselho vai acionar MP para pressionar Estado<\/p>\n<p style=\"text-align: justify;\">Para dar continuidade \u00e0 fiscaliza\u00e7\u00e3o no trabalho dos profissionais da \u00e1rea da sa\u00fade, o Conselho Federal de Enfermagem (Cofen) realiza mais uma a\u00e7\u00e3o no Acre.<\/p>\n<p style=\"text-align: justify;\">17 unidades de Rio Branco, 1 de Senador Guiomard e 1 de Acrel\u00e2ndia passam pela an\u00e1lise dos fiscais. Esse trabalho come\u00e7ou em junho desse ano, quando o Cofen constatou dezenas de irregularidades, como a presen\u00e7a de pessoas sem o registro atuando na \u00e1rea e auxiliares de enfermagem prestando assist\u00eancia a pacientes graves, al\u00e9m de profissionais auxiliando m\u00e9dico a fazer cirurgias.<\/p>\n<p style=\"text-align: justify;\">Os casos mais complexos foram registrados no Hospital de Urg\u00eancia e Emerg\u00eancia de Rio Branco. \u201cDentre as irregularidades principais, que n\u00f3s constatamos como persistentes em diversas institui\u00e7\u00f5es, d\u00e9ficit pessoal de Enfermagem, que n\u00e3o foi resolvido daquela \u00e9poca pra c\u00e1 e situa\u00e7\u00e3o que eu considero grav\u00edssima aqui no Estado \u00e9 a presen\u00e7a de auxiliares de enfermagem auxiliando cirurgias, atuando como segundo cirurgi\u00e3o o que coloca em risco a sa\u00fade da popula\u00e7\u00e3o\u201d, alerta a fiscal do Cofen, Michely Filete.<\/p>\n<p style=\"text-align: justify;\">Como os profissionais e gestores j\u00e1 foram notificados na primeira vez que os fiscais constataram o problema, agora o Cofen vai endurecer nas penalidades e, para isso, vai pedir o apoio do Minist\u00e9rio P\u00fablico.<\/p>\n<p style=\"text-align: justify;\">\u201cResponsabilidades que foram repassadas a esses profissionais e, por um motivo ou outro, n\u00e3o foi resolvido, certamente ser\u00e3o responsabilizados, o Conselho Regional tomar\u00e1 as providencias \u00e9ticas e administrativas. No que se relaciona \u00e0s quest\u00f5es ligadas a outras inst\u00e2ncias, como o d\u00e9ficit de pessoal, presen\u00e7a de pessoas auxiliando cirurgias e tudo mais, n\u00f3s vamos buscar refor\u00e7o junto ao Minist\u00e9rio P\u00fablico pra que isso seja resolvido em prazo imediato\u201d, finalizou Michely Filete.<\/p>\n","protected":false},"excerpt":{"rendered":"<p style=\"text-align: justify;\">Conselho vai acionar MP para pressionar Estado<\/p>\n","protected":false},"author":4,"featured_media":26099,"comment_status":"open","ping_status":"open","sticky":false,"template":"","format":"standard","meta":{"jnews-multi-image_gallery":[],"jnews_single_post":[],"jnews_primary_category":[],"jnews_social_meta":[],"jnews_review":[],"enable_review":"","type":"","name":"","summary":"","brand":"","sku":"","good":[],"bad":[],"score_override":"","override_value":"","rating":[],"price":[],"footnotes":""},"categories":[54],"tags":[],"class_list":["post-26100","post","type-post","status-publish","format-standard","has-post-thumbnail","hentry","category-cotidiano"],"yoast_head":"<!-- This site is optimized with the Yoast SEO plugin v26.5 - https:\/\/yoast.com\/wordpress\/plugins\/seo\/ -->\n<title>Cofen realiza nova fiscaliza\u00e7\u00e3o no Acre - Agazeta.net<\/title>\n<meta name=\"robots\" content=\"index, follow, max-snippet:-1, max-image-preview:large, max-video-preview:-1\" \/>\n<link rel=\"canonical\" href=\"https:\/\/nk7-testes.com.br\/agazeta\/cofen-realiza-nova-fiscalizacao-no-acre\/\" \/>\n<meta property=\"og:locale\" content=\"pt_BR\" \/>\n<meta property=\"og:type\" content=\"article\" \/>\n<meta property=\"og:title\" content=\"Cofen realiza nova fiscaliza\u00e7\u00e3o no Acre - Agazeta.net\" \/>\n<meta property=\"og:description\" content=\"Conselho vai acionar MP para pressionar Estado\" \/>\n<meta property=\"og:url\" content=\"https:\/\/nk7-testes.com.br\/agazeta\/cofen-realiza-nova-fiscalizacao-no-acre\/\" \/>\n<meta property=\"og:site_name\" content=\"Agazeta.net\" \/>\n<meta property=\"article:published_time\" content=\"2016-10-26T21:22:25+00:00\" \/>\n<meta property=\"og:image\" content=\"https:\/\/nk7-testes.com.br\/agazeta\/wp-content\/uploads\/2016\/10\/261016-cotidiano-fiscalizacaocoren-tvgazeta.jpg\" \/>\n\t<meta property=\"og:image:width\" content=\"458\" \/>\n\t<meta property=\"og:image:height\" content=\"340\" \/>\n\t<meta property=\"og:image:type\" content=\"image\/jpeg\" \/>\n<meta name=\"author\" content=\"Agazeta.Net\" \/>\n<meta name=\"twitter:card\" content=\"summary_large_image\" \/>\n<meta name=\"twitter:label1\" content=\"Escrito por\" \/>\n\t<meta name=\"twitter:data1\" content=\"Agazeta.Net\" \/>\n\t<meta name=\"twitter:label2\" content=\"Est. tempo de leitura\" \/>\n\t<meta name=\"twitter:data2\" content=\"2 minutos\" \/>\n<script type=\"application\/ld+json\" class=\"yoast-schema-graph\">{\"@context\":\"https:\/\/schema.org\",\"@graph\":[{\"@type\":\"WebPage\",\"@id\":\"https:\/\/nk7-testes.com.br\/agazeta\/cofen-realiza-nova-fiscalizacao-no-acre\/\",\"url\":\"https:\/\/nk7-testes.com.br\/agazeta\/cofen-realiza-nova-fiscalizacao-no-acre\/\",\"name\":\"Cofen realiza nova fiscaliza\u00e7\u00e3o no Acre - Agazeta.net\",\"isPartOf\":{\"@id\":\"https:\/\/nk7-testes.com.br\/agazeta\/#website\"},\"primaryImageOfPage\":{\"@id\":\"https:\/\/nk7-testes.com.br\/agazeta\/cofen-realiza-nova-fiscalizacao-no-acre\/#primaryimage\"},\"image\":{\"@id\":\"https:\/\/nk7-testes.com.br\/agazeta\/cofen-realiza-nova-fiscalizacao-no-acre\/#primaryimage\"},\"thumbnailUrl\":\"https:\/\/nk7-testes.com.br\/agazeta\/wp-content\/uploads\/2016\/10\/261016-cotidiano-fiscalizacaocoren-tvgazeta.jpg\",\"datePublished\":\"2016-10-26T21:22:25+00:00\",\"author\":{\"@id\":\"https:\/\/nk7-testes.com.br\/agazeta\/#\/schema\/person\/ff6b39d54d6973bfc57f4140f659b23f\"},\"breadcrumb\":{\"@id\":\"https:\/\/nk7-testes.com.br\/agazeta\/cofen-realiza-nova-fiscalizacao-no-acre\/#breadcrumb\"},\"inLanguage\":\"pt-BR\",\"potentialAction\":[{\"@type\":\"ReadAction\",\"target\":[\"https:\/\/nk7-testes.com.br\/agazeta\/cofen-realiza-nova-fiscalizacao-no-acre\/\"]}]},{\"@type\":\"ImageObject\",\"inLanguage\":\"pt-BR\",\"@id\":\"https:\/\/nk7-testes.com.br\/agazeta\/cofen-realiza-nova-fiscalizacao-no-acre\/#primaryimage\",\"url\":\"https:\/\/nk7-testes.com.br\/agazeta\/wp-content\/uploads\/2016\/10\/261016-cotidiano-fiscalizacaocoren-tvgazeta.jpg\",\"contentUrl\":\"https:\/\/nk7-testes.com.br\/agazeta\/wp-content\/uploads\/2016\/10\/261016-cotidiano-fiscalizacaocoren-tvgazeta.jpg\",\"width\":458,\"height\":340,\"caption\":\"261016-cotidiano-fiscalizacaocoren-tvgazeta\"},{\"@type\":\"BreadcrumbList\",\"@id\":\"https:\/\/nk7-testes.com.br\/agazeta\/cofen-realiza-nova-fiscalizacao-no-acre\/#breadcrumb\",\"itemListElement\":[{\"@type\":\"ListItem\",\"position\":1,\"name\":\"In\u00edcio\",\"item\":\"https:\/\/nk7-testes.com.br\/agazeta\/\"},{\"@type\":\"ListItem\",\"position\":2,\"name\":\"Cofen realiza nova fiscaliza\u00e7\u00e3o no Acre\"}]},{\"@type\":\"WebSite\",\"@id\":\"https:\/\/nk7-testes.com.br\/agazeta\/#website\",\"url\":\"https:\/\/nk7-testes.com.br\/agazeta\/\",\"name\":\"Agazeta.net\",\"description\":\"Agazeta.net - Not\u00edcias de Rio Branco\/AC\",\"potentialAction\":[{\"@type\":\"SearchAction\",\"target\":{\"@type\":\"EntryPoint\",\"urlTemplate\":\"https:\/\/nk7-testes.com.br\/agazeta\/?s={search_term_string}\"},\"query-input\":{\"@type\":\"PropertyValueSpecification\",\"valueRequired\":true,\"valueName\":\"search_term_string\"}}],\"inLanguage\":\"pt-BR\"},{\"@type\":\"Person\",\"@id\":\"https:\/\/nk7-testes.com.br\/agazeta\/#\/schema\/person\/ff6b39d54d6973bfc57f4140f659b23f\",\"name\":\"Agazeta.Net\",\"url\":\"https:\/\/nk7-testes.com.br\/agazeta\/author\/agazeta\/\"}]}<\/script>\n<!-- \/ Yoast SEO plugin. -->","yoast_head_json":{"title":"Cofen realiza nova fiscaliza\u00e7\u00e3o no Acre - Agazeta.net","robots":{"index":"index","follow":"follow","max-snippet":"max-snippet:-1","max-image-preview":"max-image-preview:large","max-video-preview":"max-video-preview:-1"},"canonical":"https:\/\/nk7-testes.com.br\/agazeta\/cofen-realiza-nova-fiscalizacao-no-acre\/","og_locale":"pt_BR","og_type":"article","og_title":"Cofen realiza nova fiscaliza\u00e7\u00e3o no Acre - Agazeta.net","og_description":"Conselho vai acionar MP para pressionar Estado","og_url":"https:\/\/nk7-testes.com.br\/agazeta\/cofen-realiza-nova-fiscalizacao-no-acre\/","og_site_name":"Agazeta.net","article_published_time":"2016-10-26T21:22:25+00:00","og_image":[{"width":458,"height":340,"url":"https:\/\/nk7-testes.com.br\/agazeta\/wp-content\/uploads\/2016\/10\/261016-cotidiano-fiscalizacaocoren-tvgazeta.jpg","type":"image\/jpeg"}],"author":"Agazeta.Net","twitter_card":"summary_large_image","twitter_misc":{"Escrito por":"Agazeta.Net","Est. tempo de leitura":"2 minutos"},"schema":{"@context":"https:\/\/schema.org","@graph":[{"@type":"WebPage","@id":"https:\/\/nk7-testes.com.br\/agazeta\/cofen-realiza-nova-fiscalizacao-no-acre\/","url":"https:\/\/nk7-testes.com.br\/agazeta\/cofen-realiza-nova-fiscalizacao-no-acre\/","name":"Cofen realiza nova fiscaliza\u00e7\u00e3o no Acre - Agazeta.net","isPartOf":{"@id":"https:\/\/nk7-testes.com.br\/agazeta\/#website"},"primaryImageOfPage":{"@id":"https:\/\/nk7-testes.com.br\/agazeta\/cofen-realiza-nova-fiscalizacao-no-acre\/#primaryimage"},"image":{"@id":"https:\/\/nk7-testes.com.br\/agazeta\/cofen-realiza-nova-fiscalizacao-no-acre\/#primaryimage"},"thumbnailUrl":"https:\/\/nk7-testes.com.br\/agazeta\/wp-content\/uploads\/2016\/10\/261016-cotidiano-fiscalizacaocoren-tvgazeta.jpg","datePublished":"2016-10-26T21:22:25+00:00","author":{"@id":"https:\/\/nk7-testes.com.br\/agazeta\/#\/schema\/person\/ff6b39d54d6973bfc57f4140f659b23f"},"breadcrumb":{"@id":"https:\/\/nk7-testes.com.br\/agazeta\/cofen-realiza-nova-fiscalizacao-no-acre\/#breadcrumb"},"inLanguage":"pt-BR","potentialAction":[{"@type":"ReadAction","target":["https:\/\/nk7-testes.com.br\/agazeta\/cofen-realiza-nova-fiscalizacao-no-acre\/"]}]},{"@type":"ImageObject","inLanguage":"pt-BR","@id":"https:\/\/nk7-testes.com.br\/agazeta\/cofen-realiza-nova-fiscalizacao-no-acre\/#primaryimage","url":"https:\/\/nk7-testes.com.br\/agazeta\/wp-content\/uploads\/2016\/10\/261016-cotidiano-fiscalizacaocoren-tvgazeta.jpg","contentUrl":"https:\/\/nk7-testes.com.br\/agazeta\/wp-content\/uploads\/2016\/10\/261016-cotidiano-fiscalizacaocoren-tvgazeta.jpg","width":458,"height":340,"caption":"261016-cotidiano-fiscalizacaocoren-tvgazeta"},{"@type":"BreadcrumbList","@id":"https:\/\/nk7-testes.com.br\/agazeta\/cofen-realiza-nova-fiscalizacao-no-acre\/#breadcrumb","itemListElement":[{"@type":"ListItem","position":1,"name":"In\u00edcio","item":"https:\/\/nk7-testes.com.br\/agazeta\/"},{"@type":"ListItem","position":2,"name":"Cofen realiza nova fiscaliza\u00e7\u00e3o no Acre"}]},{"@type":"WebSite","@id":"https:\/\/nk7-testes.com.br\/agazeta\/#website","url":"https:\/\/nk7-testes.com.br\/agazeta\/","name":"Agazeta.net","description":"Agazeta.net - Not\u00edcias de Rio Branco\/AC","potentialAction":[{"@type":"SearchAction","target":{"@type":"EntryPoint","urlTemplate":"https:\/\/nk7-testes.com.br\/agazeta\/?s={search_term_string}"},"query-input":{"@type":"PropertyValueSpecification","valueRequired":true,"valueName":"search_term_string"}}],"inLanguage":"pt-BR"},{"@type":"Person","@id":"https:\/\/nk7-testes.com.br\/agazeta\/#\/schema\/person\/ff6b39d54d6973bfc57f4140f659b23f","name":"Agazeta.Net","url":"https:\/\/nk7-testes.com.br\/agazeta\/author\/agazeta\/"}]}},"_links":{"self":[{"href":"https:\/\/nk7-testes.com.br\/agazeta\/wp-json\/wp\/v2\/posts\/26100","targetHints":{"allow":["GET"]}}],"collection":[{"href":"https:\/\/nk7-testes.com.br\/agazeta\/wp-json\/wp\/v2\/posts"}],"about":[{"href":"https:\/\/nk7-testes.com.br\/agazeta\/wp-json\/wp\/v2\/types\/post"}],"author":[{"embeddable":true,"href":"https:\/\/nk7-testes.com.br\/agazeta\/wp-json\/wp\/v2\/users\/4"}],"replies":[{"embeddable":true,"href":"https:\/\/nk7-testes.com.br\/agazeta\/wp-json\/wp\/v2\/comments?post=26100"}],"version-history":[{"count":0,"href":"https:\/\/nk7-testes.com.br\/agazeta\/wp-json\/wp\/v2\/posts\/26100\/revisions"}],"wp:featuredmedia":[{"embeddable":true,"href":"https:\/\/nk7-testes.com.br\/agazeta\/wp-json\/wp\/v2\/media\/26099"}],"wp:attachment":[{"href":"https:\/\/nk7-testes.com.br\/agazeta\/wp-json\/wp\/v2\/media?parent=26100"}],"wp:term":[{"taxonomy":"category","embeddable":true,"href":"https:\/\/nk7-testes.com.br\/agazeta\/wp-json\/wp\/v2\/categories?post=26100"},{"taxonomy":"post_tag","embeddable":true,"href":"https:\/\/nk7-testes.com.br\/agazeta\/wp-json\/wp\/v2\/tags?post=26100"}],"curies":[{"name":"wp","href":"https:\/\/api.w.org\/{rel}","templated":true}]}}