{"id":26094,"date":"2016-10-26T20:02:56","date_gmt":"2016-10-26T20:02:56","guid":{"rendered":"https:\/\/abarevegan.com.br\/index.php\/2016\/10\/26\/agricultores-fecham-estrada-do-quixada-durante-protesto\/"},"modified":"2016-10-26T20:02:56","modified_gmt":"2016-10-26T20:02:56","slug":"agricultores-fecham-estrada-do-quixada-durante-protesto","status":"publish","type":"post","link":"https:\/\/nk7-testes.com.br\/agazeta\/agricultores-fecham-estrada-do-quixada-durante-protesto\/","title":{"rendered":"Agricultores fecham Estrada do Quixad\u00e1 durante protesto"},"content":{"rendered":"<p style=\"text-align: justify;\">Falta de infraestrutura j\u00e1 foi comunicada \u00e0 prefeitura<\/p>\n<p style=\"text-align: justify;\">Mais ais de 200 fam\u00edlias que residem no Ramal Boa \u00c1gua fecharam a Estrada do Quixad\u00e1 na manh\u00e3 de hoje em protesto por melhores condi\u00e7\u00f5es na infraestrutura. Na regi\u00e3o, as pontes e ramais n\u00e3o d\u00e3o condi\u00e7\u00f5es de tr\u00e1fego, o que compromete (e at\u00e9 impede) o transporte escolar. A qualidade da energia el\u00e9trica \u00e9 ruim e traz preju\u00edzos para a economia do lar e na produ\u00e7\u00e3o agr\u00edcola.<\/p>\n<p style=\"text-align: justify;\">As pontes n\u00e3o oferecem condi\u00e7\u00f5es de tr\u00e1fego. A estrutura est\u00e1 comprometida e p\u00f5e em risco a passagem de ve\u00edculos pesados. O agricultor Raimundo da Silva afirma que os estudantes s\u00e3o os mais prejudicados com a aus\u00eancia do transporte escolar.<\/p>\n<p style=\"text-align: justify;\">Um representante do munic\u00edpio foi ao local, mas n\u00e3o conseguiu negociar com os manifestantes, que exigem um documento que garanta o in\u00edcio das obras o mais r\u00e1pido poss\u00edvel.<\/p>\n","protected":false},"excerpt":{"rendered":"<p style=\"text-align: justify;\">Falta de infraestrutura j\u00e1 foi comunicada \u00e0 prefeitura<\/p>\n","protected":false},"author":4,"featured_media":26093,"comment_status":"open","ping_status":"open","sticky":false,"template":"","format":"standard","meta":{"jnews-multi-image_gallery":[],"jnews_single_post":[],"jnews_primary_category":[],"jnews_social_meta":[],"jnews_review":[],"enable_review":"","type":"","name":"","summary":"","brand":"","sku":"","good":[],"bad":[],"score_override":"","override_value":"","rating":[],"price":[],"footnotes":""},"categories":[54],"tags":[],"class_list":["post-26094","post","type-post","status-publish","format-standard","has-post-thumbnail","hentry","category-cotidiano"],"yoast_head":"<!-- This site is optimized with the Yoast SEO plugin v26.5 - https:\/\/yoast.com\/wordpress\/plugins\/seo\/ -->\n<title>Agricultores fecham Estrada do Quixad\u00e1 durante protesto - Agazeta.net<\/title>\n<meta name=\"robots\" content=\"index, follow, max-snippet:-1, max-image-preview:large, max-video-preview:-1\" \/>\n<link rel=\"canonical\" href=\"https:\/\/nk7-testes.com.br\/agazeta\/agricultores-fecham-estrada-do-quixada-durante-protesto\/\" \/>\n<meta property=\"og:locale\" content=\"pt_BR\" \/>\n<meta property=\"og:type\" content=\"article\" \/>\n<meta property=\"og:title\" content=\"Agricultores fecham Estrada do Quixad\u00e1 durante protesto - Agazeta.net\" \/>\n<meta property=\"og:description\" content=\"Falta de infraestrutura j\u00e1 foi comunicada \u00e0 prefeitura\" \/>\n<meta property=\"og:url\" content=\"https:\/\/nk7-testes.com.br\/agazeta\/agricultores-fecham-estrada-do-quixada-durante-protesto\/\" \/>\n<meta property=\"og:site_name\" content=\"Agazeta.net\" \/>\n<meta property=\"article:published_time\" content=\"2016-10-26T20:02:56+00:00\" \/>\n<meta property=\"og:image\" content=\"https:\/\/nk7-testes.com.br\/agazeta\/wp-content\/uploads\/2016\/10\/261016-cotidiano-pontequixada-tvgazeta.jpg\" \/>\n\t<meta property=\"og:image:width\" content=\"458\" \/>\n\t<meta property=\"og:image:height\" content=\"340\" \/>\n\t<meta property=\"og:image:type\" content=\"image\/jpeg\" \/>\n<meta name=\"author\" content=\"Agazeta.Net\" \/>\n<meta name=\"twitter:card\" content=\"summary_large_image\" \/>\n<meta name=\"twitter:label1\" content=\"Escrito por\" \/>\n\t<meta name=\"twitter:data1\" content=\"Agazeta.Net\" \/>\n\t<meta name=\"twitter:label2\" content=\"Est. tempo de leitura\" \/>\n\t<meta name=\"twitter:data2\" content=\"1 minuto\" \/>\n<script type=\"application\/ld+json\" class=\"yoast-schema-graph\">{\"@context\":\"https:\/\/schema.org\",\"@graph\":[{\"@type\":\"WebPage\",\"@id\":\"https:\/\/nk7-testes.com.br\/agazeta\/agricultores-fecham-estrada-do-quixada-durante-protesto\/\",\"url\":\"https:\/\/nk7-testes.com.br\/agazeta\/agricultores-fecham-estrada-do-quixada-durante-protesto\/\",\"name\":\"Agricultores fecham Estrada do Quixad\u00e1 durante protesto - Agazeta.net\",\"isPartOf\":{\"@id\":\"https:\/\/nk7-testes.com.br\/agazeta\/#website\"},\"primaryImageOfPage\":{\"@id\":\"https:\/\/nk7-testes.com.br\/agazeta\/agricultores-fecham-estrada-do-quixada-durante-protesto\/#primaryimage\"},\"image\":{\"@id\":\"https:\/\/nk7-testes.com.br\/agazeta\/agricultores-fecham-estrada-do-quixada-durante-protesto\/#primaryimage\"},\"thumbnailUrl\":\"https:\/\/nk7-testes.com.br\/agazeta\/wp-content\/uploads\/2016\/10\/261016-cotidiano-pontequixada-tvgazeta.jpg\",\"datePublished\":\"2016-10-26T20:02:56+00:00\",\"author\":{\"@id\":\"https:\/\/nk7-testes.com.br\/agazeta\/#\/schema\/person\/ff6b39d54d6973bfc57f4140f659b23f\"},\"breadcrumb\":{\"@id\":\"https:\/\/nk7-testes.com.br\/agazeta\/agricultores-fecham-estrada-do-quixada-durante-protesto\/#breadcrumb\"},\"inLanguage\":\"pt-BR\",\"potentialAction\":[{\"@type\":\"ReadAction\",\"target\":[\"https:\/\/nk7-testes.com.br\/agazeta\/agricultores-fecham-estrada-do-quixada-durante-protesto\/\"]}]},{\"@type\":\"ImageObject\",\"inLanguage\":\"pt-BR\",\"@id\":\"https:\/\/nk7-testes.com.br\/agazeta\/agricultores-fecham-estrada-do-quixada-durante-protesto\/#primaryimage\",\"url\":\"https:\/\/nk7-testes.com.br\/agazeta\/wp-content\/uploads\/2016\/10\/261016-cotidiano-pontequixada-tvgazeta.jpg\",\"contentUrl\":\"https:\/\/nk7-testes.com.br\/agazeta\/wp-content\/uploads\/2016\/10\/261016-cotidiano-pontequixada-tvgazeta.jpg\",\"width\":458,\"height\":340,\"caption\":\"261016-cotidiano-pontequixada-tvgazeta\"},{\"@type\":\"BreadcrumbList\",\"@id\":\"https:\/\/nk7-testes.com.br\/agazeta\/agricultores-fecham-estrada-do-quixada-durante-protesto\/#breadcrumb\",\"itemListElement\":[{\"@type\":\"ListItem\",\"position\":1,\"name\":\"In\u00edcio\",\"item\":\"https:\/\/nk7-testes.com.br\/agazeta\/\"},{\"@type\":\"ListItem\",\"position\":2,\"name\":\"Agricultores fecham Estrada do Quixad\u00e1 durante protesto\"}]},{\"@type\":\"WebSite\",\"@id\":\"https:\/\/nk7-testes.com.br\/agazeta\/#website\",\"url\":\"https:\/\/nk7-testes.com.br\/agazeta\/\",\"name\":\"Agazeta.net\",\"description\":\"Agazeta.net - Not\u00edcias de Rio Branco\/AC\",\"potentialAction\":[{\"@type\":\"SearchAction\",\"target\":{\"@type\":\"EntryPoint\",\"urlTemplate\":\"https:\/\/nk7-testes.com.br\/agazeta\/?s={search_term_string}\"},\"query-input\":{\"@type\":\"PropertyValueSpecification\",\"valueRequired\":true,\"valueName\":\"search_term_string\"}}],\"inLanguage\":\"pt-BR\"},{\"@type\":\"Person\",\"@id\":\"https:\/\/nk7-testes.com.br\/agazeta\/#\/schema\/person\/ff6b39d54d6973bfc57f4140f659b23f\",\"name\":\"Agazeta.Net\",\"url\":\"https:\/\/nk7-testes.com.br\/agazeta\/author\/agazeta\/\"}]}<\/script>\n<!-- \/ Yoast SEO plugin. -->","yoast_head_json":{"title":"Agricultores fecham Estrada do Quixad\u00e1 durante protesto - Agazeta.net","robots":{"index":"index","follow":"follow","max-snippet":"max-snippet:-1","max-image-preview":"max-image-preview:large","max-video-preview":"max-video-preview:-1"},"canonical":"https:\/\/nk7-testes.com.br\/agazeta\/agricultores-fecham-estrada-do-quixada-durante-protesto\/","og_locale":"pt_BR","og_type":"article","og_title":"Agricultores fecham Estrada do Quixad\u00e1 durante protesto - Agazeta.net","og_description":"Falta de infraestrutura j\u00e1 foi comunicada \u00e0 prefeitura","og_url":"https:\/\/nk7-testes.com.br\/agazeta\/agricultores-fecham-estrada-do-quixada-durante-protesto\/","og_site_name":"Agazeta.net","article_published_time":"2016-10-26T20:02:56+00:00","og_image":[{"width":458,"height":340,"url":"https:\/\/nk7-testes.com.br\/agazeta\/wp-content\/uploads\/2016\/10\/261016-cotidiano-pontequixada-tvgazeta.jpg","type":"image\/jpeg"}],"author":"Agazeta.Net","twitter_card":"summary_large_image","twitter_misc":{"Escrito por":"Agazeta.Net","Est. tempo de leitura":"1 minuto"},"schema":{"@context":"https:\/\/schema.org","@graph":[{"@type":"WebPage","@id":"https:\/\/nk7-testes.com.br\/agazeta\/agricultores-fecham-estrada-do-quixada-durante-protesto\/","url":"https:\/\/nk7-testes.com.br\/agazeta\/agricultores-fecham-estrada-do-quixada-durante-protesto\/","name":"Agricultores fecham Estrada do Quixad\u00e1 durante protesto - Agazeta.net","isPartOf":{"@id":"https:\/\/nk7-testes.com.br\/agazeta\/#website"},"primaryImageOfPage":{"@id":"https:\/\/nk7-testes.com.br\/agazeta\/agricultores-fecham-estrada-do-quixada-durante-protesto\/#primaryimage"},"image":{"@id":"https:\/\/nk7-testes.com.br\/agazeta\/agricultores-fecham-estrada-do-quixada-durante-protesto\/#primaryimage"},"thumbnailUrl":"https:\/\/nk7-testes.com.br\/agazeta\/wp-content\/uploads\/2016\/10\/261016-cotidiano-pontequixada-tvgazeta.jpg","datePublished":"2016-10-26T20:02:56+00:00","author":{"@id":"https:\/\/nk7-testes.com.br\/agazeta\/#\/schema\/person\/ff6b39d54d6973bfc57f4140f659b23f"},"breadcrumb":{"@id":"https:\/\/nk7-testes.com.br\/agazeta\/agricultores-fecham-estrada-do-quixada-durante-protesto\/#breadcrumb"},"inLanguage":"pt-BR","potentialAction":[{"@type":"ReadAction","target":["https:\/\/nk7-testes.com.br\/agazeta\/agricultores-fecham-estrada-do-quixada-durante-protesto\/"]}]},{"@type":"ImageObject","inLanguage":"pt-BR","@id":"https:\/\/nk7-testes.com.br\/agazeta\/agricultores-fecham-estrada-do-quixada-durante-protesto\/#primaryimage","url":"https:\/\/nk7-testes.com.br\/agazeta\/wp-content\/uploads\/2016\/10\/261016-cotidiano-pontequixada-tvgazeta.jpg","contentUrl":"https:\/\/nk7-testes.com.br\/agazeta\/wp-content\/uploads\/2016\/10\/261016-cotidiano-pontequixada-tvgazeta.jpg","width":458,"height":340,"caption":"261016-cotidiano-pontequixada-tvgazeta"},{"@type":"BreadcrumbList","@id":"https:\/\/nk7-testes.com.br\/agazeta\/agricultores-fecham-estrada-do-quixada-durante-protesto\/#breadcrumb","itemListElement":[{"@type":"ListItem","position":1,"name":"In\u00edcio","item":"https:\/\/nk7-testes.com.br\/agazeta\/"},{"@type":"ListItem","position":2,"name":"Agricultores fecham Estrada do Quixad\u00e1 durante protesto"}]},{"@type":"WebSite","@id":"https:\/\/nk7-testes.com.br\/agazeta\/#website","url":"https:\/\/nk7-testes.com.br\/agazeta\/","name":"Agazeta.net","description":"Agazeta.net - Not\u00edcias de Rio Branco\/AC","potentialAction":[{"@type":"SearchAction","target":{"@type":"EntryPoint","urlTemplate":"https:\/\/nk7-testes.com.br\/agazeta\/?s={search_term_string}"},"query-input":{"@type":"PropertyValueSpecification","valueRequired":true,"valueName":"search_term_string"}}],"inLanguage":"pt-BR"},{"@type":"Person","@id":"https:\/\/nk7-testes.com.br\/agazeta\/#\/schema\/person\/ff6b39d54d6973bfc57f4140f659b23f","name":"Agazeta.Net","url":"https:\/\/nk7-testes.com.br\/agazeta\/author\/agazeta\/"}]}},"_links":{"self":[{"href":"https:\/\/nk7-testes.com.br\/agazeta\/wp-json\/wp\/v2\/posts\/26094","targetHints":{"allow":["GET"]}}],"collection":[{"href":"https:\/\/nk7-testes.com.br\/agazeta\/wp-json\/wp\/v2\/posts"}],"about":[{"href":"https:\/\/nk7-testes.com.br\/agazeta\/wp-json\/wp\/v2\/types\/post"}],"author":[{"embeddable":true,"href":"https:\/\/nk7-testes.com.br\/agazeta\/wp-json\/wp\/v2\/users\/4"}],"replies":[{"embeddable":true,"href":"https:\/\/nk7-testes.com.br\/agazeta\/wp-json\/wp\/v2\/comments?post=26094"}],"version-history":[{"count":0,"href":"https:\/\/nk7-testes.com.br\/agazeta\/wp-json\/wp\/v2\/posts\/26094\/revisions"}],"wp:featuredmedia":[{"embeddable":true,"href":"https:\/\/nk7-testes.com.br\/agazeta\/wp-json\/wp\/v2\/media\/26093"}],"wp:attachment":[{"href":"https:\/\/nk7-testes.com.br\/agazeta\/wp-json\/wp\/v2\/media?parent=26094"}],"wp:term":[{"taxonomy":"category","embeddable":true,"href":"https:\/\/nk7-testes.com.br\/agazeta\/wp-json\/wp\/v2\/categories?post=26094"},{"taxonomy":"post_tag","embeddable":true,"href":"https:\/\/nk7-testes.com.br\/agazeta\/wp-json\/wp\/v2\/tags?post=26094"}],"curies":[{"name":"wp","href":"https:\/\/api.w.org\/{rel}","templated":true}]}}