{"id":26070,"date":"2016-10-25T19:58:47","date_gmt":"2016-10-25T19:58:47","guid":{"rendered":"https:\/\/abarevegan.com.br\/index.php\/2016\/10\/25\/mudanca-na-rotina-dos-estudantes-da-dr-carlos-vasconcelos\/"},"modified":"2016-10-25T19:58:47","modified_gmt":"2016-10-25T19:58:47","slug":"mudanca-na-rotina-dos-estudantes-da-dr-carlos-vasconcelos","status":"publish","type":"post","link":"https:\/\/nk7-testes.com.br\/agazeta\/mudanca-na-rotina-dos-estudantes-da-dr-carlos-vasconcelos\/","title":{"rendered":"Mudan\u00e7a na rotina da escola Carlos Vasconcelos"},"content":{"rendered":"<p style=\"text-align: justify;\">Alunos e professores t\u00eam uma l\u00f3gica: recome\u00e7o<\/p>\n<p style=\"text-align: justify;\">Os estudantes da escola Dr. Carlos Vasconcelos (no bairro Triangulo), incendiada durante um ataque criminoso da semana passada, tiveram que ser remanejados para que n\u00e3o tivessem o ano letivo comprometido. Metade deles foi levada \u00e0 escola Lourival Pinho. A outra metade \u00e0 escola Terezinha Migu\u00e9is (no bairro Cida de Nova).<\/p>\n<p style=\"text-align: justify;\">A escola Lourival Pinho, que fica no bairro Triangulo, tem 16 salas de aula e 680 alunos. Eles est\u00e3o matriculados para o per\u00edodo da manh\u00e3, 200 alunos da Vasconcelos foram levados ao LP, com um total de 780 alunos na escola.<\/p>\n<p style=\"text-align: justify;\">Para acomodar todos os estudantes, foram improvisadas salas de aula no audit\u00f3rio, biblioteca e sala de v\u00eddeo. \u201cTemos dois blocos. Vieram cinco turmas da Doutor Carlos Vasconcelos para um desses blocos e algumas turmas nossas ficaram juntas, para isso usamos espa\u00e7os alternativos\u201d, explicou a coordenadora de ensino da escola Lourival Pinho, Celutina Ferraz.<\/p>\n<p style=\"text-align: justify;\">J\u00e1 a coordenadora de ensino da escola Dr. Carlos Vasconcelos, Mirtes Pinheiro, diz que a preocupa\u00e7\u00e3o \u00e9 garantir o encerramento do ano letivo. \u201cN\u00f3s temos que nos preocupar primeiramente com o ano letivo e isso est\u00e1 garantido. Temos j\u00e1 uma promessa de reforma para garantir o pr\u00f3ximo ano letivo, mas a prioridade no momento \u00e9 terminar este ano\u201d.<\/p>\n<p style=\"text-align: justify;\">S\u00e9rgio Queiroga, do 9\u00ba ano, \u00e9 um dos estudantes que tiveram que mudar de escola. O jovem de 15 anos falou como se sentiu em rela\u00e7\u00e3o \u00e0 mudan\u00e7a. \u201c\u00c9 muito triste a gente vir para um col\u00e9gio que n\u00e3o \u00e9 o nosso. Sair de uma escola boa para uma que n\u00e3o \u00e9 a nossa, apesar de termos sido recebidos bem, tem alguns pessoas que ficam criticando\u201d.<\/p>\n<p style=\"text-align: justify;\">A aluna Dalva de Oliveira, 14, compartilha do mesmo sentimento do colega de classe. \u201cViemos pra c\u00e1, um ambiente que n\u00e3o \u00e9 nosso. Fomos bem recebidos, mas muita gente critica porque a gente saiu de l\u00e1, porque nossa escola foi queimada e estamos num ambiente que n\u00e3o \u00e9 nosso. Ningu\u00e9m gostaria de ter a escola queimada, isso foi p\u00e9ssimo\u201d.<\/p>\n<p style=\"text-align: justify;\">Assim como os alunos, os professores tamb\u00e9m tiveram que passar pela adapta\u00e7\u00e3o. Edvaldo Lima, que d\u00e1 aula de Hist\u00f3ria para o 8\u00ba ano, fala em recome\u00e7ar. \u201cA situa\u00e7\u00e3o \u00e9 de recome\u00e7o porque est\u00e1vamos acomodados, tivemos que sair da nossa \u2018casa\u2019, outro ambiente diferente, onde tanto a dire\u00e7\u00e3o, coordena\u00e7\u00e3o, a gest\u00e3o, alunos e professores est\u00e3o ainda nesse primeiro dia de aula se acomodando com o novo\u201d.<\/p>\n<p style=\"text-align: justify;\">O professor de Biologia da escola Lourival Pinho, Vanderson Sobrinho, teve que se adaptar a outra situa\u00e7\u00e3o, dar aula para uma turma com 80 alunos, j\u00e1 que duas turmas do 3\u00ba ano do Ensino M\u00e9dio tiveram que se juntar.<\/p>\n<p style=\"text-align: justify;\">\u201cEssas turmas que foram unidas s\u00e3o do terceiro ano, ent\u00e3o eles j\u00e1 est\u00e3o com o foco bem definido para o Enem, o que facilita d\u00e1 muito trabalho n\u00e3o\u201d.<\/p>\n<p style=\"text-align: justify;\"><strong>Mais problemas<\/strong><\/p>\n<p style=\"text-align: justify;\">Neste primeiro dia de aula, ap\u00f3s o ataque a escola Dr. Carlos Vasconcelos, a dire\u00e7\u00e3o teve que improvisar e usar a merenda que seria dos estudantes da noite para dar conta de alimentar os alunos da manh\u00e3. Apesar dos contratempos, as coordenadoras das duas escolas disseram que o problema seria resolvido ainda hoje.<\/p>\n<p style=\"text-align: justify;\">Outro problema que surgiu com a vinda dos novos alunos foi a do calor, como algumas salas est\u00e3o com o dobro de alunos o ambiente ficou ainda mais quente e algumas dessas salas est\u00e3o com ar-condicionado quebrado. Celutina Ferraz disse que a Secretaria de Educa\u00e7\u00e3o se prontificou em resolver o problema para n\u00e3o prejudicar os estudantes.<\/p>\n","protected":false},"excerpt":{"rendered":"<p style=\"text-align: justify;\">Alunos e professores t\u00eam uma l\u00f3gica: recome\u00e7o<\/p>\n","protected":false},"author":4,"featured_media":26069,"comment_status":"open","ping_status":"open","sticky":false,"template":"","format":"standard","meta":{"jnews-multi-image_gallery":[],"jnews_single_post":[],"jnews_primary_category":[],"jnews_social_meta":[],"jnews_review":[],"enable_review":"","type":"","name":"","summary":"","brand":"","sku":"","good":[],"bad":[],"score_override":"","override_value":"","rating":[],"price":[],"footnotes":""},"categories":[54],"tags":[],"class_list":["post-26070","post","type-post","status-publish","format-standard","has-post-thumbnail","hentry","category-cotidiano"],"yoast_head":"<!-- This site is optimized with the Yoast SEO plugin v26.5 - https:\/\/yoast.com\/wordpress\/plugins\/seo\/ -->\n<title>Mudan\u00e7a na rotina da escola Carlos Vasconcelos - Agazeta.net<\/title>\n<meta name=\"robots\" content=\"index, follow, max-snippet:-1, max-image-preview:large, max-video-preview:-1\" \/>\n<link rel=\"canonical\" href=\"https:\/\/nk7-testes.com.br\/agazeta\/mudanca-na-rotina-dos-estudantes-da-dr-carlos-vasconcelos\/\" \/>\n<meta property=\"og:locale\" content=\"pt_BR\" \/>\n<meta property=\"og:type\" content=\"article\" \/>\n<meta property=\"og:title\" content=\"Mudan\u00e7a na rotina da escola Carlos Vasconcelos - Agazeta.net\" \/>\n<meta property=\"og:description\" content=\"Alunos e professores t\u00eam uma l\u00f3gica: recome\u00e7o\" \/>\n<meta property=\"og:url\" content=\"https:\/\/nk7-testes.com.br\/agazeta\/mudanca-na-rotina-dos-estudantes-da-dr-carlos-vasconcelos\/\" \/>\n<meta property=\"og:site_name\" content=\"Agazeta.net\" \/>\n<meta property=\"article:published_time\" content=\"2016-10-25T19:58:47+00:00\" \/>\n<meta property=\"og:image\" content=\"https:\/\/nk7-testes.com.br\/agazeta\/wp-content\/uploads\/2016\/10\/251016-cotidiano-carlosvasconcelosescola-taiane.jpg\" \/>\n\t<meta property=\"og:image:width\" content=\"458\" \/>\n\t<meta property=\"og:image:height\" content=\"340\" \/>\n\t<meta property=\"og:image:type\" content=\"image\/jpeg\" \/>\n<meta name=\"author\" content=\"Agazeta.Net\" \/>\n<meta name=\"twitter:card\" content=\"summary_large_image\" \/>\n<meta name=\"twitter:label1\" content=\"Escrito por\" \/>\n\t<meta name=\"twitter:data1\" content=\"Agazeta.Net\" \/>\n\t<meta name=\"twitter:label2\" content=\"Est. tempo de leitura\" \/>\n\t<meta name=\"twitter:data2\" content=\"3 minutos\" \/>\n<script type=\"application\/ld+json\" class=\"yoast-schema-graph\">{\"@context\":\"https:\/\/schema.org\",\"@graph\":[{\"@type\":\"WebPage\",\"@id\":\"https:\/\/nk7-testes.com.br\/agazeta\/mudanca-na-rotina-dos-estudantes-da-dr-carlos-vasconcelos\/\",\"url\":\"https:\/\/nk7-testes.com.br\/agazeta\/mudanca-na-rotina-dos-estudantes-da-dr-carlos-vasconcelos\/\",\"name\":\"Mudan\u00e7a na rotina da escola Carlos Vasconcelos - Agazeta.net\",\"isPartOf\":{\"@id\":\"https:\/\/nk7-testes.com.br\/agazeta\/#website\"},\"primaryImageOfPage\":{\"@id\":\"https:\/\/nk7-testes.com.br\/agazeta\/mudanca-na-rotina-dos-estudantes-da-dr-carlos-vasconcelos\/#primaryimage\"},\"image\":{\"@id\":\"https:\/\/nk7-testes.com.br\/agazeta\/mudanca-na-rotina-dos-estudantes-da-dr-carlos-vasconcelos\/#primaryimage\"},\"thumbnailUrl\":\"https:\/\/nk7-testes.com.br\/agazeta\/wp-content\/uploads\/2016\/10\/251016-cotidiano-carlosvasconcelosescola-taiane.jpg\",\"datePublished\":\"2016-10-25T19:58:47+00:00\",\"author\":{\"@id\":\"https:\/\/nk7-testes.com.br\/agazeta\/#\/schema\/person\/ff6b39d54d6973bfc57f4140f659b23f\"},\"breadcrumb\":{\"@id\":\"https:\/\/nk7-testes.com.br\/agazeta\/mudanca-na-rotina-dos-estudantes-da-dr-carlos-vasconcelos\/#breadcrumb\"},\"inLanguage\":\"pt-BR\",\"potentialAction\":[{\"@type\":\"ReadAction\",\"target\":[\"https:\/\/nk7-testes.com.br\/agazeta\/mudanca-na-rotina-dos-estudantes-da-dr-carlos-vasconcelos\/\"]}]},{\"@type\":\"ImageObject\",\"inLanguage\":\"pt-BR\",\"@id\":\"https:\/\/nk7-testes.com.br\/agazeta\/mudanca-na-rotina-dos-estudantes-da-dr-carlos-vasconcelos\/#primaryimage\",\"url\":\"https:\/\/nk7-testes.com.br\/agazeta\/wp-content\/uploads\/2016\/10\/251016-cotidiano-carlosvasconcelosescola-taiane.jpg\",\"contentUrl\":\"https:\/\/nk7-testes.com.br\/agazeta\/wp-content\/uploads\/2016\/10\/251016-cotidiano-carlosvasconcelosescola-taiane.jpg\",\"width\":458,\"height\":340,\"caption\":\"251016-cotidiano-carlosvasconcelosescola-taiane\"},{\"@type\":\"BreadcrumbList\",\"@id\":\"https:\/\/nk7-testes.com.br\/agazeta\/mudanca-na-rotina-dos-estudantes-da-dr-carlos-vasconcelos\/#breadcrumb\",\"itemListElement\":[{\"@type\":\"ListItem\",\"position\":1,\"name\":\"In\u00edcio\",\"item\":\"https:\/\/nk7-testes.com.br\/agazeta\/\"},{\"@type\":\"ListItem\",\"position\":2,\"name\":\"Mudan\u00e7a na rotina da escola Carlos Vasconcelos\"}]},{\"@type\":\"WebSite\",\"@id\":\"https:\/\/nk7-testes.com.br\/agazeta\/#website\",\"url\":\"https:\/\/nk7-testes.com.br\/agazeta\/\",\"name\":\"Agazeta.net\",\"description\":\"Agazeta.net - Not\u00edcias de Rio Branco\/AC\",\"potentialAction\":[{\"@type\":\"SearchAction\",\"target\":{\"@type\":\"EntryPoint\",\"urlTemplate\":\"https:\/\/nk7-testes.com.br\/agazeta\/?s={search_term_string}\"},\"query-input\":{\"@type\":\"PropertyValueSpecification\",\"valueRequired\":true,\"valueName\":\"search_term_string\"}}],\"inLanguage\":\"pt-BR\"},{\"@type\":\"Person\",\"@id\":\"https:\/\/nk7-testes.com.br\/agazeta\/#\/schema\/person\/ff6b39d54d6973bfc57f4140f659b23f\",\"name\":\"Agazeta.Net\",\"url\":\"https:\/\/nk7-testes.com.br\/agazeta\/author\/agazeta\/\"}]}<\/script>\n<!-- \/ Yoast SEO plugin. -->","yoast_head_json":{"title":"Mudan\u00e7a na rotina da escola Carlos Vasconcelos - Agazeta.net","robots":{"index":"index","follow":"follow","max-snippet":"max-snippet:-1","max-image-preview":"max-image-preview:large","max-video-preview":"max-video-preview:-1"},"canonical":"https:\/\/nk7-testes.com.br\/agazeta\/mudanca-na-rotina-dos-estudantes-da-dr-carlos-vasconcelos\/","og_locale":"pt_BR","og_type":"article","og_title":"Mudan\u00e7a na rotina da escola Carlos Vasconcelos - Agazeta.net","og_description":"Alunos e professores t\u00eam uma l\u00f3gica: recome\u00e7o","og_url":"https:\/\/nk7-testes.com.br\/agazeta\/mudanca-na-rotina-dos-estudantes-da-dr-carlos-vasconcelos\/","og_site_name":"Agazeta.net","article_published_time":"2016-10-25T19:58:47+00:00","og_image":[{"width":458,"height":340,"url":"https:\/\/nk7-testes.com.br\/agazeta\/wp-content\/uploads\/2016\/10\/251016-cotidiano-carlosvasconcelosescola-taiane.jpg","type":"image\/jpeg"}],"author":"Agazeta.Net","twitter_card":"summary_large_image","twitter_misc":{"Escrito por":"Agazeta.Net","Est. tempo de leitura":"3 minutos"},"schema":{"@context":"https:\/\/schema.org","@graph":[{"@type":"WebPage","@id":"https:\/\/nk7-testes.com.br\/agazeta\/mudanca-na-rotina-dos-estudantes-da-dr-carlos-vasconcelos\/","url":"https:\/\/nk7-testes.com.br\/agazeta\/mudanca-na-rotina-dos-estudantes-da-dr-carlos-vasconcelos\/","name":"Mudan\u00e7a na rotina da escola Carlos Vasconcelos - Agazeta.net","isPartOf":{"@id":"https:\/\/nk7-testes.com.br\/agazeta\/#website"},"primaryImageOfPage":{"@id":"https:\/\/nk7-testes.com.br\/agazeta\/mudanca-na-rotina-dos-estudantes-da-dr-carlos-vasconcelos\/#primaryimage"},"image":{"@id":"https:\/\/nk7-testes.com.br\/agazeta\/mudanca-na-rotina-dos-estudantes-da-dr-carlos-vasconcelos\/#primaryimage"},"thumbnailUrl":"https:\/\/nk7-testes.com.br\/agazeta\/wp-content\/uploads\/2016\/10\/251016-cotidiano-carlosvasconcelosescola-taiane.jpg","datePublished":"2016-10-25T19:58:47+00:00","author":{"@id":"https:\/\/nk7-testes.com.br\/agazeta\/#\/schema\/person\/ff6b39d54d6973bfc57f4140f659b23f"},"breadcrumb":{"@id":"https:\/\/nk7-testes.com.br\/agazeta\/mudanca-na-rotina-dos-estudantes-da-dr-carlos-vasconcelos\/#breadcrumb"},"inLanguage":"pt-BR","potentialAction":[{"@type":"ReadAction","target":["https:\/\/nk7-testes.com.br\/agazeta\/mudanca-na-rotina-dos-estudantes-da-dr-carlos-vasconcelos\/"]}]},{"@type":"ImageObject","inLanguage":"pt-BR","@id":"https:\/\/nk7-testes.com.br\/agazeta\/mudanca-na-rotina-dos-estudantes-da-dr-carlos-vasconcelos\/#primaryimage","url":"https:\/\/nk7-testes.com.br\/agazeta\/wp-content\/uploads\/2016\/10\/251016-cotidiano-carlosvasconcelosescola-taiane.jpg","contentUrl":"https:\/\/nk7-testes.com.br\/agazeta\/wp-content\/uploads\/2016\/10\/251016-cotidiano-carlosvasconcelosescola-taiane.jpg","width":458,"height":340,"caption":"251016-cotidiano-carlosvasconcelosescola-taiane"},{"@type":"BreadcrumbList","@id":"https:\/\/nk7-testes.com.br\/agazeta\/mudanca-na-rotina-dos-estudantes-da-dr-carlos-vasconcelos\/#breadcrumb","itemListElement":[{"@type":"ListItem","position":1,"name":"In\u00edcio","item":"https:\/\/nk7-testes.com.br\/agazeta\/"},{"@type":"ListItem","position":2,"name":"Mudan\u00e7a na rotina da escola Carlos Vasconcelos"}]},{"@type":"WebSite","@id":"https:\/\/nk7-testes.com.br\/agazeta\/#website","url":"https:\/\/nk7-testes.com.br\/agazeta\/","name":"Agazeta.net","description":"Agazeta.net - Not\u00edcias de Rio Branco\/AC","potentialAction":[{"@type":"SearchAction","target":{"@type":"EntryPoint","urlTemplate":"https:\/\/nk7-testes.com.br\/agazeta\/?s={search_term_string}"},"query-input":{"@type":"PropertyValueSpecification","valueRequired":true,"valueName":"search_term_string"}}],"inLanguage":"pt-BR"},{"@type":"Person","@id":"https:\/\/nk7-testes.com.br\/agazeta\/#\/schema\/person\/ff6b39d54d6973bfc57f4140f659b23f","name":"Agazeta.Net","url":"https:\/\/nk7-testes.com.br\/agazeta\/author\/agazeta\/"}]}},"_links":{"self":[{"href":"https:\/\/nk7-testes.com.br\/agazeta\/wp-json\/wp\/v2\/posts\/26070","targetHints":{"allow":["GET"]}}],"collection":[{"href":"https:\/\/nk7-testes.com.br\/agazeta\/wp-json\/wp\/v2\/posts"}],"about":[{"href":"https:\/\/nk7-testes.com.br\/agazeta\/wp-json\/wp\/v2\/types\/post"}],"author":[{"embeddable":true,"href":"https:\/\/nk7-testes.com.br\/agazeta\/wp-json\/wp\/v2\/users\/4"}],"replies":[{"embeddable":true,"href":"https:\/\/nk7-testes.com.br\/agazeta\/wp-json\/wp\/v2\/comments?post=26070"}],"version-history":[{"count":0,"href":"https:\/\/nk7-testes.com.br\/agazeta\/wp-json\/wp\/v2\/posts\/26070\/revisions"}],"wp:featuredmedia":[{"embeddable":true,"href":"https:\/\/nk7-testes.com.br\/agazeta\/wp-json\/wp\/v2\/media\/26069"}],"wp:attachment":[{"href":"https:\/\/nk7-testes.com.br\/agazeta\/wp-json\/wp\/v2\/media?parent=26070"}],"wp:term":[{"taxonomy":"category","embeddable":true,"href":"https:\/\/nk7-testes.com.br\/agazeta\/wp-json\/wp\/v2\/categories?post=26070"},{"taxonomy":"post_tag","embeddable":true,"href":"https:\/\/nk7-testes.com.br\/agazeta\/wp-json\/wp\/v2\/tags?post=26070"}],"curies":[{"name":"wp","href":"https:\/\/api.w.org\/{rel}","templated":true}]}}