{"id":26060,"date":"2016-10-24T21:48:44","date_gmt":"2016-10-24T21:48:44","guid":{"rendered":"https:\/\/abarevegan.com.br\/index.php\/2016\/10\/24\/policia-investiga-assassinato-de-agente-socioeducador\/"},"modified":"2016-10-24T21:48:44","modified_gmt":"2016-10-24T21:48:44","slug":"policia-investiga-assassinato-de-agente-socioeducador","status":"publish","type":"post","link":"https:\/\/nk7-testes.com.br\/agazeta\/policia-investiga-assassinato-de-agente-socioeducador\/","title":{"rendered":"Pol\u00edcia investiga assassinato de agente socioeducador"},"content":{"rendered":"<p style=\"text-align: justify;\">Morto com ter\u00e7adadas no pesco\u00e7o e costas<\/p>\n<p style=\"text-align: justify;\">O agente penitenci\u00e1rio Vando Medeiros, 33, foi assassinado, na tarde de domingo (23) a golpes de ter\u00e7ado no Igarap\u00e9 Iboa\u00e7u, comunidade Estir\u00e3o da Hora, munic\u00edpio de Tarauac\u00e1.<\/p>\n<p style=\"text-align: justify;\">O agente estava no seringal acompanhando a esposa, a vereadora eleita Veinha do Valmar. O casal foi \u00e0 comunidade agradecer os votos.<\/p>\n<p style=\"text-align: justify;\">De acordo com a pol\u00edcia, testemunhas contaram que era por volta das 16h quando um homem foi at\u00e9 a casa onde Vando estava hospedado e pediu um litro de gasolina, o agente foi at\u00e9 o barco para entregar o combust\u00edvel e l\u00e1 foi atingido com dois golpes de ter\u00e7ado, no pesco\u00e7o e nas costas. A Pol\u00edcia Civil investiga o caso.<\/p>\n<p style=\"text-align: justify;\"><strong>Nota de Pesar<\/strong><\/p>\n<p style=\"text-align: justify;\">O Instituto Socioeducativo do Acre (ISE) e o Instituto de Administra\u00e7\u00e3o Penitenci\u00e1ria (Iapen) manifestam profundo pesar pelo falecimento do agente socioeducador, Vando Medeiros, 33 anos, ocorrido no \u00faltimo domingo, 23 de outubro, em decorr\u00eancia de agress\u00f5es com fac\u00e3o, na zona rural de Tarauac\u00e1. A Pol\u00edcia Civil, desde o in\u00edcio da noite de domingo, ao tomar conhecimento do caso, est\u00e1 investigando o caso.<\/p>\n<p style=\"text-align: justify;\">Vando, que era socioeducador, estava cedido para prestar servi\u00e7os ao Iapen, onde desempenhou suas atividades com exemplar compet\u00eancia. Neste momento de dor, transmitimos nossos sentimentos de pesar e solidariedade \u00e0 fam\u00edlia e aos amigos enlutados.<\/p>\n<p style=\"text-align: justify;\"><strong>Emylson Farias<\/strong><\/p>\n<p style=\"text-align: justify;\"><em>Secret\u00e1rio de Estado de Seguran\u00e7a P\u00fablica<\/em><\/p>\n<p style=\"text-align: justify;\"><strong>Rafael Almeida<\/strong><\/p>\n<p style=\"text-align: justify;\"><em>Presidente do Instituto Socioeducativo<\/em><\/p>\n<p style=\"text-align: justify;\"><strong>Martin Hessel<\/strong><\/p>\n<p style=\"text-align: justify;\"><em>Presidente do Instituto de Administra\u00e7\u00e3o Penitenci\u00e1ria<\/em><\/p>\n","protected":false},"excerpt":{"rendered":"<p style=\"text-align: justify;\">Morto com ter\u00e7adadas no pesco\u00e7o e costas<\/p>\n","protected":false},"author":4,"featured_media":26059,"comment_status":"open","ping_status":"open","sticky":false,"template":"","format":"standard","meta":{"jnews-multi-image_gallery":[],"jnews_single_post":[],"jnews_primary_category":[],"jnews_social_meta":[],"jnews_review":[],"enable_review":"","type":"","name":"","summary":"","brand":"","sku":"","good":[],"bad":[],"score_override":"","override_value":"","rating":[],"price":[],"footnotes":""},"categories":[44],"tags":[],"class_list":["post-26060","post","type-post","status-publish","format-standard","has-post-thumbnail","hentry","category-policia"],"yoast_head":"<!-- This site is optimized with the Yoast SEO plugin v26.5 - https:\/\/yoast.com\/wordpress\/plugins\/seo\/ -->\n<title>Pol\u00edcia investiga assassinato de agente socioeducador - Agazeta.net<\/title>\n<meta name=\"robots\" content=\"index, follow, max-snippet:-1, max-image-preview:large, max-video-preview:-1\" \/>\n<link rel=\"canonical\" href=\"https:\/\/nk7-testes.com.br\/agazeta\/policia-investiga-assassinato-de-agente-socioeducador\/\" \/>\n<meta property=\"og:locale\" content=\"pt_BR\" \/>\n<meta property=\"og:type\" content=\"article\" \/>\n<meta property=\"og:title\" content=\"Pol\u00edcia investiga assassinato de agente socioeducador - Agazeta.net\" \/>\n<meta property=\"og:description\" content=\"Morto com ter\u00e7adadas no pesco\u00e7o e costas\" \/>\n<meta property=\"og:url\" content=\"https:\/\/nk7-testes.com.br\/agazeta\/policia-investiga-assassinato-de-agente-socioeducador\/\" \/>\n<meta property=\"og:site_name\" content=\"Agazeta.net\" \/>\n<meta property=\"article:published_time\" content=\"2016-10-24T21:48:44+00:00\" \/>\n<meta property=\"og:image\" content=\"https:\/\/nk7-testes.com.br\/agazeta\/wp-content\/uploads\/2016\/10\/241016-policia-agenteassassinado-cedida.jpg\" \/>\n\t<meta property=\"og:image:width\" content=\"458\" \/>\n\t<meta property=\"og:image:height\" content=\"340\" \/>\n\t<meta property=\"og:image:type\" content=\"image\/jpeg\" \/>\n<meta name=\"author\" content=\"Agazeta.Net\" \/>\n<meta name=\"twitter:card\" content=\"summary_large_image\" \/>\n<meta name=\"twitter:label1\" content=\"Escrito por\" \/>\n\t<meta name=\"twitter:data1\" content=\"Agazeta.Net\" \/>\n\t<meta name=\"twitter:label2\" content=\"Est. tempo de leitura\" \/>\n\t<meta name=\"twitter:data2\" content=\"1 minuto\" \/>\n<script type=\"application\/ld+json\" class=\"yoast-schema-graph\">{\"@context\":\"https:\/\/schema.org\",\"@graph\":[{\"@type\":\"WebPage\",\"@id\":\"https:\/\/nk7-testes.com.br\/agazeta\/policia-investiga-assassinato-de-agente-socioeducador\/\",\"url\":\"https:\/\/nk7-testes.com.br\/agazeta\/policia-investiga-assassinato-de-agente-socioeducador\/\",\"name\":\"Pol\u00edcia investiga assassinato de agente socioeducador - Agazeta.net\",\"isPartOf\":{\"@id\":\"https:\/\/nk7-testes.com.br\/agazeta\/#website\"},\"primaryImageOfPage\":{\"@id\":\"https:\/\/nk7-testes.com.br\/agazeta\/policia-investiga-assassinato-de-agente-socioeducador\/#primaryimage\"},\"image\":{\"@id\":\"https:\/\/nk7-testes.com.br\/agazeta\/policia-investiga-assassinato-de-agente-socioeducador\/#primaryimage\"},\"thumbnailUrl\":\"https:\/\/nk7-testes.com.br\/agazeta\/wp-content\/uploads\/2016\/10\/241016-policia-agenteassassinado-cedida.jpg\",\"datePublished\":\"2016-10-24T21:48:44+00:00\",\"author\":{\"@id\":\"https:\/\/nk7-testes.com.br\/agazeta\/#\/schema\/person\/6d6e25cb0435eb4a02fd44d30b4e3020\"},\"breadcrumb\":{\"@id\":\"https:\/\/nk7-testes.com.br\/agazeta\/policia-investiga-assassinato-de-agente-socioeducador\/#breadcrumb\"},\"inLanguage\":\"pt-BR\",\"potentialAction\":[{\"@type\":\"ReadAction\",\"target\":[\"https:\/\/nk7-testes.com.br\/agazeta\/policia-investiga-assassinato-de-agente-socioeducador\/\"]}]},{\"@type\":\"ImageObject\",\"inLanguage\":\"pt-BR\",\"@id\":\"https:\/\/nk7-testes.com.br\/agazeta\/policia-investiga-assassinato-de-agente-socioeducador\/#primaryimage\",\"url\":\"https:\/\/nk7-testes.com.br\/agazeta\/wp-content\/uploads\/2016\/10\/241016-policia-agenteassassinado-cedida.jpg\",\"contentUrl\":\"https:\/\/nk7-testes.com.br\/agazeta\/wp-content\/uploads\/2016\/10\/241016-policia-agenteassassinado-cedida.jpg\",\"width\":458,\"height\":340,\"caption\":\"241016-policia-agenteassassinado-cedida\"},{\"@type\":\"BreadcrumbList\",\"@id\":\"https:\/\/nk7-testes.com.br\/agazeta\/policia-investiga-assassinato-de-agente-socioeducador\/#breadcrumb\",\"itemListElement\":[{\"@type\":\"ListItem\",\"position\":1,\"name\":\"In\u00edcio\",\"item\":\"https:\/\/nk7-testes.com.br\/agazeta\/\"},{\"@type\":\"ListItem\",\"position\":2,\"name\":\"Pol\u00edcia investiga assassinato de agente socioeducador\"}]},{\"@type\":\"WebSite\",\"@id\":\"https:\/\/nk7-testes.com.br\/agazeta\/#website\",\"url\":\"https:\/\/nk7-testes.com.br\/agazeta\/\",\"name\":\"Agazeta.net\",\"description\":\"Agazeta.net - Not\u00edcias de Rio Branco\/AC\",\"potentialAction\":[{\"@type\":\"SearchAction\",\"target\":{\"@type\":\"EntryPoint\",\"urlTemplate\":\"https:\/\/nk7-testes.com.br\/agazeta\/?s={search_term_string}\"},\"query-input\":{\"@type\":\"PropertyValueSpecification\",\"valueRequired\":true,\"valueName\":\"search_term_string\"}}],\"inLanguage\":\"pt-BR\"},{\"@type\":\"Person\",\"@id\":\"https:\/\/nk7-testes.com.br\/agazeta\/#\/schema\/person\/6d6e25cb0435eb4a02fd44d30b4e3020\",\"name\":\"Agazeta.Net\",\"url\":\"https:\/\/nk7-testes.com.br\/agazeta\/author\/agazeta\/\"}]}<\/script>\n<!-- \/ Yoast SEO plugin. -->","yoast_head_json":{"title":"Pol\u00edcia investiga assassinato de agente socioeducador - Agazeta.net","robots":{"index":"index","follow":"follow","max-snippet":"max-snippet:-1","max-image-preview":"max-image-preview:large","max-video-preview":"max-video-preview:-1"},"canonical":"https:\/\/nk7-testes.com.br\/agazeta\/policia-investiga-assassinato-de-agente-socioeducador\/","og_locale":"pt_BR","og_type":"article","og_title":"Pol\u00edcia investiga assassinato de agente socioeducador - Agazeta.net","og_description":"Morto com ter\u00e7adadas no pesco\u00e7o e costas","og_url":"https:\/\/nk7-testes.com.br\/agazeta\/policia-investiga-assassinato-de-agente-socioeducador\/","og_site_name":"Agazeta.net","article_published_time":"2016-10-24T21:48:44+00:00","og_image":[{"width":458,"height":340,"url":"https:\/\/nk7-testes.com.br\/agazeta\/wp-content\/uploads\/2016\/10\/241016-policia-agenteassassinado-cedida.jpg","type":"image\/jpeg"}],"author":"Agazeta.Net","twitter_card":"summary_large_image","twitter_misc":{"Escrito por":"Agazeta.Net","Est. tempo de leitura":"1 minuto"},"schema":{"@context":"https:\/\/schema.org","@graph":[{"@type":"WebPage","@id":"https:\/\/nk7-testes.com.br\/agazeta\/policia-investiga-assassinato-de-agente-socioeducador\/","url":"https:\/\/nk7-testes.com.br\/agazeta\/policia-investiga-assassinato-de-agente-socioeducador\/","name":"Pol\u00edcia investiga assassinato de agente socioeducador - Agazeta.net","isPartOf":{"@id":"https:\/\/nk7-testes.com.br\/agazeta\/#website"},"primaryImageOfPage":{"@id":"https:\/\/nk7-testes.com.br\/agazeta\/policia-investiga-assassinato-de-agente-socioeducador\/#primaryimage"},"image":{"@id":"https:\/\/nk7-testes.com.br\/agazeta\/policia-investiga-assassinato-de-agente-socioeducador\/#primaryimage"},"thumbnailUrl":"https:\/\/nk7-testes.com.br\/agazeta\/wp-content\/uploads\/2016\/10\/241016-policia-agenteassassinado-cedida.jpg","datePublished":"2016-10-24T21:48:44+00:00","author":{"@id":"https:\/\/nk7-testes.com.br\/agazeta\/#\/schema\/person\/6d6e25cb0435eb4a02fd44d30b4e3020"},"breadcrumb":{"@id":"https:\/\/nk7-testes.com.br\/agazeta\/policia-investiga-assassinato-de-agente-socioeducador\/#breadcrumb"},"inLanguage":"pt-BR","potentialAction":[{"@type":"ReadAction","target":["https:\/\/nk7-testes.com.br\/agazeta\/policia-investiga-assassinato-de-agente-socioeducador\/"]}]},{"@type":"ImageObject","inLanguage":"pt-BR","@id":"https:\/\/nk7-testes.com.br\/agazeta\/policia-investiga-assassinato-de-agente-socioeducador\/#primaryimage","url":"https:\/\/nk7-testes.com.br\/agazeta\/wp-content\/uploads\/2016\/10\/241016-policia-agenteassassinado-cedida.jpg","contentUrl":"https:\/\/nk7-testes.com.br\/agazeta\/wp-content\/uploads\/2016\/10\/241016-policia-agenteassassinado-cedida.jpg","width":458,"height":340,"caption":"241016-policia-agenteassassinado-cedida"},{"@type":"BreadcrumbList","@id":"https:\/\/nk7-testes.com.br\/agazeta\/policia-investiga-assassinato-de-agente-socioeducador\/#breadcrumb","itemListElement":[{"@type":"ListItem","position":1,"name":"In\u00edcio","item":"https:\/\/nk7-testes.com.br\/agazeta\/"},{"@type":"ListItem","position":2,"name":"Pol\u00edcia investiga assassinato de agente socioeducador"}]},{"@type":"WebSite","@id":"https:\/\/nk7-testes.com.br\/agazeta\/#website","url":"https:\/\/nk7-testes.com.br\/agazeta\/","name":"Agazeta.net","description":"Agazeta.net - Not\u00edcias de Rio Branco\/AC","potentialAction":[{"@type":"SearchAction","target":{"@type":"EntryPoint","urlTemplate":"https:\/\/nk7-testes.com.br\/agazeta\/?s={search_term_string}"},"query-input":{"@type":"PropertyValueSpecification","valueRequired":true,"valueName":"search_term_string"}}],"inLanguage":"pt-BR"},{"@type":"Person","@id":"https:\/\/nk7-testes.com.br\/agazeta\/#\/schema\/person\/6d6e25cb0435eb4a02fd44d30b4e3020","name":"Agazeta.Net","url":"https:\/\/nk7-testes.com.br\/agazeta\/author\/agazeta\/"}]}},"_links":{"self":[{"href":"https:\/\/nk7-testes.com.br\/agazeta\/wp-json\/wp\/v2\/posts\/26060","targetHints":{"allow":["GET"]}}],"collection":[{"href":"https:\/\/nk7-testes.com.br\/agazeta\/wp-json\/wp\/v2\/posts"}],"about":[{"href":"https:\/\/nk7-testes.com.br\/agazeta\/wp-json\/wp\/v2\/types\/post"}],"author":[{"embeddable":true,"href":"https:\/\/nk7-testes.com.br\/agazeta\/wp-json\/wp\/v2\/users\/4"}],"replies":[{"embeddable":true,"href":"https:\/\/nk7-testes.com.br\/agazeta\/wp-json\/wp\/v2\/comments?post=26060"}],"version-history":[{"count":0,"href":"https:\/\/nk7-testes.com.br\/agazeta\/wp-json\/wp\/v2\/posts\/26060\/revisions"}],"wp:featuredmedia":[{"embeddable":true,"href":"https:\/\/nk7-testes.com.br\/agazeta\/wp-json\/wp\/v2\/media\/26059"}],"wp:attachment":[{"href":"https:\/\/nk7-testes.com.br\/agazeta\/wp-json\/wp\/v2\/media?parent=26060"}],"wp:term":[{"taxonomy":"category","embeddable":true,"href":"https:\/\/nk7-testes.com.br\/agazeta\/wp-json\/wp\/v2\/categories?post=26060"},{"taxonomy":"post_tag","embeddable":true,"href":"https:\/\/nk7-testes.com.br\/agazeta\/wp-json\/wp\/v2\/tags?post=26060"}],"curies":[{"name":"wp","href":"https:\/\/api.w.org\/{rel}","templated":true}]}}