{"id":26056,"date":"2016-10-24T21:07:42","date_gmt":"2016-10-24T21:07:42","guid":{"rendered":"https:\/\/abarevegan.com.br\/index.php\/2016\/10\/24\/a-pec-241-sob-a-otica-da-industria-acreana\/"},"modified":"2016-10-24T21:07:42","modified_gmt":"2016-10-24T21:07:42","slug":"a-pec-241-sob-a-otica-da-industria-acreana","status":"publish","type":"post","link":"https:\/\/nk7-testes.com.br\/agazeta\/a-pec-241-sob-a-otica-da-industria-acreana\/","title":{"rendered":"A PEC 241 sob a \u00f3tica da ind\u00fastria acreana"},"content":{"rendered":"<p style=\"text-align: justify;\">Jos\u00e9 Adriano \u00e9 presidente da Fieac<\/p>\n<p style=\"text-align: justify;\">O objetivo desta Proposta de Emenda \u00e0 Constitui\u00e7\u00e3o (PEC) 241\/2016 que ganhou destaque na imprensa \u00e9 limitar o ritmo de crescimento das despesas p\u00fablicas. A medida fixa, para os tr\u00eas poderes, um limite anual de despesas &#8211; excluindo o pagamento de juros da d\u00edvida p\u00fablica. Para a equipe econ\u00f4mica do Governo, representa uma das principais estrat\u00e9gias para reequilibrar as contas p\u00fablicas.<\/p>\n<p style=\"text-align: justify;\">Na pr\u00e1tica, isso representa um crescimento real zero. Caso a PEC seja aprovada, o Executivo e Legislativo ter\u00e3o de fazer um debate mais intenso sobre onde alocar os recursos, o que aumentar\u00e1 a qualidade e a efici\u00eancia dos gastos p\u00fablicos.<\/p>\n<p style=\"text-align: justify;\">Assim, n\u00f3s, do setor industrial, consideramos que o ajuste das contas p\u00fablicas \u00e9 um pr\u00e9-requisito para que o processo de retomada da economia possa ser iniciado. <br \/>Os problemas fiscais brasileiros s\u00e3o conhecidos e de natureza estrutural e, na ess\u00eancia, atac\u00e1-los \u00e9 fundamental. Al\u00e9m do limite institucional para os gastos p\u00fablicos, \u00e9 preciso aprovarmos as reformas estruturais, como a da Previd\u00eancia e a Trabalhista.<\/p>\n<p style=\"text-align: justify;\">N\u00e3o existem muitas d\u00favidas de que um desajuste nas contas p\u00fablicas desorganiza a economia, \u00e9 combust\u00edvel para a infla\u00e7\u00e3o, inibe os investimentos, causa a quebra generalizada de empresas e impede o crescimento. Como a economia \u00e9 fortemente correlacionada \u00e0s expectativas dos agentes, uma melhora do ambiente macroecon\u00f4mico, com as contas p\u00fablicas organizadas, poder\u00e1 refor\u00e7ar a confian\u00e7a de investidores, fam\u00edlias e empres\u00e1rios.<\/p>\n<p style=\"text-align: justify;\">A PEC 241 pode, ainda, representar uma janela de oportunidade para o Brasil inovar e avan\u00e7ar em quest\u00f5es como as Parcerias P\u00fablico-Privadas &#8211; PPP\u00b4s -, estrat\u00e9gia que ainda encontra-se em fase embrion\u00e1ria no Brasil.<\/p>\n<p style=\"text-align: justify;\">No caso de Estados como o Acre, que ainda sobrevivem de transfer\u00eancias da Uni\u00e3o e s\u00e3o fortemente dependente de investimentos federais, acreditamos que a PEC pode trazer alguns problemas. Um congelamento nos gastos prim\u00e1rios do Governo Federal, e por tabela do Estado e dos Munic\u00edpios, pode provocar o sucateamento em segmentos chaves como sa\u00fade e educa\u00e7\u00e3o. N\u00e3o esque\u00e7amos que a regi\u00e3o possui gargalos colossais de infraestrutura, comparativamente aos Estados mais desenvolvidos, como tamb\u00e9m possui condi\u00e7\u00f5es de sa\u00fade e educa\u00e7\u00e3o que, ainda, deixam a desejar.<\/p>\n<p style=\"text-align: justify;\">A expectativa do setor industrial acreano \u00e9 que a aprova\u00e7\u00e3o da PEC 241 represente o ponto de partida da retomada de investimentos e gera\u00e7\u00e3o de empregos que tanto almejamos. Al\u00e9m disto, fica o desafio aos gestores que ter\u00e3o que avaliar prioridades &#8211; de acordo com seu or\u00e7amento e suas particularidades -, limitadas ao teto de gastos, o que torna o setor p\u00fablico mais pr\u00f3ximo da realidade das fam\u00edlias.<\/p>\n","protected":false},"excerpt":{"rendered":"<p style=\"text-align: justify;\">Jos\u00e9 Adriano \u00e9 presidente da Fieac<\/p>\n","protected":false},"author":4,"featured_media":26055,"comment_status":"open","ping_status":"open","sticky":false,"template":"","format":"standard","meta":{"jnews-multi-image_gallery":[],"jnews_single_post":[],"jnews_primary_category":[],"jnews_social_meta":[],"jnews_review":[],"enable_review":"","type":"","name":"","summary":"","brand":"","sku":"","good":[],"bad":[],"score_override":"","override_value":"","rating":[],"price":[],"footnotes":""},"categories":[54],"tags":[],"class_list":["post-26056","post","type-post","status-publish","format-standard","has-post-thumbnail","hentry","category-cotidiano"],"yoast_head":"<!-- This site is optimized with the Yoast SEO plugin v26.5 - https:\/\/yoast.com\/wordpress\/plugins\/seo\/ -->\n<title>A PEC 241 sob a \u00f3tica da ind\u00fastria acreana - Agazeta.net<\/title>\n<meta name=\"robots\" content=\"index, follow, max-snippet:-1, max-image-preview:large, max-video-preview:-1\" \/>\n<link rel=\"canonical\" href=\"https:\/\/nk7-testes.com.br\/agazeta\/a-pec-241-sob-a-otica-da-industria-acreana\/\" \/>\n<meta property=\"og:locale\" content=\"pt_BR\" \/>\n<meta property=\"og:type\" content=\"article\" \/>\n<meta property=\"og:title\" content=\"A PEC 241 sob a \u00f3tica da ind\u00fastria acreana - Agazeta.net\" \/>\n<meta property=\"og:description\" content=\"Jos\u00e9 Adriano \u00e9 presidente da Fieac\" \/>\n<meta property=\"og:url\" content=\"https:\/\/nk7-testes.com.br\/agazeta\/a-pec-241-sob-a-otica-da-industria-acreana\/\" \/>\n<meta property=\"og:site_name\" content=\"Agazeta.net\" \/>\n<meta property=\"article:published_time\" content=\"2016-10-24T21:07:42+00:00\" \/>\n<meta property=\"og:image\" content=\"https:\/\/nk7-testes.com.br\/agazeta\/wp-content\/uploads\/2016\/10\/241016-cotidiano-joseadriano-ascomfieac2.jpg\" \/>\n\t<meta property=\"og:image:width\" content=\"458\" \/>\n\t<meta property=\"og:image:height\" content=\"340\" \/>\n\t<meta property=\"og:image:type\" content=\"image\/jpeg\" \/>\n<meta name=\"author\" content=\"Agazeta.Net\" \/>\n<meta name=\"twitter:card\" content=\"summary_large_image\" \/>\n<meta name=\"twitter:label1\" content=\"Escrito por\" \/>\n\t<meta name=\"twitter:data1\" content=\"Agazeta.Net\" \/>\n\t<meta name=\"twitter:label2\" content=\"Est. tempo de leitura\" \/>\n\t<meta name=\"twitter:data2\" content=\"2 minutos\" \/>\n<script type=\"application\/ld+json\" class=\"yoast-schema-graph\">{\"@context\":\"https:\/\/schema.org\",\"@graph\":[{\"@type\":\"WebPage\",\"@id\":\"https:\/\/nk7-testes.com.br\/agazeta\/a-pec-241-sob-a-otica-da-industria-acreana\/\",\"url\":\"https:\/\/nk7-testes.com.br\/agazeta\/a-pec-241-sob-a-otica-da-industria-acreana\/\",\"name\":\"A PEC 241 sob a \u00f3tica da ind\u00fastria acreana - Agazeta.net\",\"isPartOf\":{\"@id\":\"https:\/\/nk7-testes.com.br\/agazeta\/#website\"},\"primaryImageOfPage\":{\"@id\":\"https:\/\/nk7-testes.com.br\/agazeta\/a-pec-241-sob-a-otica-da-industria-acreana\/#primaryimage\"},\"image\":{\"@id\":\"https:\/\/nk7-testes.com.br\/agazeta\/a-pec-241-sob-a-otica-da-industria-acreana\/#primaryimage\"},\"thumbnailUrl\":\"https:\/\/nk7-testes.com.br\/agazeta\/wp-content\/uploads\/2016\/10\/241016-cotidiano-joseadriano-ascomfieac2.jpg\",\"datePublished\":\"2016-10-24T21:07:42+00:00\",\"author\":{\"@id\":\"https:\/\/nk7-testes.com.br\/agazeta\/#\/schema\/person\/ff6b39d54d6973bfc57f4140f659b23f\"},\"breadcrumb\":{\"@id\":\"https:\/\/nk7-testes.com.br\/agazeta\/a-pec-241-sob-a-otica-da-industria-acreana\/#breadcrumb\"},\"inLanguage\":\"pt-BR\",\"potentialAction\":[{\"@type\":\"ReadAction\",\"target\":[\"https:\/\/nk7-testes.com.br\/agazeta\/a-pec-241-sob-a-otica-da-industria-acreana\/\"]}]},{\"@type\":\"ImageObject\",\"inLanguage\":\"pt-BR\",\"@id\":\"https:\/\/nk7-testes.com.br\/agazeta\/a-pec-241-sob-a-otica-da-industria-acreana\/#primaryimage\",\"url\":\"https:\/\/nk7-testes.com.br\/agazeta\/wp-content\/uploads\/2016\/10\/241016-cotidiano-joseadriano-ascomfieac2.jpg\",\"contentUrl\":\"https:\/\/nk7-testes.com.br\/agazeta\/wp-content\/uploads\/2016\/10\/241016-cotidiano-joseadriano-ascomfieac2.jpg\",\"width\":458,\"height\":340,\"caption\":\"241016-cotidiano-joseadriano-ascomfieac2\"},{\"@type\":\"BreadcrumbList\",\"@id\":\"https:\/\/nk7-testes.com.br\/agazeta\/a-pec-241-sob-a-otica-da-industria-acreana\/#breadcrumb\",\"itemListElement\":[{\"@type\":\"ListItem\",\"position\":1,\"name\":\"In\u00edcio\",\"item\":\"https:\/\/nk7-testes.com.br\/agazeta\/\"},{\"@type\":\"ListItem\",\"position\":2,\"name\":\"A PEC 241 sob a \u00f3tica da ind\u00fastria acreana\"}]},{\"@type\":\"WebSite\",\"@id\":\"https:\/\/nk7-testes.com.br\/agazeta\/#website\",\"url\":\"https:\/\/nk7-testes.com.br\/agazeta\/\",\"name\":\"Agazeta.net\",\"description\":\"Agazeta.net - Not\u00edcias de Rio Branco\/AC\",\"potentialAction\":[{\"@type\":\"SearchAction\",\"target\":{\"@type\":\"EntryPoint\",\"urlTemplate\":\"https:\/\/nk7-testes.com.br\/agazeta\/?s={search_term_string}\"},\"query-input\":{\"@type\":\"PropertyValueSpecification\",\"valueRequired\":true,\"valueName\":\"search_term_string\"}}],\"inLanguage\":\"pt-BR\"},{\"@type\":\"Person\",\"@id\":\"https:\/\/nk7-testes.com.br\/agazeta\/#\/schema\/person\/ff6b39d54d6973bfc57f4140f659b23f\",\"name\":\"Agazeta.Net\",\"url\":\"https:\/\/nk7-testes.com.br\/agazeta\/author\/agazeta\/\"}]}<\/script>\n<!-- \/ Yoast SEO plugin. -->","yoast_head_json":{"title":"A PEC 241 sob a \u00f3tica da ind\u00fastria acreana - Agazeta.net","robots":{"index":"index","follow":"follow","max-snippet":"max-snippet:-1","max-image-preview":"max-image-preview:large","max-video-preview":"max-video-preview:-1"},"canonical":"https:\/\/nk7-testes.com.br\/agazeta\/a-pec-241-sob-a-otica-da-industria-acreana\/","og_locale":"pt_BR","og_type":"article","og_title":"A PEC 241 sob a \u00f3tica da ind\u00fastria acreana - Agazeta.net","og_description":"Jos\u00e9 Adriano \u00e9 presidente da Fieac","og_url":"https:\/\/nk7-testes.com.br\/agazeta\/a-pec-241-sob-a-otica-da-industria-acreana\/","og_site_name":"Agazeta.net","article_published_time":"2016-10-24T21:07:42+00:00","og_image":[{"width":458,"height":340,"url":"https:\/\/nk7-testes.com.br\/agazeta\/wp-content\/uploads\/2016\/10\/241016-cotidiano-joseadriano-ascomfieac2.jpg","type":"image\/jpeg"}],"author":"Agazeta.Net","twitter_card":"summary_large_image","twitter_misc":{"Escrito por":"Agazeta.Net","Est. tempo de leitura":"2 minutos"},"schema":{"@context":"https:\/\/schema.org","@graph":[{"@type":"WebPage","@id":"https:\/\/nk7-testes.com.br\/agazeta\/a-pec-241-sob-a-otica-da-industria-acreana\/","url":"https:\/\/nk7-testes.com.br\/agazeta\/a-pec-241-sob-a-otica-da-industria-acreana\/","name":"A PEC 241 sob a \u00f3tica da ind\u00fastria acreana - Agazeta.net","isPartOf":{"@id":"https:\/\/nk7-testes.com.br\/agazeta\/#website"},"primaryImageOfPage":{"@id":"https:\/\/nk7-testes.com.br\/agazeta\/a-pec-241-sob-a-otica-da-industria-acreana\/#primaryimage"},"image":{"@id":"https:\/\/nk7-testes.com.br\/agazeta\/a-pec-241-sob-a-otica-da-industria-acreana\/#primaryimage"},"thumbnailUrl":"https:\/\/nk7-testes.com.br\/agazeta\/wp-content\/uploads\/2016\/10\/241016-cotidiano-joseadriano-ascomfieac2.jpg","datePublished":"2016-10-24T21:07:42+00:00","author":{"@id":"https:\/\/nk7-testes.com.br\/agazeta\/#\/schema\/person\/ff6b39d54d6973bfc57f4140f659b23f"},"breadcrumb":{"@id":"https:\/\/nk7-testes.com.br\/agazeta\/a-pec-241-sob-a-otica-da-industria-acreana\/#breadcrumb"},"inLanguage":"pt-BR","potentialAction":[{"@type":"ReadAction","target":["https:\/\/nk7-testes.com.br\/agazeta\/a-pec-241-sob-a-otica-da-industria-acreana\/"]}]},{"@type":"ImageObject","inLanguage":"pt-BR","@id":"https:\/\/nk7-testes.com.br\/agazeta\/a-pec-241-sob-a-otica-da-industria-acreana\/#primaryimage","url":"https:\/\/nk7-testes.com.br\/agazeta\/wp-content\/uploads\/2016\/10\/241016-cotidiano-joseadriano-ascomfieac2.jpg","contentUrl":"https:\/\/nk7-testes.com.br\/agazeta\/wp-content\/uploads\/2016\/10\/241016-cotidiano-joseadriano-ascomfieac2.jpg","width":458,"height":340,"caption":"241016-cotidiano-joseadriano-ascomfieac2"},{"@type":"BreadcrumbList","@id":"https:\/\/nk7-testes.com.br\/agazeta\/a-pec-241-sob-a-otica-da-industria-acreana\/#breadcrumb","itemListElement":[{"@type":"ListItem","position":1,"name":"In\u00edcio","item":"https:\/\/nk7-testes.com.br\/agazeta\/"},{"@type":"ListItem","position":2,"name":"A PEC 241 sob a \u00f3tica da ind\u00fastria acreana"}]},{"@type":"WebSite","@id":"https:\/\/nk7-testes.com.br\/agazeta\/#website","url":"https:\/\/nk7-testes.com.br\/agazeta\/","name":"Agazeta.net","description":"Agazeta.net - Not\u00edcias de Rio Branco\/AC","potentialAction":[{"@type":"SearchAction","target":{"@type":"EntryPoint","urlTemplate":"https:\/\/nk7-testes.com.br\/agazeta\/?s={search_term_string}"},"query-input":{"@type":"PropertyValueSpecification","valueRequired":true,"valueName":"search_term_string"}}],"inLanguage":"pt-BR"},{"@type":"Person","@id":"https:\/\/nk7-testes.com.br\/agazeta\/#\/schema\/person\/ff6b39d54d6973bfc57f4140f659b23f","name":"Agazeta.Net","url":"https:\/\/nk7-testes.com.br\/agazeta\/author\/agazeta\/"}]}},"_links":{"self":[{"href":"https:\/\/nk7-testes.com.br\/agazeta\/wp-json\/wp\/v2\/posts\/26056","targetHints":{"allow":["GET"]}}],"collection":[{"href":"https:\/\/nk7-testes.com.br\/agazeta\/wp-json\/wp\/v2\/posts"}],"about":[{"href":"https:\/\/nk7-testes.com.br\/agazeta\/wp-json\/wp\/v2\/types\/post"}],"author":[{"embeddable":true,"href":"https:\/\/nk7-testes.com.br\/agazeta\/wp-json\/wp\/v2\/users\/4"}],"replies":[{"embeddable":true,"href":"https:\/\/nk7-testes.com.br\/agazeta\/wp-json\/wp\/v2\/comments?post=26056"}],"version-history":[{"count":0,"href":"https:\/\/nk7-testes.com.br\/agazeta\/wp-json\/wp\/v2\/posts\/26056\/revisions"}],"wp:featuredmedia":[{"embeddable":true,"href":"https:\/\/nk7-testes.com.br\/agazeta\/wp-json\/wp\/v2\/media\/26055"}],"wp:attachment":[{"href":"https:\/\/nk7-testes.com.br\/agazeta\/wp-json\/wp\/v2\/media?parent=26056"}],"wp:term":[{"taxonomy":"category","embeddable":true,"href":"https:\/\/nk7-testes.com.br\/agazeta\/wp-json\/wp\/v2\/categories?post=26056"},{"taxonomy":"post_tag","embeddable":true,"href":"https:\/\/nk7-testes.com.br\/agazeta\/wp-json\/wp\/v2\/tags?post=26056"}],"curies":[{"name":"wp","href":"https:\/\/api.w.org\/{rel}","templated":true}]}}