{"id":26051,"date":"2016-10-24T20:36:26","date_gmt":"2016-10-24T20:36:26","guid":{"rendered":"https:\/\/abarevegan.com.br\/index.php\/2016\/10\/24\/justica-liberta-acusadas-de-pertencer-ao-comando-vermelho\/"},"modified":"2016-10-24T20:36:26","modified_gmt":"2016-10-24T20:36:26","slug":"justica-liberta-acusadas-de-pertencer-ao-comando-vermelho","status":"publish","type":"post","link":"https:\/\/nk7-testes.com.br\/agazeta\/justica-liberta-acusadas-de-pertencer-ao-comando-vermelho\/","title":{"rendered":"Justi\u00e7a liberta acusadas de pertencer ao Comando Vermelho"},"content":{"rendered":"<p style=\"text-align: justify;\">Juiz n\u00e3o viu elementos que comprovassem crime<\/p>\n<p style=\"text-align: justify;\">Por falta de provas em inqu\u00e9rito policial, o juiz da 4\u00aa Vara Criminal de Rio Branco, Cloves Augusto manda soltar duas mulheres que at\u00e9 ent\u00e3o eram apresentadas como lideran\u00e7as da fa\u00e7\u00e3o comando vermelho no Estado.<\/p>\n<p style=\"text-align: justify;\">Uma delas, \u00c8rica Cristina de Oliveira, era assessora do deputado federal Major Rocha. A pol\u00edcia investiga se ele dava manuten\u00e7\u00e3o ao grupo criminoso.<\/p>\n<p style=\"text-align: justify;\">Bruna Fernanda Vieira da Silva, propriet\u00e1ria do \u201cQuiosque da Bruna\u201d e \u00c9rica ganharam a liberdade na sexta-feira (21). O magistrado n\u00e3o viu provas suficientes que ligassem as mulheres ao Comando Vermelho.<\/p>\n<p style=\"text-align: justify;\">Os maridos de ambas est\u00e3o presos, acusados de liderar o grupo criminoso no Acre. De acordo com a pol\u00edcia, Erica e Bruna participaram das reuni\u00f5es da fac\u00e7\u00e3o.<\/p>\n<p style=\"text-align: justify;\">O juiz Cloves Augusto disse que a Pol\u00edcia Civil conseguiu ver ind\u00edcios de que as duas participavam da organiza\u00e7\u00e3o, mas o Minist\u00e9rio P\u00fablico n\u00e3o obteve provas necess\u00e1rias para a produ\u00e7\u00e3o da den\u00fancia.<\/p>\n<p style=\"text-align: justify;\">\u201cSe na pr\u00f3pria den\u00fancia do MP n\u00e3o h\u00e1 o pedido para comprova\u00e7\u00e3o da culpa, \u00e9 o dever da Justi\u00e7a libertar a pessoa\u201d, explicou.<\/p>\n<p style=\"text-align: justify;\">No inqu\u00e9rito de \u00c9rica e Bruna, estavam mais 76 acusados de fazer parte do Comando Vermelho. O MP conseguiu provas para pedir a condena\u00e7\u00e3o de 56. O magistrado informou que a Pol\u00edcia Civil vai continuar as investiga\u00e7\u00f5es para saber o grau de culpa das duas mulheres.<\/p>\n","protected":false},"excerpt":{"rendered":"<p style=\"text-align: justify;\">Juiz n\u00e3o viu elementos que comprovassem crime<\/p>\n","protected":false},"author":4,"featured_media":26050,"comment_status":"open","ping_status":"open","sticky":false,"template":"","format":"standard","meta":{"jnews-multi-image_gallery":[],"jnews_single_post":[],"jnews_primary_category":[],"jnews_social_meta":[],"jnews_review":[],"enable_review":"","type":"","name":"","summary":"","brand":"","sku":"","good":[],"bad":[],"score_override":"","override_value":"","rating":[],"price":[],"footnotes":""},"categories":[44],"tags":[],"class_list":["post-26051","post","type-post","status-publish","format-standard","has-post-thumbnail","hentry","category-policia"],"yoast_head":"<!-- This site is optimized with the Yoast SEO plugin v26.5 - https:\/\/yoast.com\/wordpress\/plugins\/seo\/ -->\n<title>Justi\u00e7a liberta acusadas de pertencer ao Comando Vermelho - Agazeta.net<\/title>\n<meta name=\"robots\" content=\"index, follow, max-snippet:-1, max-image-preview:large, max-video-preview:-1\" \/>\n<link rel=\"canonical\" href=\"https:\/\/nk7-testes.com.br\/agazeta\/justica-liberta-acusadas-de-pertencer-ao-comando-vermelho\/\" \/>\n<meta property=\"og:locale\" content=\"pt_BR\" \/>\n<meta property=\"og:type\" content=\"article\" \/>\n<meta property=\"og:title\" content=\"Justi\u00e7a liberta acusadas de pertencer ao Comando Vermelho - Agazeta.net\" \/>\n<meta property=\"og:description\" content=\"Juiz n\u00e3o viu elementos que comprovassem crime\" \/>\n<meta property=\"og:url\" content=\"https:\/\/nk7-testes.com.br\/agazeta\/justica-liberta-acusadas-de-pertencer-ao-comando-vermelho\/\" \/>\n<meta property=\"og:site_name\" content=\"Agazeta.net\" \/>\n<meta property=\"article:published_time\" content=\"2016-10-24T20:36:26+00:00\" \/>\n<meta property=\"og:image\" content=\"https:\/\/nk7-testes.com.br\/agazeta\/wp-content\/uploads\/2016\/10\/241016-policia-clovisjuiz-tvgazeta2.jpg\" \/>\n\t<meta property=\"og:image:width\" content=\"458\" \/>\n\t<meta property=\"og:image:height\" content=\"340\" \/>\n\t<meta property=\"og:image:type\" content=\"image\/jpeg\" \/>\n<meta name=\"author\" content=\"Agazeta.Net\" \/>\n<meta name=\"twitter:card\" content=\"summary_large_image\" \/>\n<meta name=\"twitter:label1\" content=\"Escrito por\" \/>\n\t<meta name=\"twitter:data1\" content=\"Agazeta.Net\" \/>\n\t<meta name=\"twitter:label2\" content=\"Est. tempo de leitura\" \/>\n\t<meta name=\"twitter:data2\" content=\"1 minuto\" \/>\n<script type=\"application\/ld+json\" class=\"yoast-schema-graph\">{\"@context\":\"https:\/\/schema.org\",\"@graph\":[{\"@type\":\"WebPage\",\"@id\":\"https:\/\/nk7-testes.com.br\/agazeta\/justica-liberta-acusadas-de-pertencer-ao-comando-vermelho\/\",\"url\":\"https:\/\/nk7-testes.com.br\/agazeta\/justica-liberta-acusadas-de-pertencer-ao-comando-vermelho\/\",\"name\":\"Justi\u00e7a liberta acusadas de pertencer ao Comando Vermelho - Agazeta.net\",\"isPartOf\":{\"@id\":\"https:\/\/nk7-testes.com.br\/agazeta\/#website\"},\"primaryImageOfPage\":{\"@id\":\"https:\/\/nk7-testes.com.br\/agazeta\/justica-liberta-acusadas-de-pertencer-ao-comando-vermelho\/#primaryimage\"},\"image\":{\"@id\":\"https:\/\/nk7-testes.com.br\/agazeta\/justica-liberta-acusadas-de-pertencer-ao-comando-vermelho\/#primaryimage\"},\"thumbnailUrl\":\"https:\/\/nk7-testes.com.br\/agazeta\/wp-content\/uploads\/2016\/10\/241016-policia-clovisjuiz-tvgazeta2.jpg\",\"datePublished\":\"2016-10-24T20:36:26+00:00\",\"author\":{\"@id\":\"https:\/\/nk7-testes.com.br\/agazeta\/#\/schema\/person\/6d6e25cb0435eb4a02fd44d30b4e3020\"},\"breadcrumb\":{\"@id\":\"https:\/\/nk7-testes.com.br\/agazeta\/justica-liberta-acusadas-de-pertencer-ao-comando-vermelho\/#breadcrumb\"},\"inLanguage\":\"pt-BR\",\"potentialAction\":[{\"@type\":\"ReadAction\",\"target\":[\"https:\/\/nk7-testes.com.br\/agazeta\/justica-liberta-acusadas-de-pertencer-ao-comando-vermelho\/\"]}]},{\"@type\":\"ImageObject\",\"inLanguage\":\"pt-BR\",\"@id\":\"https:\/\/nk7-testes.com.br\/agazeta\/justica-liberta-acusadas-de-pertencer-ao-comando-vermelho\/#primaryimage\",\"url\":\"https:\/\/nk7-testes.com.br\/agazeta\/wp-content\/uploads\/2016\/10\/241016-policia-clovisjuiz-tvgazeta2.jpg\",\"contentUrl\":\"https:\/\/nk7-testes.com.br\/agazeta\/wp-content\/uploads\/2016\/10\/241016-policia-clovisjuiz-tvgazeta2.jpg\",\"width\":458,\"height\":340,\"caption\":\"241016-policia-clovisjuiz-tvgazeta2\"},{\"@type\":\"BreadcrumbList\",\"@id\":\"https:\/\/nk7-testes.com.br\/agazeta\/justica-liberta-acusadas-de-pertencer-ao-comando-vermelho\/#breadcrumb\",\"itemListElement\":[{\"@type\":\"ListItem\",\"position\":1,\"name\":\"In\u00edcio\",\"item\":\"https:\/\/nk7-testes.com.br\/agazeta\/\"},{\"@type\":\"ListItem\",\"position\":2,\"name\":\"Justi\u00e7a liberta acusadas de pertencer ao Comando Vermelho\"}]},{\"@type\":\"WebSite\",\"@id\":\"https:\/\/nk7-testes.com.br\/agazeta\/#website\",\"url\":\"https:\/\/nk7-testes.com.br\/agazeta\/\",\"name\":\"Agazeta.net\",\"description\":\"Agazeta.net - Not\u00edcias de Rio Branco\/AC\",\"potentialAction\":[{\"@type\":\"SearchAction\",\"target\":{\"@type\":\"EntryPoint\",\"urlTemplate\":\"https:\/\/nk7-testes.com.br\/agazeta\/?s={search_term_string}\"},\"query-input\":{\"@type\":\"PropertyValueSpecification\",\"valueRequired\":true,\"valueName\":\"search_term_string\"}}],\"inLanguage\":\"pt-BR\"},{\"@type\":\"Person\",\"@id\":\"https:\/\/nk7-testes.com.br\/agazeta\/#\/schema\/person\/6d6e25cb0435eb4a02fd44d30b4e3020\",\"name\":\"Agazeta.Net\",\"url\":\"https:\/\/nk7-testes.com.br\/agazeta\/author\/agazeta\/\"}]}<\/script>\n<!-- \/ Yoast SEO plugin. -->","yoast_head_json":{"title":"Justi\u00e7a liberta acusadas de pertencer ao Comando Vermelho - Agazeta.net","robots":{"index":"index","follow":"follow","max-snippet":"max-snippet:-1","max-image-preview":"max-image-preview:large","max-video-preview":"max-video-preview:-1"},"canonical":"https:\/\/nk7-testes.com.br\/agazeta\/justica-liberta-acusadas-de-pertencer-ao-comando-vermelho\/","og_locale":"pt_BR","og_type":"article","og_title":"Justi\u00e7a liberta acusadas de pertencer ao Comando Vermelho - Agazeta.net","og_description":"Juiz n\u00e3o viu elementos que comprovassem crime","og_url":"https:\/\/nk7-testes.com.br\/agazeta\/justica-liberta-acusadas-de-pertencer-ao-comando-vermelho\/","og_site_name":"Agazeta.net","article_published_time":"2016-10-24T20:36:26+00:00","og_image":[{"width":458,"height":340,"url":"https:\/\/nk7-testes.com.br\/agazeta\/wp-content\/uploads\/2016\/10\/241016-policia-clovisjuiz-tvgazeta2.jpg","type":"image\/jpeg"}],"author":"Agazeta.Net","twitter_card":"summary_large_image","twitter_misc":{"Escrito por":"Agazeta.Net","Est. tempo de leitura":"1 minuto"},"schema":{"@context":"https:\/\/schema.org","@graph":[{"@type":"WebPage","@id":"https:\/\/nk7-testes.com.br\/agazeta\/justica-liberta-acusadas-de-pertencer-ao-comando-vermelho\/","url":"https:\/\/nk7-testes.com.br\/agazeta\/justica-liberta-acusadas-de-pertencer-ao-comando-vermelho\/","name":"Justi\u00e7a liberta acusadas de pertencer ao Comando Vermelho - Agazeta.net","isPartOf":{"@id":"https:\/\/nk7-testes.com.br\/agazeta\/#website"},"primaryImageOfPage":{"@id":"https:\/\/nk7-testes.com.br\/agazeta\/justica-liberta-acusadas-de-pertencer-ao-comando-vermelho\/#primaryimage"},"image":{"@id":"https:\/\/nk7-testes.com.br\/agazeta\/justica-liberta-acusadas-de-pertencer-ao-comando-vermelho\/#primaryimage"},"thumbnailUrl":"https:\/\/nk7-testes.com.br\/agazeta\/wp-content\/uploads\/2016\/10\/241016-policia-clovisjuiz-tvgazeta2.jpg","datePublished":"2016-10-24T20:36:26+00:00","author":{"@id":"https:\/\/nk7-testes.com.br\/agazeta\/#\/schema\/person\/6d6e25cb0435eb4a02fd44d30b4e3020"},"breadcrumb":{"@id":"https:\/\/nk7-testes.com.br\/agazeta\/justica-liberta-acusadas-de-pertencer-ao-comando-vermelho\/#breadcrumb"},"inLanguage":"pt-BR","potentialAction":[{"@type":"ReadAction","target":["https:\/\/nk7-testes.com.br\/agazeta\/justica-liberta-acusadas-de-pertencer-ao-comando-vermelho\/"]}]},{"@type":"ImageObject","inLanguage":"pt-BR","@id":"https:\/\/nk7-testes.com.br\/agazeta\/justica-liberta-acusadas-de-pertencer-ao-comando-vermelho\/#primaryimage","url":"https:\/\/nk7-testes.com.br\/agazeta\/wp-content\/uploads\/2016\/10\/241016-policia-clovisjuiz-tvgazeta2.jpg","contentUrl":"https:\/\/nk7-testes.com.br\/agazeta\/wp-content\/uploads\/2016\/10\/241016-policia-clovisjuiz-tvgazeta2.jpg","width":458,"height":340,"caption":"241016-policia-clovisjuiz-tvgazeta2"},{"@type":"BreadcrumbList","@id":"https:\/\/nk7-testes.com.br\/agazeta\/justica-liberta-acusadas-de-pertencer-ao-comando-vermelho\/#breadcrumb","itemListElement":[{"@type":"ListItem","position":1,"name":"In\u00edcio","item":"https:\/\/nk7-testes.com.br\/agazeta\/"},{"@type":"ListItem","position":2,"name":"Justi\u00e7a liberta acusadas de pertencer ao Comando Vermelho"}]},{"@type":"WebSite","@id":"https:\/\/nk7-testes.com.br\/agazeta\/#website","url":"https:\/\/nk7-testes.com.br\/agazeta\/","name":"Agazeta.net","description":"Agazeta.net - Not\u00edcias de Rio Branco\/AC","potentialAction":[{"@type":"SearchAction","target":{"@type":"EntryPoint","urlTemplate":"https:\/\/nk7-testes.com.br\/agazeta\/?s={search_term_string}"},"query-input":{"@type":"PropertyValueSpecification","valueRequired":true,"valueName":"search_term_string"}}],"inLanguage":"pt-BR"},{"@type":"Person","@id":"https:\/\/nk7-testes.com.br\/agazeta\/#\/schema\/person\/6d6e25cb0435eb4a02fd44d30b4e3020","name":"Agazeta.Net","url":"https:\/\/nk7-testes.com.br\/agazeta\/author\/agazeta\/"}]}},"_links":{"self":[{"href":"https:\/\/nk7-testes.com.br\/agazeta\/wp-json\/wp\/v2\/posts\/26051","targetHints":{"allow":["GET"]}}],"collection":[{"href":"https:\/\/nk7-testes.com.br\/agazeta\/wp-json\/wp\/v2\/posts"}],"about":[{"href":"https:\/\/nk7-testes.com.br\/agazeta\/wp-json\/wp\/v2\/types\/post"}],"author":[{"embeddable":true,"href":"https:\/\/nk7-testes.com.br\/agazeta\/wp-json\/wp\/v2\/users\/4"}],"replies":[{"embeddable":true,"href":"https:\/\/nk7-testes.com.br\/agazeta\/wp-json\/wp\/v2\/comments?post=26051"}],"version-history":[{"count":0,"href":"https:\/\/nk7-testes.com.br\/agazeta\/wp-json\/wp\/v2\/posts\/26051\/revisions"}],"wp:featuredmedia":[{"embeddable":true,"href":"https:\/\/nk7-testes.com.br\/agazeta\/wp-json\/wp\/v2\/media\/26050"}],"wp:attachment":[{"href":"https:\/\/nk7-testes.com.br\/agazeta\/wp-json\/wp\/v2\/media?parent=26051"}],"wp:term":[{"taxonomy":"category","embeddable":true,"href":"https:\/\/nk7-testes.com.br\/agazeta\/wp-json\/wp\/v2\/categories?post=26051"},{"taxonomy":"post_tag","embeddable":true,"href":"https:\/\/nk7-testes.com.br\/agazeta\/wp-json\/wp\/v2\/tags?post=26051"}],"curies":[{"name":"wp","href":"https:\/\/api.w.org\/{rel}","templated":true}]}}