{"id":26049,"date":"2016-10-24T20:13:12","date_gmt":"2016-10-24T20:13:12","guid":{"rendered":"https:\/\/abarevegan.com.br\/index.php\/2016\/10\/24\/presos-do-semiaberto-nao-querem-voltar-a-papudinha\/"},"modified":"2016-10-24T20:13:12","modified_gmt":"2016-10-24T20:13:12","slug":"presos-do-semiaberto-nao-querem-voltar-a-papudinha","status":"publish","type":"post","link":"https:\/\/nk7-testes.com.br\/agazeta\/presos-do-semiaberto-nao-querem-voltar-a-papudinha\/","title":{"rendered":"Presos do semiaberto n\u00e3o querem voltar \u00e0 Papudinha"},"content":{"rendered":"<p><a href=\"policia\/14088-instabilidade-de-presidios-migra-para-interior\"><\/a><\/p>\n<p style=\"text-align: justify;\"><span style=\"font-size: 12pt; line-height: 115%; font-family: 'Times New Roman', serif;\"><\/span><\/p>\n<p style=\"text-align: justify;\">Grupo exige uso de tornozeleira eletr\u00f4nica<\/p>\n<p style=\"text-align: justify;\"><span style=\"font-size: 12pt; line-height: 115%; font-family: 'Times New Roman', serif;\"><\/span><\/p>\n<p style=\"text-align: justify;\">Com medo de novos ataques \u00e0 Papudinha, detentos do semiaberto fizeram nessa segunda-feira, manifesta\u00e7\u00e3o em frente \u00e0 Cidade da Justi\u00e7a, para pedir a ju\u00edza da Vara de execu\u00e7\u00f5es penais, a utiliza\u00e7\u00e3o de tornozeleiras eletr\u00f4nicas.<\/p>\n<p style=\"text-align: justify;\"><span style=\"font-size: 12pt; line-height: 115%; font-family: 'Times New Roman', serif;\"><\/span><\/p>\n<p style=\"text-align: justify;\">Beneficiados no programa de monitoramento eletr\u00f4nico, esses presos, que apenas pernoitam na Papudinha, n\u00e3o precisariam cumprir a pena no pres\u00eddio.<\/p>\n<p style=\"text-align: justify;\"><span style=\"font-size: 12pt; line-height: 115%; font-family: 'Times New Roman', serif;\"><\/span><\/p>\n<p style=\"text-align: justify;\">Enquanto o grupo tentava chegar \u00e0 Vara de Execu\u00e7\u00f5es Penais, a presidente do Tribunal de Justi\u00e7a, desembargadora Cezarinete Angelim, apresentava uma solu\u00e7\u00e3o para esse impasse.<\/p>\n<p style=\"text-align: justify;\"><span style=\"font-size: 12pt; line-height: 115%; font-family: 'Times New Roman', serif;\"><\/span><\/p>\n<p style=\"text-align: justify;\">O Estado tem poucas tornozeleiras e n\u00e3o disp\u00f5em de recursos para conseguir novos equipamentos. Para a magistrada, a sa\u00edda seria o preso comprar a tornozeleira. Assim, n\u00e3o demoraria a ter o benef\u00edcio.<\/p>\n<p style=\"text-align: justify;\"><span style=\"font-size: 12pt; line-height: 115%; font-family: 'Times New Roman', serif;\"><\/span><\/p>\n<p style=\"text-align: justify;\">\u201cCom a pen\u00faria financeira do Estado, n\u00e3o d\u00e1 para comprar novas tornozeleiras. Por isso, o preso ou a fam\u00edlia poderiam adquirir o equipamento por conta pr\u00f3pria\u201d, indagou.<\/p>\n<p style=\"text-align: justify;\"><span style=\"font-size: 12pt; line-height: 115%; font-family: 'Times New Roman', serif;\"><\/span><\/p>\n<p style=\"text-align: justify;\">A presidente do TJ informou que vai se reunir com outros desembargadores para levar essa proposta ou projeto a frente.<\/p>\n<p style=\"text-align: justify;\"><span style=\"font-size: 12pt; line-height: 115%; font-family: 'Times New Roman', serif;\"><\/span><\/p>\n<p style=\"text-align: justify;\">Mas, enquanto n\u00e3o se chega a uma decis\u00e3o, ao menos metade dos presos da Papudinha n\u00e3o dormir\u00e3o no complexo com medo de novos ataques. O preso Andr\u00e9 Lima da Silva \u00e9 um deles.<\/p>\n<p style=\"text-align: justify;\"><span style=\"font-size: 12pt; line-height: 115%; font-family: 'Times New Roman', serif;\"><\/span><\/p>\n<p style=\"text-align: justify;\">Sem nenhum receio, mostrou as marcas dos ferimentos que sofreu na ter\u00e7a-feira quando corria com medo do tiroteio. \u201cL\u00e1 n\u00e3o tem seguran\u00e7a, \u00e9 cheio de mato e de lixo. Se a gente voltar vai morrer porque o Estado n\u00e3o tem como evitar que algu\u00e9m sofra atentados naquele local. Temos fam\u00edlia, n\u00e3o d\u00e1 para voltar, eu n\u00e3o volto mais\u201d, disse.<\/p>\n<p style=\"text-align: justify;\"><span style=\"font-size: 12pt; line-height: 115%; font-family: 'Times New Roman', serif;\"><\/span><\/p>\n<p style=\"text-align: justify;\">O que levou a correria dos presos em busca da tornozeleira foi o fato de na sexta-feira passada a Justi\u00e7a entregar mais de 20 equipamentos a detentos do semiaberto que procuraram a Vara de Execu\u00e7\u00f5es penais. O problema \u00e9 que eram poucas e agora se esgotou.<\/p>\n<p style=\"text-align: justify;\"><span style=\"font-size: 12pt; line-height: 115%; font-family: 'Times New Roman', serif;\"><\/span><\/p>\n<p style=\"text-align: justify;\">O governo n\u00e3o paga apenas pela tornozeleira, mas todo o servi\u00e7o de monitoramento.<\/p>\n<p style=\"text-align: justify;\"><span style=\"font-size: 12pt; line-height: 115%; font-family: 'Times New Roman', serif;\">&nbsp;<\/span><\/p>\n<p><a href=\"policia\/14088-instabilidade-de-presidios-migra-para-interior\">&nbsp;<\/a><\/p>\n","protected":false},"excerpt":{"rendered":"<p><a href=\"policia\/14088-instabilidade-de-presidios-migra-para-interior\"><\/a><\/p>\n<p style=\"text-align: justify;\"><span style=\"font-size: 12pt; line-height: 115%; font-family: 'Times New Roman', serif;\"><\/span><\/p>\n<p style=\"text-align: justify;\">Grupo exige uso de tornozeleira eletr\u00f4nica<\/p>\n","protected":false},"author":4,"featured_media":26048,"comment_status":"open","ping_status":"open","sticky":false,"template":"","format":"standard","meta":{"jnews-multi-image_gallery":[],"jnews_single_post":[],"jnews_primary_category":[],"jnews_social_meta":[],"jnews_review":[],"enable_review":"","type":"","name":"","summary":"","brand":"","sku":"","good":[],"bad":[],"score_override":"","override_value":"","rating":[],"price":[],"footnotes":""},"categories":[44],"tags":[],"class_list":["post-26049","post","type-post","status-publish","format-standard","has-post-thumbnail","hentry","category-policia"],"yoast_head":"<!-- This site is optimized with the Yoast SEO plugin v26.5 - https:\/\/yoast.com\/wordpress\/plugins\/seo\/ -->\n<title>Presos do semiaberto n\u00e3o querem voltar \u00e0 Papudinha - Agazeta.net<\/title>\n<meta name=\"robots\" content=\"index, follow, max-snippet:-1, max-image-preview:large, max-video-preview:-1\" \/>\n<link rel=\"canonical\" href=\"https:\/\/nk7-testes.com.br\/agazeta\/presos-do-semiaberto-nao-querem-voltar-a-papudinha\/\" \/>\n<meta property=\"og:locale\" content=\"pt_BR\" \/>\n<meta property=\"og:type\" content=\"article\" \/>\n<meta property=\"og:title\" content=\"Presos do semiaberto n\u00e3o querem voltar \u00e0 Papudinha - Agazeta.net\" \/>\n<meta property=\"og:description\" content=\"Grupo exige uso de tornozeleira eletr\u00f4nica\" \/>\n<meta property=\"og:url\" content=\"https:\/\/nk7-testes.com.br\/agazeta\/presos-do-semiaberto-nao-querem-voltar-a-papudinha\/\" \/>\n<meta property=\"og:site_name\" content=\"Agazeta.net\" \/>\n<meta property=\"article:published_time\" content=\"2016-10-24T20:13:12+00:00\" \/>\n<meta property=\"og:image\" content=\"https:\/\/nk7-testes.com.br\/agazeta\/wp-content\/uploads\/2016\/10\/241016-policia-cidadedajustica-tvgazeta.jpg\" \/>\n\t<meta property=\"og:image:width\" content=\"458\" \/>\n\t<meta property=\"og:image:height\" content=\"340\" \/>\n\t<meta property=\"og:image:type\" content=\"image\/jpeg\" \/>\n<meta name=\"author\" content=\"Agazeta.Net\" \/>\n<meta name=\"twitter:card\" content=\"summary_large_image\" \/>\n<meta name=\"twitter:label1\" content=\"Escrito por\" \/>\n\t<meta name=\"twitter:data1\" content=\"Agazeta.Net\" \/>\n\t<meta name=\"twitter:label2\" content=\"Est. tempo de leitura\" \/>\n\t<meta name=\"twitter:data2\" content=\"2 minutos\" \/>\n<script type=\"application\/ld+json\" class=\"yoast-schema-graph\">{\"@context\":\"https:\/\/schema.org\",\"@graph\":[{\"@type\":\"WebPage\",\"@id\":\"https:\/\/nk7-testes.com.br\/agazeta\/presos-do-semiaberto-nao-querem-voltar-a-papudinha\/\",\"url\":\"https:\/\/nk7-testes.com.br\/agazeta\/presos-do-semiaberto-nao-querem-voltar-a-papudinha\/\",\"name\":\"Presos do semiaberto n\u00e3o querem voltar \u00e0 Papudinha - Agazeta.net\",\"isPartOf\":{\"@id\":\"https:\/\/nk7-testes.com.br\/agazeta\/#website\"},\"primaryImageOfPage\":{\"@id\":\"https:\/\/nk7-testes.com.br\/agazeta\/presos-do-semiaberto-nao-querem-voltar-a-papudinha\/#primaryimage\"},\"image\":{\"@id\":\"https:\/\/nk7-testes.com.br\/agazeta\/presos-do-semiaberto-nao-querem-voltar-a-papudinha\/#primaryimage\"},\"thumbnailUrl\":\"https:\/\/nk7-testes.com.br\/agazeta\/wp-content\/uploads\/2016\/10\/241016-policia-cidadedajustica-tvgazeta.jpg\",\"datePublished\":\"2016-10-24T20:13:12+00:00\",\"author\":{\"@id\":\"https:\/\/nk7-testes.com.br\/agazeta\/#\/schema\/person\/6d6e25cb0435eb4a02fd44d30b4e3020\"},\"breadcrumb\":{\"@id\":\"https:\/\/nk7-testes.com.br\/agazeta\/presos-do-semiaberto-nao-querem-voltar-a-papudinha\/#breadcrumb\"},\"inLanguage\":\"pt-BR\",\"potentialAction\":[{\"@type\":\"ReadAction\",\"target\":[\"https:\/\/nk7-testes.com.br\/agazeta\/presos-do-semiaberto-nao-querem-voltar-a-papudinha\/\"]}]},{\"@type\":\"ImageObject\",\"inLanguage\":\"pt-BR\",\"@id\":\"https:\/\/nk7-testes.com.br\/agazeta\/presos-do-semiaberto-nao-querem-voltar-a-papudinha\/#primaryimage\",\"url\":\"https:\/\/nk7-testes.com.br\/agazeta\/wp-content\/uploads\/2016\/10\/241016-policia-cidadedajustica-tvgazeta.jpg\",\"contentUrl\":\"https:\/\/nk7-testes.com.br\/agazeta\/wp-content\/uploads\/2016\/10\/241016-policia-cidadedajustica-tvgazeta.jpg\",\"width\":458,\"height\":340,\"caption\":\"241016-policia-cidadedajustica-tvgazeta\"},{\"@type\":\"BreadcrumbList\",\"@id\":\"https:\/\/nk7-testes.com.br\/agazeta\/presos-do-semiaberto-nao-querem-voltar-a-papudinha\/#breadcrumb\",\"itemListElement\":[{\"@type\":\"ListItem\",\"position\":1,\"name\":\"In\u00edcio\",\"item\":\"https:\/\/nk7-testes.com.br\/agazeta\/\"},{\"@type\":\"ListItem\",\"position\":2,\"name\":\"Presos do semiaberto n\u00e3o querem voltar \u00e0 Papudinha\"}]},{\"@type\":\"WebSite\",\"@id\":\"https:\/\/nk7-testes.com.br\/agazeta\/#website\",\"url\":\"https:\/\/nk7-testes.com.br\/agazeta\/\",\"name\":\"Agazeta.net\",\"description\":\"Agazeta.net - Not\u00edcias de Rio Branco\/AC\",\"potentialAction\":[{\"@type\":\"SearchAction\",\"target\":{\"@type\":\"EntryPoint\",\"urlTemplate\":\"https:\/\/nk7-testes.com.br\/agazeta\/?s={search_term_string}\"},\"query-input\":{\"@type\":\"PropertyValueSpecification\",\"valueRequired\":true,\"valueName\":\"search_term_string\"}}],\"inLanguage\":\"pt-BR\"},{\"@type\":\"Person\",\"@id\":\"https:\/\/nk7-testes.com.br\/agazeta\/#\/schema\/person\/6d6e25cb0435eb4a02fd44d30b4e3020\",\"name\":\"Agazeta.Net\",\"url\":\"https:\/\/nk7-testes.com.br\/agazeta\/author\/agazeta\/\"}]}<\/script>\n<!-- \/ Yoast SEO plugin. -->","yoast_head_json":{"title":"Presos do semiaberto n\u00e3o querem voltar \u00e0 Papudinha - Agazeta.net","robots":{"index":"index","follow":"follow","max-snippet":"max-snippet:-1","max-image-preview":"max-image-preview:large","max-video-preview":"max-video-preview:-1"},"canonical":"https:\/\/nk7-testes.com.br\/agazeta\/presos-do-semiaberto-nao-querem-voltar-a-papudinha\/","og_locale":"pt_BR","og_type":"article","og_title":"Presos do semiaberto n\u00e3o querem voltar \u00e0 Papudinha - Agazeta.net","og_description":"Grupo exige uso de tornozeleira eletr\u00f4nica","og_url":"https:\/\/nk7-testes.com.br\/agazeta\/presos-do-semiaberto-nao-querem-voltar-a-papudinha\/","og_site_name":"Agazeta.net","article_published_time":"2016-10-24T20:13:12+00:00","og_image":[{"width":458,"height":340,"url":"https:\/\/nk7-testes.com.br\/agazeta\/wp-content\/uploads\/2016\/10\/241016-policia-cidadedajustica-tvgazeta.jpg","type":"image\/jpeg"}],"author":"Agazeta.Net","twitter_card":"summary_large_image","twitter_misc":{"Escrito por":"Agazeta.Net","Est. tempo de leitura":"2 minutos"},"schema":{"@context":"https:\/\/schema.org","@graph":[{"@type":"WebPage","@id":"https:\/\/nk7-testes.com.br\/agazeta\/presos-do-semiaberto-nao-querem-voltar-a-papudinha\/","url":"https:\/\/nk7-testes.com.br\/agazeta\/presos-do-semiaberto-nao-querem-voltar-a-papudinha\/","name":"Presos do semiaberto n\u00e3o querem voltar \u00e0 Papudinha - Agazeta.net","isPartOf":{"@id":"https:\/\/nk7-testes.com.br\/agazeta\/#website"},"primaryImageOfPage":{"@id":"https:\/\/nk7-testes.com.br\/agazeta\/presos-do-semiaberto-nao-querem-voltar-a-papudinha\/#primaryimage"},"image":{"@id":"https:\/\/nk7-testes.com.br\/agazeta\/presos-do-semiaberto-nao-querem-voltar-a-papudinha\/#primaryimage"},"thumbnailUrl":"https:\/\/nk7-testes.com.br\/agazeta\/wp-content\/uploads\/2016\/10\/241016-policia-cidadedajustica-tvgazeta.jpg","datePublished":"2016-10-24T20:13:12+00:00","author":{"@id":"https:\/\/nk7-testes.com.br\/agazeta\/#\/schema\/person\/6d6e25cb0435eb4a02fd44d30b4e3020"},"breadcrumb":{"@id":"https:\/\/nk7-testes.com.br\/agazeta\/presos-do-semiaberto-nao-querem-voltar-a-papudinha\/#breadcrumb"},"inLanguage":"pt-BR","potentialAction":[{"@type":"ReadAction","target":["https:\/\/nk7-testes.com.br\/agazeta\/presos-do-semiaberto-nao-querem-voltar-a-papudinha\/"]}]},{"@type":"ImageObject","inLanguage":"pt-BR","@id":"https:\/\/nk7-testes.com.br\/agazeta\/presos-do-semiaberto-nao-querem-voltar-a-papudinha\/#primaryimage","url":"https:\/\/nk7-testes.com.br\/agazeta\/wp-content\/uploads\/2016\/10\/241016-policia-cidadedajustica-tvgazeta.jpg","contentUrl":"https:\/\/nk7-testes.com.br\/agazeta\/wp-content\/uploads\/2016\/10\/241016-policia-cidadedajustica-tvgazeta.jpg","width":458,"height":340,"caption":"241016-policia-cidadedajustica-tvgazeta"},{"@type":"BreadcrumbList","@id":"https:\/\/nk7-testes.com.br\/agazeta\/presos-do-semiaberto-nao-querem-voltar-a-papudinha\/#breadcrumb","itemListElement":[{"@type":"ListItem","position":1,"name":"In\u00edcio","item":"https:\/\/nk7-testes.com.br\/agazeta\/"},{"@type":"ListItem","position":2,"name":"Presos do semiaberto n\u00e3o querem voltar \u00e0 Papudinha"}]},{"@type":"WebSite","@id":"https:\/\/nk7-testes.com.br\/agazeta\/#website","url":"https:\/\/nk7-testes.com.br\/agazeta\/","name":"Agazeta.net","description":"Agazeta.net - Not\u00edcias de Rio Branco\/AC","potentialAction":[{"@type":"SearchAction","target":{"@type":"EntryPoint","urlTemplate":"https:\/\/nk7-testes.com.br\/agazeta\/?s={search_term_string}"},"query-input":{"@type":"PropertyValueSpecification","valueRequired":true,"valueName":"search_term_string"}}],"inLanguage":"pt-BR"},{"@type":"Person","@id":"https:\/\/nk7-testes.com.br\/agazeta\/#\/schema\/person\/6d6e25cb0435eb4a02fd44d30b4e3020","name":"Agazeta.Net","url":"https:\/\/nk7-testes.com.br\/agazeta\/author\/agazeta\/"}]}},"_links":{"self":[{"href":"https:\/\/nk7-testes.com.br\/agazeta\/wp-json\/wp\/v2\/posts\/26049","targetHints":{"allow":["GET"]}}],"collection":[{"href":"https:\/\/nk7-testes.com.br\/agazeta\/wp-json\/wp\/v2\/posts"}],"about":[{"href":"https:\/\/nk7-testes.com.br\/agazeta\/wp-json\/wp\/v2\/types\/post"}],"author":[{"embeddable":true,"href":"https:\/\/nk7-testes.com.br\/agazeta\/wp-json\/wp\/v2\/users\/4"}],"replies":[{"embeddable":true,"href":"https:\/\/nk7-testes.com.br\/agazeta\/wp-json\/wp\/v2\/comments?post=26049"}],"version-history":[{"count":0,"href":"https:\/\/nk7-testes.com.br\/agazeta\/wp-json\/wp\/v2\/posts\/26049\/revisions"}],"wp:featuredmedia":[{"embeddable":true,"href":"https:\/\/nk7-testes.com.br\/agazeta\/wp-json\/wp\/v2\/media\/26048"}],"wp:attachment":[{"href":"https:\/\/nk7-testes.com.br\/agazeta\/wp-json\/wp\/v2\/media?parent=26049"}],"wp:term":[{"taxonomy":"category","embeddable":true,"href":"https:\/\/nk7-testes.com.br\/agazeta\/wp-json\/wp\/v2\/categories?post=26049"},{"taxonomy":"post_tag","embeddable":true,"href":"https:\/\/nk7-testes.com.br\/agazeta\/wp-json\/wp\/v2\/tags?post=26049"}],"curies":[{"name":"wp","href":"https:\/\/api.w.org\/{rel}","templated":true}]}}