{"id":26033,"date":"2016-10-21T23:11:25","date_gmt":"2016-10-21T23:11:25","guid":{"rendered":"https:\/\/abarevegan.com.br\/index.php\/2016\/10\/21\/creche-na-cidade-do-povo-tiros-ao-inves-de-educacao\/"},"modified":"2016-10-21T23:11:25","modified_gmt":"2016-10-21T23:11:25","slug":"creche-na-cidade-do-povo-tiros-ao-inves-de-educacao","status":"publish","type":"post","link":"https:\/\/nk7-testes.com.br\/agazeta\/creche-na-cidade-do-povo-tiros-ao-inves-de-educacao\/","title":{"rendered":"Creche na Cidade do Povo: tiros ao inv\u00e9s de Educa\u00e7\u00e3o"},"content":{"rendered":"<p style=\"text-align: justify;\">Cen\u00e1rio \u00e9 de medo na comunidade<\/p>\n<p style=\"text-align: justify;\">Comunidade estudantil do bairro Cidade do Povo est\u00e1 afugentada com a viol\u00eancia das fac\u00e7\u00f5es criminosas. O muro de uma escola foi pichado com mensagem demarcando territ\u00f3rio e uma creche foi alvo de tiros.<\/p>\n<p style=\"text-align: justify;\">Aulas j\u00e1 est\u00e3o sendo suspensas por conta do clima de medo que se instalou no novo bairro de Rio Branco.<\/p>\n<p style=\"text-align: justify;\">Uma semana at\u00edpica para a comunidade escolar da Cidade do Povo. Na quarta-feira, com medo de poss\u00edveis ataques criminosos algumas escolas suspenderam as aulas. O recado foi deixado em frente aos port\u00f5es.<\/p>\n<p style=\"text-align: justify;\">Para os estudantes, ficar sem aulas \u00e9 um preju\u00edzo, que se justifica pelo medo. \u201cA nossa preocupa\u00e7\u00e3o \u00e9 passar de dezembro estudando por que estamos perdendo provas\u201d, disse um estudante que pediu para n\u00e3o ser identificado.<\/p>\n<p style=\"text-align: justify;\">O medo \u00e9 uma constante na Cidade do povo. A criminalidade tomou conta do local e bloqueia a comunica\u00e7\u00e3o.<\/p>\n<p style=\"text-align: justify;\">Na noite de quinta-feira (21), a creche que fica instalada no antigo Centro Administrativo do Complexo habitacional foi alvo de tiros. O ataque criminoso aconteceu por volta das 21h30min.<\/p>\n<p style=\"text-align: justify;\">Segundo relato do vigia do local, um carro ocupado por v\u00e1rios homens se aproximou lentamente e logo iniciou uma sequencia de disparos. Pela quantidade de tiros ele achou que estavam armados com metralhadora.<\/p>\n<p style=\"text-align: justify;\">As marcas ficaram na parede. A vidra\u00e7a da entrada da creche foi estilha\u00e7ada e uma janela tamb\u00e9m foi perfurada. O vigia se escondeu em uma sala nos fundos. A dire\u00e7\u00e3o da creche preparava um encontro da fam\u00edlia para o s\u00e1bado, que j\u00e1 foi cancelado.<\/p>\n<p style=\"text-align: justify;\">At\u00e9 ent\u00e3o, a creche n\u00e3o havia suspendido as aulas das crian\u00e7as, mas o ataque foi compreendido como um recado assustador. \u201cOs servidores disseram que n\u00e3o viriam trabalhar de jeito nenhum. Eles j\u00e1 queriam parar, mas eu dizia, n\u00e3o! Vamos manter a calma, s\u00f3 atendemos crian\u00e7as de 2 aninhos, n\u00f3s n\u00e3o somos alvo, era isso que a gente pensava\u201d, disse a diretora da unidade, Lucilene Alves.<\/p>\n<p style=\"text-align: justify;\">As aulas foram suspensas sem previs\u00e3o para retorno. A creche atendida no inicio do ano 315 crian\u00e7as, mas com o passar dos meses o numero reduziu para 290. Segundo os educadores, algumas fam\u00edlias alegaram problemas sociais para sair da Cidade do Povo, mas a maioria justificou que estava retirando o filho da creche por que sofria amea\u00e7as de morte de criminosos instalados no local. Essas fam\u00edlias teriam se mudado para a zona rural.<\/p>\n<p style=\"text-align: justify;\">E os recados n\u00e3o param por ai. O muro da escola Professora Raimunda Silva Par\u00e1 amanheceu pichado. O Primeiro Comando da Capital (PCC) e o Bonde dos 13 deixaram mensagem marcando territ\u00f3rio.<\/p>\n<p style=\"text-align: justify;\">Minutos apos nossa equipe registrar as imagens do muro o diretor da escola foi ate o local e com um peda\u00e7o de carv\u00e3o alterou as frases, que ficaram incompreens\u00edveis. Incompreens\u00edvel tamb\u00e9m foi a atitude do gestor, que parece querer maquiar uma situa\u00e7\u00e3o que e verdade ha muito tempo para a comunidade que o rodeia.<\/p>\n","protected":false},"excerpt":{"rendered":"<p style=\"text-align: justify;\">Cen\u00e1rio \u00e9 de medo na comunidade<\/p>\n","protected":false},"author":4,"featured_media":26032,"comment_status":"open","ping_status":"open","sticky":false,"template":"","format":"standard","meta":{"jnews-multi-image_gallery":[],"jnews_single_post":[],"jnews_primary_category":[],"jnews_social_meta":[],"jnews_review":[],"enable_review":"","type":"","name":"","summary":"","brand":"","sku":"","good":[],"bad":[],"score_override":"","override_value":"","rating":[],"price":[],"footnotes":""},"categories":[54],"tags":[],"class_list":["post-26033","post","type-post","status-publish","format-standard","has-post-thumbnail","hentry","category-cotidiano"],"yoast_head":"<!-- This site is optimized with the Yoast SEO plugin v26.5 - https:\/\/yoast.com\/wordpress\/plugins\/seo\/ -->\n<title>Creche na Cidade do Povo: tiros ao inv\u00e9s de Educa\u00e7\u00e3o - Agazeta.net<\/title>\n<meta name=\"robots\" content=\"index, follow, max-snippet:-1, max-image-preview:large, max-video-preview:-1\" \/>\n<link rel=\"canonical\" href=\"https:\/\/nk7-testes.com.br\/agazeta\/creche-na-cidade-do-povo-tiros-ao-inves-de-educacao\/\" \/>\n<meta property=\"og:locale\" content=\"pt_BR\" \/>\n<meta property=\"og:type\" content=\"article\" \/>\n<meta property=\"og:title\" content=\"Creche na Cidade do Povo: tiros ao inv\u00e9s de Educa\u00e7\u00e3o - Agazeta.net\" \/>\n<meta property=\"og:description\" content=\"Cen\u00e1rio \u00e9 de medo na comunidade\" \/>\n<meta property=\"og:url\" content=\"https:\/\/nk7-testes.com.br\/agazeta\/creche-na-cidade-do-povo-tiros-ao-inves-de-educacao\/\" \/>\n<meta property=\"og:site_name\" content=\"Agazeta.net\" \/>\n<meta property=\"article:published_time\" content=\"2016-10-21T23:11:25+00:00\" \/>\n<meta property=\"og:image\" content=\"https:\/\/nk7-testes.com.br\/agazeta\/wp-content\/uploads\/2016\/10\/211016-cotidiano-cidadecommedo-tvgazeta.jpg\" \/>\n\t<meta property=\"og:image:width\" content=\"458\" \/>\n\t<meta property=\"og:image:height\" content=\"340\" \/>\n\t<meta property=\"og:image:type\" content=\"image\/jpeg\" \/>\n<meta name=\"author\" content=\"Agazeta.Net\" \/>\n<meta name=\"twitter:card\" content=\"summary_large_image\" \/>\n<meta name=\"twitter:label1\" content=\"Escrito por\" \/>\n\t<meta name=\"twitter:data1\" content=\"Agazeta.Net\" \/>\n\t<meta name=\"twitter:label2\" content=\"Est. tempo de leitura\" \/>\n\t<meta name=\"twitter:data2\" content=\"3 minutos\" \/>\n<script type=\"application\/ld+json\" class=\"yoast-schema-graph\">{\"@context\":\"https:\/\/schema.org\",\"@graph\":[{\"@type\":\"WebPage\",\"@id\":\"https:\/\/nk7-testes.com.br\/agazeta\/creche-na-cidade-do-povo-tiros-ao-inves-de-educacao\/\",\"url\":\"https:\/\/nk7-testes.com.br\/agazeta\/creche-na-cidade-do-povo-tiros-ao-inves-de-educacao\/\",\"name\":\"Creche na Cidade do Povo: tiros ao inv\u00e9s de Educa\u00e7\u00e3o - Agazeta.net\",\"isPartOf\":{\"@id\":\"https:\/\/nk7-testes.com.br\/agazeta\/#website\"},\"primaryImageOfPage\":{\"@id\":\"https:\/\/nk7-testes.com.br\/agazeta\/creche-na-cidade-do-povo-tiros-ao-inves-de-educacao\/#primaryimage\"},\"image\":{\"@id\":\"https:\/\/nk7-testes.com.br\/agazeta\/creche-na-cidade-do-povo-tiros-ao-inves-de-educacao\/#primaryimage\"},\"thumbnailUrl\":\"https:\/\/nk7-testes.com.br\/agazeta\/wp-content\/uploads\/2016\/10\/211016-cotidiano-cidadecommedo-tvgazeta.jpg\",\"datePublished\":\"2016-10-21T23:11:25+00:00\",\"author\":{\"@id\":\"https:\/\/nk7-testes.com.br\/agazeta\/#\/schema\/person\/ff6b39d54d6973bfc57f4140f659b23f\"},\"breadcrumb\":{\"@id\":\"https:\/\/nk7-testes.com.br\/agazeta\/creche-na-cidade-do-povo-tiros-ao-inves-de-educacao\/#breadcrumb\"},\"inLanguage\":\"pt-BR\",\"potentialAction\":[{\"@type\":\"ReadAction\",\"target\":[\"https:\/\/nk7-testes.com.br\/agazeta\/creche-na-cidade-do-povo-tiros-ao-inves-de-educacao\/\"]}]},{\"@type\":\"ImageObject\",\"inLanguage\":\"pt-BR\",\"@id\":\"https:\/\/nk7-testes.com.br\/agazeta\/creche-na-cidade-do-povo-tiros-ao-inves-de-educacao\/#primaryimage\",\"url\":\"https:\/\/nk7-testes.com.br\/agazeta\/wp-content\/uploads\/2016\/10\/211016-cotidiano-cidadecommedo-tvgazeta.jpg\",\"contentUrl\":\"https:\/\/nk7-testes.com.br\/agazeta\/wp-content\/uploads\/2016\/10\/211016-cotidiano-cidadecommedo-tvgazeta.jpg\",\"width\":458,\"height\":340,\"caption\":\"211016-cotidiano-cidadecommedo-tvgazeta\"},{\"@type\":\"BreadcrumbList\",\"@id\":\"https:\/\/nk7-testes.com.br\/agazeta\/creche-na-cidade-do-povo-tiros-ao-inves-de-educacao\/#breadcrumb\",\"itemListElement\":[{\"@type\":\"ListItem\",\"position\":1,\"name\":\"In\u00edcio\",\"item\":\"https:\/\/nk7-testes.com.br\/agazeta\/\"},{\"@type\":\"ListItem\",\"position\":2,\"name\":\"Creche na Cidade do Povo: tiros ao inv\u00e9s de Educa\u00e7\u00e3o\"}]},{\"@type\":\"WebSite\",\"@id\":\"https:\/\/nk7-testes.com.br\/agazeta\/#website\",\"url\":\"https:\/\/nk7-testes.com.br\/agazeta\/\",\"name\":\"Agazeta.net\",\"description\":\"Agazeta.net - Not\u00edcias de Rio Branco\/AC\",\"potentialAction\":[{\"@type\":\"SearchAction\",\"target\":{\"@type\":\"EntryPoint\",\"urlTemplate\":\"https:\/\/nk7-testes.com.br\/agazeta\/?s={search_term_string}\"},\"query-input\":{\"@type\":\"PropertyValueSpecification\",\"valueRequired\":true,\"valueName\":\"search_term_string\"}}],\"inLanguage\":\"pt-BR\"},{\"@type\":\"Person\",\"@id\":\"https:\/\/nk7-testes.com.br\/agazeta\/#\/schema\/person\/ff6b39d54d6973bfc57f4140f659b23f\",\"name\":\"Agazeta.Net\",\"url\":\"https:\/\/nk7-testes.com.br\/agazeta\/author\/agazeta\/\"}]}<\/script>\n<!-- \/ Yoast SEO plugin. -->","yoast_head_json":{"title":"Creche na Cidade do Povo: tiros ao inv\u00e9s de Educa\u00e7\u00e3o - Agazeta.net","robots":{"index":"index","follow":"follow","max-snippet":"max-snippet:-1","max-image-preview":"max-image-preview:large","max-video-preview":"max-video-preview:-1"},"canonical":"https:\/\/nk7-testes.com.br\/agazeta\/creche-na-cidade-do-povo-tiros-ao-inves-de-educacao\/","og_locale":"pt_BR","og_type":"article","og_title":"Creche na Cidade do Povo: tiros ao inv\u00e9s de Educa\u00e7\u00e3o - Agazeta.net","og_description":"Cen\u00e1rio \u00e9 de medo na comunidade","og_url":"https:\/\/nk7-testes.com.br\/agazeta\/creche-na-cidade-do-povo-tiros-ao-inves-de-educacao\/","og_site_name":"Agazeta.net","article_published_time":"2016-10-21T23:11:25+00:00","og_image":[{"width":458,"height":340,"url":"https:\/\/nk7-testes.com.br\/agazeta\/wp-content\/uploads\/2016\/10\/211016-cotidiano-cidadecommedo-tvgazeta.jpg","type":"image\/jpeg"}],"author":"Agazeta.Net","twitter_card":"summary_large_image","twitter_misc":{"Escrito por":"Agazeta.Net","Est. tempo de leitura":"3 minutos"},"schema":{"@context":"https:\/\/schema.org","@graph":[{"@type":"WebPage","@id":"https:\/\/nk7-testes.com.br\/agazeta\/creche-na-cidade-do-povo-tiros-ao-inves-de-educacao\/","url":"https:\/\/nk7-testes.com.br\/agazeta\/creche-na-cidade-do-povo-tiros-ao-inves-de-educacao\/","name":"Creche na Cidade do Povo: tiros ao inv\u00e9s de Educa\u00e7\u00e3o - Agazeta.net","isPartOf":{"@id":"https:\/\/nk7-testes.com.br\/agazeta\/#website"},"primaryImageOfPage":{"@id":"https:\/\/nk7-testes.com.br\/agazeta\/creche-na-cidade-do-povo-tiros-ao-inves-de-educacao\/#primaryimage"},"image":{"@id":"https:\/\/nk7-testes.com.br\/agazeta\/creche-na-cidade-do-povo-tiros-ao-inves-de-educacao\/#primaryimage"},"thumbnailUrl":"https:\/\/nk7-testes.com.br\/agazeta\/wp-content\/uploads\/2016\/10\/211016-cotidiano-cidadecommedo-tvgazeta.jpg","datePublished":"2016-10-21T23:11:25+00:00","author":{"@id":"https:\/\/nk7-testes.com.br\/agazeta\/#\/schema\/person\/ff6b39d54d6973bfc57f4140f659b23f"},"breadcrumb":{"@id":"https:\/\/nk7-testes.com.br\/agazeta\/creche-na-cidade-do-povo-tiros-ao-inves-de-educacao\/#breadcrumb"},"inLanguage":"pt-BR","potentialAction":[{"@type":"ReadAction","target":["https:\/\/nk7-testes.com.br\/agazeta\/creche-na-cidade-do-povo-tiros-ao-inves-de-educacao\/"]}]},{"@type":"ImageObject","inLanguage":"pt-BR","@id":"https:\/\/nk7-testes.com.br\/agazeta\/creche-na-cidade-do-povo-tiros-ao-inves-de-educacao\/#primaryimage","url":"https:\/\/nk7-testes.com.br\/agazeta\/wp-content\/uploads\/2016\/10\/211016-cotidiano-cidadecommedo-tvgazeta.jpg","contentUrl":"https:\/\/nk7-testes.com.br\/agazeta\/wp-content\/uploads\/2016\/10\/211016-cotidiano-cidadecommedo-tvgazeta.jpg","width":458,"height":340,"caption":"211016-cotidiano-cidadecommedo-tvgazeta"},{"@type":"BreadcrumbList","@id":"https:\/\/nk7-testes.com.br\/agazeta\/creche-na-cidade-do-povo-tiros-ao-inves-de-educacao\/#breadcrumb","itemListElement":[{"@type":"ListItem","position":1,"name":"In\u00edcio","item":"https:\/\/nk7-testes.com.br\/agazeta\/"},{"@type":"ListItem","position":2,"name":"Creche na Cidade do Povo: tiros ao inv\u00e9s de Educa\u00e7\u00e3o"}]},{"@type":"WebSite","@id":"https:\/\/nk7-testes.com.br\/agazeta\/#website","url":"https:\/\/nk7-testes.com.br\/agazeta\/","name":"Agazeta.net","description":"Agazeta.net - Not\u00edcias de Rio Branco\/AC","potentialAction":[{"@type":"SearchAction","target":{"@type":"EntryPoint","urlTemplate":"https:\/\/nk7-testes.com.br\/agazeta\/?s={search_term_string}"},"query-input":{"@type":"PropertyValueSpecification","valueRequired":true,"valueName":"search_term_string"}}],"inLanguage":"pt-BR"},{"@type":"Person","@id":"https:\/\/nk7-testes.com.br\/agazeta\/#\/schema\/person\/ff6b39d54d6973bfc57f4140f659b23f","name":"Agazeta.Net","url":"https:\/\/nk7-testes.com.br\/agazeta\/author\/agazeta\/"}]}},"_links":{"self":[{"href":"https:\/\/nk7-testes.com.br\/agazeta\/wp-json\/wp\/v2\/posts\/26033","targetHints":{"allow":["GET"]}}],"collection":[{"href":"https:\/\/nk7-testes.com.br\/agazeta\/wp-json\/wp\/v2\/posts"}],"about":[{"href":"https:\/\/nk7-testes.com.br\/agazeta\/wp-json\/wp\/v2\/types\/post"}],"author":[{"embeddable":true,"href":"https:\/\/nk7-testes.com.br\/agazeta\/wp-json\/wp\/v2\/users\/4"}],"replies":[{"embeddable":true,"href":"https:\/\/nk7-testes.com.br\/agazeta\/wp-json\/wp\/v2\/comments?post=26033"}],"version-history":[{"count":0,"href":"https:\/\/nk7-testes.com.br\/agazeta\/wp-json\/wp\/v2\/posts\/26033\/revisions"}],"wp:featuredmedia":[{"embeddable":true,"href":"https:\/\/nk7-testes.com.br\/agazeta\/wp-json\/wp\/v2\/media\/26032"}],"wp:attachment":[{"href":"https:\/\/nk7-testes.com.br\/agazeta\/wp-json\/wp\/v2\/media?parent=26033"}],"wp:term":[{"taxonomy":"category","embeddable":true,"href":"https:\/\/nk7-testes.com.br\/agazeta\/wp-json\/wp\/v2\/categories?post=26033"},{"taxonomy":"post_tag","embeddable":true,"href":"https:\/\/nk7-testes.com.br\/agazeta\/wp-json\/wp\/v2\/tags?post=26033"}],"curies":[{"name":"wp","href":"https:\/\/api.w.org\/{rel}","templated":true}]}}