{"id":26031,"date":"2016-10-21T22:57:10","date_gmt":"2016-10-21T22:57:10","guid":{"rendered":"https:\/\/abarevegan.com.br\/index.php\/2016\/10\/21\/agentes-penitenciarios-temem-mais-radicalismos\/"},"modified":"2016-10-21T22:57:10","modified_gmt":"2016-10-21T22:57:10","slug":"agentes-penitenciarios-temem-mais-radicalismos","status":"publish","type":"post","link":"https:\/\/nk7-testes.com.br\/agazeta\/agentes-penitenciarios-temem-mais-radicalismos\/","title":{"rendered":"Agentes penitenci\u00e1rios temem mais radicalismos"},"content":{"rendered":"<p style=\"text-align: justify;\">Novas rebeli\u00f5es podem ocorrer. E mais violentas<\/p>\n<p style=\"text-align: justify;\">Agentes penitenci\u00e1rios que estavam no pres\u00eddio durante a rebeli\u00e3o ocorrida nesta quinta-feira (20) pedem aux\u00edlio do poder p\u00fablico. A associa\u00e7\u00e3o que representa a categoria denuncia que, se nada for feito, novas rebeli\u00f5es podem voltar a acontecer e com propor\u00e7\u00f5es piores.<\/p>\n<p style=\"text-align: justify;\">As marcas de agress\u00e3o ficaram pelos corpos dos agentes penitenci\u00e1rios que estavam de plant\u00e3o no momento em que os presos iniciaram a rebeli\u00e3o.<\/p>\n<p style=\"text-align: justify;\">Um deles foi atingido por golpes de estoques, que s\u00e3o facas artesanais. O ferimento foi fechado com 8 pontos. Ele reagiu no momento em que teve uma arma apontada contra a cabe\u00e7a e por isso n\u00e3o morreu. No pavilh\u00e3o onde trabalhava estavam 346 presos e apenas 4 agentes faziam a seguran\u00e7a do local.<\/p>\n<p style=\"text-align: justify;\">Outro agente que tamb\u00e9m pediu para n\u00e3o ser identificado ficou com v\u00e1rios ferimentos e hematomas no joelho. Ele foi arrastado entre os corredores. No rosto, marcas de socos e golpes de estoques.<\/p>\n<p style=\"text-align: justify;\">Os servidores p\u00fablicos n\u00e3o falam e n\u00e3o divulgam o rosto por que querem garantir a seguran\u00e7a deles e de suas fam\u00edlias. Depois de muita insist\u00eancia para gravarem entrevista, pediram para que apenas o presidente da associa\u00e7\u00e3o falasse por eles.<\/p>\n<p style=\"text-align: justify;\">Jos\u00e9 Janes denuncia h\u00e1 muito tempo as prec\u00e1rias condi\u00e7\u00f5es do pres\u00eddio e com pessoal. O que aconteceu na \u00faltima quinta-feira respaldou as cobran\u00e7as da associa\u00e7\u00e3o.<\/p>\n<p style=\"text-align: justify;\">\u201cTudo come\u00e7ou na hora do pagamento da comida, da janta, por volta das 18 horas. O preso saiu com uma pistola de dentro do pavilh\u00e3o e colocou na cabe\u00e7a do agente e mandou o resto ficar deitado. Sa\u00edram atirando l\u00e1 de dentro, fizeram nosso agente de ref\u00e9m. A\u00ed a gente v\u00ea como o nosso sistema penitenci\u00e1rio \u00e9 falido e com agravante. Estamos numa \u00e1rea de fronteira onde entra tudo que quer\u201d, explica.<\/p>\n<p style=\"text-align: justify;\">A posse de armas pelos detentos, segundo os agentes, deve ser investigada, mas de acordo com Janes, a situa\u00e7\u00e3o fugiu do controle e existem muitas brechas que o pr\u00f3prio sistema n\u00e3o consegue estancar.<\/p>\n<p style=\"text-align: justify;\">\u201cA gente tem que cortar na carne. De maneira alguma vamos compactuar com safadeza de agente. Mas eu garanto que 95% dos nossos agentes s\u00e3o honestos, tem forma\u00e7\u00e3o. <br \/>Se for verdade, tem que ir pra cadeia, mas tem que ser apurado. Como \u00e9 que vai dar uma arma pra preso sair atirando, se est\u00e3o na guarni\u00e7\u00e3o. Pode entrar no pres\u00eddio atrav\u00e9s de caminh\u00e3o de lixo, por exemplo. Hoje s\u00f3 fica um PM na guarita do banho de sol. L\u00e1 no \u201cchap\u00e3o\u201d os presos jogam armas, celular tudo pra dentro do Ant\u00f4nio Amaro Alves\u201d, explica.<\/p>\n<p style=\"text-align: justify;\">A rebeli\u00e3o deixou a categoria abalada e os servidores alegam que est\u00e3o sem apoio psicol\u00f3gico e at\u00e9 para recupera\u00e7\u00e3o dos ferimentos sofridos. \u201cAlguns deles foram machucados, um agente n\u00e3o consegue andar por que foi arrastado pelos pavilh\u00f5es, outros furados por estoques e a\u00ed \u00e9 muito preocupante. N\u00e3o h\u00e1 psic\u00f3logo pra fazer atividade com eles. As agentes femininos n\u00e3o est\u00e3o querendo trabalhar por que n\u00e3o tem condi\u00e7\u00f5es\u201d, afirma.<\/p>\n<p style=\"text-align: justify;\">As den\u00fancias e o fato em si, para a associa\u00e7\u00e3o dos agentes penitenci\u00e1rios exigem que o Estado tome provid\u00eancias extremas e urgentes, ao contr\u00e1rio, novas rebeli\u00f5es podem voltar a acontecer e com propor\u00e7\u00f5es piores. \u201c\u00c9 colocar bloqueador de celular e scanner corporal. Algumas medidas tem que ser tomadas como na hora da entrada do agente. \u00c9 humanamente imposs\u00edvel as meninas revistarem mais de mil mulheres. O sistema est\u00e1 totalmente quebrado\u201d, conclui.<\/p>\n","protected":false},"excerpt":{"rendered":"<p style=\"text-align: justify;\">Novas rebeli\u00f5es podem ocorrer. E mais violentas<\/p>\n","protected":false},"author":4,"featured_media":26030,"comment_status":"open","ping_status":"open","sticky":false,"template":"","format":"standard","meta":{"jnews-multi-image_gallery":[],"jnews_single_post":[],"jnews_primary_category":[],"jnews_social_meta":[],"jnews_review":[],"enable_review":"","type":"","name":"","summary":"","brand":"","sku":"","good":[],"bad":[],"score_override":"","override_value":"","rating":[],"price":[],"footnotes":""},"categories":[44],"tags":[],"class_list":["post-26031","post","type-post","status-publish","format-standard","has-post-thumbnail","hentry","category-policia"],"yoast_head":"<!-- This site is optimized with the Yoast SEO plugin v26.5 - https:\/\/yoast.com\/wordpress\/plugins\/seo\/ -->\n<title>Agentes penitenci\u00e1rios temem mais radicalismos - Agazeta.net<\/title>\n<meta name=\"robots\" content=\"index, follow, max-snippet:-1, max-image-preview:large, max-video-preview:-1\" \/>\n<link rel=\"canonical\" href=\"https:\/\/nk7-testes.com.br\/agazeta\/agentes-penitenciarios-temem-mais-radicalismos\/\" \/>\n<meta property=\"og:locale\" content=\"pt_BR\" \/>\n<meta property=\"og:type\" content=\"article\" \/>\n<meta property=\"og:title\" content=\"Agentes penitenci\u00e1rios temem mais radicalismos - Agazeta.net\" \/>\n<meta property=\"og:description\" content=\"Novas rebeli\u00f5es podem ocorrer. E mais violentas\" \/>\n<meta property=\"og:url\" content=\"https:\/\/nk7-testes.com.br\/agazeta\/agentes-penitenciarios-temem-mais-radicalismos\/\" \/>\n<meta property=\"og:site_name\" content=\"Agazeta.net\" \/>\n<meta property=\"article:published_time\" content=\"2016-10-21T22:57:10+00:00\" \/>\n<meta property=\"og:image\" content=\"https:\/\/nk7-testes.com.br\/agazeta\/wp-content\/uploads\/2016\/10\/211016-policia-agentespenitenciario-tvgazeta.jpg\" \/>\n\t<meta property=\"og:image:width\" content=\"458\" \/>\n\t<meta property=\"og:image:height\" content=\"340\" \/>\n\t<meta property=\"og:image:type\" content=\"image\/jpeg\" \/>\n<meta name=\"author\" content=\"Agazeta.Net\" \/>\n<meta name=\"twitter:card\" content=\"summary_large_image\" \/>\n<meta name=\"twitter:label1\" content=\"Escrito por\" \/>\n\t<meta name=\"twitter:data1\" content=\"Agazeta.Net\" \/>\n\t<meta name=\"twitter:label2\" content=\"Est. tempo de leitura\" \/>\n\t<meta name=\"twitter:data2\" content=\"3 minutos\" \/>\n<script type=\"application\/ld+json\" class=\"yoast-schema-graph\">{\"@context\":\"https:\/\/schema.org\",\"@graph\":[{\"@type\":\"WebPage\",\"@id\":\"https:\/\/nk7-testes.com.br\/agazeta\/agentes-penitenciarios-temem-mais-radicalismos\/\",\"url\":\"https:\/\/nk7-testes.com.br\/agazeta\/agentes-penitenciarios-temem-mais-radicalismos\/\",\"name\":\"Agentes penitenci\u00e1rios temem mais radicalismos - Agazeta.net\",\"isPartOf\":{\"@id\":\"https:\/\/nk7-testes.com.br\/agazeta\/#website\"},\"primaryImageOfPage\":{\"@id\":\"https:\/\/nk7-testes.com.br\/agazeta\/agentes-penitenciarios-temem-mais-radicalismos\/#primaryimage\"},\"image\":{\"@id\":\"https:\/\/nk7-testes.com.br\/agazeta\/agentes-penitenciarios-temem-mais-radicalismos\/#primaryimage\"},\"thumbnailUrl\":\"https:\/\/nk7-testes.com.br\/agazeta\/wp-content\/uploads\/2016\/10\/211016-policia-agentespenitenciario-tvgazeta.jpg\",\"datePublished\":\"2016-10-21T22:57:10+00:00\",\"author\":{\"@id\":\"https:\/\/nk7-testes.com.br\/agazeta\/#\/schema\/person\/6d6e25cb0435eb4a02fd44d30b4e3020\"},\"breadcrumb\":{\"@id\":\"https:\/\/nk7-testes.com.br\/agazeta\/agentes-penitenciarios-temem-mais-radicalismos\/#breadcrumb\"},\"inLanguage\":\"pt-BR\",\"potentialAction\":[{\"@type\":\"ReadAction\",\"target\":[\"https:\/\/nk7-testes.com.br\/agazeta\/agentes-penitenciarios-temem-mais-radicalismos\/\"]}]},{\"@type\":\"ImageObject\",\"inLanguage\":\"pt-BR\",\"@id\":\"https:\/\/nk7-testes.com.br\/agazeta\/agentes-penitenciarios-temem-mais-radicalismos\/#primaryimage\",\"url\":\"https:\/\/nk7-testes.com.br\/agazeta\/wp-content\/uploads\/2016\/10\/211016-policia-agentespenitenciario-tvgazeta.jpg\",\"contentUrl\":\"https:\/\/nk7-testes.com.br\/agazeta\/wp-content\/uploads\/2016\/10\/211016-policia-agentespenitenciario-tvgazeta.jpg\",\"width\":458,\"height\":340,\"caption\":\"211016-policia-agentespenitenciario-tvgazeta\"},{\"@type\":\"BreadcrumbList\",\"@id\":\"https:\/\/nk7-testes.com.br\/agazeta\/agentes-penitenciarios-temem-mais-radicalismos\/#breadcrumb\",\"itemListElement\":[{\"@type\":\"ListItem\",\"position\":1,\"name\":\"In\u00edcio\",\"item\":\"https:\/\/nk7-testes.com.br\/agazeta\/\"},{\"@type\":\"ListItem\",\"position\":2,\"name\":\"Agentes penitenci\u00e1rios temem mais radicalismos\"}]},{\"@type\":\"WebSite\",\"@id\":\"https:\/\/nk7-testes.com.br\/agazeta\/#website\",\"url\":\"https:\/\/nk7-testes.com.br\/agazeta\/\",\"name\":\"Agazeta.net\",\"description\":\"Agazeta.net - Not\u00edcias de Rio Branco\/AC\",\"potentialAction\":[{\"@type\":\"SearchAction\",\"target\":{\"@type\":\"EntryPoint\",\"urlTemplate\":\"https:\/\/nk7-testes.com.br\/agazeta\/?s={search_term_string}\"},\"query-input\":{\"@type\":\"PropertyValueSpecification\",\"valueRequired\":true,\"valueName\":\"search_term_string\"}}],\"inLanguage\":\"pt-BR\"},{\"@type\":\"Person\",\"@id\":\"https:\/\/nk7-testes.com.br\/agazeta\/#\/schema\/person\/6d6e25cb0435eb4a02fd44d30b4e3020\",\"name\":\"Agazeta.Net\",\"url\":\"https:\/\/nk7-testes.com.br\/agazeta\/author\/agazeta\/\"}]}<\/script>\n<!-- \/ Yoast SEO plugin. -->","yoast_head_json":{"title":"Agentes penitenci\u00e1rios temem mais radicalismos - Agazeta.net","robots":{"index":"index","follow":"follow","max-snippet":"max-snippet:-1","max-image-preview":"max-image-preview:large","max-video-preview":"max-video-preview:-1"},"canonical":"https:\/\/nk7-testes.com.br\/agazeta\/agentes-penitenciarios-temem-mais-radicalismos\/","og_locale":"pt_BR","og_type":"article","og_title":"Agentes penitenci\u00e1rios temem mais radicalismos - Agazeta.net","og_description":"Novas rebeli\u00f5es podem ocorrer. E mais violentas","og_url":"https:\/\/nk7-testes.com.br\/agazeta\/agentes-penitenciarios-temem-mais-radicalismos\/","og_site_name":"Agazeta.net","article_published_time":"2016-10-21T22:57:10+00:00","og_image":[{"width":458,"height":340,"url":"https:\/\/nk7-testes.com.br\/agazeta\/wp-content\/uploads\/2016\/10\/211016-policia-agentespenitenciario-tvgazeta.jpg","type":"image\/jpeg"}],"author":"Agazeta.Net","twitter_card":"summary_large_image","twitter_misc":{"Escrito por":"Agazeta.Net","Est. tempo de leitura":"3 minutos"},"schema":{"@context":"https:\/\/schema.org","@graph":[{"@type":"WebPage","@id":"https:\/\/nk7-testes.com.br\/agazeta\/agentes-penitenciarios-temem-mais-radicalismos\/","url":"https:\/\/nk7-testes.com.br\/agazeta\/agentes-penitenciarios-temem-mais-radicalismos\/","name":"Agentes penitenci\u00e1rios temem mais radicalismos - Agazeta.net","isPartOf":{"@id":"https:\/\/nk7-testes.com.br\/agazeta\/#website"},"primaryImageOfPage":{"@id":"https:\/\/nk7-testes.com.br\/agazeta\/agentes-penitenciarios-temem-mais-radicalismos\/#primaryimage"},"image":{"@id":"https:\/\/nk7-testes.com.br\/agazeta\/agentes-penitenciarios-temem-mais-radicalismos\/#primaryimage"},"thumbnailUrl":"https:\/\/nk7-testes.com.br\/agazeta\/wp-content\/uploads\/2016\/10\/211016-policia-agentespenitenciario-tvgazeta.jpg","datePublished":"2016-10-21T22:57:10+00:00","author":{"@id":"https:\/\/nk7-testes.com.br\/agazeta\/#\/schema\/person\/6d6e25cb0435eb4a02fd44d30b4e3020"},"breadcrumb":{"@id":"https:\/\/nk7-testes.com.br\/agazeta\/agentes-penitenciarios-temem-mais-radicalismos\/#breadcrumb"},"inLanguage":"pt-BR","potentialAction":[{"@type":"ReadAction","target":["https:\/\/nk7-testes.com.br\/agazeta\/agentes-penitenciarios-temem-mais-radicalismos\/"]}]},{"@type":"ImageObject","inLanguage":"pt-BR","@id":"https:\/\/nk7-testes.com.br\/agazeta\/agentes-penitenciarios-temem-mais-radicalismos\/#primaryimage","url":"https:\/\/nk7-testes.com.br\/agazeta\/wp-content\/uploads\/2016\/10\/211016-policia-agentespenitenciario-tvgazeta.jpg","contentUrl":"https:\/\/nk7-testes.com.br\/agazeta\/wp-content\/uploads\/2016\/10\/211016-policia-agentespenitenciario-tvgazeta.jpg","width":458,"height":340,"caption":"211016-policia-agentespenitenciario-tvgazeta"},{"@type":"BreadcrumbList","@id":"https:\/\/nk7-testes.com.br\/agazeta\/agentes-penitenciarios-temem-mais-radicalismos\/#breadcrumb","itemListElement":[{"@type":"ListItem","position":1,"name":"In\u00edcio","item":"https:\/\/nk7-testes.com.br\/agazeta\/"},{"@type":"ListItem","position":2,"name":"Agentes penitenci\u00e1rios temem mais radicalismos"}]},{"@type":"WebSite","@id":"https:\/\/nk7-testes.com.br\/agazeta\/#website","url":"https:\/\/nk7-testes.com.br\/agazeta\/","name":"Agazeta.net","description":"Agazeta.net - Not\u00edcias de Rio Branco\/AC","potentialAction":[{"@type":"SearchAction","target":{"@type":"EntryPoint","urlTemplate":"https:\/\/nk7-testes.com.br\/agazeta\/?s={search_term_string}"},"query-input":{"@type":"PropertyValueSpecification","valueRequired":true,"valueName":"search_term_string"}}],"inLanguage":"pt-BR"},{"@type":"Person","@id":"https:\/\/nk7-testes.com.br\/agazeta\/#\/schema\/person\/6d6e25cb0435eb4a02fd44d30b4e3020","name":"Agazeta.Net","url":"https:\/\/nk7-testes.com.br\/agazeta\/author\/agazeta\/"}]}},"_links":{"self":[{"href":"https:\/\/nk7-testes.com.br\/agazeta\/wp-json\/wp\/v2\/posts\/26031","targetHints":{"allow":["GET"]}}],"collection":[{"href":"https:\/\/nk7-testes.com.br\/agazeta\/wp-json\/wp\/v2\/posts"}],"about":[{"href":"https:\/\/nk7-testes.com.br\/agazeta\/wp-json\/wp\/v2\/types\/post"}],"author":[{"embeddable":true,"href":"https:\/\/nk7-testes.com.br\/agazeta\/wp-json\/wp\/v2\/users\/4"}],"replies":[{"embeddable":true,"href":"https:\/\/nk7-testes.com.br\/agazeta\/wp-json\/wp\/v2\/comments?post=26031"}],"version-history":[{"count":0,"href":"https:\/\/nk7-testes.com.br\/agazeta\/wp-json\/wp\/v2\/posts\/26031\/revisions"}],"wp:featuredmedia":[{"embeddable":true,"href":"https:\/\/nk7-testes.com.br\/agazeta\/wp-json\/wp\/v2\/media\/26030"}],"wp:attachment":[{"href":"https:\/\/nk7-testes.com.br\/agazeta\/wp-json\/wp\/v2\/media?parent=26031"}],"wp:term":[{"taxonomy":"category","embeddable":true,"href":"https:\/\/nk7-testes.com.br\/agazeta\/wp-json\/wp\/v2\/categories?post=26031"},{"taxonomy":"post_tag","embeddable":true,"href":"https:\/\/nk7-testes.com.br\/agazeta\/wp-json\/wp\/v2\/tags?post=26031"}],"curies":[{"name":"wp","href":"https:\/\/api.w.org\/{rel}","templated":true}]}}