{"id":26026,"date":"2016-10-21T22:14:35","date_gmt":"2016-10-21T22:14:35","guid":{"rendered":"https:\/\/abarevegan.com.br\/index.php\/2016\/10\/21\/juiza-exige-medidas-mais-rigidas-para-isolar-faccoes\/"},"modified":"2016-10-21T22:14:35","modified_gmt":"2016-10-21T22:14:35","slug":"juiza-exige-medidas-mais-rigidas-para-isolar-faccoes","status":"publish","type":"post","link":"https:\/\/nk7-testes.com.br\/agazeta\/juiza-exige-medidas-mais-rigidas-para-isolar-faccoes\/","title":{"rendered":"Ju\u00edza exige medidas mais r\u00edgidas para isolar fac\u00e7\u00f5es"},"content":{"rendered":"<p style=\"text-align: justify;\">Magistrada tamb\u00e9m quer demoli\u00e7\u00e3o de pr\u00e9dio do Bope<\/p>\n<p style=\"text-align: justify;\">A ju\u00edza da Vara de Execu\u00e7\u00f5es Penais de Rio Branco, Luana Campos, exige que o Instituto de Administra\u00e7\u00e3o Penitenci\u00e1ria (IAPEN) fa\u00e7a a separa\u00e7\u00e3o dos presos ligados \u00e0s organiza\u00e7\u00f5es criminosas.<\/p>\n<p style=\"text-align: justify;\">Depois do confronto de ontem, no interior do pres\u00eddio Francisco D\u2019Oliveira Conde, onde quatro presos foram mortos e 20 ficaram feridos, a magistrada quer manter dist\u00e2ncias entre os membros das fac\u00e7\u00f5es.<\/p>\n<p style=\"text-align: justify;\">Os detentos ligados ao Bonde dos 13 ficaram nos pavilh\u00f5es do \u201cChap\u00e3o\u201d, uma ala de blocos onde ficam os presos considerados perigosos. Quem for do Comando Vermelho ser\u00e1 colocado nos blocos que ficam na parte externa do \u201cChap\u00e3o\u201d onde est\u00e3o os provis\u00f3rios.<\/p>\n<p style=\"text-align: justify;\">\u201cEssa separa\u00e7\u00e3o \u00e9 apenas um paliativo. Na verdade, precisamos buscar alternativas para evitar que os grupos rivais entrem em conflito. Temos que proteger os agentes e outros funcion\u00e1rios que ficam no pres\u00eddio, mas, n\u00e3o \u00e9 f\u00e1cil enfrentar isso com um complexo que tem mais de tr\u00eas presos, quando deveria ter no m\u00e1ximo mil\u201d, reclamou.<\/p>\n<p style=\"text-align: justify;\">A magistrada quer identificar que s\u00e3o os detentos que n\u00e3o est\u00e3o ligados as fac\u00e7\u00f5es, esse grupo ser\u00e1 enviado ao pres\u00eddio de Senador Guiomard.<\/p>\n<p style=\"text-align: justify;\">A Vara de Execu\u00e7\u00f5es Penais vai exigir que o governo fa\u00e7a uma limpeza onde fica o pres\u00eddio conhecido como \u201cPapudinha\u201d. O complexo \u00e9 usado para abrigar os presos do semiaberto que apenas pernoitam. Nessa quarta-feira, uma das fac\u00e7\u00f5es tentou invadir o pr\u00e9dio. Os agentes rapidamente conseguiram fechar o port\u00e3o e reagiram aos tiros. Um preso foi atingido na perna. O tiroteio criou p\u00e2nico para as pessoas que passavam pela regi\u00e3o.<\/p>\n<p style=\"text-align: justify;\">Para a magistrada existem muitas \u00e1rvores e mato que facilitam emboscadas. \u201cPara piorar, o antigo quartel do Bope est\u00e1 abandonado e servindo de esconderijo para os bandidos. Os detentos quando v\u00e3o para o complexo obrigatoriamente precisam passar pelo lado do pr\u00e9dio e do mato que tomou conta do local. Por isso, s\u00e3o vitimas f\u00e1ceis\u201d, lembrou.<\/p>\n<p style=\"text-align: justify;\">A ju\u00edza est\u00e1 pedindo a retirada das \u00e1rvores e que o capim seja cortado com frequ\u00eancia e est\u00e1 pedindo a demoli\u00e7\u00e3o do antigo pr\u00e9dio do BOPE.<\/p>\n<p style=\"text-align: justify;\">Desde o ataque de quarta-feira, os detentos da \u201cPapudinha\u201d ficaram livres do pernoite. Deveriam voltar nessa sexta-feira, mas como as obras de recupera\u00e7\u00e3o e da ilumina\u00e7\u00e3o ainda n\u00e3o est\u00e3o prontas, est\u00e1 marcado o retorno para esse s\u00e1bado. Alguns presos est\u00e3o ganhando tornozeleiras eletr\u00f4nicas. Esses n\u00e3o v\u00e3o precisar dormir no pres\u00eddio.<\/p>\n<p style=\"text-align: justify;\"><span style=\"font-size: 11pt; line-height: 115%; font-family: Calibri, sans-serif;\">A magistrada voltou a cobrar mais seguran\u00e7a nos pres\u00eddios. No dia do tiroteio na \u201cPapudinha\u201d, os \u00f3rg\u00e3os de seguran\u00e7a foram avisados, mas s\u00f3 agiram depois que houve o ataque. No caso do pres\u00eddio Francisco D\u2019Oliveira Conde, h\u00e1 30 dias havia uma ordem para o motim. No entanto, a seguran\u00e7a n\u00e3o foi refor\u00e7ada.<\/span><\/p>\n","protected":false},"excerpt":{"rendered":"<p style=\"text-align: justify;\">Magistrada tamb\u00e9m quer demoli\u00e7\u00e3o de pr\u00e9dio do Bope<\/p>\n","protected":false},"author":4,"featured_media":26025,"comment_status":"open","ping_status":"open","sticky":false,"template":"","format":"standard","meta":{"jnews-multi-image_gallery":[],"jnews_single_post":[],"jnews_primary_category":[],"jnews_social_meta":[],"jnews_review":[],"enable_review":"","type":"","name":"","summary":"","brand":"","sku":"","good":[],"bad":[],"score_override":"","override_value":"","rating":[],"price":[],"footnotes":""},"categories":[44],"tags":[],"class_list":["post-26026","post","type-post","status-publish","format-standard","has-post-thumbnail","hentry","category-policia"],"yoast_head":"<!-- This site is optimized with the Yoast SEO plugin v26.5 - https:\/\/yoast.com\/wordpress\/plugins\/seo\/ -->\n<title>Ju\u00edza exige medidas mais r\u00edgidas para isolar fac\u00e7\u00f5es - Agazeta.net<\/title>\n<meta name=\"robots\" content=\"index, follow, max-snippet:-1, max-image-preview:large, max-video-preview:-1\" \/>\n<link rel=\"canonical\" href=\"https:\/\/nk7-testes.com.br\/agazeta\/juiza-exige-medidas-mais-rigidas-para-isolar-faccoes\/\" \/>\n<meta property=\"og:locale\" content=\"pt_BR\" \/>\n<meta property=\"og:type\" content=\"article\" \/>\n<meta property=\"og:title\" content=\"Ju\u00edza exige medidas mais r\u00edgidas para isolar fac\u00e7\u00f5es - Agazeta.net\" \/>\n<meta property=\"og:description\" content=\"Magistrada tamb\u00e9m quer demoli\u00e7\u00e3o de pr\u00e9dio do Bope\" \/>\n<meta property=\"og:url\" content=\"https:\/\/nk7-testes.com.br\/agazeta\/juiza-exige-medidas-mais-rigidas-para-isolar-faccoes\/\" \/>\n<meta property=\"og:site_name\" content=\"Agazeta.net\" \/>\n<meta property=\"article:published_time\" content=\"2016-10-21T22:14:35+00:00\" \/>\n<meta property=\"og:image\" content=\"https:\/\/nk7-testes.com.br\/agazeta\/wp-content\/uploads\/2016\/10\/211016-policia-luanacampos-tvgazeta.jpg\" \/>\n\t<meta property=\"og:image:width\" content=\"458\" \/>\n\t<meta property=\"og:image:height\" content=\"340\" \/>\n\t<meta property=\"og:image:type\" content=\"image\/jpeg\" \/>\n<meta name=\"author\" content=\"Agazeta.Net\" \/>\n<meta name=\"twitter:card\" content=\"summary_large_image\" \/>\n<meta name=\"twitter:label1\" content=\"Escrito por\" \/>\n\t<meta name=\"twitter:data1\" content=\"Agazeta.Net\" \/>\n\t<meta name=\"twitter:label2\" content=\"Est. tempo de leitura\" \/>\n\t<meta name=\"twitter:data2\" content=\"3 minutos\" \/>\n<script type=\"application\/ld+json\" class=\"yoast-schema-graph\">{\"@context\":\"https:\/\/schema.org\",\"@graph\":[{\"@type\":\"WebPage\",\"@id\":\"https:\/\/nk7-testes.com.br\/agazeta\/juiza-exige-medidas-mais-rigidas-para-isolar-faccoes\/\",\"url\":\"https:\/\/nk7-testes.com.br\/agazeta\/juiza-exige-medidas-mais-rigidas-para-isolar-faccoes\/\",\"name\":\"Ju\u00edza exige medidas mais r\u00edgidas para isolar fac\u00e7\u00f5es - Agazeta.net\",\"isPartOf\":{\"@id\":\"https:\/\/nk7-testes.com.br\/agazeta\/#website\"},\"primaryImageOfPage\":{\"@id\":\"https:\/\/nk7-testes.com.br\/agazeta\/juiza-exige-medidas-mais-rigidas-para-isolar-faccoes\/#primaryimage\"},\"image\":{\"@id\":\"https:\/\/nk7-testes.com.br\/agazeta\/juiza-exige-medidas-mais-rigidas-para-isolar-faccoes\/#primaryimage\"},\"thumbnailUrl\":\"https:\/\/nk7-testes.com.br\/agazeta\/wp-content\/uploads\/2016\/10\/211016-policia-luanacampos-tvgazeta.jpg\",\"datePublished\":\"2016-10-21T22:14:35+00:00\",\"author\":{\"@id\":\"https:\/\/nk7-testes.com.br\/agazeta\/#\/schema\/person\/6d6e25cb0435eb4a02fd44d30b4e3020\"},\"breadcrumb\":{\"@id\":\"https:\/\/nk7-testes.com.br\/agazeta\/juiza-exige-medidas-mais-rigidas-para-isolar-faccoes\/#breadcrumb\"},\"inLanguage\":\"pt-BR\",\"potentialAction\":[{\"@type\":\"ReadAction\",\"target\":[\"https:\/\/nk7-testes.com.br\/agazeta\/juiza-exige-medidas-mais-rigidas-para-isolar-faccoes\/\"]}]},{\"@type\":\"ImageObject\",\"inLanguage\":\"pt-BR\",\"@id\":\"https:\/\/nk7-testes.com.br\/agazeta\/juiza-exige-medidas-mais-rigidas-para-isolar-faccoes\/#primaryimage\",\"url\":\"https:\/\/nk7-testes.com.br\/agazeta\/wp-content\/uploads\/2016\/10\/211016-policia-luanacampos-tvgazeta.jpg\",\"contentUrl\":\"https:\/\/nk7-testes.com.br\/agazeta\/wp-content\/uploads\/2016\/10\/211016-policia-luanacampos-tvgazeta.jpg\",\"width\":458,\"height\":340,\"caption\":\"211016-policia-luanacampos-tvgazeta\"},{\"@type\":\"BreadcrumbList\",\"@id\":\"https:\/\/nk7-testes.com.br\/agazeta\/juiza-exige-medidas-mais-rigidas-para-isolar-faccoes\/#breadcrumb\",\"itemListElement\":[{\"@type\":\"ListItem\",\"position\":1,\"name\":\"In\u00edcio\",\"item\":\"https:\/\/nk7-testes.com.br\/agazeta\/\"},{\"@type\":\"ListItem\",\"position\":2,\"name\":\"Ju\u00edza exige medidas mais r\u00edgidas para isolar fac\u00e7\u00f5es\"}]},{\"@type\":\"WebSite\",\"@id\":\"https:\/\/nk7-testes.com.br\/agazeta\/#website\",\"url\":\"https:\/\/nk7-testes.com.br\/agazeta\/\",\"name\":\"Agazeta.net\",\"description\":\"Agazeta.net - Not\u00edcias de Rio Branco\/AC\",\"potentialAction\":[{\"@type\":\"SearchAction\",\"target\":{\"@type\":\"EntryPoint\",\"urlTemplate\":\"https:\/\/nk7-testes.com.br\/agazeta\/?s={search_term_string}\"},\"query-input\":{\"@type\":\"PropertyValueSpecification\",\"valueRequired\":true,\"valueName\":\"search_term_string\"}}],\"inLanguage\":\"pt-BR\"},{\"@type\":\"Person\",\"@id\":\"https:\/\/nk7-testes.com.br\/agazeta\/#\/schema\/person\/6d6e25cb0435eb4a02fd44d30b4e3020\",\"name\":\"Agazeta.Net\",\"url\":\"https:\/\/nk7-testes.com.br\/agazeta\/author\/agazeta\/\"}]}<\/script>\n<!-- \/ Yoast SEO plugin. -->","yoast_head_json":{"title":"Ju\u00edza exige medidas mais r\u00edgidas para isolar fac\u00e7\u00f5es - Agazeta.net","robots":{"index":"index","follow":"follow","max-snippet":"max-snippet:-1","max-image-preview":"max-image-preview:large","max-video-preview":"max-video-preview:-1"},"canonical":"https:\/\/nk7-testes.com.br\/agazeta\/juiza-exige-medidas-mais-rigidas-para-isolar-faccoes\/","og_locale":"pt_BR","og_type":"article","og_title":"Ju\u00edza exige medidas mais r\u00edgidas para isolar fac\u00e7\u00f5es - Agazeta.net","og_description":"Magistrada tamb\u00e9m quer demoli\u00e7\u00e3o de pr\u00e9dio do Bope","og_url":"https:\/\/nk7-testes.com.br\/agazeta\/juiza-exige-medidas-mais-rigidas-para-isolar-faccoes\/","og_site_name":"Agazeta.net","article_published_time":"2016-10-21T22:14:35+00:00","og_image":[{"width":458,"height":340,"url":"https:\/\/nk7-testes.com.br\/agazeta\/wp-content\/uploads\/2016\/10\/211016-policia-luanacampos-tvgazeta.jpg","type":"image\/jpeg"}],"author":"Agazeta.Net","twitter_card":"summary_large_image","twitter_misc":{"Escrito por":"Agazeta.Net","Est. tempo de leitura":"3 minutos"},"schema":{"@context":"https:\/\/schema.org","@graph":[{"@type":"WebPage","@id":"https:\/\/nk7-testes.com.br\/agazeta\/juiza-exige-medidas-mais-rigidas-para-isolar-faccoes\/","url":"https:\/\/nk7-testes.com.br\/agazeta\/juiza-exige-medidas-mais-rigidas-para-isolar-faccoes\/","name":"Ju\u00edza exige medidas mais r\u00edgidas para isolar fac\u00e7\u00f5es - Agazeta.net","isPartOf":{"@id":"https:\/\/nk7-testes.com.br\/agazeta\/#website"},"primaryImageOfPage":{"@id":"https:\/\/nk7-testes.com.br\/agazeta\/juiza-exige-medidas-mais-rigidas-para-isolar-faccoes\/#primaryimage"},"image":{"@id":"https:\/\/nk7-testes.com.br\/agazeta\/juiza-exige-medidas-mais-rigidas-para-isolar-faccoes\/#primaryimage"},"thumbnailUrl":"https:\/\/nk7-testes.com.br\/agazeta\/wp-content\/uploads\/2016\/10\/211016-policia-luanacampos-tvgazeta.jpg","datePublished":"2016-10-21T22:14:35+00:00","author":{"@id":"https:\/\/nk7-testes.com.br\/agazeta\/#\/schema\/person\/6d6e25cb0435eb4a02fd44d30b4e3020"},"breadcrumb":{"@id":"https:\/\/nk7-testes.com.br\/agazeta\/juiza-exige-medidas-mais-rigidas-para-isolar-faccoes\/#breadcrumb"},"inLanguage":"pt-BR","potentialAction":[{"@type":"ReadAction","target":["https:\/\/nk7-testes.com.br\/agazeta\/juiza-exige-medidas-mais-rigidas-para-isolar-faccoes\/"]}]},{"@type":"ImageObject","inLanguage":"pt-BR","@id":"https:\/\/nk7-testes.com.br\/agazeta\/juiza-exige-medidas-mais-rigidas-para-isolar-faccoes\/#primaryimage","url":"https:\/\/nk7-testes.com.br\/agazeta\/wp-content\/uploads\/2016\/10\/211016-policia-luanacampos-tvgazeta.jpg","contentUrl":"https:\/\/nk7-testes.com.br\/agazeta\/wp-content\/uploads\/2016\/10\/211016-policia-luanacampos-tvgazeta.jpg","width":458,"height":340,"caption":"211016-policia-luanacampos-tvgazeta"},{"@type":"BreadcrumbList","@id":"https:\/\/nk7-testes.com.br\/agazeta\/juiza-exige-medidas-mais-rigidas-para-isolar-faccoes\/#breadcrumb","itemListElement":[{"@type":"ListItem","position":1,"name":"In\u00edcio","item":"https:\/\/nk7-testes.com.br\/agazeta\/"},{"@type":"ListItem","position":2,"name":"Ju\u00edza exige medidas mais r\u00edgidas para isolar fac\u00e7\u00f5es"}]},{"@type":"WebSite","@id":"https:\/\/nk7-testes.com.br\/agazeta\/#website","url":"https:\/\/nk7-testes.com.br\/agazeta\/","name":"Agazeta.net","description":"Agazeta.net - Not\u00edcias de Rio Branco\/AC","potentialAction":[{"@type":"SearchAction","target":{"@type":"EntryPoint","urlTemplate":"https:\/\/nk7-testes.com.br\/agazeta\/?s={search_term_string}"},"query-input":{"@type":"PropertyValueSpecification","valueRequired":true,"valueName":"search_term_string"}}],"inLanguage":"pt-BR"},{"@type":"Person","@id":"https:\/\/nk7-testes.com.br\/agazeta\/#\/schema\/person\/6d6e25cb0435eb4a02fd44d30b4e3020","name":"Agazeta.Net","url":"https:\/\/nk7-testes.com.br\/agazeta\/author\/agazeta\/"}]}},"_links":{"self":[{"href":"https:\/\/nk7-testes.com.br\/agazeta\/wp-json\/wp\/v2\/posts\/26026","targetHints":{"allow":["GET"]}}],"collection":[{"href":"https:\/\/nk7-testes.com.br\/agazeta\/wp-json\/wp\/v2\/posts"}],"about":[{"href":"https:\/\/nk7-testes.com.br\/agazeta\/wp-json\/wp\/v2\/types\/post"}],"author":[{"embeddable":true,"href":"https:\/\/nk7-testes.com.br\/agazeta\/wp-json\/wp\/v2\/users\/4"}],"replies":[{"embeddable":true,"href":"https:\/\/nk7-testes.com.br\/agazeta\/wp-json\/wp\/v2\/comments?post=26026"}],"version-history":[{"count":0,"href":"https:\/\/nk7-testes.com.br\/agazeta\/wp-json\/wp\/v2\/posts\/26026\/revisions"}],"wp:featuredmedia":[{"embeddable":true,"href":"https:\/\/nk7-testes.com.br\/agazeta\/wp-json\/wp\/v2\/media\/26025"}],"wp:attachment":[{"href":"https:\/\/nk7-testes.com.br\/agazeta\/wp-json\/wp\/v2\/media?parent=26026"}],"wp:term":[{"taxonomy":"category","embeddable":true,"href":"https:\/\/nk7-testes.com.br\/agazeta\/wp-json\/wp\/v2\/categories?post=26026"},{"taxonomy":"post_tag","embeddable":true,"href":"https:\/\/nk7-testes.com.br\/agazeta\/wp-json\/wp\/v2\/tags?post=26026"}],"curies":[{"name":"wp","href":"https:\/\/api.w.org\/{rel}","templated":true}]}}