{"id":26022,"date":"2016-10-21T17:26:24","date_gmt":"2016-10-21T17:26:24","guid":{"rendered":"https:\/\/abarevegan.com.br\/index.php\/2016\/10\/21\/sisp-reforca-seguranca-apos-rebeliao-no-presidio\/"},"modified":"2016-10-21T17:26:24","modified_gmt":"2016-10-21T17:26:24","slug":"sisp-reforca-seguranca-apos-rebeliao-no-presidio","status":"publish","type":"post","link":"https:\/\/nk7-testes.com.br\/agazeta\/sisp-reforca-seguranca-apos-rebeliao-no-presidio\/","title":{"rendered":"Sisp refor\u00e7a seguran\u00e7a ap\u00f3s rebeli\u00e3o no pres\u00eddio"},"content":{"rendered":"<p>Mais policiamento nos pres\u00eddios da capital e interior<\/p>\n<p>O Sistema Integrado de Seguran\u00e7a P\u00fablica (SISP) divulgou nota com informa\u00e7\u00f5es atualizadas sobre a situa\u00e7\u00e3o no pres\u00eddio da capital nesta sexta-feira (21) ap\u00f3s a rebeli\u00e3o da noite de ontem.<\/p>\n<p>De acordo com a nota, as unidades penitenci\u00e1rias da capital e do interior, tiveram a seguran\u00e7a refor\u00e7ada para garantir a integridade f\u00edsica dos agentes, policiais e reeducandos.<\/p>\n<p>A pol\u00edcia confirma que 2 agentes penitenci\u00e1rios ficaram feridos,ms est\u00e3o forade perigo. Cerca de 20<\/p>\n<p>Cerca de 20 reeducandos foram feridos e conduzidos ao Hospital de Urg\u00eancia e Emerg\u00eancia (Huerb). 3 reeducandos morreram na FOC durante a rebeli\u00e3o e 1 foi a \u00f3bito no Huerb, totalizando 4 mortes. Dois agentes est\u00e3o sendo investigados por terem fornecido tr\u00eas armas aos detentos que iniciaram o conflito e renderam as equipes que estavam de plant\u00e3o.<\/p>\n<p>A seguran\u00e7a informou outras medidas que foram tomadas, como:<\/p>\n<p>&#8211; A seguran\u00e7a nas unidades penitenci\u00e1rias Francisco D\u2019Oliveira Conde, Unidade Provis\u00f3ria 04 (UP-04) e Ant\u00f4nio Amaro foi refor\u00e7ada com o emprego de militares que estavam de sobreaviso para que, junto com os agentes penitenci\u00e1rios, garantam a seguran\u00e7a do local;<\/p>\n<p>&#8211; As visitas nos pres\u00eddios da capital foram suspensas. As unidades do interior est\u00e3o em estado de alerta, por\u00e9m at\u00e9 o presente momento nenhum incidente foi registrado;<\/p>\n<p>&#8211; Revistas em celas, que j\u00e1 s\u00e3o procedimentos rotineiros, est\u00e3o sendo realizadas em celas e pavilh\u00f5es de todos os complexos.<\/p>\n","protected":false},"excerpt":{"rendered":"<p>Mais policiamento nos pres\u00eddios da capital e interior<\/p>\n","protected":false},"author":4,"featured_media":26021,"comment_status":"open","ping_status":"open","sticky":false,"template":"","format":"standard","meta":{"jnews-multi-image_gallery":[],"jnews_single_post":[],"jnews_primary_category":[],"jnews_social_meta":[],"jnews_review":[],"enable_review":"","type":"","name":"","summary":"","brand":"","sku":"","good":[],"bad":[],"score_override":"","override_value":"","rating":[],"price":[],"footnotes":""},"categories":[44],"tags":[],"class_list":["post-26022","post","type-post","status-publish","format-standard","has-post-thumbnail","hentry","category-policia"],"yoast_head":"<!-- This site is optimized with the Yoast SEO plugin v26.5 - https:\/\/yoast.com\/wordpress\/plugins\/seo\/ -->\n<title>Sisp refor\u00e7a seguran\u00e7a ap\u00f3s rebeli\u00e3o no pres\u00eddio - Agazeta.net<\/title>\n<meta name=\"robots\" content=\"index, follow, max-snippet:-1, max-image-preview:large, max-video-preview:-1\" \/>\n<link rel=\"canonical\" href=\"https:\/\/nk7-testes.com.br\/agazeta\/sisp-reforca-seguranca-apos-rebeliao-no-presidio\/\" \/>\n<meta property=\"og:locale\" content=\"pt_BR\" \/>\n<meta property=\"og:type\" content=\"article\" \/>\n<meta property=\"og:title\" content=\"Sisp refor\u00e7a seguran\u00e7a ap\u00f3s rebeli\u00e3o no pres\u00eddio - Agazeta.net\" \/>\n<meta property=\"og:description\" content=\"Mais policiamento nos pres\u00eddios da capital e interior\" \/>\n<meta property=\"og:url\" content=\"https:\/\/nk7-testes.com.br\/agazeta\/sisp-reforca-seguranca-apos-rebeliao-no-presidio\/\" \/>\n<meta property=\"og:site_name\" content=\"Agazeta.net\" \/>\n<meta property=\"article:published_time\" content=\"2016-10-21T17:26:24+00:00\" \/>\n<meta property=\"og:image\" content=\"https:\/\/nk7-testes.com.br\/agazeta\/wp-content\/uploads\/2016\/10\/211016-policia-policianarua-cleriston_410_305.jpg\" \/>\n\t<meta property=\"og:image:width\" content=\"410\" \/>\n\t<meta property=\"og:image:height\" content=\"305\" \/>\n\t<meta property=\"og:image:type\" content=\"image\/jpeg\" \/>\n<meta name=\"author\" content=\"Agazeta.Net\" \/>\n<meta name=\"twitter:card\" content=\"summary_large_image\" \/>\n<meta name=\"twitter:label1\" content=\"Escrito por\" \/>\n\t<meta name=\"twitter:data1\" content=\"Agazeta.Net\" \/>\n\t<meta name=\"twitter:label2\" content=\"Est. tempo de leitura\" \/>\n\t<meta name=\"twitter:data2\" content=\"1 minuto\" \/>\n<script type=\"application\/ld+json\" class=\"yoast-schema-graph\">{\"@context\":\"https:\/\/schema.org\",\"@graph\":[{\"@type\":\"WebPage\",\"@id\":\"https:\/\/nk7-testes.com.br\/agazeta\/sisp-reforca-seguranca-apos-rebeliao-no-presidio\/\",\"url\":\"https:\/\/nk7-testes.com.br\/agazeta\/sisp-reforca-seguranca-apos-rebeliao-no-presidio\/\",\"name\":\"Sisp refor\u00e7a seguran\u00e7a ap\u00f3s rebeli\u00e3o no pres\u00eddio - Agazeta.net\",\"isPartOf\":{\"@id\":\"https:\/\/nk7-testes.com.br\/agazeta\/#website\"},\"primaryImageOfPage\":{\"@id\":\"https:\/\/nk7-testes.com.br\/agazeta\/sisp-reforca-seguranca-apos-rebeliao-no-presidio\/#primaryimage\"},\"image\":{\"@id\":\"https:\/\/nk7-testes.com.br\/agazeta\/sisp-reforca-seguranca-apos-rebeliao-no-presidio\/#primaryimage\"},\"thumbnailUrl\":\"https:\/\/nk7-testes.com.br\/agazeta\/wp-content\/uploads\/2016\/10\/211016-policia-policianarua-cleriston_410_305.jpg\",\"datePublished\":\"2016-10-21T17:26:24+00:00\",\"author\":{\"@id\":\"https:\/\/nk7-testes.com.br\/agazeta\/#\/schema\/person\/6d6e25cb0435eb4a02fd44d30b4e3020\"},\"breadcrumb\":{\"@id\":\"https:\/\/nk7-testes.com.br\/agazeta\/sisp-reforca-seguranca-apos-rebeliao-no-presidio\/#breadcrumb\"},\"inLanguage\":\"pt-BR\",\"potentialAction\":[{\"@type\":\"ReadAction\",\"target\":[\"https:\/\/nk7-testes.com.br\/agazeta\/sisp-reforca-seguranca-apos-rebeliao-no-presidio\/\"]}]},{\"@type\":\"ImageObject\",\"inLanguage\":\"pt-BR\",\"@id\":\"https:\/\/nk7-testes.com.br\/agazeta\/sisp-reforca-seguranca-apos-rebeliao-no-presidio\/#primaryimage\",\"url\":\"https:\/\/nk7-testes.com.br\/agazeta\/wp-content\/uploads\/2016\/10\/211016-policia-policianarua-cleriston_410_305.jpg\",\"contentUrl\":\"https:\/\/nk7-testes.com.br\/agazeta\/wp-content\/uploads\/2016\/10\/211016-policia-policianarua-cleriston_410_305.jpg\",\"width\":410,\"height\":305,\"caption\":\"211016-policia-policianarua-cleriston 410 305\"},{\"@type\":\"BreadcrumbList\",\"@id\":\"https:\/\/nk7-testes.com.br\/agazeta\/sisp-reforca-seguranca-apos-rebeliao-no-presidio\/#breadcrumb\",\"itemListElement\":[{\"@type\":\"ListItem\",\"position\":1,\"name\":\"In\u00edcio\",\"item\":\"https:\/\/nk7-testes.com.br\/agazeta\/\"},{\"@type\":\"ListItem\",\"position\":2,\"name\":\"Sisp refor\u00e7a seguran\u00e7a ap\u00f3s rebeli\u00e3o no pres\u00eddio\"}]},{\"@type\":\"WebSite\",\"@id\":\"https:\/\/nk7-testes.com.br\/agazeta\/#website\",\"url\":\"https:\/\/nk7-testes.com.br\/agazeta\/\",\"name\":\"Agazeta.net\",\"description\":\"Agazeta.net - Not\u00edcias de Rio Branco\/AC\",\"potentialAction\":[{\"@type\":\"SearchAction\",\"target\":{\"@type\":\"EntryPoint\",\"urlTemplate\":\"https:\/\/nk7-testes.com.br\/agazeta\/?s={search_term_string}\"},\"query-input\":{\"@type\":\"PropertyValueSpecification\",\"valueRequired\":true,\"valueName\":\"search_term_string\"}}],\"inLanguage\":\"pt-BR\"},{\"@type\":\"Person\",\"@id\":\"https:\/\/nk7-testes.com.br\/agazeta\/#\/schema\/person\/6d6e25cb0435eb4a02fd44d30b4e3020\",\"name\":\"Agazeta.Net\",\"url\":\"https:\/\/nk7-testes.com.br\/agazeta\/author\/agazeta\/\"}]}<\/script>\n<!-- \/ Yoast SEO plugin. -->","yoast_head_json":{"title":"Sisp refor\u00e7a seguran\u00e7a ap\u00f3s rebeli\u00e3o no pres\u00eddio - Agazeta.net","robots":{"index":"index","follow":"follow","max-snippet":"max-snippet:-1","max-image-preview":"max-image-preview:large","max-video-preview":"max-video-preview:-1"},"canonical":"https:\/\/nk7-testes.com.br\/agazeta\/sisp-reforca-seguranca-apos-rebeliao-no-presidio\/","og_locale":"pt_BR","og_type":"article","og_title":"Sisp refor\u00e7a seguran\u00e7a ap\u00f3s rebeli\u00e3o no pres\u00eddio - Agazeta.net","og_description":"Mais policiamento nos pres\u00eddios da capital e interior","og_url":"https:\/\/nk7-testes.com.br\/agazeta\/sisp-reforca-seguranca-apos-rebeliao-no-presidio\/","og_site_name":"Agazeta.net","article_published_time":"2016-10-21T17:26:24+00:00","og_image":[{"width":410,"height":305,"url":"https:\/\/nk7-testes.com.br\/agazeta\/wp-content\/uploads\/2016\/10\/211016-policia-policianarua-cleriston_410_305.jpg","type":"image\/jpeg"}],"author":"Agazeta.Net","twitter_card":"summary_large_image","twitter_misc":{"Escrito por":"Agazeta.Net","Est. tempo de leitura":"1 minuto"},"schema":{"@context":"https:\/\/schema.org","@graph":[{"@type":"WebPage","@id":"https:\/\/nk7-testes.com.br\/agazeta\/sisp-reforca-seguranca-apos-rebeliao-no-presidio\/","url":"https:\/\/nk7-testes.com.br\/agazeta\/sisp-reforca-seguranca-apos-rebeliao-no-presidio\/","name":"Sisp refor\u00e7a seguran\u00e7a ap\u00f3s rebeli\u00e3o no pres\u00eddio - Agazeta.net","isPartOf":{"@id":"https:\/\/nk7-testes.com.br\/agazeta\/#website"},"primaryImageOfPage":{"@id":"https:\/\/nk7-testes.com.br\/agazeta\/sisp-reforca-seguranca-apos-rebeliao-no-presidio\/#primaryimage"},"image":{"@id":"https:\/\/nk7-testes.com.br\/agazeta\/sisp-reforca-seguranca-apos-rebeliao-no-presidio\/#primaryimage"},"thumbnailUrl":"https:\/\/nk7-testes.com.br\/agazeta\/wp-content\/uploads\/2016\/10\/211016-policia-policianarua-cleriston_410_305.jpg","datePublished":"2016-10-21T17:26:24+00:00","author":{"@id":"https:\/\/nk7-testes.com.br\/agazeta\/#\/schema\/person\/6d6e25cb0435eb4a02fd44d30b4e3020"},"breadcrumb":{"@id":"https:\/\/nk7-testes.com.br\/agazeta\/sisp-reforca-seguranca-apos-rebeliao-no-presidio\/#breadcrumb"},"inLanguage":"pt-BR","potentialAction":[{"@type":"ReadAction","target":["https:\/\/nk7-testes.com.br\/agazeta\/sisp-reforca-seguranca-apos-rebeliao-no-presidio\/"]}]},{"@type":"ImageObject","inLanguage":"pt-BR","@id":"https:\/\/nk7-testes.com.br\/agazeta\/sisp-reforca-seguranca-apos-rebeliao-no-presidio\/#primaryimage","url":"https:\/\/nk7-testes.com.br\/agazeta\/wp-content\/uploads\/2016\/10\/211016-policia-policianarua-cleriston_410_305.jpg","contentUrl":"https:\/\/nk7-testes.com.br\/agazeta\/wp-content\/uploads\/2016\/10\/211016-policia-policianarua-cleriston_410_305.jpg","width":410,"height":305,"caption":"211016-policia-policianarua-cleriston 410 305"},{"@type":"BreadcrumbList","@id":"https:\/\/nk7-testes.com.br\/agazeta\/sisp-reforca-seguranca-apos-rebeliao-no-presidio\/#breadcrumb","itemListElement":[{"@type":"ListItem","position":1,"name":"In\u00edcio","item":"https:\/\/nk7-testes.com.br\/agazeta\/"},{"@type":"ListItem","position":2,"name":"Sisp refor\u00e7a seguran\u00e7a ap\u00f3s rebeli\u00e3o no pres\u00eddio"}]},{"@type":"WebSite","@id":"https:\/\/nk7-testes.com.br\/agazeta\/#website","url":"https:\/\/nk7-testes.com.br\/agazeta\/","name":"Agazeta.net","description":"Agazeta.net - Not\u00edcias de Rio Branco\/AC","potentialAction":[{"@type":"SearchAction","target":{"@type":"EntryPoint","urlTemplate":"https:\/\/nk7-testes.com.br\/agazeta\/?s={search_term_string}"},"query-input":{"@type":"PropertyValueSpecification","valueRequired":true,"valueName":"search_term_string"}}],"inLanguage":"pt-BR"},{"@type":"Person","@id":"https:\/\/nk7-testes.com.br\/agazeta\/#\/schema\/person\/6d6e25cb0435eb4a02fd44d30b4e3020","name":"Agazeta.Net","url":"https:\/\/nk7-testes.com.br\/agazeta\/author\/agazeta\/"}]}},"_links":{"self":[{"href":"https:\/\/nk7-testes.com.br\/agazeta\/wp-json\/wp\/v2\/posts\/26022","targetHints":{"allow":["GET"]}}],"collection":[{"href":"https:\/\/nk7-testes.com.br\/agazeta\/wp-json\/wp\/v2\/posts"}],"about":[{"href":"https:\/\/nk7-testes.com.br\/agazeta\/wp-json\/wp\/v2\/types\/post"}],"author":[{"embeddable":true,"href":"https:\/\/nk7-testes.com.br\/agazeta\/wp-json\/wp\/v2\/users\/4"}],"replies":[{"embeddable":true,"href":"https:\/\/nk7-testes.com.br\/agazeta\/wp-json\/wp\/v2\/comments?post=26022"}],"version-history":[{"count":0,"href":"https:\/\/nk7-testes.com.br\/agazeta\/wp-json\/wp\/v2\/posts\/26022\/revisions"}],"wp:featuredmedia":[{"embeddable":true,"href":"https:\/\/nk7-testes.com.br\/agazeta\/wp-json\/wp\/v2\/media\/26021"}],"wp:attachment":[{"href":"https:\/\/nk7-testes.com.br\/agazeta\/wp-json\/wp\/v2\/media?parent=26022"}],"wp:term":[{"taxonomy":"category","embeddable":true,"href":"https:\/\/nk7-testes.com.br\/agazeta\/wp-json\/wp\/v2\/categories?post=26022"},{"taxonomy":"post_tag","embeddable":true,"href":"https:\/\/nk7-testes.com.br\/agazeta\/wp-json\/wp\/v2\/tags?post=26022"}],"curies":[{"name":"wp","href":"https:\/\/api.w.org\/{rel}","templated":true}]}}