{"id":26010,"date":"2016-10-21T00:54:00","date_gmt":"2016-10-21T00:54:00","guid":{"rendered":"https:\/\/abarevegan.com.br\/index.php\/2016\/10\/21\/rebeliao-em-presidio-tem-mortos-e-feridos\/"},"modified":"2016-10-21T00:54:00","modified_gmt":"2016-10-21T00:54:00","slug":"rebeliao-em-presidio-tem-mortos-e-feridos","status":"publish","type":"post","link":"https:\/\/nk7-testes.com.br\/agazeta\/rebeliao-em-presidio-tem-mortos-e-feridos\/","title":{"rendered":"Rebeli\u00e3o em pres\u00eddio tem mortos e feridos"},"content":{"rendered":"<p style=\"text-align: justify;\">Todos agentes p\u00fablicos ref\u00e9ns foram liberados<\/p>\n<p style=\"text-align: justify;\">A situa\u00e7\u00e3o no pres\u00eddio Francisco D\u2019Oliveira Conde fugiu ao controle. Ainda n\u00e3o se sabe ao certo o n\u00famero de mortos. De acordo com o presidente da Associa\u00e7\u00e3o dos Agentes Penitenci\u00e1rios, Jos\u00e9 Janes, \u201centre mortos e feridos \u00e9 algo em torno de 50 pessoas\u201d.<\/p>\n<p style=\"text-align: justify;\">Ambul\u00e2ncias do Samu de cidades vizinhas \u00e0 capital tiveram que ser acionadas para ajudar na assist\u00eancia aos feridos. Os agentes p\u00fablicos que estavam sendo mantidos como ref\u00e9ns foram liberados.<\/p>\n<p style=\"text-align: justify;\">Dentro do pres\u00eddio, integrantes das fac\u00e7\u00f5es criminosas Comando Vermelho e Bonde dos 13, uma fac\u00e7\u00e3o regional que disputa espa\u00e7o no com\u00e9rcio de droga e dom\u00ednio de pres\u00eddios na regi\u00e3o.<\/p>\n<p style=\"text-align: justify;\">Policiais do Bope est\u00e3o dentro da unidade. Durante o caos, muitos tiros eram ouvidos do lado de fora. Algumas alas est\u00e3o pegando fogo. Corpo de Bombeiros est\u00e1 no local.<\/p>\n<p style=\"text-align: justify;\">A rebeli\u00e3o aconteceu nos pavilh\u00f5es J, L e K. At\u00e9 o momento, apenas o pavilh\u00e3o J continua rebelado, informa a assessoria do Governo.<\/p>\n<p style=\"text-align: justify;\">A guerra foi declarada durante a semana. Nos \u00faltimos quatro dias, j\u00e1 foram contabilizadas 13 execu\u00e7\u00f5es na cidade de Rio Branco. Tr\u00eas delas apenas hoje.<\/p>\n<p style=\"text-align: justify;\">Uma coletiva de imprensa est\u00e1 marcada para acontecer t\u00e3o logo a pol\u00edcia mantenha controle da situa\u00e7\u00e3o.<\/p>\n<p style=\"text-align: justify;\">Familiares dos detentos iniciaram um tumulto em frente ao pres\u00eddio, inclusive bloqueando a via de acesso ao FOC, alegando que n\u00e3o estavam tendo acesso \u00e0 informa\u00e7\u00e3o. Um grupo de tr\u00eas mulheres foi organizado para que entrasse na unidade para buscar informa\u00e7\u00f5es.<\/p>\n<p style=\"text-align: justify;\"><strong>Governo confirma tr\u00eas mortes<\/strong><\/p>\n<p style=\"text-align: justify;\">A assessoria do Governo do Acre confirma tr\u00eas mortes dentro do pres\u00eddio Francisco d&#8217;Oliveira Conde e quatro feridos. Oficialmente, n\u00e3o est\u00e1 confirmada a informa\u00e7\u00e3o repassada pelo representante da Associa\u00e7\u00e3o dos Agentes Penitenci\u00e1rios.<\/p>\n<p style=\"text-align: justify;\">{youtube}w4U76JQDeQM&amp;feature=youtu.be{\/youtube}<\/p>\n","protected":false},"excerpt":{"rendered":"<p style=\"text-align: justify;\">Todos agentes p\u00fablicos ref\u00e9ns foram liberados<\/p>\n","protected":false},"author":4,"featured_media":26009,"comment_status":"open","ping_status":"open","sticky":false,"template":"","format":"standard","meta":{"jnews-multi-image_gallery":[],"jnews_single_post":[],"jnews_primary_category":[],"jnews_social_meta":[],"jnews_review":[],"enable_review":"","type":"","name":"","summary":"","brand":"","sku":"","good":[],"bad":[],"score_override":"","override_value":"","rating":[],"price":[],"footnotes":""},"categories":[44],"tags":[],"class_list":["post-26010","post","type-post","status-publish","format-standard","has-post-thumbnail","hentry","category-policia"],"yoast_head":"<!-- This site is optimized with the Yoast SEO plugin v26.5 - https:\/\/yoast.com\/wordpress\/plugins\/seo\/ -->\n<title>Rebeli\u00e3o em pres\u00eddio tem mortos e feridos - Agazeta.net<\/title>\n<meta name=\"robots\" content=\"index, follow, max-snippet:-1, max-image-preview:large, max-video-preview:-1\" \/>\n<link rel=\"canonical\" href=\"https:\/\/nk7-testes.com.br\/agazeta\/rebeliao-em-presidio-tem-mortos-e-feridos\/\" \/>\n<meta property=\"og:locale\" content=\"pt_BR\" \/>\n<meta property=\"og:type\" content=\"article\" \/>\n<meta property=\"og:title\" content=\"Rebeli\u00e3o em pres\u00eddio tem mortos e feridos - Agazeta.net\" \/>\n<meta property=\"og:description\" content=\"Todos agentes p\u00fablicos ref\u00e9ns foram liberados\" \/>\n<meta property=\"og:url\" content=\"https:\/\/nk7-testes.com.br\/agazeta\/rebeliao-em-presidio-tem-mortos-e-feridos\/\" \/>\n<meta property=\"og:site_name\" content=\"Agazeta.net\" \/>\n<meta property=\"article:published_time\" content=\"2016-10-21T00:54:00+00:00\" \/>\n<meta property=\"og:image\" content=\"https:\/\/nk7-testes.com.br\/agazeta\/wp-content\/uploads\/2016\/10\/201016-policia-rebeliao-cleriston.jpg\" \/>\n\t<meta property=\"og:image:width\" content=\"458\" \/>\n\t<meta property=\"og:image:height\" content=\"340\" \/>\n\t<meta property=\"og:image:type\" content=\"image\/jpeg\" \/>\n<meta name=\"author\" content=\"Agazeta.Net\" \/>\n<meta name=\"twitter:card\" content=\"summary_large_image\" \/>\n<meta name=\"twitter:label1\" content=\"Escrito por\" \/>\n\t<meta name=\"twitter:data1\" content=\"Agazeta.Net\" \/>\n\t<meta name=\"twitter:label2\" content=\"Est. tempo de leitura\" \/>\n\t<meta name=\"twitter:data2\" content=\"2 minutos\" \/>\n<script type=\"application\/ld+json\" class=\"yoast-schema-graph\">{\"@context\":\"https:\/\/schema.org\",\"@graph\":[{\"@type\":\"WebPage\",\"@id\":\"https:\/\/nk7-testes.com.br\/agazeta\/rebeliao-em-presidio-tem-mortos-e-feridos\/\",\"url\":\"https:\/\/nk7-testes.com.br\/agazeta\/rebeliao-em-presidio-tem-mortos-e-feridos\/\",\"name\":\"Rebeli\u00e3o em pres\u00eddio tem mortos e feridos - Agazeta.net\",\"isPartOf\":{\"@id\":\"https:\/\/nk7-testes.com.br\/agazeta\/#website\"},\"primaryImageOfPage\":{\"@id\":\"https:\/\/nk7-testes.com.br\/agazeta\/rebeliao-em-presidio-tem-mortos-e-feridos\/#primaryimage\"},\"image\":{\"@id\":\"https:\/\/nk7-testes.com.br\/agazeta\/rebeliao-em-presidio-tem-mortos-e-feridos\/#primaryimage\"},\"thumbnailUrl\":\"https:\/\/nk7-testes.com.br\/agazeta\/wp-content\/uploads\/2016\/10\/201016-policia-rebeliao-cleriston.jpg\",\"datePublished\":\"2016-10-21T00:54:00+00:00\",\"author\":{\"@id\":\"https:\/\/nk7-testes.com.br\/agazeta\/#\/schema\/person\/6d6e25cb0435eb4a02fd44d30b4e3020\"},\"breadcrumb\":{\"@id\":\"https:\/\/nk7-testes.com.br\/agazeta\/rebeliao-em-presidio-tem-mortos-e-feridos\/#breadcrumb\"},\"inLanguage\":\"pt-BR\",\"potentialAction\":[{\"@type\":\"ReadAction\",\"target\":[\"https:\/\/nk7-testes.com.br\/agazeta\/rebeliao-em-presidio-tem-mortos-e-feridos\/\"]}]},{\"@type\":\"ImageObject\",\"inLanguage\":\"pt-BR\",\"@id\":\"https:\/\/nk7-testes.com.br\/agazeta\/rebeliao-em-presidio-tem-mortos-e-feridos\/#primaryimage\",\"url\":\"https:\/\/nk7-testes.com.br\/agazeta\/wp-content\/uploads\/2016\/10\/201016-policia-rebeliao-cleriston.jpg\",\"contentUrl\":\"https:\/\/nk7-testes.com.br\/agazeta\/wp-content\/uploads\/2016\/10\/201016-policia-rebeliao-cleriston.jpg\",\"width\":458,\"height\":340,\"caption\":\"201016-policia-rebeliao-cleriston\"},{\"@type\":\"BreadcrumbList\",\"@id\":\"https:\/\/nk7-testes.com.br\/agazeta\/rebeliao-em-presidio-tem-mortos-e-feridos\/#breadcrumb\",\"itemListElement\":[{\"@type\":\"ListItem\",\"position\":1,\"name\":\"In\u00edcio\",\"item\":\"https:\/\/nk7-testes.com.br\/agazeta\/\"},{\"@type\":\"ListItem\",\"position\":2,\"name\":\"Rebeli\u00e3o em pres\u00eddio tem mortos e feridos\"}]},{\"@type\":\"WebSite\",\"@id\":\"https:\/\/nk7-testes.com.br\/agazeta\/#website\",\"url\":\"https:\/\/nk7-testes.com.br\/agazeta\/\",\"name\":\"Agazeta.net\",\"description\":\"Agazeta.net - Not\u00edcias de Rio Branco\/AC\",\"potentialAction\":[{\"@type\":\"SearchAction\",\"target\":{\"@type\":\"EntryPoint\",\"urlTemplate\":\"https:\/\/nk7-testes.com.br\/agazeta\/?s={search_term_string}\"},\"query-input\":{\"@type\":\"PropertyValueSpecification\",\"valueRequired\":true,\"valueName\":\"search_term_string\"}}],\"inLanguage\":\"pt-BR\"},{\"@type\":\"Person\",\"@id\":\"https:\/\/nk7-testes.com.br\/agazeta\/#\/schema\/person\/6d6e25cb0435eb4a02fd44d30b4e3020\",\"name\":\"Agazeta.Net\",\"url\":\"https:\/\/nk7-testes.com.br\/agazeta\/author\/agazeta\/\"}]}<\/script>\n<!-- \/ Yoast SEO plugin. -->","yoast_head_json":{"title":"Rebeli\u00e3o em pres\u00eddio tem mortos e feridos - Agazeta.net","robots":{"index":"index","follow":"follow","max-snippet":"max-snippet:-1","max-image-preview":"max-image-preview:large","max-video-preview":"max-video-preview:-1"},"canonical":"https:\/\/nk7-testes.com.br\/agazeta\/rebeliao-em-presidio-tem-mortos-e-feridos\/","og_locale":"pt_BR","og_type":"article","og_title":"Rebeli\u00e3o em pres\u00eddio tem mortos e feridos - Agazeta.net","og_description":"Todos agentes p\u00fablicos ref\u00e9ns foram liberados","og_url":"https:\/\/nk7-testes.com.br\/agazeta\/rebeliao-em-presidio-tem-mortos-e-feridos\/","og_site_name":"Agazeta.net","article_published_time":"2016-10-21T00:54:00+00:00","og_image":[{"width":458,"height":340,"url":"https:\/\/nk7-testes.com.br\/agazeta\/wp-content\/uploads\/2016\/10\/201016-policia-rebeliao-cleriston.jpg","type":"image\/jpeg"}],"author":"Agazeta.Net","twitter_card":"summary_large_image","twitter_misc":{"Escrito por":"Agazeta.Net","Est. tempo de leitura":"2 minutos"},"schema":{"@context":"https:\/\/schema.org","@graph":[{"@type":"WebPage","@id":"https:\/\/nk7-testes.com.br\/agazeta\/rebeliao-em-presidio-tem-mortos-e-feridos\/","url":"https:\/\/nk7-testes.com.br\/agazeta\/rebeliao-em-presidio-tem-mortos-e-feridos\/","name":"Rebeli\u00e3o em pres\u00eddio tem mortos e feridos - Agazeta.net","isPartOf":{"@id":"https:\/\/nk7-testes.com.br\/agazeta\/#website"},"primaryImageOfPage":{"@id":"https:\/\/nk7-testes.com.br\/agazeta\/rebeliao-em-presidio-tem-mortos-e-feridos\/#primaryimage"},"image":{"@id":"https:\/\/nk7-testes.com.br\/agazeta\/rebeliao-em-presidio-tem-mortos-e-feridos\/#primaryimage"},"thumbnailUrl":"https:\/\/nk7-testes.com.br\/agazeta\/wp-content\/uploads\/2016\/10\/201016-policia-rebeliao-cleriston.jpg","datePublished":"2016-10-21T00:54:00+00:00","author":{"@id":"https:\/\/nk7-testes.com.br\/agazeta\/#\/schema\/person\/6d6e25cb0435eb4a02fd44d30b4e3020"},"breadcrumb":{"@id":"https:\/\/nk7-testes.com.br\/agazeta\/rebeliao-em-presidio-tem-mortos-e-feridos\/#breadcrumb"},"inLanguage":"pt-BR","potentialAction":[{"@type":"ReadAction","target":["https:\/\/nk7-testes.com.br\/agazeta\/rebeliao-em-presidio-tem-mortos-e-feridos\/"]}]},{"@type":"ImageObject","inLanguage":"pt-BR","@id":"https:\/\/nk7-testes.com.br\/agazeta\/rebeliao-em-presidio-tem-mortos-e-feridos\/#primaryimage","url":"https:\/\/nk7-testes.com.br\/agazeta\/wp-content\/uploads\/2016\/10\/201016-policia-rebeliao-cleriston.jpg","contentUrl":"https:\/\/nk7-testes.com.br\/agazeta\/wp-content\/uploads\/2016\/10\/201016-policia-rebeliao-cleriston.jpg","width":458,"height":340,"caption":"201016-policia-rebeliao-cleriston"},{"@type":"BreadcrumbList","@id":"https:\/\/nk7-testes.com.br\/agazeta\/rebeliao-em-presidio-tem-mortos-e-feridos\/#breadcrumb","itemListElement":[{"@type":"ListItem","position":1,"name":"In\u00edcio","item":"https:\/\/nk7-testes.com.br\/agazeta\/"},{"@type":"ListItem","position":2,"name":"Rebeli\u00e3o em pres\u00eddio tem mortos e feridos"}]},{"@type":"WebSite","@id":"https:\/\/nk7-testes.com.br\/agazeta\/#website","url":"https:\/\/nk7-testes.com.br\/agazeta\/","name":"Agazeta.net","description":"Agazeta.net - Not\u00edcias de Rio Branco\/AC","potentialAction":[{"@type":"SearchAction","target":{"@type":"EntryPoint","urlTemplate":"https:\/\/nk7-testes.com.br\/agazeta\/?s={search_term_string}"},"query-input":{"@type":"PropertyValueSpecification","valueRequired":true,"valueName":"search_term_string"}}],"inLanguage":"pt-BR"},{"@type":"Person","@id":"https:\/\/nk7-testes.com.br\/agazeta\/#\/schema\/person\/6d6e25cb0435eb4a02fd44d30b4e3020","name":"Agazeta.Net","url":"https:\/\/nk7-testes.com.br\/agazeta\/author\/agazeta\/"}]}},"_links":{"self":[{"href":"https:\/\/nk7-testes.com.br\/agazeta\/wp-json\/wp\/v2\/posts\/26010","targetHints":{"allow":["GET"]}}],"collection":[{"href":"https:\/\/nk7-testes.com.br\/agazeta\/wp-json\/wp\/v2\/posts"}],"about":[{"href":"https:\/\/nk7-testes.com.br\/agazeta\/wp-json\/wp\/v2\/types\/post"}],"author":[{"embeddable":true,"href":"https:\/\/nk7-testes.com.br\/agazeta\/wp-json\/wp\/v2\/users\/4"}],"replies":[{"embeddable":true,"href":"https:\/\/nk7-testes.com.br\/agazeta\/wp-json\/wp\/v2\/comments?post=26010"}],"version-history":[{"count":0,"href":"https:\/\/nk7-testes.com.br\/agazeta\/wp-json\/wp\/v2\/posts\/26010\/revisions"}],"wp:featuredmedia":[{"embeddable":true,"href":"https:\/\/nk7-testes.com.br\/agazeta\/wp-json\/wp\/v2\/media\/26009"}],"wp:attachment":[{"href":"https:\/\/nk7-testes.com.br\/agazeta\/wp-json\/wp\/v2\/media?parent=26010"}],"wp:term":[{"taxonomy":"category","embeddable":true,"href":"https:\/\/nk7-testes.com.br\/agazeta\/wp-json\/wp\/v2\/categories?post=26010"},{"taxonomy":"post_tag","embeddable":true,"href":"https:\/\/nk7-testes.com.br\/agazeta\/wp-json\/wp\/v2\/tags?post=26010"}],"curies":[{"name":"wp","href":"https:\/\/api.w.org\/{rel}","templated":true}]}}